{"id":52965,"date":"2011-11-07T21:20:07","date_gmt":"2011-11-07T20:20:07","guid":{"rendered":"http:\/\/www.visit-ulcinj.com\/blog\/?p=52965"},"modified":"2011-11-07T21:20:07","modified_gmt":"2011-11-07T20:20:07","slug":"ingrit-gjoni-eshte-shtatzene","status":"publish","type":"post","link":"https:\/\/www.visit-ulcinj.com\/blog\/2011\/11\/07\/ingrit-gjoni-eshte-shtatzene\/","title":{"rendered":"Ingrit Gjoni \u00ebsht\u00eb shtatz\u00ebn\u00eb"},"content":{"rendered":"<p><a href=\"http:\/\/www.visit-ulcinj.com\/blog\/wp-content\/uploads\/2011\/11\/ingridgjoni.jpg\"><img loading=\"lazy\" class=\"alignleft size-full wp-image-52967\" title=\"ingridgjoni\" src=\"http:\/\/www.visit-ulcinj.com\/blog\/wp-content\/uploads\/2011\/11\/ingridgjoni.jpg\" alt=\"\" width=\"490\" height=\"337\" \/><\/a>K\u00ebng\u00ebtarja e njohur e dhjet\u00ebra hiteve pritet t\u00eb b\u00ebhet n\u00ebn\u00eb pas gjasht\u00eb muajsh. Lajmi \u00ebsht\u00eb konfirmuar gjat\u00eb dit\u00ebs s\u00eb djeshme nga vet\u00eb Ingriti. Nd\u00ebrsa ka qen\u00eb e ftuar n\u00eb programin e t\u00eb djel\u00ebs n\u00eb Top Channel. Pyetjes s\u00eb Albana Osmanit p\u00ebr vazhdim\u00ebsin\u00eb e lidhjes s\u00eb saj me Gentin, djaloshin simpatik me t\u00eb cilin k\u00ebng\u00ebtarja ka pes\u00eb vite q\u00eb \u00ebsht\u00eb n\u00eb nj\u00eb relat\u00eb dashurie, Ingrit Gjoni i \u00ebsht\u00eb p\u00ebrgjigjur duke th\u00ebn\u00eb: \u201cP\u00ebr momentin kam nj\u00eb lajm m\u00eb t\u00eb mir\u00eb se sa fejesa apo martesa, pres t\u00eb b\u00ebhem n\u00ebn\u00eb\u201d.<br \/>\nKa qen\u00eb kjo p\u00ebrgjigjja e k\u00ebng\u00ebtares Gjoni e cila aktualisht \u00ebsht\u00eb n\u00eb muajin e tret\u00eb t\u00eb shtatz\u00ebnis\u00eb. Ky lajm vjen p\u00ebr her\u00eb t\u00eb par\u00eb i konfirmuar nga vet\u00eb k\u00ebng\u00ebtarja bukuroshe pas nj\u00eb s\u00ebr\u00eb thashethemesh t\u00eb ngritura mbi nj\u00eb shtatz\u00ebni t\u00eb mundshme t\u00eb saj. Nj\u00eb tjet\u00ebr fakt q\u00eb t\u00ebrhoqi v\u00ebmendjen n\u00eb puntat\u00ebn e djeshme t\u00eb \u201d E Diell\u201d ishte edhe dukja e p\u00ebrsosur e k\u00ebng\u00ebtares. P\u00ebr t\u00eb reja t\u00eb fundit n\u00eb lidhje me shtatz\u00ebnin\u00eb e Ingritit do t\u2019ju informojm\u00eb n\u00eb vijim. Nd\u00ebrkoh\u00eb q\u00eb, n\u00eb fund t\u00eb k\u00ebtij shkrimi d\u00ebshirojm\u00eb t\u00eb kujtojm\u00eb q\u00eb p\u00ebrve\u00e7 Ingritit, motra e saj Inis pritet t\u00eb g\u00ebzoj\u00eb familjen Gjoni me nj\u00eb vajz\u00eb.<\/p>\n<p><strong>Gazeta Shqiptare<br \/>\n<!--YouTube Error: bad URL entered--><br \/>\n<\/strong><\/p>\n","protected":false},"excerpt":{"rendered":"<p>K\u00ebng\u00ebtarja e njohur e dhjet\u00ebra hiteve pritet t\u00eb b\u00ebhet n\u00ebn\u00eb pas gjasht\u00eb muajsh. Lajmi \u00ebsht\u00eb konfirmuar gjat\u00eb dit\u00ebs s\u00eb djeshme nga vet\u00eb Ingriti. Nd\u00ebrsa ka qen\u00eb e ftuar n\u00eb programin e t\u00eb djel\u00ebs n\u00eb Top Channel. Pyetjes s\u00eb Albana Osmanit p\u00ebr vazhdim\u00ebsin\u00eb e lidhjes s\u00eb saj me Gentin, djaloshin simpatik me t\u00eb cilin k\u00ebng\u00ebtarja ka [&hellip;]<\/p>\n","protected":false},"author":1,"featured_media":0,"comment_status":"open","ping_status":"closed","sticky":false,"template":"","format":"standard","meta":{"spay_email":"","jetpack_publicize_message":"","jetpack_is_tweetstorm":false,"jetpack_publicize_feature_enabled":true},"categories":[1],"tags":[14300],"jetpack_publicize_connections":[],"yoast_head":"<!-- This site is optimized with the Yoast SEO plugin v19.1 - https:\/\/yoast.com\/wordpress\/plugins\/seo\/ -->\n<title>Ingrit Gjoni \u00ebsht\u00eb shtatz\u00ebn\u00eb - Lajme nga Ulqini<\/title>\n<meta name=\"description\" content=\"K\u00ebng\u00ebtarja e njohur e dhjet\u00ebra hiteve pritet t\u00eb b\u00ebhet n\u00ebn\u00eb pas gjasht\u00eb muajsh. Lajmi \u00ebsht\u00eb konfirmuar gjat\u00eb dit\u00ebs s\u00eb djeshme nga vet\u00eb Ingriti. Nd\u00ebrsa ka\" \/>\n<meta name=\"robots\" content=\"index, follow, max-snippet:-1, max-image-preview:large, max-video-preview:-1\" \/>\n<link rel=\"canonical\" href=\"https:\/\/www.visit-ulcinj.com\/blog\/2011\/11\/07\/ingrit-gjoni-eshte-shtatzene\/\" \/>\n<meta property=\"og:locale\" content=\"en_US\" \/>\n<meta property=\"og:type\" content=\"article\" \/>\n<meta property=\"og:title\" content=\"Ingrit Gjoni \u00ebsht\u00eb shtatz\u00ebn\u00eb - Lajme nga Ulqini\" \/>\n<meta property=\"og:description\" content=\"K\u00ebng\u00ebtarja e njohur e dhjet\u00ebra hiteve pritet t\u00eb b\u00ebhet n\u00ebn\u00eb pas gjasht\u00eb muajsh. Lajmi \u00ebsht\u00eb konfirmuar gjat\u00eb dit\u00ebs s\u00eb djeshme nga vet\u00eb Ingriti. Nd\u00ebrsa ka\" \/>\n<meta property=\"og:url\" content=\"https:\/\/www.visit-ulcinj.com\/blog\/2011\/11\/07\/ingrit-gjoni-eshte-shtatzene\/\" \/>\n<meta property=\"og:site_name\" content=\"Lajme nga Ulqini\" \/>\n<meta property=\"article:published_time\" content=\"2011-11-07T20:20:07+00:00\" \/>\n<meta property=\"og:image\" content=\"http:\/\/www.visit-ulcinj.com\/blog\/wp-content\/uploads\/2011\/11\/ingridgjoni.jpg\" \/>\n<meta name=\"twitter:label1\" content=\"Written by\" \/>\n\t<meta name=\"twitter:data1\" content=\"ulqini\" \/>\n\t<meta name=\"twitter:label2\" content=\"Est. reading time\" \/>\n\t<meta name=\"twitter:data2\" content=\"1 minute\" \/>\n<script type=\"application\/ld+json\" class=\"yoast-schema-graph\">{\"@context\":\"https:\/\/schema.org\",\"@graph\":[{\"@type\":\"WebSite\",\"@id\":\"https:\/\/www.visit-ulcinj.com\/blog\/#website\",\"url\":\"https:\/\/www.visit-ulcinj.com\/blog\/\",\"name\":\"Lajme nga Ulqini\",\"description\":\"Lajme,Vijesti,Ulqini,Ulqin,Crna Gora,Mali i Zi\",\"potentialAction\":[{\"@type\":\"SearchAction\",\"target\":{\"@type\":\"EntryPoint\",\"urlTemplate\":\"https:\/\/www.visit-ulcinj.com\/blog\/?s={search_term_string}\"},\"query-input\":\"required name=search_term_string\"}],\"inLanguage\":\"en-US\"},{\"@type\":\"ImageObject\",\"inLanguage\":\"en-US\",\"@id\":\"https:\/\/www.visit-ulcinj.com\/blog\/2011\/11\/07\/ingrit-gjoni-eshte-shtatzene\/#primaryimage\",\"url\":\"http:\/\/www.visit-ulcinj.com\/blog\/wp-content\/uploads\/2011\/11\/ingridgjoni.jpg\",\"contentUrl\":\"http:\/\/www.visit-ulcinj.com\/blog\/wp-content\/uploads\/2011\/11\/ingridgjoni.jpg\"},{\"@type\":\"WebPage\",\"@id\":\"https:\/\/www.visit-ulcinj.com\/blog\/2011\/11\/07\/ingrit-gjoni-eshte-shtatzene\/#webpage\",\"url\":\"https:\/\/www.visit-ulcinj.com\/blog\/2011\/11\/07\/ingrit-gjoni-eshte-shtatzene\/\",\"name\":\"Ingrit Gjoni \u00ebsht\u00eb shtatz\u00ebn\u00eb - Lajme nga Ulqini\",\"isPartOf\":{\"@id\":\"https:\/\/www.visit-ulcinj.com\/blog\/#website\"},\"primaryImageOfPage\":{\"@id\":\"https:\/\/www.visit-ulcinj.com\/blog\/2011\/11\/07\/ingrit-gjoni-eshte-shtatzene\/#primaryimage\"},\"datePublished\":\"2011-11-07T20:20:07+00:00\",\"dateModified\":\"2011-11-07T20:20:07+00:00\",\"author\":{\"@id\":\"https:\/\/www.visit-ulcinj.com\/blog\/#\/schema\/person\/dcab619c614d3038751c63bc2aadc06d\"},\"description\":\"K\u00ebng\u00ebtarja e njohur e dhjet\u00ebra hiteve pritet t\u00eb b\u00ebhet n\u00ebn\u00eb pas gjasht\u00eb muajsh. Lajmi \u00ebsht\u00eb konfirmuar gjat\u00eb dit\u00ebs s\u00eb djeshme nga vet\u00eb Ingriti. Nd\u00ebrsa ka\",\"breadcrumb\":{\"@id\":\"https:\/\/www.visit-ulcinj.com\/blog\/2011\/11\/07\/ingrit-gjoni-eshte-shtatzene\/#breadcrumb\"},\"inLanguage\":\"en-US\",\"potentialAction\":[{\"@type\":\"ReadAction\",\"target\":[\"https:\/\/www.visit-ulcinj.com\/blog\/2011\/11\/07\/ingrit-gjoni-eshte-shtatzene\/\"]}]},{\"@type\":\"BreadcrumbList\",\"@id\":\"https:\/\/www.visit-ulcinj.com\/blog\/2011\/11\/07\/ingrit-gjoni-eshte-shtatzene\/#breadcrumb\",\"itemListElement\":[{\"@type\":\"ListItem\",\"position\":1,\"name\":\"Ingrit Gjoni \u00ebsht\u00eb shtatz\u00ebn\u00eb\"}]},{\"@type\":\"Person\",\"@id\":\"https:\/\/www.visit-ulcinj.com\/blog\/#\/schema\/person\/dcab619c614d3038751c63bc2aadc06d\",\"name\":\"ulqini\",\"sameAs\":[\"http:\/\/www.visit-ulcinj.com\"],\"url\":\"https:\/\/www.visit-ulcinj.com\/blog\/author\/admin\/\"}]}<\/script>\n<!-- \/ Yoast SEO plugin. -->","yoast_head_json":{"title":"Ingrit Gjoni \u00ebsht\u00eb shtatz\u00ebn\u00eb - Lajme nga Ulqini","description":"K\u00ebng\u00ebtarja e njohur e dhjet\u00ebra hiteve pritet t\u00eb b\u00ebhet n\u00ebn\u00eb pas gjasht\u00eb muajsh. Lajmi \u00ebsht\u00eb konfirmuar gjat\u00eb dit\u00ebs s\u00eb djeshme nga vet\u00eb Ingriti. Nd\u00ebrsa ka","robots":{"index":"index","follow":"follow","max-snippet":"max-snippet:-1","max-image-preview":"max-image-preview:large","max-video-preview":"max-video-preview:-1"},"canonical":"https:\/\/www.visit-ulcinj.com\/blog\/2011\/11\/07\/ingrit-gjoni-eshte-shtatzene\/","og_locale":"en_US","og_type":"article","og_title":"Ingrit Gjoni \u00ebsht\u00eb shtatz\u00ebn\u00eb - Lajme nga Ulqini","og_description":"K\u00ebng\u00ebtarja e njohur e dhjet\u00ebra hiteve pritet t\u00eb b\u00ebhet n\u00ebn\u00eb pas gjasht\u00eb muajsh. Lajmi \u00ebsht\u00eb konfirmuar gjat\u00eb dit\u00ebs s\u00eb djeshme nga vet\u00eb Ingriti. Nd\u00ebrsa ka","og_url":"https:\/\/www.visit-ulcinj.com\/blog\/2011\/11\/07\/ingrit-gjoni-eshte-shtatzene\/","og_site_name":"Lajme nga Ulqini","article_published_time":"2011-11-07T20:20:07+00:00","og_image":[{"url":"http:\/\/www.visit-ulcinj.com\/blog\/wp-content\/uploads\/2011\/11\/ingridgjoni.jpg"}],"twitter_misc":{"Written by":"ulqini","Est. reading time":"1 minute"},"schema":{"@context":"https:\/\/schema.org","@graph":[{"@type":"WebSite","@id":"https:\/\/www.visit-ulcinj.com\/blog\/#website","url":"https:\/\/www.visit-ulcinj.com\/blog\/","name":"Lajme nga Ulqini","description":"Lajme,Vijesti,Ulqini,Ulqin,Crna Gora,Mali i Zi","potentialAction":[{"@type":"SearchAction","target":{"@type":"EntryPoint","urlTemplate":"https:\/\/www.visit-ulcinj.com\/blog\/?s={search_term_string}"},"query-input":"required name=search_term_string"}],"inLanguage":"en-US"},{"@type":"ImageObject","inLanguage":"en-US","@id":"https:\/\/www.visit-ulcinj.com\/blog\/2011\/11\/07\/ingrit-gjoni-eshte-shtatzene\/#primaryimage","url":"http:\/\/www.visit-ulcinj.com\/blog\/wp-content\/uploads\/2011\/11\/ingridgjoni.jpg","contentUrl":"http:\/\/www.visit-ulcinj.com\/blog\/wp-content\/uploads\/2011\/11\/ingridgjoni.jpg"},{"@type":"WebPage","@id":"https:\/\/www.visit-ulcinj.com\/blog\/2011\/11\/07\/ingrit-gjoni-eshte-shtatzene\/#webpage","url":"https:\/\/www.visit-ulcinj.com\/blog\/2011\/11\/07\/ingrit-gjoni-eshte-shtatzene\/","name":"Ingrit Gjoni \u00ebsht\u00eb shtatz\u00ebn\u00eb - Lajme nga Ulqini","isPartOf":{"@id":"https:\/\/www.visit-ulcinj.com\/blog\/#website"},"primaryImageOfPage":{"@id":"https:\/\/www.visit-ulcinj.com\/blog\/2011\/11\/07\/ingrit-gjoni-eshte-shtatzene\/#primaryimage"},"datePublished":"2011-11-07T20:20:07+00:00","dateModified":"2011-11-07T20:20:07+00:00","author":{"@id":"https:\/\/www.visit-ulcinj.com\/blog\/#\/schema\/person\/dcab619c614d3038751c63bc2aadc06d"},"description":"K\u00ebng\u00ebtarja e njohur e dhjet\u00ebra hiteve pritet t\u00eb b\u00ebhet n\u00ebn\u00eb pas gjasht\u00eb muajsh. Lajmi \u00ebsht\u00eb konfirmuar gjat\u00eb dit\u00ebs s\u00eb djeshme nga vet\u00eb Ingriti. Nd\u00ebrsa ka","breadcrumb":{"@id":"https:\/\/www.visit-ulcinj.com\/blog\/2011\/11\/07\/ingrit-gjoni-eshte-shtatzene\/#breadcrumb"},"inLanguage":"en-US","potentialAction":[{"@type":"ReadAction","target":["https:\/\/www.visit-ulcinj.com\/blog\/2011\/11\/07\/ingrit-gjoni-eshte-shtatzene\/"]}]},{"@type":"BreadcrumbList","@id":"https:\/\/www.visit-ulcinj.com\/blog\/2011\/11\/07\/ingrit-gjoni-eshte-shtatzene\/#breadcrumb","itemListElement":[{"@type":"ListItem","position":1,"name":"Ingrit Gjoni \u00ebsht\u00eb shtatz\u00ebn\u00eb"}]},{"@type":"Person","@id":"https:\/\/www.visit-ulcinj.com\/blog\/#\/schema\/person\/dcab619c614d3038751c63bc2aadc06d","name":"ulqini","sameAs":["http:\/\/www.visit-ulcinj.com"],"url":"https:\/\/www.visit-ulcinj.com\/blog\/author\/admin\/"}]}},"jetpack_featured_media_url":"","jetpack_sharing_enabled":true,"jetpack_shortlink":"https:\/\/wp.me\/pe6lTn-dMh","_links":{"self":[{"href":"https:\/\/www.visit-ulcinj.com\/blog\/wp-json\/wp\/v2\/posts\/52965"}],"collection":[{"href":"https:\/\/www.visit-ulcinj.com\/blog\/wp-json\/wp\/v2\/posts"}],"about":[{"href":"https:\/\/www.visit-ulcinj.com\/blog\/wp-json\/wp\/v2\/types\/post"}],"author":[{"embeddable":true,"href":"https:\/\/www.visit-ulcinj.com\/blog\/wp-json\/wp\/v2\/users\/1"}],"replies":[{"embeddable":true,"href":"https:\/\/www.visit-ulcinj.com\/blog\/wp-json\/wp\/v2\/comments?post=52965"}],"version-history":[{"count":2,"href":"https:\/\/www.visit-ulcinj.com\/blog\/wp-json\/wp\/v2\/posts\/52965\/revisions"}],"predecessor-version":[{"id":52969,"href":"https:\/\/www.visit-ulcinj.com\/blog\/wp-json\/wp\/v2\/posts\/52965\/revisions\/52969"}],"wp:attachment":[{"href":"https:\/\/www.visit-ulcinj.com\/blog\/wp-json\/wp\/v2\/media?parent=52965"}],"wp:term":[{"taxonomy":"category","embeddable":true,"href":"https:\/\/www.visit-ulcinj.com\/blog\/wp-json\/wp\/v2\/categories?post=52965"},{"taxonomy":"post_tag","embeddable":true,"href":"https:\/\/www.visit-ulcinj.com\/blog\/wp-json\/wp\/v2\/tags?post=52965"}],"curies":[{"name":"wp","href":"https:\/\/api.w.org\/{rel}","templated":true}]}}