{"id":52970,"date":"2011-11-08T08:06:11","date_gmt":"2011-11-08T07:06:11","guid":{"rendered":"http:\/\/www.visit-ulcinj.com\/blog\/?p=52970"},"modified":"2011-11-08T08:06:11","modified_gmt":"2011-11-08T07:06:11","slug":"cungu-ocekujemo-da-budemo-ukljuceni-u-sve-nivoe-centralne-vlasti","status":"publish","type":"post","link":"https:\/\/www.visit-ulcinj.com\/blog\/2011\/11\/08\/cungu-ocekujemo-da-budemo-ukljuceni-u-sve-nivoe-centralne-vlasti\/","title":{"rendered":"Cungu: O\u010dekujemo da budemo uklju\u010deni u sve nivoe centralne vlasti"},"content":{"rendered":"<p><a href=\"http:\/\/www.visit-ulcinj.com\/blog\/wp-content\/uploads\/2011\/11\/Nazif-Cungu_gradonacelnik-opstine-Ulcinj.png\"><img loading=\"lazy\" class=\"alignleft size-full wp-image-52971\" title=\"Nazif Cungu_gradonacelnik opstine Ulcinj\" src=\"http:\/\/www.visit-ulcinj.com\/blog\/wp-content\/uploads\/2011\/11\/Nazif-Cungu_gradonacelnik-opstine-Ulcinj.png\" alt=\"\" width=\"508\" height=\"380\" \/><\/a>Lider Force Nazif Cungu kazao je da je njegova partija spremna da u\u0111e u koaliciju sa vladaju\u0107om DPS na dr\u017eavnom nivou i potvrdio da su o tome ve\u0107 vo\u0111eni pregovori.<\/p>\n<p>-Mi smo spremni za saradnju na dr\u017eavnom nivou, ali na osnovu principa i osralih programskih prioriteta na\u0161e partije. Jo\u0161 pregovaramo, ali se ni\u0161ta konkretno nijesmo dogovorili. U svakom slu\u010daju zainteresovani smo da budemo uklju\u010deni u sve nivoe centralne vlasti \u2013 kazao je za Vijesti lider Force i predsjednik op\u0161tine Ulcinj Nazif Cungu.<\/p>\n<p>On je kazao da su pregovori sa DPS-om prekinuti zbog formiranja nove vlasti u Ulcinju.<\/p>\n<p>-Tra\u017eili smo mjesto pomo\u0107nika u skoro svim resorima u vladi, posebno u ministarstvima turizma, poljoprivrede i prosvjete. \u017delimo da budemo u svim segmentima vlasti i imamo podr\u0161ku za na\u0161e zahtjeve \u2013 kazao je Cungu. On je za podgori\u010dki dnevni list kazao da Forca nije tra\u017eila nijednu ministarsku funkciju, ali da ukoliko im bude ponu\u0111ena \u2013 ne\u0107e je odbiti.<\/p>\n<p><a href=\"http:\/\/www.portalanalitika.me\/politika\/vijesti\/42035-cungu-oekujemo-da-budemo-ukljueni-u-sve-nivoe-centralne-vlasti.html\" target=\"_blank\"><strong>Analitika<\/strong><\/a><\/p>\n","protected":false},"excerpt":{"rendered":"<p>Lider Force Nazif Cungu kazao je da je njegova partija spremna da u\u0111e u koaliciju sa vladaju\u0107om DPS na dr\u017eavnom nivou i potvrdio da su o tome ve\u0107 vo\u0111eni pregovori. -Mi smo spremni za saradnju na dr\u017eavnom nivou, ali na osnovu principa i osralih programskih prioriteta na\u0161e partije. Jo\u0161 pregovaramo, ali se ni\u0161ta konkretno nijesmo [&hellip;]<\/p>\n","protected":false},"author":1,"featured_media":0,"comment_status":"open","ping_status":"closed","sticky":false,"template":"","format":"standard","meta":{"spay_email":"","jetpack_publicize_message":"","jetpack_is_tweetstorm":false,"jetpack_publicize_feature_enabled":true},"categories":[8337],"tags":[150,118],"jetpack_publicize_connections":[],"yoast_head":"<!-- This site is optimized with the Yoast SEO plugin v19.1 - https:\/\/yoast.com\/wordpress\/plugins\/seo\/ -->\n<title>Cungu: O\u010dekujemo da budemo uklju\u010deni u sve nivoe centralne vlasti - Lajme nga Ulqini<\/title>\n<meta name=\"description\" content=\"Lider Force Nazif Cungu kazao je da je njegova partija spremna da u\u0111e u koaliciju sa vladaju\u0107om DPS na dr\u017eavnom nivou i potvrdio da su o tome ve\u0107 vo\u0111eni\" \/>\n<meta name=\"robots\" content=\"index, follow, max-snippet:-1, max-image-preview:large, max-video-preview:-1\" \/>\n<link rel=\"canonical\" href=\"https:\/\/www.visit-ulcinj.com\/blog\/2011\/11\/08\/cungu-ocekujemo-da-budemo-ukljuceni-u-sve-nivoe-centralne-vlasti\/\" \/>\n<meta property=\"og:locale\" content=\"en_US\" \/>\n<meta property=\"og:type\" content=\"article\" \/>\n<meta property=\"og:title\" content=\"Cungu: O\u010dekujemo da budemo uklju\u010deni u sve nivoe centralne vlasti - Lajme nga Ulqini\" \/>\n<meta property=\"og:description\" content=\"Lider Force Nazif Cungu kazao je da je njegova partija spremna da u\u0111e u koaliciju sa vladaju\u0107om DPS na dr\u017eavnom nivou i potvrdio da su o tome ve\u0107 vo\u0111eni\" \/>\n<meta property=\"og:url\" content=\"https:\/\/www.visit-ulcinj.com\/blog\/2011\/11\/08\/cungu-ocekujemo-da-budemo-ukljuceni-u-sve-nivoe-centralne-vlasti\/\" \/>\n<meta property=\"og:site_name\" content=\"Lajme nga Ulqini\" \/>\n<meta property=\"article:published_time\" content=\"2011-11-08T07:06:11+00:00\" \/>\n<meta property=\"og:image\" content=\"http:\/\/www.visit-ulcinj.com\/blog\/wp-content\/uploads\/2011\/11\/Nazif-Cungu_gradonacelnik-opstine-Ulcinj.png\" \/>\n<meta name=\"twitter:label1\" content=\"Written by\" \/>\n\t<meta name=\"twitter:data1\" content=\"ulqini\" \/>\n\t<meta name=\"twitter:label2\" content=\"Est. reading time\" \/>\n\t<meta name=\"twitter:data2\" content=\"1 minute\" \/>\n<script type=\"application\/ld+json\" class=\"yoast-schema-graph\">{\"@context\":\"https:\/\/schema.org\",\"@graph\":[{\"@type\":\"WebSite\",\"@id\":\"https:\/\/www.visit-ulcinj.com\/blog\/#website\",\"url\":\"https:\/\/www.visit-ulcinj.com\/blog\/\",\"name\":\"Lajme nga Ulqini\",\"description\":\"Lajme,Vijesti,Ulqini,Ulqin,Crna Gora,Mali i Zi\",\"potentialAction\":[{\"@type\":\"SearchAction\",\"target\":{\"@type\":\"EntryPoint\",\"urlTemplate\":\"https:\/\/www.visit-ulcinj.com\/blog\/?s={search_term_string}\"},\"query-input\":\"required name=search_term_string\"}],\"inLanguage\":\"en-US\"},{\"@type\":\"ImageObject\",\"inLanguage\":\"en-US\",\"@id\":\"https:\/\/www.visit-ulcinj.com\/blog\/2011\/11\/08\/cungu-ocekujemo-da-budemo-ukljuceni-u-sve-nivoe-centralne-vlasti\/#primaryimage\",\"url\":\"https:\/\/www.visit-ulcinj.com\/blog\/wp-content\/uploads\/2011\/11\/Nazif-Cungu_gradonacelnik-opstine-Ulcinj.png\",\"contentUrl\":\"https:\/\/www.visit-ulcinj.com\/blog\/wp-content\/uploads\/2011\/11\/Nazif-Cungu_gradonacelnik-opstine-Ulcinj.png\",\"width\":\"794\",\"height\":\"624\"},{\"@type\":\"WebPage\",\"@id\":\"https:\/\/www.visit-ulcinj.com\/blog\/2011\/11\/08\/cungu-ocekujemo-da-budemo-ukljuceni-u-sve-nivoe-centralne-vlasti\/#webpage\",\"url\":\"https:\/\/www.visit-ulcinj.com\/blog\/2011\/11\/08\/cungu-ocekujemo-da-budemo-ukljuceni-u-sve-nivoe-centralne-vlasti\/\",\"name\":\"Cungu: O\u010dekujemo da budemo uklju\u010deni u sve nivoe centralne vlasti - Lajme nga Ulqini\",\"isPartOf\":{\"@id\":\"https:\/\/www.visit-ulcinj.com\/blog\/#website\"},\"primaryImageOfPage\":{\"@id\":\"https:\/\/www.visit-ulcinj.com\/blog\/2011\/11\/08\/cungu-ocekujemo-da-budemo-ukljuceni-u-sve-nivoe-centralne-vlasti\/#primaryimage\"},\"datePublished\":\"2011-11-08T07:06:11+00:00\",\"dateModified\":\"2011-11-08T07:06:11+00:00\",\"author\":{\"@id\":\"https:\/\/www.visit-ulcinj.com\/blog\/#\/schema\/person\/dcab619c614d3038751c63bc2aadc06d\"},\"description\":\"Lider Force Nazif Cungu kazao je da je njegova partija spremna da u\u0111e u koaliciju sa vladaju\u0107om DPS na dr\u017eavnom nivou i potvrdio da su o tome ve\u0107 vo\u0111eni\",\"breadcrumb\":{\"@id\":\"https:\/\/www.visit-ulcinj.com\/blog\/2011\/11\/08\/cungu-ocekujemo-da-budemo-ukljuceni-u-sve-nivoe-centralne-vlasti\/#breadcrumb\"},\"inLanguage\":\"en-US\",\"potentialAction\":[{\"@type\":\"ReadAction\",\"target\":[\"https:\/\/www.visit-ulcinj.com\/blog\/2011\/11\/08\/cungu-ocekujemo-da-budemo-ukljuceni-u-sve-nivoe-centralne-vlasti\/\"]}]},{\"@type\":\"BreadcrumbList\",\"@id\":\"https:\/\/www.visit-ulcinj.com\/blog\/2011\/11\/08\/cungu-ocekujemo-da-budemo-ukljuceni-u-sve-nivoe-centralne-vlasti\/#breadcrumb\",\"itemListElement\":[{\"@type\":\"ListItem\",\"position\":1,\"name\":\"Cungu: O\u010dekujemo da budemo uklju\u010deni u sve nivoe centralne vlasti\"}]},{\"@type\":\"Person\",\"@id\":\"https:\/\/www.visit-ulcinj.com\/blog\/#\/schema\/person\/dcab619c614d3038751c63bc2aadc06d\",\"name\":\"ulqini\",\"sameAs\":[\"http:\/\/www.visit-ulcinj.com\"],\"url\":\"https:\/\/www.visit-ulcinj.com\/blog\/author\/admin\/\"}]}<\/script>\n<!-- \/ Yoast SEO plugin. -->","yoast_head_json":{"title":"Cungu: O\u010dekujemo da budemo uklju\u010deni u sve nivoe centralne vlasti - Lajme nga Ulqini","description":"Lider Force Nazif Cungu kazao je da je njegova partija spremna da u\u0111e u koaliciju sa vladaju\u0107om DPS na dr\u017eavnom nivou i potvrdio da su o tome ve\u0107 vo\u0111eni","robots":{"index":"index","follow":"follow","max-snippet":"max-snippet:-1","max-image-preview":"max-image-preview:large","max-video-preview":"max-video-preview:-1"},"canonical":"https:\/\/www.visit-ulcinj.com\/blog\/2011\/11\/08\/cungu-ocekujemo-da-budemo-ukljuceni-u-sve-nivoe-centralne-vlasti\/","og_locale":"en_US","og_type":"article","og_title":"Cungu: O\u010dekujemo da budemo uklju\u010deni u sve nivoe centralne vlasti - Lajme nga Ulqini","og_description":"Lider Force Nazif Cungu kazao je da je njegova partija spremna da u\u0111e u koaliciju sa vladaju\u0107om DPS na dr\u017eavnom nivou i potvrdio da su o tome ve\u0107 vo\u0111eni","og_url":"https:\/\/www.visit-ulcinj.com\/blog\/2011\/11\/08\/cungu-ocekujemo-da-budemo-ukljuceni-u-sve-nivoe-centralne-vlasti\/","og_site_name":"Lajme nga Ulqini","article_published_time":"2011-11-08T07:06:11+00:00","og_image":[{"url":"http:\/\/www.visit-ulcinj.com\/blog\/wp-content\/uploads\/2011\/11\/Nazif-Cungu_gradonacelnik-opstine-Ulcinj.png"}],"twitter_misc":{"Written by":"ulqini","Est. reading time":"1 minute"},"schema":{"@context":"https:\/\/schema.org","@graph":[{"@type":"WebSite","@id":"https:\/\/www.visit-ulcinj.com\/blog\/#website","url":"https:\/\/www.visit-ulcinj.com\/blog\/","name":"Lajme nga Ulqini","description":"Lajme,Vijesti,Ulqini,Ulqin,Crna Gora,Mali i Zi","potentialAction":[{"@type":"SearchAction","target":{"@type":"EntryPoint","urlTemplate":"https:\/\/www.visit-ulcinj.com\/blog\/?s={search_term_string}"},"query-input":"required name=search_term_string"}],"inLanguage":"en-US"},{"@type":"ImageObject","inLanguage":"en-US","@id":"https:\/\/www.visit-ulcinj.com\/blog\/2011\/11\/08\/cungu-ocekujemo-da-budemo-ukljuceni-u-sve-nivoe-centralne-vlasti\/#primaryimage","url":"https:\/\/www.visit-ulcinj.com\/blog\/wp-content\/uploads\/2011\/11\/Nazif-Cungu_gradonacelnik-opstine-Ulcinj.png","contentUrl":"https:\/\/www.visit-ulcinj.com\/blog\/wp-content\/uploads\/2011\/11\/Nazif-Cungu_gradonacelnik-opstine-Ulcinj.png","width":"794","height":"624"},{"@type":"WebPage","@id":"https:\/\/www.visit-ulcinj.com\/blog\/2011\/11\/08\/cungu-ocekujemo-da-budemo-ukljuceni-u-sve-nivoe-centralne-vlasti\/#webpage","url":"https:\/\/www.visit-ulcinj.com\/blog\/2011\/11\/08\/cungu-ocekujemo-da-budemo-ukljuceni-u-sve-nivoe-centralne-vlasti\/","name":"Cungu: O\u010dekujemo da budemo uklju\u010deni u sve nivoe centralne vlasti - Lajme nga Ulqini","isPartOf":{"@id":"https:\/\/www.visit-ulcinj.com\/blog\/#website"},"primaryImageOfPage":{"@id":"https:\/\/www.visit-ulcinj.com\/blog\/2011\/11\/08\/cungu-ocekujemo-da-budemo-ukljuceni-u-sve-nivoe-centralne-vlasti\/#primaryimage"},"datePublished":"2011-11-08T07:06:11+00:00","dateModified":"2011-11-08T07:06:11+00:00","author":{"@id":"https:\/\/www.visit-ulcinj.com\/blog\/#\/schema\/person\/dcab619c614d3038751c63bc2aadc06d"},"description":"Lider Force Nazif Cungu kazao je da je njegova partija spremna da u\u0111e u koaliciju sa vladaju\u0107om DPS na dr\u017eavnom nivou i potvrdio da su o tome ve\u0107 vo\u0111eni","breadcrumb":{"@id":"https:\/\/www.visit-ulcinj.com\/blog\/2011\/11\/08\/cungu-ocekujemo-da-budemo-ukljuceni-u-sve-nivoe-centralne-vlasti\/#breadcrumb"},"inLanguage":"en-US","potentialAction":[{"@type":"ReadAction","target":["https:\/\/www.visit-ulcinj.com\/blog\/2011\/11\/08\/cungu-ocekujemo-da-budemo-ukljuceni-u-sve-nivoe-centralne-vlasti\/"]}]},{"@type":"BreadcrumbList","@id":"https:\/\/www.visit-ulcinj.com\/blog\/2011\/11\/08\/cungu-ocekujemo-da-budemo-ukljuceni-u-sve-nivoe-centralne-vlasti\/#breadcrumb","itemListElement":[{"@type":"ListItem","position":1,"name":"Cungu: O\u010dekujemo da budemo uklju\u010deni u sve nivoe centralne vlasti"}]},{"@type":"Person","@id":"https:\/\/www.visit-ulcinj.com\/blog\/#\/schema\/person\/dcab619c614d3038751c63bc2aadc06d","name":"ulqini","sameAs":["http:\/\/www.visit-ulcinj.com"],"url":"https:\/\/www.visit-ulcinj.com\/blog\/author\/admin\/"}]}},"jetpack_featured_media_url":"","jetpack_sharing_enabled":true,"jetpack_shortlink":"https:\/\/wp.me\/pe6lTn-dMm","_links":{"self":[{"href":"https:\/\/www.visit-ulcinj.com\/blog\/wp-json\/wp\/v2\/posts\/52970"}],"collection":[{"href":"https:\/\/www.visit-ulcinj.com\/blog\/wp-json\/wp\/v2\/posts"}],"about":[{"href":"https:\/\/www.visit-ulcinj.com\/blog\/wp-json\/wp\/v2\/types\/post"}],"author":[{"embeddable":true,"href":"https:\/\/www.visit-ulcinj.com\/blog\/wp-json\/wp\/v2\/users\/1"}],"replies":[{"embeddable":true,"href":"https:\/\/www.visit-ulcinj.com\/blog\/wp-json\/wp\/v2\/comments?post=52970"}],"version-history":[{"count":1,"href":"https:\/\/www.visit-ulcinj.com\/blog\/wp-json\/wp\/v2\/posts\/52970\/revisions"}],"predecessor-version":[{"id":52972,"href":"https:\/\/www.visit-ulcinj.com\/blog\/wp-json\/wp\/v2\/posts\/52970\/revisions\/52972"}],"wp:attachment":[{"href":"https:\/\/www.visit-ulcinj.com\/blog\/wp-json\/wp\/v2\/media?parent=52970"}],"wp:term":[{"taxonomy":"category","embeddable":true,"href":"https:\/\/www.visit-ulcinj.com\/blog\/wp-json\/wp\/v2\/categories?post=52970"},{"taxonomy":"post_tag","embeddable":true,"href":"https:\/\/www.visit-ulcinj.com\/blog\/wp-json\/wp\/v2\/tags?post=52970"}],"curies":[{"name":"wp","href":"https:\/\/api.w.org\/{rel}","templated":true}]}}