{"id":52973,"date":"2011-11-08T09:26:36","date_gmt":"2011-11-08T08:26:36","guid":{"rendered":"http:\/\/www.visit-ulcinj.com\/blog\/?p=52973"},"modified":"2011-11-08T09:26:36","modified_gmt":"2011-11-08T08:26:36","slug":"deshton-serish-tenderi-per-rivieren-e-ulqinit","status":"publish","type":"post","link":"https:\/\/www.visit-ulcinj.com\/blog\/2011\/11\/08\/deshton-serish-tenderi-per-rivieren-e-ulqinit\/","title":{"rendered":"D\u00ebshton s\u00ebrish tenderi p\u00ebr Rivier\u00ebn e Ulqinit"},"content":{"rendered":"<p><strong><a href=\"http:\/\/www.visit-ulcinj.com\/blog\/wp-content\/uploads\/2011\/11\/D%C3%ABshton-s%C3%ABrish-tenderi-p%C3%ABr-Rivier%C3%ABn-e-Ulqinit.jpg\"><img loading=\"lazy\" class=\"alignleft size-full wp-image-52974\" title=\"D\u00ebshton s\u00ebrish tenderi p\u00ebr Rivier\u00ebn e Ulqinit\" src=\"http:\/\/www.visit-ulcinj.com\/blog\/wp-content\/uploads\/2011\/11\/D%C3%ABshton-s%C3%ABrish-tenderi-p%C3%ABr-Rivier%C3%ABn-e-Ulqinit.jpg\" alt=\"\" width=\"508\" height=\"380\" \/><\/a>Munges\u00eb interesimi e investitor\u00ebve<br \/>\n<\/strong>Tenderi p\u00ebr p\u00ebr Rivier\u00ebn e Ulqinit ka d\u00ebshtuar\u00a0s\u00ebrish pasi q\u00eb n\u00eb t\u00eb nuk ka pasur t\u00eb\u00a0interesuar deri t\u00eb premten m\u00eb 4 n\u00ebntor 2011, kur ka p\u00ebrfunduar\u00a0afati p\u00ebr dor\u00ebzimin e ofertave,\u00a0kan\u00eb njoftuar nga Qeveria e\u00a0Malit t\u00eb Zi, duke mos e komentuar\u00a0k\u00ebt\u00eb.<br \/>\nK\u00ebshilli p\u00ebr privatizim dhe projekte kapitale i Malit t\u00eb Zi\u00a0 e ka shtyr\u00eb afatin tenderit p\u00ebr shitjen e 63,52 p\u00ebr qind t\u00eb aksioneve t\u00eb Nd\u00ebrmarrjes hoteliere e turistike (NHT) \u201cRiviera e Ulqinit\u201d deri m\u00eb 4 n\u00ebntor.<br \/>\nPos shitjes s\u00eb aksioneve, \u00ebsht\u00eb ofruar edhe dh\u00ebnia me qira prej 90 vjet\u00ebsh\u00a0 t\u00eb kompleksit t\u00eb tokave n\u00eb t\u00eb cil\u00ebn gjinden hotelet dhe objektet e tjera t\u00eb k\u00ebsja nd\u00ebrmarrje ulqinake.\u00a0 Aty \u00ebsht\u00eb p\u00ebrfshir\u00eb edhe lokacioni, e cila me dokumentacioni urbanistik parashihet nd\u00ebrtimi i kapaciteteve turistike dhe i atyre me p\u00ebrmbajtje t\u00eb p\u00ebrzier. Sakt\u00ebsisht ky lokacion gjendet n\u00eb kompleksin Plazhi i Madh, pes\u00eb kilometra nga qendra e qytetit.<\/p>\n<p>N\u00eb k\u00ebrkesat p\u00ebr marrjen e dokumentacionit tenderues, me \u00e7mim prje 10- mij\u00eb eurosh, nuk pati deri m\u00eb 4 n\u00ebntor,ku k\u00ebshilli p\u00ebr privatizim dhe projekte kapitale i Malit t\u00eb Zi\u00a0konstatoi munges\u00eb interesimi t\u00eb investitor\u00ebve.<br \/>\nPronar\u00eb t\u00eb aksioneve q\u00eb jan\u00eb n\u00eb shitje t\u00eb NHT \u201cRiviera e Ulqinit\u201d jan\u00eb shteti i Malit t\u00eb Zi-10,14 p\u00ebr qind, Fondi investues dhe zhvillimor\u00eb-7,64 p\u00ebr qind, Fondi por sigurimin personal dhe invalidor \u2013 25,29 p\u00ebr qind, Enti i p\u00ebr pun\u00ebsim- 8,43 p\u00ebr qind dhe Fondi p\u00ebr kompensim-0 12 p\u00ebr qind.<\/p>\n<!--YouTube Error: bad URL entered-->\n","protected":false},"excerpt":{"rendered":"<p>Munges\u00eb interesimi e investitor\u00ebve Tenderi p\u00ebr p\u00ebr Rivier\u00ebn e Ulqinit ka d\u00ebshtuar\u00a0s\u00ebrish pasi q\u00eb n\u00eb t\u00eb nuk ka pasur t\u00eb\u00a0interesuar deri t\u00eb premten m\u00eb 4 n\u00ebntor 2011, kur ka p\u00ebrfunduar\u00a0afati p\u00ebr dor\u00ebzimin e ofertave,\u00a0kan\u00eb njoftuar nga Qeveria e\u00a0Malit t\u00eb Zi, duke mos e komentuar\u00a0k\u00ebt\u00eb. K\u00ebshilli p\u00ebr privatizim dhe projekte kapitale i Malit t\u00eb Zi\u00a0 e [&hellip;]<\/p>\n","protected":false},"author":1,"featured_media":0,"comment_status":"open","ping_status":"closed","sticky":false,"template":"","format":"standard","meta":{"spay_email":"","jetpack_publicize_message":"","jetpack_is_tweetstorm":false,"jetpack_publicize_feature_enabled":true},"categories":[1],"tags":[19413,19412,9996,12447,200,18],"jetpack_publicize_connections":[],"yoast_head":"<!-- This site is optimized with the Yoast SEO plugin v19.1 - https:\/\/yoast.com\/wordpress\/plugins\/seo\/ -->\n<title>D\u00ebshton s\u00ebrish tenderi p\u00ebr Rivier\u00ebn e Ulqinit - Lajme nga Ulqini<\/title>\n<meta name=\"description\" content=\"Munges\u00eb interesimi e investitor\u00ebve Tenderi p\u00ebr p\u00ebr Rivier\u00ebn e Ulqinit ka d\u00ebshtuar\u00a0s\u00ebrish pasi q\u00eb n\u00eb t\u00eb nuk ka pasur t\u00eb\u00a0interesuar deri t\u00eb premten m\u00eb 4\" \/>\n<meta name=\"robots\" content=\"index, follow, max-snippet:-1, max-image-preview:large, max-video-preview:-1\" \/>\n<link rel=\"canonical\" href=\"https:\/\/www.visit-ulcinj.com\/blog\/2011\/11\/08\/deshton-serish-tenderi-per-rivieren-e-ulqinit\/\" \/>\n<meta property=\"og:locale\" content=\"en_US\" \/>\n<meta property=\"og:type\" content=\"article\" \/>\n<meta property=\"og:title\" content=\"D\u00ebshton s\u00ebrish tenderi p\u00ebr Rivier\u00ebn e Ulqinit - Lajme nga Ulqini\" \/>\n<meta property=\"og:description\" content=\"Munges\u00eb interesimi e investitor\u00ebve Tenderi p\u00ebr p\u00ebr Rivier\u00ebn e Ulqinit ka d\u00ebshtuar\u00a0s\u00ebrish pasi q\u00eb n\u00eb t\u00eb nuk ka pasur t\u00eb\u00a0interesuar deri t\u00eb premten m\u00eb 4\" \/>\n<meta property=\"og:url\" content=\"https:\/\/www.visit-ulcinj.com\/blog\/2011\/11\/08\/deshton-serish-tenderi-per-rivieren-e-ulqinit\/\" \/>\n<meta property=\"og:site_name\" content=\"Lajme nga Ulqini\" \/>\n<meta property=\"article:published_time\" content=\"2011-11-08T08:26:36+00:00\" \/>\n<meta property=\"og:image\" content=\"http:\/\/www.visit-ulcinj.com\/blog\/wp-content\/uploads\/2011\/11\/D%C3%ABshton-s%C3%ABrish-tenderi-p%C3%ABr-Rivier%C3%ABn-e-Ulqinit.jpg\" \/>\n<meta name=\"twitter:label1\" content=\"Written by\" \/>\n\t<meta name=\"twitter:data1\" content=\"ulqini\" \/>\n\t<meta name=\"twitter:label2\" content=\"Est. reading time\" \/>\n\t<meta name=\"twitter:data2\" content=\"1 minute\" \/>\n<script type=\"application\/ld+json\" class=\"yoast-schema-graph\">{\"@context\":\"https:\/\/schema.org\",\"@graph\":[{\"@type\":\"WebSite\",\"@id\":\"https:\/\/www.visit-ulcinj.com\/blog\/#website\",\"url\":\"https:\/\/www.visit-ulcinj.com\/blog\/\",\"name\":\"Lajme nga Ulqini\",\"description\":\"Lajme,Vijesti,Ulqini,Ulqin,Crna Gora,Mali i Zi\",\"potentialAction\":[{\"@type\":\"SearchAction\",\"target\":{\"@type\":\"EntryPoint\",\"urlTemplate\":\"https:\/\/www.visit-ulcinj.com\/blog\/?s={search_term_string}\"},\"query-input\":\"required name=search_term_string\"}],\"inLanguage\":\"en-US\"},{\"@type\":\"ImageObject\",\"inLanguage\":\"en-US\",\"@id\":\"https:\/\/www.visit-ulcinj.com\/blog\/2011\/11\/08\/deshton-serish-tenderi-per-rivieren-e-ulqinit\/#primaryimage\",\"url\":\"http:\/\/www.visit-ulcinj.com\/blog\/wp-content\/uploads\/2011\/11\/D%C3%ABshton-s%C3%ABrish-tenderi-p%C3%ABr-Rivier%C3%ABn-e-Ulqinit.jpg\",\"contentUrl\":\"http:\/\/www.visit-ulcinj.com\/blog\/wp-content\/uploads\/2011\/11\/D%C3%ABshton-s%C3%ABrish-tenderi-p%C3%ABr-Rivier%C3%ABn-e-Ulqinit.jpg\"},{\"@type\":\"WebPage\",\"@id\":\"https:\/\/www.visit-ulcinj.com\/blog\/2011\/11\/08\/deshton-serish-tenderi-per-rivieren-e-ulqinit\/#webpage\",\"url\":\"https:\/\/www.visit-ulcinj.com\/blog\/2011\/11\/08\/deshton-serish-tenderi-per-rivieren-e-ulqinit\/\",\"name\":\"D\u00ebshton s\u00ebrish tenderi p\u00ebr Rivier\u00ebn e Ulqinit - Lajme nga Ulqini\",\"isPartOf\":{\"@id\":\"https:\/\/www.visit-ulcinj.com\/blog\/#website\"},\"primaryImageOfPage\":{\"@id\":\"https:\/\/www.visit-ulcinj.com\/blog\/2011\/11\/08\/deshton-serish-tenderi-per-rivieren-e-ulqinit\/#primaryimage\"},\"datePublished\":\"2011-11-08T08:26:36+00:00\",\"dateModified\":\"2011-11-08T08:26:36+00:00\",\"author\":{\"@id\":\"https:\/\/www.visit-ulcinj.com\/blog\/#\/schema\/person\/dcab619c614d3038751c63bc2aadc06d\"},\"description\":\"Munges\u00eb interesimi e investitor\u00ebve Tenderi p\u00ebr p\u00ebr Rivier\u00ebn e Ulqinit ka d\u00ebshtuar\u00a0s\u00ebrish pasi q\u00eb n\u00eb t\u00eb nuk ka pasur t\u00eb\u00a0interesuar deri t\u00eb premten m\u00eb 4\",\"breadcrumb\":{\"@id\":\"https:\/\/www.visit-ulcinj.com\/blog\/2011\/11\/08\/deshton-serish-tenderi-per-rivieren-e-ulqinit\/#breadcrumb\"},\"inLanguage\":\"en-US\",\"potentialAction\":[{\"@type\":\"ReadAction\",\"target\":[\"https:\/\/www.visit-ulcinj.com\/blog\/2011\/11\/08\/deshton-serish-tenderi-per-rivieren-e-ulqinit\/\"]}]},{\"@type\":\"BreadcrumbList\",\"@id\":\"https:\/\/www.visit-ulcinj.com\/blog\/2011\/11\/08\/deshton-serish-tenderi-per-rivieren-e-ulqinit\/#breadcrumb\",\"itemListElement\":[{\"@type\":\"ListItem\",\"position\":1,\"name\":\"D\u00ebshton s\u00ebrish tenderi p\u00ebr Rivier\u00ebn e Ulqinit\"}]},{\"@type\":\"Person\",\"@id\":\"https:\/\/www.visit-ulcinj.com\/blog\/#\/schema\/person\/dcab619c614d3038751c63bc2aadc06d\",\"name\":\"ulqini\",\"sameAs\":[\"http:\/\/www.visit-ulcinj.com\"],\"url\":\"https:\/\/www.visit-ulcinj.com\/blog\/author\/admin\/\"}]}<\/script>\n<!-- \/ Yoast SEO plugin. -->","yoast_head_json":{"title":"D\u00ebshton s\u00ebrish tenderi p\u00ebr Rivier\u00ebn e Ulqinit - Lajme nga Ulqini","description":"Munges\u00eb interesimi e investitor\u00ebve Tenderi p\u00ebr p\u00ebr Rivier\u00ebn e Ulqinit ka d\u00ebshtuar\u00a0s\u00ebrish pasi q\u00eb n\u00eb t\u00eb nuk ka pasur t\u00eb\u00a0interesuar deri t\u00eb premten m\u00eb 4","robots":{"index":"index","follow":"follow","max-snippet":"max-snippet:-1","max-image-preview":"max-image-preview:large","max-video-preview":"max-video-preview:-1"},"canonical":"https:\/\/www.visit-ulcinj.com\/blog\/2011\/11\/08\/deshton-serish-tenderi-per-rivieren-e-ulqinit\/","og_locale":"en_US","og_type":"article","og_title":"D\u00ebshton s\u00ebrish tenderi p\u00ebr Rivier\u00ebn e Ulqinit - Lajme nga Ulqini","og_description":"Munges\u00eb interesimi e investitor\u00ebve Tenderi p\u00ebr p\u00ebr Rivier\u00ebn e Ulqinit ka d\u00ebshtuar\u00a0s\u00ebrish pasi q\u00eb n\u00eb t\u00eb nuk ka pasur t\u00eb\u00a0interesuar deri t\u00eb premten m\u00eb 4","og_url":"https:\/\/www.visit-ulcinj.com\/blog\/2011\/11\/08\/deshton-serish-tenderi-per-rivieren-e-ulqinit\/","og_site_name":"Lajme nga Ulqini","article_published_time":"2011-11-08T08:26:36+00:00","og_image":[{"url":"http:\/\/www.visit-ulcinj.com\/blog\/wp-content\/uploads\/2011\/11\/D%C3%ABshton-s%C3%ABrish-tenderi-p%C3%ABr-Rivier%C3%ABn-e-Ulqinit.jpg"}],"twitter_misc":{"Written by":"ulqini","Est. reading time":"1 minute"},"schema":{"@context":"https:\/\/schema.org","@graph":[{"@type":"WebSite","@id":"https:\/\/www.visit-ulcinj.com\/blog\/#website","url":"https:\/\/www.visit-ulcinj.com\/blog\/","name":"Lajme nga Ulqini","description":"Lajme,Vijesti,Ulqini,Ulqin,Crna Gora,Mali i Zi","potentialAction":[{"@type":"SearchAction","target":{"@type":"EntryPoint","urlTemplate":"https:\/\/www.visit-ulcinj.com\/blog\/?s={search_term_string}"},"query-input":"required name=search_term_string"}],"inLanguage":"en-US"},{"@type":"ImageObject","inLanguage":"en-US","@id":"https:\/\/www.visit-ulcinj.com\/blog\/2011\/11\/08\/deshton-serish-tenderi-per-rivieren-e-ulqinit\/#primaryimage","url":"http:\/\/www.visit-ulcinj.com\/blog\/wp-content\/uploads\/2011\/11\/D%C3%ABshton-s%C3%ABrish-tenderi-p%C3%ABr-Rivier%C3%ABn-e-Ulqinit.jpg","contentUrl":"http:\/\/www.visit-ulcinj.com\/blog\/wp-content\/uploads\/2011\/11\/D%C3%ABshton-s%C3%ABrish-tenderi-p%C3%ABr-Rivier%C3%ABn-e-Ulqinit.jpg"},{"@type":"WebPage","@id":"https:\/\/www.visit-ulcinj.com\/blog\/2011\/11\/08\/deshton-serish-tenderi-per-rivieren-e-ulqinit\/#webpage","url":"https:\/\/www.visit-ulcinj.com\/blog\/2011\/11\/08\/deshton-serish-tenderi-per-rivieren-e-ulqinit\/","name":"D\u00ebshton s\u00ebrish tenderi p\u00ebr Rivier\u00ebn e Ulqinit - Lajme nga Ulqini","isPartOf":{"@id":"https:\/\/www.visit-ulcinj.com\/blog\/#website"},"primaryImageOfPage":{"@id":"https:\/\/www.visit-ulcinj.com\/blog\/2011\/11\/08\/deshton-serish-tenderi-per-rivieren-e-ulqinit\/#primaryimage"},"datePublished":"2011-11-08T08:26:36+00:00","dateModified":"2011-11-08T08:26:36+00:00","author":{"@id":"https:\/\/www.visit-ulcinj.com\/blog\/#\/schema\/person\/dcab619c614d3038751c63bc2aadc06d"},"description":"Munges\u00eb interesimi e investitor\u00ebve Tenderi p\u00ebr p\u00ebr Rivier\u00ebn e Ulqinit ka d\u00ebshtuar\u00a0s\u00ebrish pasi q\u00eb n\u00eb t\u00eb nuk ka pasur t\u00eb\u00a0interesuar deri t\u00eb premten m\u00eb 4","breadcrumb":{"@id":"https:\/\/www.visit-ulcinj.com\/blog\/2011\/11\/08\/deshton-serish-tenderi-per-rivieren-e-ulqinit\/#breadcrumb"},"inLanguage":"en-US","potentialAction":[{"@type":"ReadAction","target":["https:\/\/www.visit-ulcinj.com\/blog\/2011\/11\/08\/deshton-serish-tenderi-per-rivieren-e-ulqinit\/"]}]},{"@type":"BreadcrumbList","@id":"https:\/\/www.visit-ulcinj.com\/blog\/2011\/11\/08\/deshton-serish-tenderi-per-rivieren-e-ulqinit\/#breadcrumb","itemListElement":[{"@type":"ListItem","position":1,"name":"D\u00ebshton s\u00ebrish tenderi p\u00ebr Rivier\u00ebn e Ulqinit"}]},{"@type":"Person","@id":"https:\/\/www.visit-ulcinj.com\/blog\/#\/schema\/person\/dcab619c614d3038751c63bc2aadc06d","name":"ulqini","sameAs":["http:\/\/www.visit-ulcinj.com"],"url":"https:\/\/www.visit-ulcinj.com\/blog\/author\/admin\/"}]}},"jetpack_featured_media_url":"","jetpack_sharing_enabled":true,"jetpack_shortlink":"https:\/\/wp.me\/pe6lTn-dMp","_links":{"self":[{"href":"https:\/\/www.visit-ulcinj.com\/blog\/wp-json\/wp\/v2\/posts\/52973"}],"collection":[{"href":"https:\/\/www.visit-ulcinj.com\/blog\/wp-json\/wp\/v2\/posts"}],"about":[{"href":"https:\/\/www.visit-ulcinj.com\/blog\/wp-json\/wp\/v2\/types\/post"}],"author":[{"embeddable":true,"href":"https:\/\/www.visit-ulcinj.com\/blog\/wp-json\/wp\/v2\/users\/1"}],"replies":[{"embeddable":true,"href":"https:\/\/www.visit-ulcinj.com\/blog\/wp-json\/wp\/v2\/comments?post=52973"}],"version-history":[{"count":2,"href":"https:\/\/www.visit-ulcinj.com\/blog\/wp-json\/wp\/v2\/posts\/52973\/revisions"}],"predecessor-version":[{"id":53053,"href":"https:\/\/www.visit-ulcinj.com\/blog\/wp-json\/wp\/v2\/posts\/52973\/revisions\/53053"}],"wp:attachment":[{"href":"https:\/\/www.visit-ulcinj.com\/blog\/wp-json\/wp\/v2\/media?parent=52973"}],"wp:term":[{"taxonomy":"category","embeddable":true,"href":"https:\/\/www.visit-ulcinj.com\/blog\/wp-json\/wp\/v2\/categories?post=52973"},{"taxonomy":"post_tag","embeddable":true,"href":"https:\/\/www.visit-ulcinj.com\/blog\/wp-json\/wp\/v2\/tags?post=52973"}],"curies":[{"name":"wp","href":"https:\/\/api.w.org\/{rel}","templated":true}]}}