{"id":52984,"date":"2011-11-08T14:23:07","date_gmt":"2011-11-08T13:23:07","guid":{"rendered":"http:\/\/www.visit-ulcinj.com\/blog\/?p=52984"},"modified":"2011-11-08T14:23:07","modified_gmt":"2011-11-08T13:23:07","slug":"ekskursion-me-bicikletaalternativ-per-ulqin","status":"publish","type":"post","link":"https:\/\/www.visit-ulcinj.com\/blog\/2011\/11\/08\/ekskursion-me-bicikletaalternativ-per-ulqin\/","title":{"rendered":"Ekskursion me bi\u00e7ikleta,alternativ p\u00ebr Ulqin"},"content":{"rendered":"<p><a href=\"http:\/\/www.visit-ulcinj.com\/blog\/wp-content\/uploads\/2011\/11\/Biking-in-Montenegro.2.jpg\"><img loading=\"lazy\" class=\"alignleft size-full wp-image-52986\" title=\"Biking in Montenegro.2\" src=\"http:\/\/www.visit-ulcinj.com\/blog\/wp-content\/uploads\/2011\/11\/Biking-in-Montenegro.2.jpg\" alt=\"\" width=\"508\" height=\"380\" srcset=\"https:\/\/www.visit-ulcinj.com\/blog\/wp-content\/uploads\/2011\/11\/Biking-in-Montenegro.2.jpg 1600w, https:\/\/www.visit-ulcinj.com\/blog\/wp-content\/uploads\/2011\/11\/Biking-in-Montenegro.2-300x225.jpg 300w, https:\/\/www.visit-ulcinj.com\/blog\/wp-content\/uploads\/2011\/11\/Biking-in-Montenegro.2-1024x768.jpg 1024w\" sizes=\"(max-width: 508px) 100vw, 508px\" \/><\/a>Gjate vitit 2010, situata e turizmit ne Ulqin sipas te dhenave qe kemi nga fluksi i vizitoreve ne sezonin e vjeshtes dhe dimerit, rezulton \u00a0te jete pozitive. Vizitoret jane kryesisht te intresuar per kulturen dhe trashegimine e qytetit, arkitekturen,historine, muzeumet , objektet e kultit, kishat \u00a0dhe monumentet e kultures. Gjithashtu Ulqini ka nje interes ne rritje edhe per turizmin e aventures dhe ekoturizmin, rafting ne lumin buna, ecje apo ture me bicikleta ne rrethinat e qytetit alternative e\u00a0 re p\u00ebr komun t\u00eb Ulqinit.<br \/>\n<a href=\"http:\/\/www.visit-ulcinj.com\/blog\/wp-content\/uploads\/2011\/11\/Biking-in-Montenegro.1.jpg\"><img loading=\"lazy\" class=\"alignleft size-full wp-image-52985\" title=\"Biking in Montenegro.1\" src=\"http:\/\/www.visit-ulcinj.com\/blog\/wp-content\/uploads\/2011\/11\/Biking-in-Montenegro.1.jpg\" alt=\"\" width=\"508\" height=\"276\" \/><\/a><\/p>\n<p>Propozimi q\u00eb t\u00eb punohet mbi nj\u00eb projekt p\u00ebr nd\u00ebrtimin e nj\u00eb itinerari p\u00ebr kalime me bi\u00e7ikleta n\u00ebp\u00ebr bregun e Ulqinit deri n\u00eb Velipoj apo Muriqan eshte alternative e re.. K\u00ebshtu bi\u00e7ikletist\u00ebt do t\u00eb mund t\u00eb l\u00ebvizin n\u00eb t\u00ebr\u00eb rrjedh\u00ebn e lumit Buna, duke filluar nga Shkodra, ku ai buron, dhe t\u00eb arrihet gjer tek delta e lumit Buna, q\u00eb derdhet n\u00eb Detin Adriatik n\u00eb territorin e Malit t\u00eb Zi.Propozimi i Itinerarit t\u00eb ri p\u00ebr bi\u00e7ikletist\u00eb do t\u00eb filloja nga qyteti\u00a0 I Malit t\u00eb Zi,Ulqinit, kurse n\u00eb territorin ton\u00eb do t\u00eb p\u00ebrfshij\u00eb vendbanimet rreth lumit Buna \u00a0midis Sukubin\u00ebs \u2013Muriqanit-Shkodr\u00ebs dhe Velipoj\u00ebs . Duhet t\u00eb b\u00ebhet afati p\u00ebrfundimtar i krijimit t\u00eb shtigjeve p\u00ebr bi\u00e7ikleta, markimi i tyre, krijimi i nj\u00eb sajti etj. Propozimi \u00ebsht\u00eb q\u00eb viti 2013 t\u00eb na pres n\u00eb krijimit t\u00eb shtigjeve p\u00ebr bi\u00e7ikleta , kurse deri at\u00ebher\u00eb t\u00eb gjith\u00eb, t\u00eb cil\u00ebt d\u00ebshirojn\u00eb t\u00eb l\u00ebvizin me dy rrota n\u00eb k\u00ebt\u00eb pjes\u00eb t\u00eb Evrop\u00ebs jugore, ku prej Ulqinit do t\u00eb mund t\u00eb zgjedhin rrug\u00ebt, t\u00eb cilat e ndjekin bregdetin Shqip\u00ebtar.<br \/>\n<a href=\"http:\/\/www.visit-ulcinj.com\/blog\/wp-content\/uploads\/2011\/11\/Biking-in-montenegro.jpg\"><img loading=\"lazy\" class=\"alignleft size-full wp-image-52988\" title=\"Biking in montenegro\" src=\"http:\/\/www.visit-ulcinj.com\/blog\/wp-content\/uploads\/2011\/11\/Biking-in-montenegro.jpg\" alt=\"\" width=\"508\" height=\"330\" \/><\/a><br \/>\nMinist\u00ebra i zhvillimit t\u00eb qendruesh\u00ebm dhe turizmit dhe Komuna e Ulqinit duhet t\u00eb jen\u00eb udh\u00ebheq\u00ebs i projektit p\u00ebr krijimin e nj\u00eb itinerari p\u00ebr kalime me bi\u00e7ikleta,edhe tani mund t\u00eb themi se nuk mungojn\u00eb bi\u00e7ikletist\u00eb t\u00eb huaj. Adhuruesit e turizmit me bi\u00e7ikleta p\u00ebrdorin rrug\u00ebt e tanishme, duke u orientuar me harta se si t\u00eb l\u00ebvizin nga nj\u00eb vendbanim drejt nj\u00eb vendbanimi tjet\u00ebr . Zakonisht turist\u00ebt vendosen n\u00eb hotelet e qytetetit t\u00eb Ulqinit, ose n\u00eb kampingje, por ka dhe t\u00eb till\u00eb, t\u00eb cil\u00ebt udh\u00ebtojn\u00eb me \u00e7adra t\u00eb veta, sepse te ne nuk ka mjaft\u00eb kampingje legale nga shteti I Malit t\u00eb Zi.<\/p>\n<p>N\u00eb fakt bregdeti Ulqinak \u00a0dallohet shum\u00eb nga rrjedha e poshtme e lumit, q\u00eb \u00ebsht\u00eb urbanizuar mir\u00eb. Mungesa e shtigjeve t\u00eb posa\u00e7me p\u00ebr bi\u00e7ikletist\u00eb n\u00eb Mal t\u00eb Zi kompensohet deri diku nga pamjet e bukura dhe fshatrat piktoreske n\u00eb bregun e lumit Buna. Turist\u00ebt me bi\u00e7ikleta mund t\u00eb l\u00ebvizin n\u00eb rezervatet natyrore, n\u00eb t\u00eb cilat b\u00ebjn\u00eb fole lloje t\u00eb rralla shpend\u00ebsh dhe t\u00eb vizitojn\u00eb kisha,manastire,xhamia,male shk\u00ebmbore ose k\u00ebshtjella q\u00eb nga epoka e Mesjet\u00ebs. Disa prej tyre marrin pjes\u00eb n\u00eb konkurse kulinare dhe n\u00eb festivale folklorike.<\/p>\n<p>Natyra n\u00eb k\u00ebt\u00eb pjes\u00eb t\u00eb lumit\u00a0 Buna \u00ebsht\u00eb e eg\u00ebr .Dhe kjo \u00ebsht\u00eb jasht\u00ebzakonisht t\u00ebrheq\u00ebse p\u00ebr turist\u00ebt e huaj. N\u00ebp\u00ebr bregun e lumit Buna n\u00eb territorin e Malit t\u00eb Zi dhe t\u00eb Shqip\u00ebris ka rajone, ku nuk do t\u00eb gjeni asnj\u00eb vendbanim t\u00eb populluar. Atje \u00ebsht\u00eb shum\u00eb v\u00ebshtir\u00eb t\u00eb gjeni hotel. N\u00eb fakt ka vet\u00ebm nga ndonji \u00a0sht\u00ebpi p\u00ebr vendosje turist\u00ebsh n\u00ebp\u00ebr fshatra . Prandaj turist\u00ebt duhet t\u00eb informohen paraprakisht ku mund t\u00eb kalojn\u00eb nat\u00ebn.<br \/>\n<a href=\"http:\/\/www.visit-ulcinj.com\/blog\/wp-content\/uploads\/2011\/11\/Biking-in-Montenegro.3.jpg\"><img loading=\"lazy\" class=\"alignleft size-full wp-image-52987\" title=\"Biking in Montenegro.3\" src=\"http:\/\/www.visit-ulcinj.com\/blog\/wp-content\/uploads\/2011\/11\/Biking-in-Montenegro.3.jpg\" alt=\"\" width=\"508\" height=\"330\" \/><\/a><br \/>\nN\u00eb internet komuna e Ulqinit\u00a0 duhet t\u00eb paraqes\u00a0 se si t\u00eb gjeni informacion p\u00ebr vendbanimet dhe mund\u00ebsit\u00eb p\u00ebr vendosje turist\u00ebsh n\u00ebp\u00ebr rrjedh\u00ebn e lumit Buna. Duhet krijuar qendra e informacionit se ku mund t\u00eb merrni hartat dhe udh\u00ebrr\u00ebfyesit e domosdosh\u00ebm. Shum\u00eb prej bi\u00e7ikletist\u00ebve t\u00eb huaj p\u00ebrdorin sistemet moderne GPS,ku Ulqini poashtu nuk asht futur n\u00eb GPS bot\u00ebror sepse k\u00ebto jan mjetet \u00a0t\u00eb cilat i ndihmojn\u00eb bi\u00e7ikletist\u00ebve \u00a0p\u00ebr t\u2019u orientuar n\u00eb mjedisin e panjohur.<br \/>\n<!--YouTube Error: bad URL entered--><\/p>\n","protected":false},"excerpt":{"rendered":"<p>Gjate vitit 2010, situata e turizmit ne Ulqin sipas te dhenave qe kemi nga fluksi i vizitoreve ne sezonin e vjeshtes dhe dimerit, rezulton \u00a0te jete pozitive. Vizitoret jane kryesisht te intresuar per kulturen dhe trashegimine e qytetit, arkitekturen,historine, muzeumet , objektet e kultit, kishat \u00a0dhe monumentet e kultures. Gjithashtu Ulqini ka nje interes ne [&hellip;]<\/p>\n","protected":false},"author":1,"featured_media":0,"comment_status":"open","ping_status":"closed","sticky":false,"template":"","format":"standard","meta":{"spay_email":"","jetpack_publicize_message":"","jetpack_is_tweetstorm":false,"jetpack_publicize_feature_enabled":true},"categories":[15],"tags":[],"jetpack_publicize_connections":[],"yoast_head":"<!-- This site is optimized with the Yoast SEO plugin v19.1 - https:\/\/yoast.com\/wordpress\/plugins\/seo\/ -->\n<title>Ekskursion me bi\u00e7ikleta,alternativ p\u00ebr Ulqin - Lajme nga Ulqini<\/title>\n<meta name=\"description\" content=\"Gjate vitit 2010, situata e turizmit ne Ulqin sipas te dhenave qe kemi nga fluksi i vizitoreve ne sezonin e vjeshtes dhe dimerit, rezulton \u00a0te jete\" \/>\n<meta name=\"robots\" content=\"index, follow, max-snippet:-1, max-image-preview:large, max-video-preview:-1\" \/>\n<link rel=\"canonical\" href=\"https:\/\/www.visit-ulcinj.com\/blog\/2011\/11\/08\/ekskursion-me-bicikletaalternativ-per-ulqin\/\" \/>\n<meta property=\"og:locale\" content=\"en_US\" \/>\n<meta property=\"og:type\" content=\"article\" \/>\n<meta property=\"og:title\" content=\"Ekskursion me bi\u00e7ikleta,alternativ p\u00ebr Ulqin - Lajme nga Ulqini\" \/>\n<meta property=\"og:description\" content=\"Gjate vitit 2010, situata e turizmit ne Ulqin sipas te dhenave qe kemi nga fluksi i vizitoreve ne sezonin e vjeshtes dhe dimerit, rezulton \u00a0te jete\" \/>\n<meta property=\"og:url\" content=\"https:\/\/www.visit-ulcinj.com\/blog\/2011\/11\/08\/ekskursion-me-bicikletaalternativ-per-ulqin\/\" \/>\n<meta property=\"og:site_name\" content=\"Lajme nga Ulqini\" \/>\n<meta property=\"article:published_time\" content=\"2011-11-08T13:23:07+00:00\" \/>\n<meta property=\"og:image\" content=\"http:\/\/www.visit-ulcinj.com\/blog\/wp-content\/uploads\/2011\/11\/Biking-in-Montenegro.2.jpg\" \/>\n<meta name=\"twitter:label1\" content=\"Written by\" \/>\n\t<meta name=\"twitter:data1\" content=\"ulqini\" \/>\n\t<meta name=\"twitter:label2\" content=\"Est. reading time\" \/>\n\t<meta name=\"twitter:data2\" content=\"3 minutes\" \/>\n<script type=\"application\/ld+json\" class=\"yoast-schema-graph\">{\"@context\":\"https:\/\/schema.org\",\"@graph\":[{\"@type\":\"WebSite\",\"@id\":\"https:\/\/www.visit-ulcinj.com\/blog\/#website\",\"url\":\"https:\/\/www.visit-ulcinj.com\/blog\/\",\"name\":\"Lajme nga Ulqini\",\"description\":\"Lajme,Vijesti,Ulqini,Ulqin,Crna Gora,Mali i Zi\",\"potentialAction\":[{\"@type\":\"SearchAction\",\"target\":{\"@type\":\"EntryPoint\",\"urlTemplate\":\"https:\/\/www.visit-ulcinj.com\/blog\/?s={search_term_string}\"},\"query-input\":\"required name=search_term_string\"}],\"inLanguage\":\"en-US\"},{\"@type\":\"ImageObject\",\"inLanguage\":\"en-US\",\"@id\":\"https:\/\/www.visit-ulcinj.com\/blog\/2011\/11\/08\/ekskursion-me-bicikletaalternativ-per-ulqin\/#primaryimage\",\"url\":\"https:\/\/www.visit-ulcinj.com\/blog\/wp-content\/uploads\/2011\/11\/Biking-in-Montenegro.2.jpg\",\"contentUrl\":\"https:\/\/www.visit-ulcinj.com\/blog\/wp-content\/uploads\/2011\/11\/Biking-in-Montenegro.2.jpg\",\"width\":\"1600\",\"height\":\"1200\"},{\"@type\":\"WebPage\",\"@id\":\"https:\/\/www.visit-ulcinj.com\/blog\/2011\/11\/08\/ekskursion-me-bicikletaalternativ-per-ulqin\/#webpage\",\"url\":\"https:\/\/www.visit-ulcinj.com\/blog\/2011\/11\/08\/ekskursion-me-bicikletaalternativ-per-ulqin\/\",\"name\":\"Ekskursion me bi\u00e7ikleta,alternativ p\u00ebr Ulqin - Lajme nga Ulqini\",\"isPartOf\":{\"@id\":\"https:\/\/www.visit-ulcinj.com\/blog\/#website\"},\"primaryImageOfPage\":{\"@id\":\"https:\/\/www.visit-ulcinj.com\/blog\/2011\/11\/08\/ekskursion-me-bicikletaalternativ-per-ulqin\/#primaryimage\"},\"datePublished\":\"2011-11-08T13:23:07+00:00\",\"dateModified\":\"2011-11-08T13:23:07+00:00\",\"author\":{\"@id\":\"https:\/\/www.visit-ulcinj.com\/blog\/#\/schema\/person\/dcab619c614d3038751c63bc2aadc06d\"},\"description\":\"Gjate vitit 2010, situata e turizmit ne Ulqin sipas te dhenave qe kemi nga fluksi i vizitoreve ne sezonin e vjeshtes dhe dimerit, rezulton \u00a0te jete\",\"breadcrumb\":{\"@id\":\"https:\/\/www.visit-ulcinj.com\/blog\/2011\/11\/08\/ekskursion-me-bicikletaalternativ-per-ulqin\/#breadcrumb\"},\"inLanguage\":\"en-US\",\"potentialAction\":[{\"@type\":\"ReadAction\",\"target\":[\"https:\/\/www.visit-ulcinj.com\/blog\/2011\/11\/08\/ekskursion-me-bicikletaalternativ-per-ulqin\/\"]}]},{\"@type\":\"BreadcrumbList\",\"@id\":\"https:\/\/www.visit-ulcinj.com\/blog\/2011\/11\/08\/ekskursion-me-bicikletaalternativ-per-ulqin\/#breadcrumb\",\"itemListElement\":[{\"@type\":\"ListItem\",\"position\":1,\"name\":\"Ekskursion me bi\u00e7ikleta,alternativ p\u00ebr Ulqin\"}]},{\"@type\":\"Person\",\"@id\":\"https:\/\/www.visit-ulcinj.com\/blog\/#\/schema\/person\/dcab619c614d3038751c63bc2aadc06d\",\"name\":\"ulqini\",\"sameAs\":[\"http:\/\/www.visit-ulcinj.com\"],\"url\":\"https:\/\/www.visit-ulcinj.com\/blog\/author\/admin\/\"}]}<\/script>\n<!-- \/ Yoast SEO plugin. -->","yoast_head_json":{"title":"Ekskursion me bi\u00e7ikleta,alternativ p\u00ebr Ulqin - Lajme nga Ulqini","description":"Gjate vitit 2010, situata e turizmit ne Ulqin sipas te dhenave qe kemi nga fluksi i vizitoreve ne sezonin e vjeshtes dhe dimerit, rezulton \u00a0te jete","robots":{"index":"index","follow":"follow","max-snippet":"max-snippet:-1","max-image-preview":"max-image-preview:large","max-video-preview":"max-video-preview:-1"},"canonical":"https:\/\/www.visit-ulcinj.com\/blog\/2011\/11\/08\/ekskursion-me-bicikletaalternativ-per-ulqin\/","og_locale":"en_US","og_type":"article","og_title":"Ekskursion me bi\u00e7ikleta,alternativ p\u00ebr Ulqin - Lajme nga Ulqini","og_description":"Gjate vitit 2010, situata e turizmit ne Ulqin sipas te dhenave qe kemi nga fluksi i vizitoreve ne sezonin e vjeshtes dhe dimerit, rezulton \u00a0te jete","og_url":"https:\/\/www.visit-ulcinj.com\/blog\/2011\/11\/08\/ekskursion-me-bicikletaalternativ-per-ulqin\/","og_site_name":"Lajme nga Ulqini","article_published_time":"2011-11-08T13:23:07+00:00","og_image":[{"url":"http:\/\/www.visit-ulcinj.com\/blog\/wp-content\/uploads\/2011\/11\/Biking-in-Montenegro.2.jpg"}],"twitter_misc":{"Written by":"ulqini","Est. reading time":"3 minutes"},"schema":{"@context":"https:\/\/schema.org","@graph":[{"@type":"WebSite","@id":"https:\/\/www.visit-ulcinj.com\/blog\/#website","url":"https:\/\/www.visit-ulcinj.com\/blog\/","name":"Lajme nga Ulqini","description":"Lajme,Vijesti,Ulqini,Ulqin,Crna Gora,Mali i Zi","potentialAction":[{"@type":"SearchAction","target":{"@type":"EntryPoint","urlTemplate":"https:\/\/www.visit-ulcinj.com\/blog\/?s={search_term_string}"},"query-input":"required name=search_term_string"}],"inLanguage":"en-US"},{"@type":"ImageObject","inLanguage":"en-US","@id":"https:\/\/www.visit-ulcinj.com\/blog\/2011\/11\/08\/ekskursion-me-bicikletaalternativ-per-ulqin\/#primaryimage","url":"https:\/\/www.visit-ulcinj.com\/blog\/wp-content\/uploads\/2011\/11\/Biking-in-Montenegro.2.jpg","contentUrl":"https:\/\/www.visit-ulcinj.com\/blog\/wp-content\/uploads\/2011\/11\/Biking-in-Montenegro.2.jpg","width":"1600","height":"1200"},{"@type":"WebPage","@id":"https:\/\/www.visit-ulcinj.com\/blog\/2011\/11\/08\/ekskursion-me-bicikletaalternativ-per-ulqin\/#webpage","url":"https:\/\/www.visit-ulcinj.com\/blog\/2011\/11\/08\/ekskursion-me-bicikletaalternativ-per-ulqin\/","name":"Ekskursion me bi\u00e7ikleta,alternativ p\u00ebr Ulqin - Lajme nga Ulqini","isPartOf":{"@id":"https:\/\/www.visit-ulcinj.com\/blog\/#website"},"primaryImageOfPage":{"@id":"https:\/\/www.visit-ulcinj.com\/blog\/2011\/11\/08\/ekskursion-me-bicikletaalternativ-per-ulqin\/#primaryimage"},"datePublished":"2011-11-08T13:23:07+00:00","dateModified":"2011-11-08T13:23:07+00:00","author":{"@id":"https:\/\/www.visit-ulcinj.com\/blog\/#\/schema\/person\/dcab619c614d3038751c63bc2aadc06d"},"description":"Gjate vitit 2010, situata e turizmit ne Ulqin sipas te dhenave qe kemi nga fluksi i vizitoreve ne sezonin e vjeshtes dhe dimerit, rezulton \u00a0te jete","breadcrumb":{"@id":"https:\/\/www.visit-ulcinj.com\/blog\/2011\/11\/08\/ekskursion-me-bicikletaalternativ-per-ulqin\/#breadcrumb"},"inLanguage":"en-US","potentialAction":[{"@type":"ReadAction","target":["https:\/\/www.visit-ulcinj.com\/blog\/2011\/11\/08\/ekskursion-me-bicikletaalternativ-per-ulqin\/"]}]},{"@type":"BreadcrumbList","@id":"https:\/\/www.visit-ulcinj.com\/blog\/2011\/11\/08\/ekskursion-me-bicikletaalternativ-per-ulqin\/#breadcrumb","itemListElement":[{"@type":"ListItem","position":1,"name":"Ekskursion me bi\u00e7ikleta,alternativ p\u00ebr Ulqin"}]},{"@type":"Person","@id":"https:\/\/www.visit-ulcinj.com\/blog\/#\/schema\/person\/dcab619c614d3038751c63bc2aadc06d","name":"ulqini","sameAs":["http:\/\/www.visit-ulcinj.com"],"url":"https:\/\/www.visit-ulcinj.com\/blog\/author\/admin\/"}]}},"jetpack_featured_media_url":"","jetpack_sharing_enabled":true,"jetpack_shortlink":"https:\/\/wp.me\/pe6lTn-dMA","_links":{"self":[{"href":"https:\/\/www.visit-ulcinj.com\/blog\/wp-json\/wp\/v2\/posts\/52984"}],"collection":[{"href":"https:\/\/www.visit-ulcinj.com\/blog\/wp-json\/wp\/v2\/posts"}],"about":[{"href":"https:\/\/www.visit-ulcinj.com\/blog\/wp-json\/wp\/v2\/types\/post"}],"author":[{"embeddable":true,"href":"https:\/\/www.visit-ulcinj.com\/blog\/wp-json\/wp\/v2\/users\/1"}],"replies":[{"embeddable":true,"href":"https:\/\/www.visit-ulcinj.com\/blog\/wp-json\/wp\/v2\/comments?post=52984"}],"version-history":[{"count":2,"href":"https:\/\/www.visit-ulcinj.com\/blog\/wp-json\/wp\/v2\/posts\/52984\/revisions"}],"predecessor-version":[{"id":52990,"href":"https:\/\/www.visit-ulcinj.com\/blog\/wp-json\/wp\/v2\/posts\/52984\/revisions\/52990"}],"wp:attachment":[{"href":"https:\/\/www.visit-ulcinj.com\/blog\/wp-json\/wp\/v2\/media?parent=52984"}],"wp:term":[{"taxonomy":"category","embeddable":true,"href":"https:\/\/www.visit-ulcinj.com\/blog\/wp-json\/wp\/v2\/categories?post=52984"},{"taxonomy":"post_tag","embeddable":true,"href":"https:\/\/www.visit-ulcinj.com\/blog\/wp-json\/wp\/v2\/tags?post=52984"}],"curies":[{"name":"wp","href":"https:\/\/api.w.org\/{rel}","templated":true}]}}