{"id":53025,"date":"2011-11-09T10:10:15","date_gmt":"2011-11-09T09:10:15","guid":{"rendered":"http:\/\/www.visit-ulcinj.com\/blog\/?p=53025"},"modified":"2011-11-18T11:26:01","modified_gmt":"2011-11-18T10:26:01","slug":"nju-jork-u-be-perurimi-i-librit-%e2%80%9cdiaspora-dhe-vendlindja%e2%80%9d-i-autorit-xheladin-zeneli","status":"publish","type":"post","link":"https:\/\/www.visit-ulcinj.com\/blog\/2011\/11\/09\/nju-jork-u-be-perurimi-i-librit-%e2%80%9cdiaspora-dhe-vendlindja%e2%80%9d-i-autorit-xheladin-zeneli\/","title":{"rendered":"Nju Jork, u b\u00eb p\u00ebrurimi i librit \u201cDiaspora dhe Vendlindja\u201d i autorit Xheladin Zeneli"},"content":{"rendered":"<p><strong><em><a href=\"http:\/\/www.visit-ulcinj.com\/blog\/wp-content\/uploads\/2011\/11\/Nju-Jork-u-b%C3%AB-p%C3%ABrurimi-i-librit-Diaspora-dhe-Vendlindja-i-autorit-Xheladin-Zeneli.12.jpg\"><img loading=\"lazy\" class=\"alignleft size-full wp-image-53037\" title=\"Nju Jork, u b\u00eb p\u00ebrurimi i librit Diaspora dhe Vendlindja i autorit Xheladin Zeneli.12\" src=\"http:\/\/www.visit-ulcinj.com\/blog\/wp-content\/uploads\/2011\/11\/Nju-Jork-u-b%C3%AB-p%C3%ABrurimi-i-librit-Diaspora-dhe-Vendlindja-i-autorit-Xheladin-Zeneli.12.jpg\" alt=\"\" width=\"508\" height=\"380\" \/><\/a>BEQIR SINA, New York<\/em><\/strong><\/p>\n<p><strong><em>Autori ka n\u00ebnvizuar se :&#8221;Libri &#8220;Diaspora dhe Vendlindja&#8221; vjen n\u00eb koh\u00ebn e p\u00ebrfundimit t\u00eb periudhes 20 vje\u00e7are t\u00eb miratimit t\u00eb pluralizmit politik n\u00eb Mal te Zi .Fundi i vitee 80-ta dhe fillimi i viteve 90-ta t\u00eb shekullit t\u00eb kaluar ishin vitet e ngjarjeve te medha historike, per popujt e shtypur deri me at\u00ebher\u00eb n\u00eb Evrop\u00eb sepse sh\u00ebnoj r\u00ebnien e komunizmit dhe agimin e lirise dhe demokracis\u00eb<\/em><\/strong><br \/>\n<strong>BRONX &#8211; NEW YORK :<\/strong> K\u00ebsaj fundjave n\u00eb nj\u00ebrin prej mjediseve t\u00eb lokalit t\u00eb njohur n\u00eb Bronks &#8211; Nju Jork, &#8220;Giovani&#8217;s restaurant&#8221; pron\u00eb e bashk\u00ebatdhetarit ton\u00eb Gjergj Dedvukaj, u b\u00eb p\u00ebrurimi i librit me titull \u201cDIASPORA DHE VENDLINDJA\u201d i autorit Xheladin Zeneli. Zgjedhja e k\u00ebtij vendi dhe ftesa q\u00eb autori i b\u00ebri, miqve dhe kolegve t\u00eb tij &#8211; ishte si nj\u00eb &#8220;borxh&#8221;, q\u00eb autori u kishte p\u00ebr t\u00eb kthyer k\u00ebtij komuniteti, mbas atij p\u00ebrurimi q\u00eb n\u00eb gusht t\u00eb k\u00ebtij viti autori i b\u00ebri libit n\u00eb vendlindjen e tij n\u00eb Ulqin librit..<\/p>\n<p><a href=\"http:\/\/www.visit-ulcinj.com\/blog\/wp-content\/uploads\/2011\/11\/Nju-Jork-u-b%C3%AB-p%C3%ABrurimi-i-librit-Diaspora-dhe-Vendlindja-i-autorit-Xheladin-Zeneli.5.jpg\"><img loading=\"lazy\" class=\"alignleft size-full wp-image-53030\" title=\"Nju Jork, u b\u00eb p\u00ebrurimi i librit Diaspora dhe Vendlindja i autorit Xheladin Zeneli.5\" src=\"http:\/\/www.visit-ulcinj.com\/blog\/wp-content\/uploads\/2011\/11\/Nju-Jork-u-b%C3%AB-p%C3%ABrurimi-i-librit-Diaspora-dhe-Vendlindja-i-autorit-Xheladin-Zeneli.5.jpg\" alt=\"\" width=\"508\" height=\"300\" \/><\/a><br \/>\nN\u00eb k\u00ebt\u00eb p\u00ebrurim n\u00eb New York, merrnin pjes\u00eb disa krer\u00ebt nga organizata dhe shoqata, aktivist dhe veprimtar\u00eb t\u00eb dalluar t\u00eb komunitetit, biznesmen, avokat, intelektual\u00eb, student dhe njer\u00ebz nga jeta politike, kulturore, por edhe dashamir\u00eb t\u00eb librit n\u00eb komunitet, autor librash dhe gazetar nga televizionet dhe gazetat e komunitetit.<\/p>\n<p>N\u00eb mesin e pjesmarr\u00ebsve ishin edhe ish kongresisti republikan i New Yorkut, Joseph J. DioGuardi Presidentin e Lig\u00ebs Qytetare Shqiptaro Amerikane, lobit t\u00eb par\u00eb n\u00eb SHBA-\u00ebs dhe Shirley Cloyes DioGuardi, K\u00ebshilltare e \u00c7\u00ebshtjeve Ballkanike, studiuese, publiciste dhe shkrimtare amerikane. Ndodhej dhe verpimtari e njohur nga Detroiti, an\u00ebtari i bordit t\u00eb Lig\u00ebs Qytetare, zoti Marash Nuncullaj &#8211; si dhe intelektuali dhe analisti nga Mal\u00ebsia professor Nikoll Camaj.<\/p>\n<p>Libri \u201cDIASPORA DHE VENDLINDJA\u201d, i cili doli nga shtypi n\u00eb muajin gusht t\u00eb k\u00ebtij viti, dhe ka pasur p\u00ebrurimin e par\u00eb n\u00eb vendlindjen e tij &#8211; \u00ebsht\u00eb nj\u00eb p\u00ebrmbledhje e kujdes\u00ebshme q\u00eb ka treguar autori, me artikuj, intervista dhe nj\u00eb d\u00ebshmi q\u00eb ai ka b\u00ebr\u00eb vet\u00eb n\u00eb Kongresin Amerikan kur dha dorheqjen nga Kuvendi i Malit t\u00eb Zi, lidhur me \u00e7\u00ebshtjen shqiptare n\u00eb Mal t\u00eb Zi. Andaj dhe kjo pjes\u00eb diaspor\u00ebs, n\u00eb k\u00ebt\u00eb lib\u00ebr, ka &#8220;hisen&#8221; e saj n\u00eb disa kapitujt e k\u00ebtij libri. Autori madje flet me krenari p\u00ebr at\u00eb \u00e7ka Diaspora ka b\u00ebr\u00eb p\u00ebr \u00e7\u00ebshtjen komb\u00ebtare, duke i kushtuar asaj nj\u00eb vend t\u00eb ve\u00e7ant\u00eb, p\u00ebr rolin dhe kontributin disa vje\u00e7ar p\u00ebr \u00e7\u00ebshtjen komb\u00ebtare.<\/p>\n<p>Libri \u201cDIASPORA DHE VENDLINDJA\u201d, nga ana teknike, ka rreth 250 faqe, dhe \u00ebsht\u00eb i ndar\u00eb n\u00eb pes\u00eb kapituj,. Libri ka rreth 30 artikuj t\u00eb ilustruar n\u00eb mes me nj\u00eb foto -album nxjerr nga arshiva e tij personale, duke p\u00ebrfshir\u00eb edhe shtojc\u00ebn (appendix) n\u00eb gjuh\u00ebn angleze. Librin e botoi sht\u00ebpia botuese &#8220;Art Club&#8221; nga Ulqini, realizuar me kopertin\u00eb t\u00eb fort\u00eb (Hard Cover), dhe \u00e7mimi i tij \u00ebsht\u00eb p\u00ebr 20.00 dollar amerikan.<\/p>\n<p><strong>\u00a0\u00a0\u00a0 Ky lib\u00ebr sipas autorit \u00ebsht\u00eb nj\u00eb p\u00ebrkushtim si\u00e7 shpreht ai vet\u00eb qysh n\u00eb fillim t\u00eb librit &#8220;n\u00eb nderim t\u00eb prind\u00ebrve t\u00eb tij, babait t\u00eb ndjer\u00eb Dul (Selimi) Zeneli(1932-1974) dhe n\u00ebn\u00ebs Aishe&#8221;.<\/strong><br \/>\n<a href=\"http:\/\/www.visit-ulcinj.com\/blog\/wp-content\/uploads\/2011\/11\/Nju-Jork-u-b%C3%AB-p%C3%ABrurimi-i-librit-Diaspora-dhe-Vendlindja-i-autorit-Xheladin-Zeneli.6.jpg\"><img loading=\"lazy\" class=\"alignleft size-full wp-image-53031\" title=\"Nju Jork, u b\u00eb p\u00ebrurimi i librit Diaspora dhe Vendlindja i autorit Xheladin Zeneli.6\" src=\"http:\/\/www.visit-ulcinj.com\/blog\/wp-content\/uploads\/2011\/11\/Nju-Jork-u-b%C3%AB-p%C3%ABrurimi-i-librit-Diaspora-dhe-Vendlindja-i-autorit-Xheladin-Zeneli.6.jpg\" alt=\"\" width=\"508\" height=\"300\" \/><\/a><\/p>\n<p>Drejtuesi i k\u00ebtij p\u00ebrurimi zoti Agim Ali\u00e7ka, an\u00ebtar\u00eb i bordit t\u00eb Lig\u00ebs Qytetare Shqiptaro &#8211; Amerikane theksoi se autori Xheladin Zeneli, \u00ebsht\u00eb aktivist i shquar n\u00eb mesin e m\u00ebrgimtar\u00ebve tan\u00eb n\u00eb SHBA por edhe t\u00eb shqiptar\u00ebt n\u00eb Mal t\u00eb Zi, mbasi ai do t\u00eb mbahet mend si nj\u00eb nd\u00ebr deputetet e par\u00eb shqiptar n\u00eb parlamentin e Malit t\u00eb Zi, q\u00eb u largua nga ky parlament n\u00eb shenj\u00eb pak\u00ebnaq\u00ebsie.<\/p>\n<p>Zoti Ali\u00e7ka, u foli t\u00eb pranishmeve gjat\u00eb presantimit t\u00eb mysafirve n\u00eb pika t\u00eb shkurta mbi biografin\u00eb e autorit , veprimtarin\u00eb e tij n\u00eb komunitet dhe sidomos p\u00ebr lidhjet e tij me Lig\u00ebn Qytetare Shqiptaro Amerikane, miqt tan\u00eb n\u00eb kongres, tha Ali\u00e7ka duke ve\u00e7uar Tom Lantosh, Henry Hyde, Ben Gilman. Ai ka vlersuar n\u00eb shum\u00eb k\u00ebnd\u00ebv\u00ebshtrime kapitujt e k\u00ebtij libri ku shkruhet p\u00ebr pun\u00ebn e madhe t\u00eb \u00e7ifiti DioGuardi, presidentit vullnetar t\u00eb Lig\u00ebs Qytetare Joe DioGuardit dhe K\u00ebshilltares s\u00eb \u00c7\u00ebshtjeve Ballkanike zonj\u00ebn Shirli Cloyes &#8211; DioGuardi .<\/p>\n<p>M\u00eb tej zoti Ali\u00e7ka n\u00ebnvizoj\u00eb se &#8220;Ky lib\u00ebr hedh drit\u00eb mbi disa nga aktivitetet n\u00eb diaspor\u00eb, q\u00eb ndrlidhen me ngjarje t\u00eb r\u00ebnd\u00ebsishme n\u00eb vendlindjen ton\u00eb, sidomos, meq\u00ebnse autori i p\u00ebrket asaj pjese shqiptare, ku ato ngjarje jan\u00eb t\u00eb fokusuara n\u00eb Mal t\u00eb Zi. Libri i Zenelit, tha ai \u00ebsht\u00eb nj\u00eb shembull i mir\u00eb sesi lidhen gj\u00ebrat t\u00eb tilla mes Diaspor\u00ebs ku ai tani jeton dhe Vendlindjes, \u00e7ka autori e ka zgjedhur edhe n\u00eb titullin e tij, p\u00ebr t\u00eb hedhur sado pak drit\u00eb mbi k\u00ebt\u00eb lidhje historike, q\u00eb i ka karakterizuar shqiptar\u00ebt e Amerik\u00ebs p\u00ebr vite t\u00eb t\u00ebra. Libri i Xheladin Zenelit, &#8220;Diaspora dhe Vendlindja&#8221;, sipas drejtuesit t\u00eb k\u00ebtij p\u00ebrurimi zotit Agim Ali\u00e7kaj, \u00ebsht\u00eb nj\u00eb testament p\u00ebr t\u00eb treguar sesi t\u00eb punohet, ndihmohet dhe jepet kontributi \u00e7\u00ebshtjes son\u00eb komb\u00ebtare nga Diaspora, dhe n\u00eb t\u00eb ardhmen t\u00eb p\u00ebrcjell tek brezat mesazhin e dashuris\u00eb dhe mallit p\u00ebr vendlindjen ton\u00eb&#8221;.<br \/>\n<strong>Zoti Ali\u00e7ka ftoi t\u00eb lexoin disa pjes\u00eb nga libri,\u201cDIASPORA DHE VENDLINDJA\u201d t\u00eb autorit Xheladin Zeneli, publicistin Hasan Salaj dhe studenten Iliriana Zeneli( t\u00eb lexoj\u00eb pjes\u00eb nga shtojca (appendix) n\u00eb gjuh\u00ebn angleze).<\/strong><\/p>\n<p><a href=\"http:\/\/www.visit-ulcinj.com\/blog\/2011\/11\/09\/nju-jork-u-be-perurimi-i-librit-%e2%80%9cdiaspora-dhe-vendlindja%e2%80%9d-i-autorit-xheladin-zeneli\/nju-jork-u-be-perurimi-i-librit-diaspora-dhe-vendlindja-i-autorit-xheladin-zeneli-16\/\" rel=\"attachment wp-att-53041\"><img loading=\"lazy\" class=\"alignleft size-full wp-image-53041\" title=\"Nju Jork, u b\u00eb p\u00ebrurimi i librit Diaspora dhe Vendlindja i autorit Xheladin Zeneli.16\" src=\"http:\/\/www.visit-ulcinj.com\/blog\/wp-content\/uploads\/2011\/11\/Nju-Jork-u-b%C3%AB-p%C3%ABrurimi-i-librit-Diaspora-dhe-Vendlindja-i-autorit-Xheladin-Zeneli.16.jpg\" alt=\"\" width=\"508\" height=\"300\" \/><\/a><br \/>\nKy p\u00ebrurim u hap me nj\u00eb video-konferenc\u00eb, ku autori i parath\u00ebnijes Dr. Neil Dragu, redaktori i librit ,\u201cDIASPORA DHE VENDLINDJA\u201d t\u00eb autorit Xheladin Zeneli, tregoi p\u00ebr angazhimin e pand\u00ebrprer\u00eb t\u00eb autorit, sidomos p\u00ebr aktivitetin e tij n\u00eb SHBA, p\u00ebr \u00e7\u00ebshtjet q\u00eb kan\u00eb t\u00eb b\u00ebjn\u00eb me shqiptar\u00ebt n\u00eb Mal t\u00eb Zi. &#8221;<\/p>\n<p>Botimi i librave t\u00eb ndrysh\u00ebm, tha n\u00eb video-konferenc\u00eb dr. Dragu, var\u00ebsisht prej temave t\u00eb cilat trajtojn\u00eb paraqet nj\u00eb moment t\u00eb ve\u00e7ant\u00eb p\u00ebr autorin dhe mjedisin p\u00ebrkat\u00ebs.<\/p>\n<p>&nbsp;<\/p>\n<p>Por, kur autori \u00ebsht\u00eb nga diaspora nuk ka dilem\u00eb s\u00eb ai botim tek opinioni i gjer\u00eb merr vlera emocionale. Dhe nuk ka si t\u00eb jet\u00eb ndryshe sepse diaspora shqiptare \u00ebsht\u00eb nd\u00ebrgjegja e kombit ton\u00eb. Gam\u00ebs s\u00eb gjer\u00eb t\u00eb botimeve q\u00eb trajtojn\u00eb shqiptar\u00ebt n\u00eb Mal t\u00eb Zi i shtohet edhe libri Diaspora dhe vendlindja t\u00eb autorit Xheladin Zeneli. Libri n\u00eb fjal\u00eb \u00ebsht\u00eb i karakterit publicistik dhe paraqet nj\u00eb p\u00ebrmbledhje t\u00eb artikujve, intervistave dhe d\u00ebshmive q\u00eb n\u00eb fokus kan\u00eb pozit\u00ebn dhe statusin e shqiptar\u00ebve n\u00eb Mal t\u00eb Zi.&#8221;<\/p>\n<p>Kryeredaktoi i k\u00ebtij libri tha m\u00eb tej se &#8220;\u00cbsht\u00eb p\u00ebr tu p\u00ebrsh\u00ebndetur angazhimi dhe guximi i autorit i cili tash dy dekada jeton dhe punon n\u00eb Nju Jork(SHBA) q\u00eb trajton tema t\u00eb tilla q\u00eb ekskluzivitet kan\u00eb \u00e7\u00ebshtjen komb\u00ebtare shqiptare n\u00eb ket\u00eb mjedis. Ndonse i larguar nga vendlindja autori me vemendje ka p\u00ebrcjellur ngjarjet duke analizuar dhe komentuar ata sipas qasjes personale.&#8221;<\/p>\n<p>Veprimtari e njohur i komunitetit, an\u00ebtari i bordit t\u00eb Lig\u00ebs Qytetare, zoti Marash Nuncullaj i ardhur enkas n\u00eb k\u00ebt\u00eb p\u00ebrurim , mbasi ka p\u00ebrsh\u00ebndetur autorin e librit , p\u00ebr k\u00ebt\u00eb vep\u00ebr si\u00e7 e quajti ai, tha se &#8220;Shqiptar\u00ebt megjithse kan\u00eb b\u00ebr\u00eb shum\u00eb p\u00ebr \u00e7\u00ebshtjen komb\u00ebtare, nuk duhet t\u00eb &#8220;flen\u00eb mbi dafina&#8221;, sepse, sipas tij puna jon\u00eb , kontributi dhe ndihmesa jon\u00eb p\u00ebr kombin ton\u00eb nuk kan\u00eb p\u00ebrfunduar&#8221;, tha mes t\u00eb tjerave veprimtari i dallur nga Detroiti zoti Marsh Nuncullaj, duke shtuar se megjithat\u00eb ky lib\u00ebr \u00ebsht\u00eb shum\u00eb i r\u00ebnd\u00ebsish\u00ebm p\u00ebr t\u00eb pasyqruar gjendjen reale t\u00eb shqiptar\u00ebve n\u00ebn Mal t\u00eb Zi, dhe se \u00e7far\u00eb duhet b\u00ebr\u00eb nga ne shqiptar\u00ebt p\u00ebr t\u00eb dal\u00eb nga kjo gj\u00ebendje&#8221;.<br \/>\n<strong>M\u00eb pas\u00eb p\u00ebrurimin e librit t\u00eb autorit Xheladin Zeneli, &#8220;Diaspora dhe Vendlindja, shkurtimisht e p\u00ebrsh\u00ebndeti edhe pronari i lokalit &#8220;Giovanis Restorant&#8221; zoti Gjergj Dedvukaj, veprimtar dhe an\u00ebtar i bordit t\u00eb Lig\u00ebs Qytetare Shqiptaro &#8211; Amerikane.<\/strong><\/p>\n<p><a href=\"http:\/\/www.visit-ulcinj.com\/blog\/2011\/11\/09\/nju-jork-u-be-perurimi-i-librit-%e2%80%9cdiaspora-dhe-vendlindja%e2%80%9d-i-autorit-xheladin-zeneli\/nju-jork-u-be-perurimi-i-librit-diaspora-dhe-vendlindja-i-autorit-xheladin-zeneli-11\/\" rel=\"attachment wp-att-53036\"><img loading=\"lazy\" class=\"alignleft size-full wp-image-53036\" title=\"Nju Jork, u b\u00eb p\u00ebrurimi i librit Diaspora dhe Vendlindja i autorit Xheladin Zeneli.11\" src=\"http:\/\/www.visit-ulcinj.com\/blog\/wp-content\/uploads\/2011\/11\/Nju-Jork-u-b%C3%AB-p%C3%ABrurimi-i-librit-Diaspora-dhe-Vendlindja-i-autorit-Xheladin-Zeneli.11.jpg\" alt=\"\" width=\"508\" height=\"300\" \/><\/a><\/p>\n<p>Shirli Klojes &#8211; DioGuardi &#8211; K\u00ebshilltare e \u00c7\u00ebshtjeve Ballkanike n\u00eb Lig\u00ebn Qytetare Shqiptaro &#8211; Amerikane, edhe ajo mbasi ka p\u00ebrsh\u00ebndetur me k\u00ebt\u00eb rast autorin k\u00ebtij libri, ka theksuar se &#8221; Liga Qytetare, nuk do t\u00eb kishte egzistuar n\u00ebse nuk do t\u00eb ishin k\u00ebta an\u00ebtar\u00ebt e Bordit, mb\u00ebshtetja dhe suporti i k\u00ebtyre an\u00ebtar\u00ebve, prej themelimit t\u00eb saj&#8221;. N\u00eb k\u00ebt\u00eb kontekst, ajo p\u00ebrmendi disa p\u00ebrj an\u00ebtarve t\u00eb k\u00ebsaj organizate, t\u00eb cil\u00ebt jan\u00eb dalluar n\u00eb mb\u00ebshtetjen dhe p\u00ebrkrahjen e madhe 20 vje\u00e7are q\u00eb kan\u00eb treguar p\u00ebr LQSHA.&#8221;<\/p>\n<p>&#8220;Nd\u00ebrkoh\u00eb, vijoj\u00eb zonja Cloyes DioGuardi, me duhet t\u00eb p\u00ebrg\u00ebzoj\u00eb zotin Zeneli p\u00ebr botimin e k\u00ebtij libri, i cili natyrisht\u00eb atij i ka marr\u00eb shum\u00eb energji dhe mund deri sa t\u00eb plasoj\u00eb t\u00eb gjitha k\u00ebto ngjarje t\u00eb dokumentuara n\u00eb m\u00ebnyr\u00eb t\u00eb sistemuar, sipas datave q\u00eb ndodh\u00ebn ato, duke vendosur n\u00eb epiqender t\u00eb tyre edhe pun\u00ebn kolasale q\u00eb ka b\u00ebr\u00eb gjat\u00eb k\u00ebtyr\u00eb viteve Liga Qytetare Shqiptaro Amerikane, n\u00eb p\u00ebrgjigje t\u00eb asaj se \u00e7far\u00eb \u00ebsht\u00eb b\u00ebr\u00eb dhe duhet b\u00ebr\u00eb nga Diaspora n\u00eb Amerik\u00eb, p\u00ebr shqiptar\u00ebt n\u00eb Mal t\u00eb Zi&#8221;.<\/p>\n<p>&#8220;Xheladini, u shpreh zonja Cloyes -DioGuardi, e ka p\u00ebrshkruar mjaft mir\u00eb br\u00ebnda n\u00eb lib\u00ebr at\u00eb &#8220;racismin e treguar t\u00eb Podgoric\u00ebs ndaj shqiptar\u00ebve, dhe represionin ndaj asaj pjes\u00eb t\u00eb popullsis\u00eb s\u00eb Malit t\u00eb Zi, ku pes\u00eb p\u00ebrqind e tyre jan\u00eb shqiptar\u00ebt &#8211; N\u00eb fillim tha ajo qe lufta q\u00eb iu b\u00eb nga sundimi komunist\u00eb 50 vje\u00e7ar dh\u00eb m\u00eb pas\u00eb nga regjimi brutal i Millosheviqit &#8211; \u00e7ka kjo ishte edhe asryeja q\u00eb ish deputeti i parlamentit t\u00eb Malit t\u00eb Zi, n\u00eb at\u00eb periudh\u00eb Xheladin Zeneli, do t\u00eb t\u00ebrhiqej n\u00eb m\u00ebnyr\u00eb demostrative nga ai kuvend p\u00ebr t\u00eb ardhur n\u00eb SHBA, t&#8217;i bashk\u00ebngjitet n\u00eb disa aktivitet e veprimtari Lig\u00ebs Qytetare Shqiptaro Amerikane&#8221;.<\/p>\n<p>Mbas fjal\u00ebs s\u00eb Cloyes &#8211; DioGuardit, ish kongresisti republikan i New Yorkut, Joseph J. DioGuardi Presidentin e Lig\u00ebs Qytetare Shqiptaro Amerikane, lobit t\u00eb par\u00eb n\u00eb SHBA-\u00ebs b\u00ebri nj\u00eb p\u00ebrshkrim t\u00eb gjat\u00eb veprimtaris dhe aktivitetit t\u00eb LQSHA, duke folur p\u00ebr rolin dhe kontributin e madh t\u00eb Lig\u00ebs, dhe vendosur n\u00eb fokus miqt e m\u00ebdhenj\u00eb n\u00eb kongres t\u00eb shqiptar\u00ebve, si kongresmen\u00ebt Tom Lantosh, Henry Hyde, dhe Dana Rohrabacher.<br \/>\n<a href=\"http:\/\/www.visit-ulcinj.com\/blog\/2011\/11\/09\/nju-jork-u-be-perurimi-i-librit-%e2%80%9cdiaspora-dhe-vendlindja%e2%80%9d-i-autorit-xheladin-zeneli\/nju-jork-u-be-perurimi-i-librit-diaspora-dhe-vendlindja-i-autorit-xheladin-zeneli-20\/\" rel=\"attachment wp-att-53045\"><img loading=\"lazy\" class=\"alignleft size-large wp-image-53045\" title=\"Nju Jork, u b\u00eb p\u00ebrurimi i librit Diaspora dhe Vendlindja i autorit Xheladin Zeneli.20\" src=\"http:\/\/www.visit-ulcinj.com\/blog\/wp-content\/uploads\/2011\/11\/Nju-Jork-u-b%C3%AB-p%C3%ABrurimi-i-librit-Diaspora-dhe-Vendlindja-i-autorit-Xheladin-Zeneli.20-1024x682.jpg\" alt=\"\" width=\"508\" height=\"300\" \/><\/a><br \/>\n<strong>I fundit ose &#8220;qershia mbi tort\u00eb&#8221; ishte vete autori i librit, zoti Xheladin Zeneli, i cili falenderoi t\u00eb pranishmit dhe t\u00eb gjith\u00eb ata q\u00eb e ndihmuan n\u00eb botimi e librit. <\/strong><\/p>\n<p>&#8220;Miq t\u00eb nderuar, zonja dhe zoterinj, tha Zeneli, m\u00eb lejoni q\u00eb t\u00eb p\u00ebrsh\u00ebndes mysafir\u00ebt special t\u00eb k\u00ebsaj mbr\u00ebmje p\u00ebrurimi, ish kongresistin amerikan dhe kryetarin e LQSH ,z. Xho DioGuardi si k\u00ebshilltar\u00ebn p\u00ebr \u00e7\u00ebshtje t\u00eb Ballkanit, znj, Shirley Cloyes DioGuardi. P\u00ebrsh\u00ebndes z. Marash Nucullaj i cili erdhi enkas nga Detroidi q\u00eb t\u00eb marrin pjes\u00eb n\u00eb k\u00ebt\u00eb mbr\u00ebmje p\u00ebrurimi.P\u00ebrsh\u00ebndes, gjithashtu sekretarin e Lidhjes&#8221; Demokratike n\u00eb Mal t\u00eb Zi, z. Nikoll\u00eb Camaj &#8211; Ju falenderoj t\u00eb gjith\u00ebve ,p\u00ebrzem\u00ebrsisht, p\u00ebr pjes\u00ebmarrjen tuaj.<\/p>\n<p>Autori ka n\u00ebnvizuar se :&#8221;Libri &#8220;Diaspora dhe Vendlindja&#8221; vjen n\u00eb koh\u00ebn e p\u00ebrfundimit t\u00eb periudhes 20 vje\u00e7are t\u00eb miratimit t\u00eb pluralizmit politik n\u00eb Mal te Zi .Fundi i viteve 80-ta dhe fillimi i viteve 90-ta t\u00eb shekullit t\u00eb kaluar ishin vitet e ngjarjeve te medha historike, per popujt e shtypur deri me at\u00ebher\u00eb n\u00eb Evrop\u00eb sepse sh\u00ebnoj r\u00ebnien e komunizmit dhe agimin e lirise dhe demokracis\u00eb.<\/p>\n<p>P\u00ebr shqiptar\u00ebt n\u00eb Ballkan keto ngjarje historike, kan\u00eb r\u00ebndesi t\u00eb dyfisht\u00eb, th autori duke shtuar se se pari ,sepse keto ngjarje ndikuan ne perfundimin e sistemit diktatorial ne Shqiperi dhe se dyti me keto ngjarje,filloj shpartallimi apo dezintegrimi i dy shteteve me antishqiptare : Bashkimit Sovjetik dhe Jugosllavis\u00eb.<\/p>\n<p>Sot pas dy dekadave, shqiptaret n\u00eb p\u00ebrgjith\u00ebsi ,gjinden n\u00eb pozit\u00eb gjeo-politike m\u00eb t\u00eb favorshme si asnj\u00ebher\u00eb m\u00eb par\u00eb. Shteti am\u00eb -Shqip\u00ebria \u00ebsht\u00eb an\u00ebtare me t\u00eb drejta t\u00eb plota n\u00eb NATO, organizat\u00ebn m\u00eb t\u00eb fuqishme luftarake n\u00eb bot\u00eb, Kosova \u00ebsht\u00eb shtet i pavarur, kurse aleati kryesor i shqiptar\u00ebve jan\u00eb &#8211; Shtetet e Bashkuara te Amerikes.<\/p>\n<p>P\u00ebr autorin libri &#8220;Diaspora dhe Vendlindja&#8221; eshte liber i permbledhjeve te punimeve te mia te dhjetvjecarit te kaluar dhe te cilat shtjellojne tema te ndryshme qe preokupojne dhe kane preokopuar shqiptaret ne Mal te Zi ne keto dy dekadat e fundit ,kuptohet nga perspektiva dhe kendveshtrimi im,pra i nje pjesetari te diaspores por qe vazhdimisht i ka percjellur rrjedhat e ngjarjeve ne vendlindje.<\/p>\n<p>M\u00eb n\u00eb fund, tha autori i k\u00ebtij libri zoti Xheladin Zeneli, deshiroj te falenderoj te gjitha ata te cil\u00ebt ne nje menyre apo tjeter me perkrahen pa rezerve ne relizimin dhe botimin e ketij libri, dhe t&#8217;ju njoftoj se gjysma e t\u00eb ardhurave nga shitja e librit, do t\u00eb jepet donacion shkoll\u00ebs p\u00ebr f\u00ebmij\u00eb me aft\u00ebsi t\u00eb kufizuara n\u00eb An\u00eb t\u00eb Malit.<br \/>\nNd\u00ebrkaq, n\u00eb mbyllje t\u00eb k\u00ebtij evenimenti autori i librit ,\u201cDIASPORA DHE VENDLINDJA\u201d, shp\u00ebrndau nga nj\u00eb kopje e librit me autografin e tij si dhe dha edhe nj\u00eb koktej rasti, shoq\u00ebruar me diskutime t\u00eb lira n\u00eb mesin e pjesmarr\u00ebsve.<br \/>\n\n\t\t<style type=\"text\/css\">\n\t\t\t#gallery-1 {\n\t\t\t\tmargin: auto;\n\t\t\t}\n\t\t\t#gallery-1 .gallery-item {\n\t\t\t\tfloat: left;\n\t\t\t\tmargin-top: 10px;\n\t\t\t\ttext-align: center;\n\t\t\t\twidth: 33%;\n\t\t\t}\n\t\t\t#gallery-1 img {\n\t\t\t\tborder: 2px solid #cfcfcf;\n\t\t\t}\n\t\t\t#gallery-1 .gallery-caption {\n\t\t\t\tmargin-left: 0;\n\t\t\t}\n\t\t\t\/* see gallery_shortcode() in wp-includes\/media.php *\/\n\t\t<\/style>\n\t\t<div id='gallery-1' class='gallery galleryid-53025 gallery-columns-3 gallery-size-thumbnail'><dl class='gallery-item'>\n\t\t\t<dt class='gallery-icon landscape'>\n\t\t\t\t<a href='https:\/\/www.visit-ulcinj.com\/blog\/wp-content\/uploads\/2011\/11\/Nju-Jork-u-b\u00eb-p\u00ebrurimi-i-librit-Diaspora-dhe-Vendlindja-i-autorit-Xheladin-Zeneli.1.jpg'><img width=\"150\" height=\"150\" src=\"https:\/\/www.visit-ulcinj.com\/blog\/wp-content\/uploads\/2011\/11\/Nju-Jork-u-b\u00eb-p\u00ebrurimi-i-librit-Diaspora-dhe-Vendlindja-i-autorit-Xheladin-Zeneli.1-150x150.jpg\" class=\"attachment-thumbnail size-thumbnail\" alt=\"\" loading=\"lazy\" \/><\/a>\n\t\t\t<\/dt><\/dl><dl class='gallery-item'>\n\t\t\t<dt class='gallery-icon landscape'>\n\t\t\t\t<a href='https:\/\/www.visit-ulcinj.com\/blog\/wp-content\/uploads\/2011\/11\/Nju-Jork-u-b\u00eb-p\u00ebrurimi-i-librit-Diaspora-dhe-Vendlindja-i-autorit-Xheladin-Zeneli.2.jpg'><img width=\"150\" height=\"150\" src=\"https:\/\/www.visit-ulcinj.com\/blog\/wp-content\/uploads\/2011\/11\/Nju-Jork-u-b\u00eb-p\u00ebrurimi-i-librit-Diaspora-dhe-Vendlindja-i-autorit-Xheladin-Zeneli.2-150x150.jpg\" class=\"attachment-thumbnail size-thumbnail\" alt=\"\" loading=\"lazy\" \/><\/a>\n\t\t\t<\/dt><\/dl><dl class='gallery-item'>\n\t\t\t<dt class='gallery-icon landscape'>\n\t\t\t\t<a href='https:\/\/www.visit-ulcinj.com\/blog\/wp-content\/uploads\/2011\/11\/Nju-Jork-u-b\u00eb-p\u00ebrurimi-i-librit-Diaspora-dhe-Vendlindja-i-autorit-Xheladin-Zeneli.3.jpg'><img width=\"150\" height=\"150\" src=\"https:\/\/www.visit-ulcinj.com\/blog\/wp-content\/uploads\/2011\/11\/Nju-Jork-u-b\u00eb-p\u00ebrurimi-i-librit-Diaspora-dhe-Vendlindja-i-autorit-Xheladin-Zeneli.3-150x150.jpg\" class=\"attachment-thumbnail size-thumbnail\" alt=\"\" loading=\"lazy\" \/><\/a>\n\t\t\t<\/dt><\/dl><br style=\"clear: both\" \/><dl class='gallery-item'>\n\t\t\t<dt class='gallery-icon landscape'>\n\t\t\t\t<a href='https:\/\/www.visit-ulcinj.com\/blog\/wp-content\/uploads\/2011\/11\/Nju-Jork-u-b\u00eb-p\u00ebrurimi-i-librit-Diaspora-dhe-Vendlindja-i-autorit-Xheladin-Zeneli.4.jpg'><img width=\"150\" height=\"150\" src=\"https:\/\/www.visit-ulcinj.com\/blog\/wp-content\/uploads\/2011\/11\/Nju-Jork-u-b\u00eb-p\u00ebrurimi-i-librit-Diaspora-dhe-Vendlindja-i-autorit-Xheladin-Zeneli.4-150x150.jpg\" class=\"attachment-thumbnail size-thumbnail\" alt=\"\" loading=\"lazy\" \/><\/a>\n\t\t\t<\/dt><\/dl><dl class='gallery-item'>\n\t\t\t<dt class='gallery-icon landscape'>\n\t\t\t\t<a href='https:\/\/www.visit-ulcinj.com\/blog\/wp-content\/uploads\/2011\/11\/Nju-Jork-u-b\u00eb-p\u00ebrurimi-i-librit-Diaspora-dhe-Vendlindja-i-autorit-Xheladin-Zeneli.5.jpg'><img width=\"150\" height=\"150\" src=\"https:\/\/www.visit-ulcinj.com\/blog\/wp-content\/uploads\/2011\/11\/Nju-Jork-u-b\u00eb-p\u00ebrurimi-i-librit-Diaspora-dhe-Vendlindja-i-autorit-Xheladin-Zeneli.5-150x150.jpg\" class=\"attachment-thumbnail size-thumbnail\" alt=\"\" loading=\"lazy\" \/><\/a>\n\t\t\t<\/dt><\/dl><dl class='gallery-item'>\n\t\t\t<dt class='gallery-icon landscape'>\n\t\t\t\t<a href='https:\/\/www.visit-ulcinj.com\/blog\/wp-content\/uploads\/2011\/11\/Nju-Jork-u-b\u00eb-p\u00ebrurimi-i-librit-Diaspora-dhe-Vendlindja-i-autorit-Xheladin-Zeneli.6.jpg'><img width=\"150\" height=\"150\" src=\"https:\/\/www.visit-ulcinj.com\/blog\/wp-content\/uploads\/2011\/11\/Nju-Jork-u-b\u00eb-p\u00ebrurimi-i-librit-Diaspora-dhe-Vendlindja-i-autorit-Xheladin-Zeneli.6-150x150.jpg\" class=\"attachment-thumbnail size-thumbnail\" alt=\"\" loading=\"lazy\" \/><\/a>\n\t\t\t<\/dt><\/dl><br style=\"clear: both\" \/><dl class='gallery-item'>\n\t\t\t<dt class='gallery-icon landscape'>\n\t\t\t\t<a href='https:\/\/www.visit-ulcinj.com\/blog\/wp-content\/uploads\/2011\/11\/Nju-Jork-u-b\u00eb-p\u00ebrurimi-i-librit-Diaspora-dhe-Vendlindja-i-autorit-Xheladin-Zeneli.7.jpg'><img width=\"150\" height=\"150\" src=\"https:\/\/www.visit-ulcinj.com\/blog\/wp-content\/uploads\/2011\/11\/Nju-Jork-u-b\u00eb-p\u00ebrurimi-i-librit-Diaspora-dhe-Vendlindja-i-autorit-Xheladin-Zeneli.7-150x150.jpg\" class=\"attachment-thumbnail size-thumbnail\" alt=\"\" loading=\"lazy\" \/><\/a>\n\t\t\t<\/dt><\/dl><dl class='gallery-item'>\n\t\t\t<dt class='gallery-icon landscape'>\n\t\t\t\t<a href='https:\/\/www.visit-ulcinj.com\/blog\/wp-content\/uploads\/2011\/11\/Nju-Jork-u-b\u00eb-p\u00ebrurimi-i-librit-Diaspora-dhe-Vendlindja-i-autorit-Xheladin-Zeneli.8.jpg'><img width=\"150\" height=\"150\" src=\"https:\/\/www.visit-ulcinj.com\/blog\/wp-content\/uploads\/2011\/11\/Nju-Jork-u-b\u00eb-p\u00ebrurimi-i-librit-Diaspora-dhe-Vendlindja-i-autorit-Xheladin-Zeneli.8-150x150.jpg\" class=\"attachment-thumbnail size-thumbnail\" alt=\"\" loading=\"lazy\" \/><\/a>\n\t\t\t<\/dt><\/dl><dl class='gallery-item'>\n\t\t\t<dt class='gallery-icon landscape'>\n\t\t\t\t<a href='https:\/\/www.visit-ulcinj.com\/blog\/wp-content\/uploads\/2011\/11\/Nju-Jork-u-b\u00eb-p\u00ebrurimi-i-librit-Diaspora-dhe-Vendlindja-i-autorit-Xheladin-Zeneli.9.jpg'><img width=\"150\" height=\"150\" src=\"https:\/\/www.visit-ulcinj.com\/blog\/wp-content\/uploads\/2011\/11\/Nju-Jork-u-b\u00eb-p\u00ebrurimi-i-librit-Diaspora-dhe-Vendlindja-i-autorit-Xheladin-Zeneli.9-150x150.jpg\" class=\"attachment-thumbnail size-thumbnail\" alt=\"\" loading=\"lazy\" \/><\/a>\n\t\t\t<\/dt><\/dl><br style=\"clear: both\" \/><dl class='gallery-item'>\n\t\t\t<dt class='gallery-icon landscape'>\n\t\t\t\t<a href='https:\/\/www.visit-ulcinj.com\/blog\/wp-content\/uploads\/2011\/11\/Nju-Jork-u-b\u00eb-p\u00ebrurimi-i-librit-Diaspora-dhe-Vendlindja-i-autorit-Xheladin-Zeneli.10.jpg'><img width=\"150\" height=\"150\" src=\"https:\/\/www.visit-ulcinj.com\/blog\/wp-content\/uploads\/2011\/11\/Nju-Jork-u-b\u00eb-p\u00ebrurimi-i-librit-Diaspora-dhe-Vendlindja-i-autorit-Xheladin-Zeneli.10-150x150.jpg\" class=\"attachment-thumbnail size-thumbnail\" alt=\"\" loading=\"lazy\" \/><\/a>\n\t\t\t<\/dt><\/dl><dl class='gallery-item'>\n\t\t\t<dt class='gallery-icon landscape'>\n\t\t\t\t<a href='https:\/\/www.visit-ulcinj.com\/blog\/wp-content\/uploads\/2011\/11\/Nju-Jork-u-b\u00eb-p\u00ebrurimi-i-librit-Diaspora-dhe-Vendlindja-i-autorit-Xheladin-Zeneli.11.jpg'><img width=\"150\" height=\"150\" src=\"https:\/\/www.visit-ulcinj.com\/blog\/wp-content\/uploads\/2011\/11\/Nju-Jork-u-b\u00eb-p\u00ebrurimi-i-librit-Diaspora-dhe-Vendlindja-i-autorit-Xheladin-Zeneli.11-150x150.jpg\" class=\"attachment-thumbnail size-thumbnail\" alt=\"\" loading=\"lazy\" \/><\/a>\n\t\t\t<\/dt><\/dl><dl class='gallery-item'>\n\t\t\t<dt class='gallery-icon landscape'>\n\t\t\t\t<a href='https:\/\/www.visit-ulcinj.com\/blog\/wp-content\/uploads\/2011\/11\/Nju-Jork-u-b\u00eb-p\u00ebrurimi-i-librit-Diaspora-dhe-Vendlindja-i-autorit-Xheladin-Zeneli.12.jpg'><img width=\"150\" height=\"150\" src=\"https:\/\/www.visit-ulcinj.com\/blog\/wp-content\/uploads\/2011\/11\/Nju-Jork-u-b\u00eb-p\u00ebrurimi-i-librit-Diaspora-dhe-Vendlindja-i-autorit-Xheladin-Zeneli.12-150x150.jpg\" class=\"attachment-thumbnail size-thumbnail\" alt=\"\" loading=\"lazy\" \/><\/a>\n\t\t\t<\/dt><\/dl><br style=\"clear: both\" \/><dl class='gallery-item'>\n\t\t\t<dt class='gallery-icon landscape'>\n\t\t\t\t<a href='https:\/\/www.visit-ulcinj.com\/blog\/wp-content\/uploads\/2011\/11\/Nju-Jork-u-b\u00eb-p\u00ebrurimi-i-librit-Diaspora-dhe-Vendlindja-i-autorit-Xheladin-Zeneli.13.jpg'><img width=\"150\" height=\"150\" src=\"https:\/\/www.visit-ulcinj.com\/blog\/wp-content\/uploads\/2011\/11\/Nju-Jork-u-b\u00eb-p\u00ebrurimi-i-librit-Diaspora-dhe-Vendlindja-i-autorit-Xheladin-Zeneli.13-150x150.jpg\" class=\"attachment-thumbnail size-thumbnail\" alt=\"\" loading=\"lazy\" \/><\/a>\n\t\t\t<\/dt><\/dl><dl class='gallery-item'>\n\t\t\t<dt class='gallery-icon landscape'>\n\t\t\t\t<a href='https:\/\/www.visit-ulcinj.com\/blog\/wp-content\/uploads\/2011\/11\/Nju-Jork-u-b\u00eb-p\u00ebrurimi-i-librit-Diaspora-dhe-Vendlindja-i-autorit-Xheladin-Zeneli.14.jpg'><img width=\"150\" height=\"150\" src=\"https:\/\/www.visit-ulcinj.com\/blog\/wp-content\/uploads\/2011\/11\/Nju-Jork-u-b\u00eb-p\u00ebrurimi-i-librit-Diaspora-dhe-Vendlindja-i-autorit-Xheladin-Zeneli.14-150x150.jpg\" class=\"attachment-thumbnail size-thumbnail\" alt=\"\" loading=\"lazy\" \/><\/a>\n\t\t\t<\/dt><\/dl><dl class='gallery-item'>\n\t\t\t<dt class='gallery-icon landscape'>\n\t\t\t\t<a href='https:\/\/www.visit-ulcinj.com\/blog\/wp-content\/uploads\/2011\/11\/Nju-Jork-u-b\u00eb-p\u00ebrurimi-i-librit-Diaspora-dhe-Vendlindja-i-autorit-Xheladin-Zeneli.15.jpg'><img width=\"150\" height=\"150\" src=\"https:\/\/www.visit-ulcinj.com\/blog\/wp-content\/uploads\/2011\/11\/Nju-Jork-u-b\u00eb-p\u00ebrurimi-i-librit-Diaspora-dhe-Vendlindja-i-autorit-Xheladin-Zeneli.15-150x150.jpg\" class=\"attachment-thumbnail size-thumbnail\" alt=\"\" loading=\"lazy\" \/><\/a>\n\t\t\t<\/dt><\/dl><br style=\"clear: both\" \/><dl class='gallery-item'>\n\t\t\t<dt class='gallery-icon landscape'>\n\t\t\t\t<a href='https:\/\/www.visit-ulcinj.com\/blog\/wp-content\/uploads\/2011\/11\/Nju-Jork-u-b\u00eb-p\u00ebrurimi-i-librit-Diaspora-dhe-Vendlindja-i-autorit-Xheladin-Zeneli.16.jpg'><img width=\"150\" height=\"150\" src=\"https:\/\/www.visit-ulcinj.com\/blog\/wp-content\/uploads\/2011\/11\/Nju-Jork-u-b\u00eb-p\u00ebrurimi-i-librit-Diaspora-dhe-Vendlindja-i-autorit-Xheladin-Zeneli.16-150x150.jpg\" class=\"attachment-thumbnail size-thumbnail\" alt=\"\" loading=\"lazy\" \/><\/a>\n\t\t\t<\/dt><\/dl><dl class='gallery-item'>\n\t\t\t<dt class='gallery-icon landscape'>\n\t\t\t\t<a href='https:\/\/www.visit-ulcinj.com\/blog\/wp-content\/uploads\/2011\/11\/Nju-Jork-u-b\u00eb-p\u00ebrurimi-i-librit-Diaspora-dhe-Vendlindja-i-autorit-Xheladin-Zeneli.17.jpg'><img width=\"150\" height=\"150\" src=\"https:\/\/www.visit-ulcinj.com\/blog\/wp-content\/uploads\/2011\/11\/Nju-Jork-u-b\u00eb-p\u00ebrurimi-i-librit-Diaspora-dhe-Vendlindja-i-autorit-Xheladin-Zeneli.17-150x150.jpg\" class=\"attachment-thumbnail size-thumbnail\" alt=\"\" loading=\"lazy\" \/><\/a>\n\t\t\t<\/dt><\/dl><dl class='gallery-item'>\n\t\t\t<dt class='gallery-icon landscape'>\n\t\t\t\t<a href='https:\/\/www.visit-ulcinj.com\/blog\/wp-content\/uploads\/2011\/11\/Nju-Jork-u-b\u00eb-p\u00ebrurimi-i-librit-Diaspora-dhe-Vendlindja-i-autorit-Xheladin-Zeneli.18.jpg'><img width=\"150\" height=\"150\" src=\"https:\/\/www.visit-ulcinj.com\/blog\/wp-content\/uploads\/2011\/11\/Nju-Jork-u-b\u00eb-p\u00ebrurimi-i-librit-Diaspora-dhe-Vendlindja-i-autorit-Xheladin-Zeneli.18-150x150.jpg\" class=\"attachment-thumbnail size-thumbnail\" alt=\"\" loading=\"lazy\" \/><\/a>\n\t\t\t<\/dt><\/dl><br style=\"clear: both\" \/><dl class='gallery-item'>\n\t\t\t<dt class='gallery-icon landscape'>\n\t\t\t\t<a href='https:\/\/www.visit-ulcinj.com\/blog\/wp-content\/uploads\/2011\/11\/Nju-Jork-u-b\u00eb-p\u00ebrurimi-i-librit-Diaspora-dhe-Vendlindja-i-autorit-Xheladin-Zeneli.19.jpg'><img width=\"150\" height=\"150\" src=\"https:\/\/www.visit-ulcinj.com\/blog\/wp-content\/uploads\/2011\/11\/Nju-Jork-u-b\u00eb-p\u00ebrurimi-i-librit-Diaspora-dhe-Vendlindja-i-autorit-Xheladin-Zeneli.19-150x150.jpg\" class=\"attachment-thumbnail size-thumbnail\" alt=\"\" loading=\"lazy\" \/><\/a>\n\t\t\t<\/dt><\/dl><dl class='gallery-item'>\n\t\t\t<dt class='gallery-icon landscape'>\n\t\t\t\t<a href='https:\/\/www.visit-ulcinj.com\/blog\/wp-content\/uploads\/2011\/11\/Nju-Jork-u-b\u00eb-p\u00ebrurimi-i-librit-Diaspora-dhe-Vendlindja-i-autorit-Xheladin-Zeneli.20.jpg'><img width=\"150\" height=\"150\" src=\"https:\/\/www.visit-ulcinj.com\/blog\/wp-content\/uploads\/2011\/11\/Nju-Jork-u-b\u00eb-p\u00ebrurimi-i-librit-Diaspora-dhe-Vendlindja-i-autorit-Xheladin-Zeneli.20-150x150.jpg\" class=\"attachment-thumbnail size-thumbnail\" alt=\"\" loading=\"lazy\" \/><\/a>\n\t\t\t<\/dt><\/dl><dl class='gallery-item'>\n\t\t\t<dt class='gallery-icon portrait'>\n\t\t\t\t<a href='https:\/\/www.visit-ulcinj.com\/blog\/wp-content\/uploads\/2011\/11\/Nju-Jork-u-b\u00eb-p\u00ebrurimi-i-librit-Diaspora-dhe-Vendlindja-i-autorit-Xheladin-Zeneli.jpg'><img width=\"150\" height=\"150\" src=\"https:\/\/www.visit-ulcinj.com\/blog\/wp-content\/uploads\/2011\/11\/Nju-Jork-u-b\u00eb-p\u00ebrurimi-i-librit-Diaspora-dhe-Vendlindja-i-autorit-Xheladin-Zeneli-150x150.jpg\" class=\"attachment-thumbnail size-thumbnail\" alt=\"\" loading=\"lazy\" \/><\/a>\n\t\t\t<\/dt><\/dl><br style=\"clear: both\" \/>\n\t\t<\/div>\n<br \/>\n1.<!--YouTube Error: bad URL entered--><\/p>\n<p>2.<!--YouTube Error: bad URL entered--><\/p>\n","protected":false},"excerpt":{"rendered":"<p>BEQIR SINA, New York Autori ka n\u00ebnvizuar se :&#8221;Libri &#8220;Diaspora dhe Vendlindja&#8221; vjen n\u00eb koh\u00ebn e p\u00ebrfundimit t\u00eb periudhes 20 vje\u00e7are t\u00eb miratimit t\u00eb pluralizmit politik n\u00eb Mal te Zi .Fundi i vitee 80-ta dhe fillimi i viteve 90-ta t\u00eb shekullit t\u00eb kaluar ishin vitet e ngjarjeve te medha historike, per popujt e shtypur deri [&hellip;]<\/p>\n","protected":false},"author":1,"featured_media":0,"comment_status":"open","ping_status":"closed","sticky":false,"template":"","format":"standard","meta":{"spay_email":"","jetpack_publicize_message":"","jetpack_is_tweetstorm":false,"jetpack_publicize_feature_enabled":true},"categories":[1,13],"tags":[212,17828,17834,18370,17811,17831,18362,14353,17808,14354,12340,17840,17839,18363,17835,17814,17810,17816,17071,17807,19023,3516,2761,14652,17837,17827,14358,222,17802,17812,17803,17820,17825,17817,17805,17823,17832,3506,17818,214,17680,14362,14363,18371,3507,17800,498,3500,14364,17799,3327,17841,17826,15213,18236,3512,17806,11648,18289,17838,95,17813,17804,15141,17836,14366,79,17073,18294,18368,18369,1081,1653,1909,14367,17801,18360,17822,14368,14369,17824,14370,18291,2083,3231,14371,41,3617,14372,17844,17821,18372,17830,17077,18295,14375,17833,17829,200,18,17819,17809,11863,14376],"jetpack_publicize_connections":[],"yoast_head":"<!-- This site is optimized with the Yoast SEO plugin v19.1 - https:\/\/yoast.com\/wordpress\/plugins\/seo\/ -->\n<title>Nju Jork, u b\u00eb p\u00ebrurimi i librit \u201cDiaspora dhe Vendlindja\u201d i autorit Xheladin Zeneli - Lajme nga Ulqini<\/title>\n<meta name=\"description\" content=\"BEQIR SINA, New York Autori ka n\u00ebnvizuar se :&quot;Libri &quot;Diaspora dhe Vendlindja&quot; vjen n\u00eb koh\u00ebn e p\u00ebrfundimit t\u00eb periudhes 20 vje\u00e7are t\u00eb miratimit t\u00eb\" \/>\n<meta name=\"robots\" content=\"index, follow, max-snippet:-1, max-image-preview:large, max-video-preview:-1\" \/>\n<link rel=\"canonical\" href=\"https:\/\/www.visit-ulcinj.com\/blog\/2011\/11\/09\/nju-jork-u-be-perurimi-i-librit-\u201cdiaspora-dhe-vendlindja\u201d-i-autorit-xheladin-zeneli\/\" \/>\n<meta property=\"og:locale\" content=\"en_US\" \/>\n<meta property=\"og:type\" content=\"article\" \/>\n<meta property=\"og:title\" content=\"Nju Jork, u b\u00eb p\u00ebrurimi i librit \u201cDiaspora dhe Vendlindja\u201d i autorit Xheladin Zeneli - Lajme nga Ulqini\" \/>\n<meta property=\"og:description\" content=\"BEQIR SINA, New York Autori ka n\u00ebnvizuar se :&quot;Libri &quot;Diaspora dhe Vendlindja&quot; vjen n\u00eb koh\u00ebn e p\u00ebrfundimit t\u00eb periudhes 20 vje\u00e7are t\u00eb miratimit t\u00eb\" \/>\n<meta property=\"og:url\" content=\"https:\/\/www.visit-ulcinj.com\/blog\/2011\/11\/09\/nju-jork-u-be-perurimi-i-librit-\u201cdiaspora-dhe-vendlindja\u201d-i-autorit-xheladin-zeneli\/\" \/>\n<meta property=\"og:site_name\" content=\"Lajme nga Ulqini\" \/>\n<meta property=\"article:published_time\" content=\"2011-11-09T09:10:15+00:00\" \/>\n<meta property=\"article:modified_time\" content=\"2011-11-18T10:26:01+00:00\" \/>\n<meta property=\"og:image\" content=\"https:\/\/www.visit-ulcinj.com\/blog\/wp-content\/uploads\/2011\/11\/Nju-Jork-u-b\u00eb-p\u00ebrurimi-i-librit-Diaspora-dhe-Vendlindja-i-autorit-Xheladin-Zeneli.1-150x150.jpg\" \/>\n<meta name=\"twitter:label1\" content=\"Written by\" \/>\n\t<meta name=\"twitter:data1\" content=\"ulqini\" \/>\n\t<meta name=\"twitter:label2\" content=\"Est. reading time\" \/>\n\t<meta name=\"twitter:data2\" content=\"11 minutes\" \/>\n<script type=\"application\/ld+json\" class=\"yoast-schema-graph\">{\"@context\":\"https:\/\/schema.org\",\"@graph\":[{\"@type\":\"WebSite\",\"@id\":\"https:\/\/www.visit-ulcinj.com\/blog\/#website\",\"url\":\"https:\/\/www.visit-ulcinj.com\/blog\/\",\"name\":\"Lajme nga Ulqini\",\"description\":\"Lajme,Vijesti,Ulqini,Ulqin,Crna Gora,Mali i Zi\",\"potentialAction\":[{\"@type\":\"SearchAction\",\"target\":{\"@type\":\"EntryPoint\",\"urlTemplate\":\"https:\/\/www.visit-ulcinj.com\/blog\/?s={search_term_string}\"},\"query-input\":\"required name=search_term_string\"}],\"inLanguage\":\"en-US\"},{\"@type\":\"ImageObject\",\"inLanguage\":\"en-US\",\"@id\":\"https:\/\/www.visit-ulcinj.com\/blog\/2011\/11\/09\/nju-jork-u-be-perurimi-i-librit-%e2%80%9cdiaspora-dhe-vendlindja%e2%80%9d-i-autorit-xheladin-zeneli\/#primaryimage\",\"url\":\"http:\/\/www.visit-ulcinj.com\/blog\/wp-content\/uploads\/2011\/11\/Nju-Jork-u-b%C3%AB-p%C3%ABrurimi-i-librit-Diaspora-dhe-Vendlindja-i-autorit-Xheladin-Zeneli.12.jpg\",\"contentUrl\":\"http:\/\/www.visit-ulcinj.com\/blog\/wp-content\/uploads\/2011\/11\/Nju-Jork-u-b%C3%AB-p%C3%ABrurimi-i-librit-Diaspora-dhe-Vendlindja-i-autorit-Xheladin-Zeneli.12.jpg\"},{\"@type\":\"WebPage\",\"@id\":\"https:\/\/www.visit-ulcinj.com\/blog\/2011\/11\/09\/nju-jork-u-be-perurimi-i-librit-%e2%80%9cdiaspora-dhe-vendlindja%e2%80%9d-i-autorit-xheladin-zeneli\/#webpage\",\"url\":\"https:\/\/www.visit-ulcinj.com\/blog\/2011\/11\/09\/nju-jork-u-be-perurimi-i-librit-%e2%80%9cdiaspora-dhe-vendlindja%e2%80%9d-i-autorit-xheladin-zeneli\/\",\"name\":\"Nju Jork, u b\u00eb p\u00ebrurimi i librit \u201cDiaspora dhe Vendlindja\u201d i autorit Xheladin Zeneli - Lajme nga Ulqini\",\"isPartOf\":{\"@id\":\"https:\/\/www.visit-ulcinj.com\/blog\/#website\"},\"primaryImageOfPage\":{\"@id\":\"https:\/\/www.visit-ulcinj.com\/blog\/2011\/11\/09\/nju-jork-u-be-perurimi-i-librit-%e2%80%9cdiaspora-dhe-vendlindja%e2%80%9d-i-autorit-xheladin-zeneli\/#primaryimage\"},\"datePublished\":\"2011-11-09T09:10:15+00:00\",\"dateModified\":\"2011-11-18T10:26:01+00:00\",\"author\":{\"@id\":\"https:\/\/www.visit-ulcinj.com\/blog\/#\/schema\/person\/dcab619c614d3038751c63bc2aadc06d\"},\"description\":\"BEQIR SINA, New York Autori ka n\u00ebnvizuar se :\\\"Libri \\\"Diaspora dhe Vendlindja\\\" vjen n\u00eb koh\u00ebn e p\u00ebrfundimit t\u00eb periudhes 20 vje\u00e7are t\u00eb miratimit t\u00eb\",\"breadcrumb\":{\"@id\":\"https:\/\/www.visit-ulcinj.com\/blog\/2011\/11\/09\/nju-jork-u-be-perurimi-i-librit-%e2%80%9cdiaspora-dhe-vendlindja%e2%80%9d-i-autorit-xheladin-zeneli\/#breadcrumb\"},\"inLanguage\":\"en-US\",\"potentialAction\":[{\"@type\":\"ReadAction\",\"target\":[\"https:\/\/www.visit-ulcinj.com\/blog\/2011\/11\/09\/nju-jork-u-be-perurimi-i-librit-%e2%80%9cdiaspora-dhe-vendlindja%e2%80%9d-i-autorit-xheladin-zeneli\/\"]}]},{\"@type\":\"BreadcrumbList\",\"@id\":\"https:\/\/www.visit-ulcinj.com\/blog\/2011\/11\/09\/nju-jork-u-be-perurimi-i-librit-%e2%80%9cdiaspora-dhe-vendlindja%e2%80%9d-i-autorit-xheladin-zeneli\/#breadcrumb\",\"itemListElement\":[{\"@type\":\"ListItem\",\"position\":1,\"name\":\"Nju Jork, u b\u00eb p\u00ebrurimi i librit \u201cDiaspora dhe Vendlindja\u201d i autorit Xheladin Zeneli\"}]},{\"@type\":\"Person\",\"@id\":\"https:\/\/www.visit-ulcinj.com\/blog\/#\/schema\/person\/dcab619c614d3038751c63bc2aadc06d\",\"name\":\"ulqini\",\"sameAs\":[\"http:\/\/www.visit-ulcinj.com\"],\"url\":\"https:\/\/www.visit-ulcinj.com\/blog\/author\/admin\/\"}]}<\/script>\n<!-- \/ Yoast SEO plugin. -->","yoast_head_json":{"title":"Nju Jork, u b\u00eb p\u00ebrurimi i librit \u201cDiaspora dhe Vendlindja\u201d i autorit Xheladin Zeneli - Lajme nga Ulqini","description":"BEQIR SINA, New York Autori ka n\u00ebnvizuar se :\"Libri \"Diaspora dhe Vendlindja\" vjen n\u00eb koh\u00ebn e p\u00ebrfundimit t\u00eb periudhes 20 vje\u00e7are t\u00eb miratimit t\u00eb","robots":{"index":"index","follow":"follow","max-snippet":"max-snippet:-1","max-image-preview":"max-image-preview:large","max-video-preview":"max-video-preview:-1"},"canonical":"https:\/\/www.visit-ulcinj.com\/blog\/2011\/11\/09\/nju-jork-u-be-perurimi-i-librit-\u201cdiaspora-dhe-vendlindja\u201d-i-autorit-xheladin-zeneli\/","og_locale":"en_US","og_type":"article","og_title":"Nju Jork, u b\u00eb p\u00ebrurimi i librit \u201cDiaspora dhe Vendlindja\u201d i autorit Xheladin Zeneli - Lajme nga Ulqini","og_description":"BEQIR SINA, New York Autori ka n\u00ebnvizuar se :\"Libri \"Diaspora dhe Vendlindja\" vjen n\u00eb koh\u00ebn e p\u00ebrfundimit t\u00eb periudhes 20 vje\u00e7are t\u00eb miratimit t\u00eb","og_url":"https:\/\/www.visit-ulcinj.com\/blog\/2011\/11\/09\/nju-jork-u-be-perurimi-i-librit-\u201cdiaspora-dhe-vendlindja\u201d-i-autorit-xheladin-zeneli\/","og_site_name":"Lajme nga Ulqini","article_published_time":"2011-11-09T09:10:15+00:00","article_modified_time":"2011-11-18T10:26:01+00:00","og_image":[{"url":"https:\/\/www.visit-ulcinj.com\/blog\/wp-content\/uploads\/2011\/11\/Nju-Jork-u-b\u00eb-p\u00ebrurimi-i-librit-Diaspora-dhe-Vendlindja-i-autorit-Xheladin-Zeneli.1-150x150.jpg"}],"twitter_misc":{"Written by":"ulqini","Est. reading time":"11 minutes"},"schema":{"@context":"https:\/\/schema.org","@graph":[{"@type":"WebSite","@id":"https:\/\/www.visit-ulcinj.com\/blog\/#website","url":"https:\/\/www.visit-ulcinj.com\/blog\/","name":"Lajme nga Ulqini","description":"Lajme,Vijesti,Ulqini,Ulqin,Crna Gora,Mali i Zi","potentialAction":[{"@type":"SearchAction","target":{"@type":"EntryPoint","urlTemplate":"https:\/\/www.visit-ulcinj.com\/blog\/?s={search_term_string}"},"query-input":"required name=search_term_string"}],"inLanguage":"en-US"},{"@type":"ImageObject","inLanguage":"en-US","@id":"https:\/\/www.visit-ulcinj.com\/blog\/2011\/11\/09\/nju-jork-u-be-perurimi-i-librit-%e2%80%9cdiaspora-dhe-vendlindja%e2%80%9d-i-autorit-xheladin-zeneli\/#primaryimage","url":"http:\/\/www.visit-ulcinj.com\/blog\/wp-content\/uploads\/2011\/11\/Nju-Jork-u-b%C3%AB-p%C3%ABrurimi-i-librit-Diaspora-dhe-Vendlindja-i-autorit-Xheladin-Zeneli.12.jpg","contentUrl":"http:\/\/www.visit-ulcinj.com\/blog\/wp-content\/uploads\/2011\/11\/Nju-Jork-u-b%C3%AB-p%C3%ABrurimi-i-librit-Diaspora-dhe-Vendlindja-i-autorit-Xheladin-Zeneli.12.jpg"},{"@type":"WebPage","@id":"https:\/\/www.visit-ulcinj.com\/blog\/2011\/11\/09\/nju-jork-u-be-perurimi-i-librit-%e2%80%9cdiaspora-dhe-vendlindja%e2%80%9d-i-autorit-xheladin-zeneli\/#webpage","url":"https:\/\/www.visit-ulcinj.com\/blog\/2011\/11\/09\/nju-jork-u-be-perurimi-i-librit-%e2%80%9cdiaspora-dhe-vendlindja%e2%80%9d-i-autorit-xheladin-zeneli\/","name":"Nju Jork, u b\u00eb p\u00ebrurimi i librit \u201cDiaspora dhe Vendlindja\u201d i autorit Xheladin Zeneli - Lajme nga Ulqini","isPartOf":{"@id":"https:\/\/www.visit-ulcinj.com\/blog\/#website"},"primaryImageOfPage":{"@id":"https:\/\/www.visit-ulcinj.com\/blog\/2011\/11\/09\/nju-jork-u-be-perurimi-i-librit-%e2%80%9cdiaspora-dhe-vendlindja%e2%80%9d-i-autorit-xheladin-zeneli\/#primaryimage"},"datePublished":"2011-11-09T09:10:15+00:00","dateModified":"2011-11-18T10:26:01+00:00","author":{"@id":"https:\/\/www.visit-ulcinj.com\/blog\/#\/schema\/person\/dcab619c614d3038751c63bc2aadc06d"},"description":"BEQIR SINA, New York Autori ka n\u00ebnvizuar se :\"Libri \"Diaspora dhe Vendlindja\" vjen n\u00eb koh\u00ebn e p\u00ebrfundimit t\u00eb periudhes 20 vje\u00e7are t\u00eb miratimit t\u00eb","breadcrumb":{"@id":"https:\/\/www.visit-ulcinj.com\/blog\/2011\/11\/09\/nju-jork-u-be-perurimi-i-librit-%e2%80%9cdiaspora-dhe-vendlindja%e2%80%9d-i-autorit-xheladin-zeneli\/#breadcrumb"},"inLanguage":"en-US","potentialAction":[{"@type":"ReadAction","target":["https:\/\/www.visit-ulcinj.com\/blog\/2011\/11\/09\/nju-jork-u-be-perurimi-i-librit-%e2%80%9cdiaspora-dhe-vendlindja%e2%80%9d-i-autorit-xheladin-zeneli\/"]}]},{"@type":"BreadcrumbList","@id":"https:\/\/www.visit-ulcinj.com\/blog\/2011\/11\/09\/nju-jork-u-be-perurimi-i-librit-%e2%80%9cdiaspora-dhe-vendlindja%e2%80%9d-i-autorit-xheladin-zeneli\/#breadcrumb","itemListElement":[{"@type":"ListItem","position":1,"name":"Nju Jork, u b\u00eb p\u00ebrurimi i librit \u201cDiaspora dhe Vendlindja\u201d i autorit Xheladin Zeneli"}]},{"@type":"Person","@id":"https:\/\/www.visit-ulcinj.com\/blog\/#\/schema\/person\/dcab619c614d3038751c63bc2aadc06d","name":"ulqini","sameAs":["http:\/\/www.visit-ulcinj.com"],"url":"https:\/\/www.visit-ulcinj.com\/blog\/author\/admin\/"}]}},"jetpack_featured_media_url":"","jetpack_sharing_enabled":true,"jetpack_shortlink":"https:\/\/wp.me\/pe6lTn-dNf","_links":{"self":[{"href":"https:\/\/www.visit-ulcinj.com\/blog\/wp-json\/wp\/v2\/posts\/53025"}],"collection":[{"href":"https:\/\/www.visit-ulcinj.com\/blog\/wp-json\/wp\/v2\/posts"}],"about":[{"href":"https:\/\/www.visit-ulcinj.com\/blog\/wp-json\/wp\/v2\/types\/post"}],"author":[{"embeddable":true,"href":"https:\/\/www.visit-ulcinj.com\/blog\/wp-json\/wp\/v2\/users\/1"}],"replies":[{"embeddable":true,"href":"https:\/\/www.visit-ulcinj.com\/blog\/wp-json\/wp\/v2\/comments?post=53025"}],"version-history":[{"count":21,"href":"https:\/\/www.visit-ulcinj.com\/blog\/wp-json\/wp\/v2\/posts\/53025\/revisions"}],"predecessor-version":[{"id":53056,"href":"https:\/\/www.visit-ulcinj.com\/blog\/wp-json\/wp\/v2\/posts\/53025\/revisions\/53056"}],"wp:attachment":[{"href":"https:\/\/www.visit-ulcinj.com\/blog\/wp-json\/wp\/v2\/media?parent=53025"}],"wp:term":[{"taxonomy":"category","embeddable":true,"href":"https:\/\/www.visit-ulcinj.com\/blog\/wp-json\/wp\/v2\/categories?post=53025"},{"taxonomy":"post_tag","embeddable":true,"href":"https:\/\/www.visit-ulcinj.com\/blog\/wp-json\/wp\/v2\/tags?post=53025"}],"curies":[{"name":"wp","href":"https:\/\/api.w.org\/{rel}","templated":true}]}}