{"id":53078,"date":"2011-11-09T11:45:18","date_gmt":"2011-11-09T10:45:18","guid":{"rendered":"http:\/\/www.visit-ulcinj.com\/blog\/?p=53078"},"modified":"2011-11-09T11:45:18","modified_gmt":"2011-11-09T10:45:18","slug":"aferdita-po-pergatis-nje-duet-me-shpatin","status":"publish","type":"post","link":"https:\/\/www.visit-ulcinj.com\/blog\/2011\/11\/09\/aferdita-po-pergatis-nje-duet-me-shpatin\/","title":{"rendered":"Af\u00ebrdita po p\u00ebrgatis nje duet me Shpatin"},"content":{"rendered":"<p><a href=\"http:\/\/www.visit-ulcinj.com\/blog\/wp-content\/uploads\/2011\/11\/Af%C3%ABrdita-Dreshaj_Shpat-Kasapi.jpg\"><img loading=\"lazy\" class=\"alignleft size-full wp-image-53079\" title=\"Af\u00ebrdita Dreshaj_Shpat Kasapi\" src=\"http:\/\/www.visit-ulcinj.com\/blog\/wp-content\/uploads\/2011\/11\/Af%C3%ABrdita-Dreshaj_Shpat-Kasapi.jpg\" alt=\"\" width=\"350\" height=\"480\" \/><\/a>Fytyra e saj \u00ebsht\u00eb nd\u00ebr m\u00eb t\u00eb bukurat e show bizi-t shqiptar, nd\u00ebrsa ajo vet\u00eb rradhitet n\u00eb personazhet m\u00eb t\u00eb dashur fal\u00eb natyr\u00ebs s\u00eb \u00e7ilt\u00ebr. Me nj\u00eb karrier\u00eb t\u00eb lakmueshme si modele, vitet e fundit edhe si k\u00ebng\u00ebtare, Af\u00ebrdita Dreshaj \u00ebsht\u00eb shnd\u00ebrruar n\u00eb nj\u00eb personazh shum\u00ebdimensional p\u00ebr median shqiptare.<\/p>\n<p>Po \u00e7far\u00eb na rr\u00ebfen bukuroshja e sken\u00ebs shqipe n\u00eb intervist\u00ebn e sotme? Nga k\u00ebng\u00ebt e reja tek dashuria me Shpatin, planet p\u00ebr t\u00eb bashk\u00ebjetuar n\u00eb Tiran\u00eb, dasma dhe shum\u00eb detaje t\u00eb tjera\u2026<br \/>\n<strong>Af\u00ebrdita si po kalon k\u00ebto koh\u00eb? Me \u00e7far\u00eb po merresh?<\/strong><br \/>\nP\u00ebr momentin si\u00e7 e sheh jam n\u00eb Tiran\u00eb, e angazhuar me pun\u00eb. Duke punuar n\u00eb dy k\u00ebng\u00eb t\u00eb reja, nj\u00ebr\u00ebn sapo e kam p\u00ebrfunduar.<br \/>\n<strong>K\u00ebng\u00eb t\u00eb reja? Me k\u00eb ke bashk\u00ebpunuar dhe \u00e7far\u00eb do t\u00eb trajtojn\u00eb si fabul\u00eb k\u00ebto k\u00ebng\u00eb?<\/strong><br \/>\nNj\u00ebra k\u00ebng\u00eb sapo ka p\u00ebrfunduar. P\u00ebr vij\u00ebn melodike, kompozimin, \u00ebsht\u00eb kujdesur Elgit Doda, nd\u00ebrsa tekstin e ka shkruar Big Basta. \u00cbsht\u00eb nj\u00eb k\u00ebng\u00eb ritmike dhe plot energji.<br \/>\n<strong>Po videoklip do t\u00eb realizosh?<\/strong><br \/>\nPatjet\u00ebr, shum\u00eb shpejt dhe si zakonisht me Max Production.<br \/>\n<strong>K\u00ebto koh\u00eb je duke e b\u00ebr\u00eb gjithmon\u00eb e m\u00eb shpesh rrug\u00ebn Tiran\u00eb-Prishtin\u00eb, \u00e7\u2019ndjesi t\u00eb jep ky fakt?<\/strong><br \/>\nE dashuroj Tiran\u00ebn, por dhe Prishtin\u00ebn dhe nuk lodhem fare duke udh\u00ebtuar. (Buz\u00ebqesh)<br \/>\n<strong>A lodhesh duke e ndjekur Shpatin ngado q\u00eb shkon?<\/strong><br \/>\nJo, sepse as ai nuk lodhet duke m\u00eb ndjekur mua.<br \/>\n<strong>E keni menduar ndonj\u00eb her\u00eb seriozisht zhvendosjen n\u00eb Tiran\u00eb p\u00ebr nj\u00eb koh\u00eb t\u00eb gjat\u00eb?<\/strong><br \/>\nPo, kemi menduar t\u00eb marrim nj\u00eb banes\u00eb sepse e thash\u00eb q\u00eb e dashuroj Tiran\u00ebn.<br \/>\n<strong>Na trego pak m\u00eb shum\u00eb p\u00ebr lidhjen tuaj, n\u00eb \u00e7\u2019faz\u00eb jeni tani?<\/strong><br \/>\nN\u00eb faz\u00ebn perfekte.<br \/>\n<strong>Martes\u00ebn keni th\u00ebn\u00eb shpesh se e shihni t\u00eb larg\u00ebt, pse k\u00ebshtu, nuk jeni ende t\u00eb sigurt\u00eb p\u00ebr k\u00ebt\u00eb vendim?<\/strong><br \/>\nPo ja, s\u2019po na l\u00ebn\u00eb pun\u00ebt e shumta, por \u00ebsht\u00eb n\u00eb planet tona sigurisht.<br \/>\n<strong>Si e imagjinon dasm\u00ebn t\u00ebnde?<\/strong><br \/>\nModerne, por edhe tradicionale, me shoq\u00ebrin\u00eb ton\u00eb t\u00eb ngusht\u00eb dhe me familjet tona.<br \/>\n<strong>Krijimin e familjes e mendon? Sa f\u00ebmij\u00eb \u00ebnd\u00ebrron t\u00eb kesh?<\/strong><br \/>\nPatjet\u00ebr q\u00eb po, numri nuk ka shum\u00eb r\u00ebnd\u00ebsi.<br \/>\n<strong>A je ti nj\u00eb sht\u00ebpiake e mir\u00eb? Gatuan? Po me pun\u00eb sht\u00ebpie merresh?<\/strong><br \/>\nAkoma s\u2019jam martuar p\u00ebr t\u00eb qen\u00eb tamam e mir\u00eb.<br \/>\n<strong>Shpati ka th\u00ebn\u00eb shpesh n\u00eb intervista se nuk do donte nj\u00eb duet me ty, ti e d\u00ebshiron nj\u00eb bashk\u00ebpunim?<\/strong><br \/>\n(Qesh) N\u00eb cil\u00ebn intervist\u00eb e paska th\u00ebn\u00eb Shpati nj\u00eb gj\u00eb t\u00eb till\u00eb. Ne jemi n\u00eb punim t\u00eb nj\u00eb dueti sa p\u00ebr informacion.<br \/>\n<strong>Ndihesh ndonj\u00eb her\u00eb xheloze p\u00ebr suksesin e Shpatit n\u00eb muzik\u00eb?<\/strong><br \/>\nTek un\u00eb fjala xhelozi nuk ekziston.<br \/>\n<strong>Af\u00ebrdita do t\u00eb flasim pak edhe p\u00ebr rrug\u00ebtimin tuaj n\u00eb bot\u00ebn e modelingut. Jeni modele shum\u00eb e njohur, ishit p\u00ebrfaq\u00ebsuese e Kosov\u00ebs n\u00eb \u2018Miss Universe\u2019, sa e v\u00ebshtir\u00eb \u00ebsht\u00eb t\u00eb b\u00ebsh modelen?<\/strong><br \/>\nP\u00ebr mua nuk ka qen\u00eb e v\u00ebshtir\u00eb t\u00eb jem modele, sepse i kam pasur p\u00ebrmasat e duhura, personalitetin dhe dashurin\u00eb p\u00ebr modelingun, prandaj dhe m\u00eb ka shkuar mir\u00eb.<br \/>\n<strong>Cilat jan\u00eb sakrificat, ose gj\u00ebrat q\u00eb ti ia mohon vetes p\u00ebr shkak t\u00eb modelimit?<\/strong><br \/>\nNdoshta mungesa n\u00eb familje nga udh\u00ebtimet e shumta dhe normal lodhja.<br \/>\n<strong>Cilat jan\u00eb ambiciet e tua p\u00ebr t\u00eb ardhmen si n\u00eb k\u00ebng\u00eb ashtu edhe n\u00eb modelim?<\/strong><br \/>\nShum\u00eb pun\u00eb k\u00ebt\u00eb vit dhe plot surpriza!<\/p>\n<p><strong>Eraldo Rexho<br \/>\nBluetooth<br \/>\n<!--YouTube Error: bad URL entered--><br \/>\n<\/strong><\/p>\n","protected":false},"excerpt":{"rendered":"<p>Fytyra e saj \u00ebsht\u00eb nd\u00ebr m\u00eb t\u00eb bukurat e show bizi-t shqiptar, nd\u00ebrsa ajo vet\u00eb rradhitet n\u00eb personazhet m\u00eb t\u00eb dashur fal\u00eb natyr\u00ebs s\u00eb \u00e7ilt\u00ebr. Me nj\u00eb karrier\u00eb t\u00eb lakmueshme si modele, vitet e fundit edhe si k\u00ebng\u00ebtare, Af\u00ebrdita Dreshaj \u00ebsht\u00eb shnd\u00ebrruar n\u00eb nj\u00eb personazh shum\u00ebdimensional p\u00ebr median shqiptare. Po \u00e7far\u00eb na rr\u00ebfen bukuroshja e [&hellip;]<\/p>\n","protected":false},"author":1,"featured_media":0,"comment_status":"open","ping_status":"closed","sticky":false,"template":"","format":"standard","meta":{"spay_email":"","jetpack_publicize_message":"","jetpack_is_tweetstorm":false,"jetpack_publicize_feature_enabled":true},"categories":[1],"tags":[6121,227],"jetpack_publicize_connections":[],"yoast_head":"<!-- This site is optimized with the Yoast SEO plugin v19.1 - https:\/\/yoast.com\/wordpress\/plugins\/seo\/ -->\n<title>Af\u00ebrdita po p\u00ebrgatis nje duet me Shpatin - Lajme nga Ulqini<\/title>\n<meta name=\"description\" content=\"Fytyra e saj \u00ebsht\u00eb nd\u00ebr m\u00eb t\u00eb bukurat e show bizi-t shqiptar, nd\u00ebrsa ajo vet\u00eb rradhitet n\u00eb personazhet m\u00eb t\u00eb dashur fal\u00eb natyr\u00ebs s\u00eb \u00e7ilt\u00ebr. Me nj\u00eb\" \/>\n<meta name=\"robots\" content=\"index, follow, max-snippet:-1, max-image-preview:large, max-video-preview:-1\" \/>\n<link rel=\"canonical\" href=\"https:\/\/www.visit-ulcinj.com\/blog\/2011\/11\/09\/aferdita-po-pergatis-nje-duet-me-shpatin\/\" \/>\n<meta property=\"og:locale\" content=\"en_US\" \/>\n<meta property=\"og:type\" content=\"article\" \/>\n<meta property=\"og:title\" content=\"Af\u00ebrdita po p\u00ebrgatis nje duet me Shpatin - Lajme nga Ulqini\" \/>\n<meta property=\"og:description\" content=\"Fytyra e saj \u00ebsht\u00eb nd\u00ebr m\u00eb t\u00eb bukurat e show bizi-t shqiptar, nd\u00ebrsa ajo vet\u00eb rradhitet n\u00eb personazhet m\u00eb t\u00eb dashur fal\u00eb natyr\u00ebs s\u00eb \u00e7ilt\u00ebr. Me nj\u00eb\" \/>\n<meta property=\"og:url\" content=\"https:\/\/www.visit-ulcinj.com\/blog\/2011\/11\/09\/aferdita-po-pergatis-nje-duet-me-shpatin\/\" \/>\n<meta property=\"og:site_name\" content=\"Lajme nga Ulqini\" \/>\n<meta property=\"article:published_time\" content=\"2011-11-09T10:45:18+00:00\" \/>\n<meta property=\"og:image\" content=\"http:\/\/www.visit-ulcinj.com\/blog\/wp-content\/uploads\/2011\/11\/Af%C3%ABrdita-Dreshaj_Shpat-Kasapi.jpg\" \/>\n<meta name=\"twitter:label1\" content=\"Written by\" \/>\n\t<meta name=\"twitter:data1\" content=\"ulqini\" \/>\n\t<meta name=\"twitter:label2\" content=\"Est. reading time\" \/>\n\t<meta name=\"twitter:data2\" content=\"3 minutes\" \/>\n<script type=\"application\/ld+json\" class=\"yoast-schema-graph\">{\"@context\":\"https:\/\/schema.org\",\"@graph\":[{\"@type\":\"WebSite\",\"@id\":\"https:\/\/www.visit-ulcinj.com\/blog\/#website\",\"url\":\"https:\/\/www.visit-ulcinj.com\/blog\/\",\"name\":\"Lajme nga Ulqini\",\"description\":\"Lajme,Vijesti,Ulqini,Ulqin,Crna Gora,Mali i Zi\",\"potentialAction\":[{\"@type\":\"SearchAction\",\"target\":{\"@type\":\"EntryPoint\",\"urlTemplate\":\"https:\/\/www.visit-ulcinj.com\/blog\/?s={search_term_string}\"},\"query-input\":\"required name=search_term_string\"}],\"inLanguage\":\"en-US\"},{\"@type\":\"ImageObject\",\"inLanguage\":\"en-US\",\"@id\":\"https:\/\/www.visit-ulcinj.com\/blog\/2011\/11\/09\/aferdita-po-pergatis-nje-duet-me-shpatin\/#primaryimage\",\"url\":\"http:\/\/www.visit-ulcinj.com\/blog\/wp-content\/uploads\/2011\/11\/Af%C3%ABrdita-Dreshaj_Shpat-Kasapi.jpg\",\"contentUrl\":\"http:\/\/www.visit-ulcinj.com\/blog\/wp-content\/uploads\/2011\/11\/Af%C3%ABrdita-Dreshaj_Shpat-Kasapi.jpg\"},{\"@type\":\"WebPage\",\"@id\":\"https:\/\/www.visit-ulcinj.com\/blog\/2011\/11\/09\/aferdita-po-pergatis-nje-duet-me-shpatin\/#webpage\",\"url\":\"https:\/\/www.visit-ulcinj.com\/blog\/2011\/11\/09\/aferdita-po-pergatis-nje-duet-me-shpatin\/\",\"name\":\"Af\u00ebrdita po p\u00ebrgatis nje duet me Shpatin - Lajme nga Ulqini\",\"isPartOf\":{\"@id\":\"https:\/\/www.visit-ulcinj.com\/blog\/#website\"},\"primaryImageOfPage\":{\"@id\":\"https:\/\/www.visit-ulcinj.com\/blog\/2011\/11\/09\/aferdita-po-pergatis-nje-duet-me-shpatin\/#primaryimage\"},\"datePublished\":\"2011-11-09T10:45:18+00:00\",\"dateModified\":\"2011-11-09T10:45:18+00:00\",\"author\":{\"@id\":\"https:\/\/www.visit-ulcinj.com\/blog\/#\/schema\/person\/dcab619c614d3038751c63bc2aadc06d\"},\"description\":\"Fytyra e saj \u00ebsht\u00eb nd\u00ebr m\u00eb t\u00eb bukurat e show bizi-t shqiptar, nd\u00ebrsa ajo vet\u00eb rradhitet n\u00eb personazhet m\u00eb t\u00eb dashur fal\u00eb natyr\u00ebs s\u00eb \u00e7ilt\u00ebr. Me nj\u00eb\",\"breadcrumb\":{\"@id\":\"https:\/\/www.visit-ulcinj.com\/blog\/2011\/11\/09\/aferdita-po-pergatis-nje-duet-me-shpatin\/#breadcrumb\"},\"inLanguage\":\"en-US\",\"potentialAction\":[{\"@type\":\"ReadAction\",\"target\":[\"https:\/\/www.visit-ulcinj.com\/blog\/2011\/11\/09\/aferdita-po-pergatis-nje-duet-me-shpatin\/\"]}]},{\"@type\":\"BreadcrumbList\",\"@id\":\"https:\/\/www.visit-ulcinj.com\/blog\/2011\/11\/09\/aferdita-po-pergatis-nje-duet-me-shpatin\/#breadcrumb\",\"itemListElement\":[{\"@type\":\"ListItem\",\"position\":1,\"name\":\"Af\u00ebrdita po p\u00ebrgatis nje duet me Shpatin\"}]},{\"@type\":\"Person\",\"@id\":\"https:\/\/www.visit-ulcinj.com\/blog\/#\/schema\/person\/dcab619c614d3038751c63bc2aadc06d\",\"name\":\"ulqini\",\"sameAs\":[\"http:\/\/www.visit-ulcinj.com\"],\"url\":\"https:\/\/www.visit-ulcinj.com\/blog\/author\/admin\/\"}]}<\/script>\n<!-- \/ Yoast SEO plugin. -->","yoast_head_json":{"title":"Af\u00ebrdita po p\u00ebrgatis nje duet me Shpatin - Lajme nga Ulqini","description":"Fytyra e saj \u00ebsht\u00eb nd\u00ebr m\u00eb t\u00eb bukurat e show bizi-t shqiptar, nd\u00ebrsa ajo vet\u00eb rradhitet n\u00eb personazhet m\u00eb t\u00eb dashur fal\u00eb natyr\u00ebs s\u00eb \u00e7ilt\u00ebr. Me nj\u00eb","robots":{"index":"index","follow":"follow","max-snippet":"max-snippet:-1","max-image-preview":"max-image-preview:large","max-video-preview":"max-video-preview:-1"},"canonical":"https:\/\/www.visit-ulcinj.com\/blog\/2011\/11\/09\/aferdita-po-pergatis-nje-duet-me-shpatin\/","og_locale":"en_US","og_type":"article","og_title":"Af\u00ebrdita po p\u00ebrgatis nje duet me Shpatin - Lajme nga Ulqini","og_description":"Fytyra e saj \u00ebsht\u00eb nd\u00ebr m\u00eb t\u00eb bukurat e show bizi-t shqiptar, nd\u00ebrsa ajo vet\u00eb rradhitet n\u00eb personazhet m\u00eb t\u00eb dashur fal\u00eb natyr\u00ebs s\u00eb \u00e7ilt\u00ebr. Me nj\u00eb","og_url":"https:\/\/www.visit-ulcinj.com\/blog\/2011\/11\/09\/aferdita-po-pergatis-nje-duet-me-shpatin\/","og_site_name":"Lajme nga Ulqini","article_published_time":"2011-11-09T10:45:18+00:00","og_image":[{"url":"http:\/\/www.visit-ulcinj.com\/blog\/wp-content\/uploads\/2011\/11\/Af%C3%ABrdita-Dreshaj_Shpat-Kasapi.jpg"}],"twitter_misc":{"Written by":"ulqini","Est. reading time":"3 minutes"},"schema":{"@context":"https:\/\/schema.org","@graph":[{"@type":"WebSite","@id":"https:\/\/www.visit-ulcinj.com\/blog\/#website","url":"https:\/\/www.visit-ulcinj.com\/blog\/","name":"Lajme nga Ulqini","description":"Lajme,Vijesti,Ulqini,Ulqin,Crna Gora,Mali i Zi","potentialAction":[{"@type":"SearchAction","target":{"@type":"EntryPoint","urlTemplate":"https:\/\/www.visit-ulcinj.com\/blog\/?s={search_term_string}"},"query-input":"required name=search_term_string"}],"inLanguage":"en-US"},{"@type":"ImageObject","inLanguage":"en-US","@id":"https:\/\/www.visit-ulcinj.com\/blog\/2011\/11\/09\/aferdita-po-pergatis-nje-duet-me-shpatin\/#primaryimage","url":"http:\/\/www.visit-ulcinj.com\/blog\/wp-content\/uploads\/2011\/11\/Af%C3%ABrdita-Dreshaj_Shpat-Kasapi.jpg","contentUrl":"http:\/\/www.visit-ulcinj.com\/blog\/wp-content\/uploads\/2011\/11\/Af%C3%ABrdita-Dreshaj_Shpat-Kasapi.jpg"},{"@type":"WebPage","@id":"https:\/\/www.visit-ulcinj.com\/blog\/2011\/11\/09\/aferdita-po-pergatis-nje-duet-me-shpatin\/#webpage","url":"https:\/\/www.visit-ulcinj.com\/blog\/2011\/11\/09\/aferdita-po-pergatis-nje-duet-me-shpatin\/","name":"Af\u00ebrdita po p\u00ebrgatis nje duet me Shpatin - Lajme nga Ulqini","isPartOf":{"@id":"https:\/\/www.visit-ulcinj.com\/blog\/#website"},"primaryImageOfPage":{"@id":"https:\/\/www.visit-ulcinj.com\/blog\/2011\/11\/09\/aferdita-po-pergatis-nje-duet-me-shpatin\/#primaryimage"},"datePublished":"2011-11-09T10:45:18+00:00","dateModified":"2011-11-09T10:45:18+00:00","author":{"@id":"https:\/\/www.visit-ulcinj.com\/blog\/#\/schema\/person\/dcab619c614d3038751c63bc2aadc06d"},"description":"Fytyra e saj \u00ebsht\u00eb nd\u00ebr m\u00eb t\u00eb bukurat e show bizi-t shqiptar, nd\u00ebrsa ajo vet\u00eb rradhitet n\u00eb personazhet m\u00eb t\u00eb dashur fal\u00eb natyr\u00ebs s\u00eb \u00e7ilt\u00ebr. Me nj\u00eb","breadcrumb":{"@id":"https:\/\/www.visit-ulcinj.com\/blog\/2011\/11\/09\/aferdita-po-pergatis-nje-duet-me-shpatin\/#breadcrumb"},"inLanguage":"en-US","potentialAction":[{"@type":"ReadAction","target":["https:\/\/www.visit-ulcinj.com\/blog\/2011\/11\/09\/aferdita-po-pergatis-nje-duet-me-shpatin\/"]}]},{"@type":"BreadcrumbList","@id":"https:\/\/www.visit-ulcinj.com\/blog\/2011\/11\/09\/aferdita-po-pergatis-nje-duet-me-shpatin\/#breadcrumb","itemListElement":[{"@type":"ListItem","position":1,"name":"Af\u00ebrdita po p\u00ebrgatis nje duet me Shpatin"}]},{"@type":"Person","@id":"https:\/\/www.visit-ulcinj.com\/blog\/#\/schema\/person\/dcab619c614d3038751c63bc2aadc06d","name":"ulqini","sameAs":["http:\/\/www.visit-ulcinj.com"],"url":"https:\/\/www.visit-ulcinj.com\/blog\/author\/admin\/"}]}},"jetpack_featured_media_url":"","jetpack_sharing_enabled":true,"jetpack_shortlink":"https:\/\/wp.me\/pe6lTn-dO6","_links":{"self":[{"href":"https:\/\/www.visit-ulcinj.com\/blog\/wp-json\/wp\/v2\/posts\/53078"}],"collection":[{"href":"https:\/\/www.visit-ulcinj.com\/blog\/wp-json\/wp\/v2\/posts"}],"about":[{"href":"https:\/\/www.visit-ulcinj.com\/blog\/wp-json\/wp\/v2\/types\/post"}],"author":[{"embeddable":true,"href":"https:\/\/www.visit-ulcinj.com\/blog\/wp-json\/wp\/v2\/users\/1"}],"replies":[{"embeddable":true,"href":"https:\/\/www.visit-ulcinj.com\/blog\/wp-json\/wp\/v2\/comments?post=53078"}],"version-history":[{"count":1,"href":"https:\/\/www.visit-ulcinj.com\/blog\/wp-json\/wp\/v2\/posts\/53078\/revisions"}],"predecessor-version":[{"id":53080,"href":"https:\/\/www.visit-ulcinj.com\/blog\/wp-json\/wp\/v2\/posts\/53078\/revisions\/53080"}],"wp:attachment":[{"href":"https:\/\/www.visit-ulcinj.com\/blog\/wp-json\/wp\/v2\/media?parent=53078"}],"wp:term":[{"taxonomy":"category","embeddable":true,"href":"https:\/\/www.visit-ulcinj.com\/blog\/wp-json\/wp\/v2\/categories?post=53078"},{"taxonomy":"post_tag","embeddable":true,"href":"https:\/\/www.visit-ulcinj.com\/blog\/wp-json\/wp\/v2\/tags?post=53078"}],"curies":[{"name":"wp","href":"https:\/\/api.w.org\/{rel}","templated":true}]}}