{"id":53081,"date":"2011-11-09T11:55:57","date_gmt":"2011-11-09T10:55:57","guid":{"rendered":"http:\/\/www.visit-ulcinj.com\/blog\/?p=53081"},"modified":"2011-11-09T11:57:36","modified_gmt":"2011-11-09T10:57:36","slug":"jeta-faqolli-me-pelqen-te-zhvishem-me-stil","status":"publish","type":"post","link":"https:\/\/www.visit-ulcinj.com\/blog\/2011\/11\/09\/jeta-faqolli-me-pelqen-te-zhvishem-me-stil\/","title":{"rendered":"Jeta Faqolli: M\u00eb p\u00eblqen t\u00eb zhvishem me stil"},"content":{"rendered":"<p><a href=\"http:\/\/www.visit-ulcinj.com\/blog\/wp-content\/uploads\/2011\/11\/Jeta-Faqolli_-ME-STIL.1.jpg\"><img loading=\"lazy\" class=\"alignleft size-full wp-image-53082\" title=\"Jeta Faqolli_ ME STIL.1\" src=\"http:\/\/www.visit-ulcinj.com\/blog\/wp-content\/uploads\/2011\/11\/Jeta-Faqolli_-ME-STIL.1.jpg\" alt=\"\" width=\"508\" height=\"380\" \/><\/a>N\u00eb fakt, n\u00eb sinkron me k\u00ebt\u00eb synim, Jeta pak koh\u00eb m\u00eb par\u00eb ka ndryshuar edhe look, duke u shnd\u00ebrruar n\u00eb \u201ckok\u00ebkuqe\u201d. Por \u00e7far\u00eb do t\u00eb thot\u00eb me stil, sepse k\u00ebng\u00ebtarja nuk e ka sqaruar shum\u00eb: t\u00eb mos jesh vulgare, t\u00eb jesh n\u00eb nj\u00eb hap me mod\u00ebn, t\u00eb jesh e vet\u00ebp\u00ebrmbajtur?! N\u00eb performancat e saj skenike Jeta zakonisht preferon t\u00eb nd\u00ebrthur\u00eb klasiken me modernen, nd\u00ebrsa n\u00eb klipin veror \u201cIt\u2019s time\u201d e kemi par\u00eb t\u00eb shfaqet edhe me boksera.<br \/>\nK\u00ebng\u00ebtarja e \u201cIt\u2019s time\u201d, e cila ka bashk\u00ebpunuar me treshen e djemve rumun\u00eb \u201cDeep System\u201d, ka th\u00ebn\u00eb s\u00eb fundmi se n\u00eb performancat e saj p\u00ebrpiqet t\u00eb zhvishet me stil, n\u00eb m\u00ebnyr\u00eb q\u00eb t\u00eb mos jet\u00eb ekstravagante, por nj\u00ebherazi t\u00eb p\u00ebrmbush\u00eb q\u00ebllimin p\u00ebr t\u00eb qen\u00eb seksi.<\/p>\n<p>N\u00eb fakt, n\u00eb sinkron me k\u00ebt\u00eb synim, Jeta pak koh\u00eb m\u00eb par\u00eb ka ndryshuar edhe look, duke u shnd\u00ebrruar n\u00eb \u201ckok\u00ebkuqe\u201d. Por \u00e7far\u00eb do t\u00eb thot\u00eb me stil, sepse k\u00ebng\u00ebtarja nuk e ka sqaruar shum\u00eb: t\u00eb mos jesh vulgare, t\u00eb jesh n\u00eb nj\u00eb hap me mod\u00ebn, t\u00eb jesh e vet\u00ebp\u00ebrmbajtur?! N\u00eb performancat e saj skenike Jeta zakonisht preferon t\u00eb nd\u00ebrthur\u00eb klasiken me modernen, nd\u00ebrsa n\u00eb klipin veror \u201cIt\u2019s time\u201d e kemi par\u00eb t\u00eb shfaqet edhe me boksera.<\/p>\n<p>Por, duke qen\u00eb se temperaturat e larta verore b\u00ebjn\u00eb t\u00eb vet\u00ebn, Jeta e ka pasur nj\u00eb justifikim: \u201cUn\u00eb besoj se e p\u00ebrshtas tekstin e k\u00ebng\u00ebs me veshjen. Normalisht, kur jan\u00eb k\u00ebng\u00eb serioze apo balada, nuk ka nevoj\u00eb p\u00ebr zhveshje mendoj un\u00eb, por n\u00ebse b\u00ebhet fjal\u00eb p\u00ebr nj\u00eb k\u00ebng\u00eb ritmike dhe verore, aty ka vend edhe p\u00ebr pak zhveshje, apo jo.<\/p>\n<p>Sigurisht q\u00eb me stil edhe ekstravaganca, n\u00eb k\u00ebt\u00eb m\u00ebnyr\u00eb pse jo?!\u201d, &#8211; na ka th\u00ebn\u00eb k\u00ebng\u00ebtarja, e cila n\u00eb jet\u00ebn e p\u00ebrditshme mban kryesisht nj\u00eb look sportiv.<\/p>\n<p><strong>KOHA NET<br \/>\n<\/p>\n<p><\/strong><!--YouTube Error: bad URL entered--><\/p>\n","protected":false},"excerpt":{"rendered":"<p>N\u00eb fakt, n\u00eb sinkron me k\u00ebt\u00eb synim, Jeta pak koh\u00eb m\u00eb par\u00eb ka ndryshuar edhe look, duke u shnd\u00ebrruar n\u00eb \u201ckok\u00ebkuqe\u201d. Por \u00e7far\u00eb do t\u00eb thot\u00eb me stil, sepse k\u00ebng\u00ebtarja nuk e ka sqaruar shum\u00eb: t\u00eb mos jesh vulgare, t\u00eb jesh n\u00eb nj\u00eb hap me mod\u00ebn, t\u00eb jesh e vet\u00ebp\u00ebrmbajtur?! N\u00eb performancat e saj skenike [&hellip;]<\/p>\n","protected":false},"author":1,"featured_media":0,"comment_status":"open","ping_status":"closed","sticky":false,"template":"","format":"standard","meta":{"spay_email":"","jetpack_publicize_message":"","jetpack_is_tweetstorm":false,"jetpack_publicize_feature_enabled":true},"categories":[1],"tags":[5894],"jetpack_publicize_connections":[],"yoast_head":"<!-- This site is optimized with the Yoast SEO plugin v19.1 - https:\/\/yoast.com\/wordpress\/plugins\/seo\/ -->\n<title>Jeta Faqolli: M\u00eb p\u00eblqen t\u00eb zhvishem me stil - Lajme nga Ulqini<\/title>\n<meta name=\"description\" content=\"N\u00eb fakt, n\u00eb sinkron me k\u00ebt\u00eb synim, Jeta pak koh\u00eb m\u00eb par\u00eb ka ndryshuar edhe look, duke u shnd\u00ebrruar n\u00eb \u201ckok\u00ebkuqe\u201d. Por \u00e7far\u00eb do t\u00eb thot\u00eb me stil, sepse\" \/>\n<meta name=\"robots\" content=\"index, follow, max-snippet:-1, max-image-preview:large, max-video-preview:-1\" \/>\n<link rel=\"canonical\" href=\"https:\/\/www.visit-ulcinj.com\/blog\/2011\/11\/09\/jeta-faqolli-me-pelqen-te-zhvishem-me-stil\/\" \/>\n<meta property=\"og:locale\" content=\"en_US\" \/>\n<meta property=\"og:type\" content=\"article\" \/>\n<meta property=\"og:title\" content=\"Jeta Faqolli: M\u00eb p\u00eblqen t\u00eb zhvishem me stil - Lajme nga Ulqini\" \/>\n<meta property=\"og:description\" content=\"N\u00eb fakt, n\u00eb sinkron me k\u00ebt\u00eb synim, Jeta pak koh\u00eb m\u00eb par\u00eb ka ndryshuar edhe look, duke u shnd\u00ebrruar n\u00eb \u201ckok\u00ebkuqe\u201d. Por \u00e7far\u00eb do t\u00eb thot\u00eb me stil, sepse\" \/>\n<meta property=\"og:url\" content=\"https:\/\/www.visit-ulcinj.com\/blog\/2011\/11\/09\/jeta-faqolli-me-pelqen-te-zhvishem-me-stil\/\" \/>\n<meta property=\"og:site_name\" content=\"Lajme nga Ulqini\" \/>\n<meta property=\"article:published_time\" content=\"2011-11-09T10:55:57+00:00\" \/>\n<meta property=\"article:modified_time\" content=\"2011-11-09T10:57:36+00:00\" \/>\n<meta property=\"og:image\" content=\"https:\/\/www.visit-ulcinj.com\/blog\/wp-content\/uploads\/2011\/11\/Jeta-Faqolli_-ME-STIL.1-150x150.jpg\" \/>\n<meta name=\"twitter:label1\" content=\"Written by\" \/>\n\t<meta name=\"twitter:data1\" content=\"ulqini\" \/>\n\t<meta name=\"twitter:label2\" content=\"Est. reading time\" \/>\n\t<meta name=\"twitter:data2\" content=\"2 minutes\" \/>\n<script type=\"application\/ld+json\" class=\"yoast-schema-graph\">{\"@context\":\"https:\/\/schema.org\",\"@graph\":[{\"@type\":\"WebSite\",\"@id\":\"https:\/\/www.visit-ulcinj.com\/blog\/#website\",\"url\":\"https:\/\/www.visit-ulcinj.com\/blog\/\",\"name\":\"Lajme nga Ulqini\",\"description\":\"Lajme,Vijesti,Ulqini,Ulqin,Crna Gora,Mali i Zi\",\"potentialAction\":[{\"@type\":\"SearchAction\",\"target\":{\"@type\":\"EntryPoint\",\"urlTemplate\":\"https:\/\/www.visit-ulcinj.com\/blog\/?s={search_term_string}\"},\"query-input\":\"required name=search_term_string\"}],\"inLanguage\":\"en-US\"},{\"@type\":\"ImageObject\",\"inLanguage\":\"en-US\",\"@id\":\"https:\/\/www.visit-ulcinj.com\/blog\/2011\/11\/09\/jeta-faqolli-me-pelqen-te-zhvishem-me-stil\/#primaryimage\",\"url\":\"http:\/\/www.visit-ulcinj.com\/blog\/wp-content\/uploads\/2011\/11\/Jeta-Faqolli_-ME-STIL.1.jpg\",\"contentUrl\":\"http:\/\/www.visit-ulcinj.com\/blog\/wp-content\/uploads\/2011\/11\/Jeta-Faqolli_-ME-STIL.1.jpg\"},{\"@type\":\"WebPage\",\"@id\":\"https:\/\/www.visit-ulcinj.com\/blog\/2011\/11\/09\/jeta-faqolli-me-pelqen-te-zhvishem-me-stil\/#webpage\",\"url\":\"https:\/\/www.visit-ulcinj.com\/blog\/2011\/11\/09\/jeta-faqolli-me-pelqen-te-zhvishem-me-stil\/\",\"name\":\"Jeta Faqolli: M\u00eb p\u00eblqen t\u00eb zhvishem me stil - Lajme nga Ulqini\",\"isPartOf\":{\"@id\":\"https:\/\/www.visit-ulcinj.com\/blog\/#website\"},\"primaryImageOfPage\":{\"@id\":\"https:\/\/www.visit-ulcinj.com\/blog\/2011\/11\/09\/jeta-faqolli-me-pelqen-te-zhvishem-me-stil\/#primaryimage\"},\"datePublished\":\"2011-11-09T10:55:57+00:00\",\"dateModified\":\"2011-11-09T10:57:36+00:00\",\"author\":{\"@id\":\"https:\/\/www.visit-ulcinj.com\/blog\/#\/schema\/person\/dcab619c614d3038751c63bc2aadc06d\"},\"description\":\"N\u00eb fakt, n\u00eb sinkron me k\u00ebt\u00eb synim, Jeta pak koh\u00eb m\u00eb par\u00eb ka ndryshuar edhe look, duke u shnd\u00ebrruar n\u00eb \u201ckok\u00ebkuqe\u201d. Por \u00e7far\u00eb do t\u00eb thot\u00eb me stil, sepse\",\"breadcrumb\":{\"@id\":\"https:\/\/www.visit-ulcinj.com\/blog\/2011\/11\/09\/jeta-faqolli-me-pelqen-te-zhvishem-me-stil\/#breadcrumb\"},\"inLanguage\":\"en-US\",\"potentialAction\":[{\"@type\":\"ReadAction\",\"target\":[\"https:\/\/www.visit-ulcinj.com\/blog\/2011\/11\/09\/jeta-faqolli-me-pelqen-te-zhvishem-me-stil\/\"]}]},{\"@type\":\"BreadcrumbList\",\"@id\":\"https:\/\/www.visit-ulcinj.com\/blog\/2011\/11\/09\/jeta-faqolli-me-pelqen-te-zhvishem-me-stil\/#breadcrumb\",\"itemListElement\":[{\"@type\":\"ListItem\",\"position\":1,\"name\":\"Jeta Faqolli: M\u00eb p\u00eblqen t\u00eb zhvishem me stil\"}]},{\"@type\":\"Person\",\"@id\":\"https:\/\/www.visit-ulcinj.com\/blog\/#\/schema\/person\/dcab619c614d3038751c63bc2aadc06d\",\"name\":\"ulqini\",\"sameAs\":[\"http:\/\/www.visit-ulcinj.com\"],\"url\":\"https:\/\/www.visit-ulcinj.com\/blog\/author\/admin\/\"}]}<\/script>\n<!-- \/ Yoast SEO plugin. -->","yoast_head_json":{"title":"Jeta Faqolli: M\u00eb p\u00eblqen t\u00eb zhvishem me stil - Lajme nga Ulqini","description":"N\u00eb fakt, n\u00eb sinkron me k\u00ebt\u00eb synim, Jeta pak koh\u00eb m\u00eb par\u00eb ka ndryshuar edhe look, duke u shnd\u00ebrruar n\u00eb \u201ckok\u00ebkuqe\u201d. Por \u00e7far\u00eb do t\u00eb thot\u00eb me stil, sepse","robots":{"index":"index","follow":"follow","max-snippet":"max-snippet:-1","max-image-preview":"max-image-preview:large","max-video-preview":"max-video-preview:-1"},"canonical":"https:\/\/www.visit-ulcinj.com\/blog\/2011\/11\/09\/jeta-faqolli-me-pelqen-te-zhvishem-me-stil\/","og_locale":"en_US","og_type":"article","og_title":"Jeta Faqolli: M\u00eb p\u00eblqen t\u00eb zhvishem me stil - Lajme nga Ulqini","og_description":"N\u00eb fakt, n\u00eb sinkron me k\u00ebt\u00eb synim, Jeta pak koh\u00eb m\u00eb par\u00eb ka ndryshuar edhe look, duke u shnd\u00ebrruar n\u00eb \u201ckok\u00ebkuqe\u201d. Por \u00e7far\u00eb do t\u00eb thot\u00eb me stil, sepse","og_url":"https:\/\/www.visit-ulcinj.com\/blog\/2011\/11\/09\/jeta-faqolli-me-pelqen-te-zhvishem-me-stil\/","og_site_name":"Lajme nga Ulqini","article_published_time":"2011-11-09T10:55:57+00:00","article_modified_time":"2011-11-09T10:57:36+00:00","og_image":[{"url":"https:\/\/www.visit-ulcinj.com\/blog\/wp-content\/uploads\/2011\/11\/Jeta-Faqolli_-ME-STIL.1-150x150.jpg"}],"twitter_misc":{"Written by":"ulqini","Est. reading time":"2 minutes"},"schema":{"@context":"https:\/\/schema.org","@graph":[{"@type":"WebSite","@id":"https:\/\/www.visit-ulcinj.com\/blog\/#website","url":"https:\/\/www.visit-ulcinj.com\/blog\/","name":"Lajme nga Ulqini","description":"Lajme,Vijesti,Ulqini,Ulqin,Crna Gora,Mali i Zi","potentialAction":[{"@type":"SearchAction","target":{"@type":"EntryPoint","urlTemplate":"https:\/\/www.visit-ulcinj.com\/blog\/?s={search_term_string}"},"query-input":"required name=search_term_string"}],"inLanguage":"en-US"},{"@type":"ImageObject","inLanguage":"en-US","@id":"https:\/\/www.visit-ulcinj.com\/blog\/2011\/11\/09\/jeta-faqolli-me-pelqen-te-zhvishem-me-stil\/#primaryimage","url":"http:\/\/www.visit-ulcinj.com\/blog\/wp-content\/uploads\/2011\/11\/Jeta-Faqolli_-ME-STIL.1.jpg","contentUrl":"http:\/\/www.visit-ulcinj.com\/blog\/wp-content\/uploads\/2011\/11\/Jeta-Faqolli_-ME-STIL.1.jpg"},{"@type":"WebPage","@id":"https:\/\/www.visit-ulcinj.com\/blog\/2011\/11\/09\/jeta-faqolli-me-pelqen-te-zhvishem-me-stil\/#webpage","url":"https:\/\/www.visit-ulcinj.com\/blog\/2011\/11\/09\/jeta-faqolli-me-pelqen-te-zhvishem-me-stil\/","name":"Jeta Faqolli: M\u00eb p\u00eblqen t\u00eb zhvishem me stil - Lajme nga Ulqini","isPartOf":{"@id":"https:\/\/www.visit-ulcinj.com\/blog\/#website"},"primaryImageOfPage":{"@id":"https:\/\/www.visit-ulcinj.com\/blog\/2011\/11\/09\/jeta-faqolli-me-pelqen-te-zhvishem-me-stil\/#primaryimage"},"datePublished":"2011-11-09T10:55:57+00:00","dateModified":"2011-11-09T10:57:36+00:00","author":{"@id":"https:\/\/www.visit-ulcinj.com\/blog\/#\/schema\/person\/dcab619c614d3038751c63bc2aadc06d"},"description":"N\u00eb fakt, n\u00eb sinkron me k\u00ebt\u00eb synim, Jeta pak koh\u00eb m\u00eb par\u00eb ka ndryshuar edhe look, duke u shnd\u00ebrruar n\u00eb \u201ckok\u00ebkuqe\u201d. Por \u00e7far\u00eb do t\u00eb thot\u00eb me stil, sepse","breadcrumb":{"@id":"https:\/\/www.visit-ulcinj.com\/blog\/2011\/11\/09\/jeta-faqolli-me-pelqen-te-zhvishem-me-stil\/#breadcrumb"},"inLanguage":"en-US","potentialAction":[{"@type":"ReadAction","target":["https:\/\/www.visit-ulcinj.com\/blog\/2011\/11\/09\/jeta-faqolli-me-pelqen-te-zhvishem-me-stil\/"]}]},{"@type":"BreadcrumbList","@id":"https:\/\/www.visit-ulcinj.com\/blog\/2011\/11\/09\/jeta-faqolli-me-pelqen-te-zhvishem-me-stil\/#breadcrumb","itemListElement":[{"@type":"ListItem","position":1,"name":"Jeta Faqolli: M\u00eb p\u00eblqen t\u00eb zhvishem me stil"}]},{"@type":"Person","@id":"https:\/\/www.visit-ulcinj.com\/blog\/#\/schema\/person\/dcab619c614d3038751c63bc2aadc06d","name":"ulqini","sameAs":["http:\/\/www.visit-ulcinj.com"],"url":"https:\/\/www.visit-ulcinj.com\/blog\/author\/admin\/"}]}},"jetpack_featured_media_url":"","jetpack_sharing_enabled":true,"jetpack_shortlink":"https:\/\/wp.me\/pe6lTn-dO9","_links":{"self":[{"href":"https:\/\/www.visit-ulcinj.com\/blog\/wp-json\/wp\/v2\/posts\/53081"}],"collection":[{"href":"https:\/\/www.visit-ulcinj.com\/blog\/wp-json\/wp\/v2\/posts"}],"about":[{"href":"https:\/\/www.visit-ulcinj.com\/blog\/wp-json\/wp\/v2\/types\/post"}],"author":[{"embeddable":true,"href":"https:\/\/www.visit-ulcinj.com\/blog\/wp-json\/wp\/v2\/users\/1"}],"replies":[{"embeddable":true,"href":"https:\/\/www.visit-ulcinj.com\/blog\/wp-json\/wp\/v2\/comments?post=53081"}],"version-history":[{"count":2,"href":"https:\/\/www.visit-ulcinj.com\/blog\/wp-json\/wp\/v2\/posts\/53081\/revisions"}],"predecessor-version":[{"id":53086,"href":"https:\/\/www.visit-ulcinj.com\/blog\/wp-json\/wp\/v2\/posts\/53081\/revisions\/53086"}],"wp:attachment":[{"href":"https:\/\/www.visit-ulcinj.com\/blog\/wp-json\/wp\/v2\/media?parent=53081"}],"wp:term":[{"taxonomy":"category","embeddable":true,"href":"https:\/\/www.visit-ulcinj.com\/blog\/wp-json\/wp\/v2\/categories?post=53081"},{"taxonomy":"post_tag","embeddable":true,"href":"https:\/\/www.visit-ulcinj.com\/blog\/wp-json\/wp\/v2\/tags?post=53081"}],"curies":[{"name":"wp","href":"https:\/\/api.w.org\/{rel}","templated":true}]}}