{"id":53100,"date":"2011-11-09T14:17:31","date_gmt":"2011-11-09T13:17:31","guid":{"rendered":"http:\/\/www.visit-ulcinj.com\/blog\/?p=53100"},"modified":"2011-11-12T17:57:13","modified_gmt":"2011-11-12T16:57:13","slug":"kovacevic-cungut-s-ka-nevoje-forca-te-hyje-menjehere-ne-qeveri","status":"publish","type":"post","link":"https:\/\/www.visit-ulcinj.com\/blog\/2011\/11\/09\/kovacevic-cungut-s-ka-nevoje-forca-te-hyje-menjehere-ne-qeveri\/","title":{"rendered":"Kova\u00e7evic &#8211; Cungut: S&#8217; ka nevoj\u00eb Forca t\u00eb hyj\u00eb menj\u00ebher\u00eb n\u00eb qeveri"},"content":{"rendered":"<p><a href=\"http:\/\/www.visit-ulcinj.com\/blog\/wp-content\/uploads\/2011\/11\/Cungu_Kovacevic.jpg\"><img loading=\"lazy\" class=\"alignleft size-full wp-image-53106\" title=\"Cungu_Kovacevic\" src=\"http:\/\/www.visit-ulcinj.com\/blog\/wp-content\/uploads\/2011\/11\/Cungu_Kovacevic.jpg\" alt=\"\" width=\"508\" height=\"254\" srcset=\"https:\/\/www.visit-ulcinj.com\/blog\/wp-content\/uploads\/2011\/11\/Cungu_Kovacevic.jpg 508w, https:\/\/www.visit-ulcinj.com\/blog\/wp-content\/uploads\/2011\/11\/Cungu_Kovacevic-300x150.jpg 300w\" sizes=\"(max-width: 508px) 100vw, 508px\" \/><\/a>Partia Demokratike e Socialist\u00ebve \/PDS\/ n\u00ebp\u00ebrmjet z\u00ebdh\u00ebn\u00ebsit t\u00eb saj, Rajko Kova\u00e7evic, dit\u00ebn e m\u00ebrkur\u00eb \u00ebsht\u00eb p\u00ebrgjigjur se \u00ebsht\u00eb e disponuar p\u00ebr bashk\u00ebpunim me partit\u00eb tjera dhe se aleancat nuk do t\u00eb thot\u00eb t\u00eb krijohen vet\u00ebm n\u00eb nivelin shtet\u00ebror.<\/p>\n<p><strong><a href=\"http:\/\/www.kosovalive.com\/?cid=1,2,78275\" target=\"_blank\"><img src=\"http:\/\/www.kosovalive.com\/common\/images\/more.gif\" alt=\"m\u00eb shum\u00eb\" border=\"0\" \/><\/a>KosovaLive<\/strong> <a href=\"http:\/\/www.kosovalive.com\/?cid=1,2,78275\" target=\"_blank\"><img src=\"http:\/\/www.kosovalive.com\/common\/images\/more.gif\" alt=\"m\u00eb shum\u00eb\" border=\"0\" \/><\/a><\/p>\n<p>Kreu i Forc\u00ebs s\u00eb Re Demokratike dhe kryetari aktual i komun\u00ebs s\u00eb Ulqinit Nazif Cungu I tha dje t\u00eb p\u00ebrditshmes Vijesti se partia e tij \u00ebsht\u00eb e gatshme q\u00eb t\u00eb futet n\u00eb koalicionin qeveris\u00ebs me PDS-n\u00eb, partia m\u00eb e madhe qeveritare,\u00a0 n\u00eb nivel shtet\u00ebror dhe konfirmoi se reth k\u00ebsaj ve\u00e7 ka pasur negociata.<\/p>\n<p>Z\u00ebdh\u00ebn\u00ebsi i PDS , Rajko Kova\u00e7evic ka deklaruar se k\u00ebsaj radhe pretendojn\u00eb m\u00eb shum\u00eb pushtet dhe bashk\u00ebpunim n\u00eb qeverisjen lokale n\u00eb Ulqin.<\/p>\n<p>Cungu \u00a0tha se negociatat me PDS-n\u00eb n\u00eb nivel shtetror\u00eb do vazhdojn\u00eb deri n\u00eb fund t\u00eb muait\u201dKemi k\u00ebrkuar vendin e ndihm\u00ebsit pothuajse n\u00eb t\u00eb gjitha ministrit\u00eb, e ve\u00e7an\u00ebrisht n\u00eb ministrit\u00eb e turizmit, bujq\u00ebsis\u00eb dhe arsimit. Ne duam q\u00eb t\u00eb jemi n\u00eb t\u00eb gjitha segmentet e qeveris\u00eb dhe t\u00eb mb\u00ebshtesim k\u00ebrkesat tona\u201c \u2013 tha Cungu.<\/p>\n<p>Partia Demokratike e Socialist\u00ebve, n\u00ebp\u00ebrmjet z\u00ebdh\u00ebn\u00ebsit t\u00eb saj, Rajko Kova\u00e7evic, \u00ebsht\u00eb p\u00ebrgjigjur se organet e PDS-s\u00eb ende se kan shqyrtuar k\u00ebte opcion.<\/p>\n<!--YouTube Error: bad URL entered-->\n<p>&nbsp;<\/p>\n","protected":false},"excerpt":{"rendered":"<p>Partia Demokratike e Socialist\u00ebve \/PDS\/ n\u00ebp\u00ebrmjet z\u00ebdh\u00ebn\u00ebsit t\u00eb saj, Rajko Kova\u00e7evic, dit\u00ebn e m\u00ebrkur\u00eb \u00ebsht\u00eb p\u00ebrgjigjur se \u00ebsht\u00eb e disponuar p\u00ebr bashk\u00ebpunim me partit\u00eb tjera dhe se aleancat nuk do t\u00eb thot\u00eb t\u00eb krijohen vet\u00ebm n\u00eb nivelin shtet\u00ebror. KosovaLive Kreu i Forc\u00ebs s\u00eb Re Demokratike dhe kryetari aktual i komun\u00ebs s\u00eb Ulqinit Nazif Cungu I [&hellip;]<\/p>\n","protected":false},"author":1,"featured_media":0,"comment_status":"open","ping_status":"closed","sticky":false,"template":"","format":"standard","meta":{"spay_email":"","jetpack_publicize_message":"","jetpack_is_tweetstorm":false,"jetpack_publicize_feature_enabled":true},"categories":[1,6],"tags":[117,118,15400,5891,1056],"jetpack_publicize_connections":[],"yoast_head":"<!-- This site is optimized with the Yoast SEO plugin v19.1 - https:\/\/yoast.com\/wordpress\/plugins\/seo\/ -->\n<title>Kova\u00e7evic - Cungut: S&#039; ka nevoj\u00eb Forca t\u00eb hyj\u00eb menj\u00ebher\u00eb n\u00eb qeveri - Lajme nga Ulqini<\/title>\n<meta name=\"description\" content=\"Partia Demokratike e Socialist\u00ebve \/PDS\/ n\u00ebp\u00ebrmjet z\u00ebdh\u00ebn\u00ebsit t\u00eb saj, Rajko Kova\u00e7evic, dit\u00ebn e m\u00ebrkur\u00eb \u00ebsht\u00eb p\u00ebrgjigjur se \u00ebsht\u00eb e disponuar p\u00ebr\" \/>\n<meta name=\"robots\" content=\"index, follow, max-snippet:-1, max-image-preview:large, max-video-preview:-1\" \/>\n<link rel=\"canonical\" href=\"https:\/\/www.visit-ulcinj.com\/blog\/2011\/11\/09\/kovacevic-cungut-s-ka-nevoje-forca-te-hyje-menjehere-ne-qeveri\/\" \/>\n<meta property=\"og:locale\" content=\"en_US\" \/>\n<meta property=\"og:type\" content=\"article\" \/>\n<meta property=\"og:title\" content=\"Kova\u00e7evic - Cungut: S&#039; ka nevoj\u00eb Forca t\u00eb hyj\u00eb menj\u00ebher\u00eb n\u00eb qeveri - Lajme nga Ulqini\" \/>\n<meta property=\"og:description\" content=\"Partia Demokratike e Socialist\u00ebve \/PDS\/ n\u00ebp\u00ebrmjet z\u00ebdh\u00ebn\u00ebsit t\u00eb saj, Rajko Kova\u00e7evic, dit\u00ebn e m\u00ebrkur\u00eb \u00ebsht\u00eb p\u00ebrgjigjur se \u00ebsht\u00eb e disponuar p\u00ebr\" \/>\n<meta property=\"og:url\" content=\"https:\/\/www.visit-ulcinj.com\/blog\/2011\/11\/09\/kovacevic-cungut-s-ka-nevoje-forca-te-hyje-menjehere-ne-qeveri\/\" \/>\n<meta property=\"og:site_name\" content=\"Lajme nga Ulqini\" \/>\n<meta property=\"article:published_time\" content=\"2011-11-09T13:17:31+00:00\" \/>\n<meta property=\"article:modified_time\" content=\"2011-11-12T16:57:13+00:00\" \/>\n<meta property=\"og:image\" content=\"http:\/\/www.visit-ulcinj.com\/blog\/wp-content\/uploads\/2011\/11\/Cungu_Kovacevic.jpg\" \/>\n<meta name=\"twitter:label1\" content=\"Written by\" \/>\n\t<meta name=\"twitter:data1\" content=\"ulqini\" \/>\n\t<meta name=\"twitter:label2\" content=\"Est. reading time\" \/>\n\t<meta name=\"twitter:data2\" content=\"1 minute\" \/>\n<script type=\"application\/ld+json\" class=\"yoast-schema-graph\">{\"@context\":\"https:\/\/schema.org\",\"@graph\":[{\"@type\":\"WebSite\",\"@id\":\"https:\/\/www.visit-ulcinj.com\/blog\/#website\",\"url\":\"https:\/\/www.visit-ulcinj.com\/blog\/\",\"name\":\"Lajme nga Ulqini\",\"description\":\"Lajme,Vijesti,Ulqini,Ulqin,Crna Gora,Mali i Zi\",\"potentialAction\":[{\"@type\":\"SearchAction\",\"target\":{\"@type\":\"EntryPoint\",\"urlTemplate\":\"https:\/\/www.visit-ulcinj.com\/blog\/?s={search_term_string}\"},\"query-input\":\"required name=search_term_string\"}],\"inLanguage\":\"en-US\"},{\"@type\":\"ImageObject\",\"inLanguage\":\"en-US\",\"@id\":\"https:\/\/www.visit-ulcinj.com\/blog\/2011\/11\/09\/kovacevic-cungut-s-ka-nevoje-forca-te-hyje-menjehere-ne-qeveri\/#primaryimage\",\"url\":\"https:\/\/www.visit-ulcinj.com\/blog\/wp-content\/uploads\/2011\/11\/Cungu_Kovacevic.jpg\",\"contentUrl\":\"https:\/\/www.visit-ulcinj.com\/blog\/wp-content\/uploads\/2011\/11\/Cungu_Kovacevic.jpg\",\"width\":\"508\",\"height\":\"254\"},{\"@type\":\"WebPage\",\"@id\":\"https:\/\/www.visit-ulcinj.com\/blog\/2011\/11\/09\/kovacevic-cungut-s-ka-nevoje-forca-te-hyje-menjehere-ne-qeveri\/#webpage\",\"url\":\"https:\/\/www.visit-ulcinj.com\/blog\/2011\/11\/09\/kovacevic-cungut-s-ka-nevoje-forca-te-hyje-menjehere-ne-qeveri\/\",\"name\":\"Kova\u00e7evic - Cungut: S' ka nevoj\u00eb Forca t\u00eb hyj\u00eb menj\u00ebher\u00eb n\u00eb qeveri - Lajme nga Ulqini\",\"isPartOf\":{\"@id\":\"https:\/\/www.visit-ulcinj.com\/blog\/#website\"},\"primaryImageOfPage\":{\"@id\":\"https:\/\/www.visit-ulcinj.com\/blog\/2011\/11\/09\/kovacevic-cungut-s-ka-nevoje-forca-te-hyje-menjehere-ne-qeveri\/#primaryimage\"},\"datePublished\":\"2011-11-09T13:17:31+00:00\",\"dateModified\":\"2011-11-12T16:57:13+00:00\",\"author\":{\"@id\":\"https:\/\/www.visit-ulcinj.com\/blog\/#\/schema\/person\/dcab619c614d3038751c63bc2aadc06d\"},\"description\":\"Partia Demokratike e Socialist\u00ebve \/PDS\/ n\u00ebp\u00ebrmjet z\u00ebdh\u00ebn\u00ebsit t\u00eb saj, Rajko Kova\u00e7evic, dit\u00ebn e m\u00ebrkur\u00eb \u00ebsht\u00eb p\u00ebrgjigjur se \u00ebsht\u00eb e disponuar p\u00ebr\",\"breadcrumb\":{\"@id\":\"https:\/\/www.visit-ulcinj.com\/blog\/2011\/11\/09\/kovacevic-cungut-s-ka-nevoje-forca-te-hyje-menjehere-ne-qeveri\/#breadcrumb\"},\"inLanguage\":\"en-US\",\"potentialAction\":[{\"@type\":\"ReadAction\",\"target\":[\"https:\/\/www.visit-ulcinj.com\/blog\/2011\/11\/09\/kovacevic-cungut-s-ka-nevoje-forca-te-hyje-menjehere-ne-qeveri\/\"]}]},{\"@type\":\"BreadcrumbList\",\"@id\":\"https:\/\/www.visit-ulcinj.com\/blog\/2011\/11\/09\/kovacevic-cungut-s-ka-nevoje-forca-te-hyje-menjehere-ne-qeveri\/#breadcrumb\",\"itemListElement\":[{\"@type\":\"ListItem\",\"position\":1,\"name\":\"Kova\u00e7evic &#8211; Cungut: S&#8217; ka nevoj\u00eb Forca t\u00eb hyj\u00eb menj\u00ebher\u00eb n\u00eb qeveri\"}]},{\"@type\":\"Person\",\"@id\":\"https:\/\/www.visit-ulcinj.com\/blog\/#\/schema\/person\/dcab619c614d3038751c63bc2aadc06d\",\"name\":\"ulqini\",\"sameAs\":[\"http:\/\/www.visit-ulcinj.com\"],\"url\":\"https:\/\/www.visit-ulcinj.com\/blog\/author\/admin\/\"}]}<\/script>\n<!-- \/ Yoast SEO plugin. -->","yoast_head_json":{"title":"Kova\u00e7evic - Cungut: S' ka nevoj\u00eb Forca t\u00eb hyj\u00eb menj\u00ebher\u00eb n\u00eb qeveri - Lajme nga Ulqini","description":"Partia Demokratike e Socialist\u00ebve \/PDS\/ n\u00ebp\u00ebrmjet z\u00ebdh\u00ebn\u00ebsit t\u00eb saj, Rajko Kova\u00e7evic, dit\u00ebn e m\u00ebrkur\u00eb \u00ebsht\u00eb p\u00ebrgjigjur se \u00ebsht\u00eb e disponuar p\u00ebr","robots":{"index":"index","follow":"follow","max-snippet":"max-snippet:-1","max-image-preview":"max-image-preview:large","max-video-preview":"max-video-preview:-1"},"canonical":"https:\/\/www.visit-ulcinj.com\/blog\/2011\/11\/09\/kovacevic-cungut-s-ka-nevoje-forca-te-hyje-menjehere-ne-qeveri\/","og_locale":"en_US","og_type":"article","og_title":"Kova\u00e7evic - Cungut: S' ka nevoj\u00eb Forca t\u00eb hyj\u00eb menj\u00ebher\u00eb n\u00eb qeveri - Lajme nga Ulqini","og_description":"Partia Demokratike e Socialist\u00ebve \/PDS\/ n\u00ebp\u00ebrmjet z\u00ebdh\u00ebn\u00ebsit t\u00eb saj, Rajko Kova\u00e7evic, dit\u00ebn e m\u00ebrkur\u00eb \u00ebsht\u00eb p\u00ebrgjigjur se \u00ebsht\u00eb e disponuar p\u00ebr","og_url":"https:\/\/www.visit-ulcinj.com\/blog\/2011\/11\/09\/kovacevic-cungut-s-ka-nevoje-forca-te-hyje-menjehere-ne-qeveri\/","og_site_name":"Lajme nga Ulqini","article_published_time":"2011-11-09T13:17:31+00:00","article_modified_time":"2011-11-12T16:57:13+00:00","og_image":[{"url":"http:\/\/www.visit-ulcinj.com\/blog\/wp-content\/uploads\/2011\/11\/Cungu_Kovacevic.jpg"}],"twitter_misc":{"Written by":"ulqini","Est. reading time":"1 minute"},"schema":{"@context":"https:\/\/schema.org","@graph":[{"@type":"WebSite","@id":"https:\/\/www.visit-ulcinj.com\/blog\/#website","url":"https:\/\/www.visit-ulcinj.com\/blog\/","name":"Lajme nga Ulqini","description":"Lajme,Vijesti,Ulqini,Ulqin,Crna Gora,Mali i Zi","potentialAction":[{"@type":"SearchAction","target":{"@type":"EntryPoint","urlTemplate":"https:\/\/www.visit-ulcinj.com\/blog\/?s={search_term_string}"},"query-input":"required name=search_term_string"}],"inLanguage":"en-US"},{"@type":"ImageObject","inLanguage":"en-US","@id":"https:\/\/www.visit-ulcinj.com\/blog\/2011\/11\/09\/kovacevic-cungut-s-ka-nevoje-forca-te-hyje-menjehere-ne-qeveri\/#primaryimage","url":"https:\/\/www.visit-ulcinj.com\/blog\/wp-content\/uploads\/2011\/11\/Cungu_Kovacevic.jpg","contentUrl":"https:\/\/www.visit-ulcinj.com\/blog\/wp-content\/uploads\/2011\/11\/Cungu_Kovacevic.jpg","width":"508","height":"254"},{"@type":"WebPage","@id":"https:\/\/www.visit-ulcinj.com\/blog\/2011\/11\/09\/kovacevic-cungut-s-ka-nevoje-forca-te-hyje-menjehere-ne-qeveri\/#webpage","url":"https:\/\/www.visit-ulcinj.com\/blog\/2011\/11\/09\/kovacevic-cungut-s-ka-nevoje-forca-te-hyje-menjehere-ne-qeveri\/","name":"Kova\u00e7evic - Cungut: S' ka nevoj\u00eb Forca t\u00eb hyj\u00eb menj\u00ebher\u00eb n\u00eb qeveri - Lajme nga Ulqini","isPartOf":{"@id":"https:\/\/www.visit-ulcinj.com\/blog\/#website"},"primaryImageOfPage":{"@id":"https:\/\/www.visit-ulcinj.com\/blog\/2011\/11\/09\/kovacevic-cungut-s-ka-nevoje-forca-te-hyje-menjehere-ne-qeveri\/#primaryimage"},"datePublished":"2011-11-09T13:17:31+00:00","dateModified":"2011-11-12T16:57:13+00:00","author":{"@id":"https:\/\/www.visit-ulcinj.com\/blog\/#\/schema\/person\/dcab619c614d3038751c63bc2aadc06d"},"description":"Partia Demokratike e Socialist\u00ebve \/PDS\/ n\u00ebp\u00ebrmjet z\u00ebdh\u00ebn\u00ebsit t\u00eb saj, Rajko Kova\u00e7evic, dit\u00ebn e m\u00ebrkur\u00eb \u00ebsht\u00eb p\u00ebrgjigjur se \u00ebsht\u00eb e disponuar p\u00ebr","breadcrumb":{"@id":"https:\/\/www.visit-ulcinj.com\/blog\/2011\/11\/09\/kovacevic-cungut-s-ka-nevoje-forca-te-hyje-menjehere-ne-qeveri\/#breadcrumb"},"inLanguage":"en-US","potentialAction":[{"@type":"ReadAction","target":["https:\/\/www.visit-ulcinj.com\/blog\/2011\/11\/09\/kovacevic-cungut-s-ka-nevoje-forca-te-hyje-menjehere-ne-qeveri\/"]}]},{"@type":"BreadcrumbList","@id":"https:\/\/www.visit-ulcinj.com\/blog\/2011\/11\/09\/kovacevic-cungut-s-ka-nevoje-forca-te-hyje-menjehere-ne-qeveri\/#breadcrumb","itemListElement":[{"@type":"ListItem","position":1,"name":"Kova\u00e7evic &#8211; Cungut: S&#8217; ka nevoj\u00eb Forca t\u00eb hyj\u00eb menj\u00ebher\u00eb n\u00eb qeveri"}]},{"@type":"Person","@id":"https:\/\/www.visit-ulcinj.com\/blog\/#\/schema\/person\/dcab619c614d3038751c63bc2aadc06d","name":"ulqini","sameAs":["http:\/\/www.visit-ulcinj.com"],"url":"https:\/\/www.visit-ulcinj.com\/blog\/author\/admin\/"}]}},"jetpack_featured_media_url":"","jetpack_sharing_enabled":true,"jetpack_shortlink":"https:\/\/wp.me\/pe6lTn-dOs","_links":{"self":[{"href":"https:\/\/www.visit-ulcinj.com\/blog\/wp-json\/wp\/v2\/posts\/53100"}],"collection":[{"href":"https:\/\/www.visit-ulcinj.com\/blog\/wp-json\/wp\/v2\/posts"}],"about":[{"href":"https:\/\/www.visit-ulcinj.com\/blog\/wp-json\/wp\/v2\/types\/post"}],"author":[{"embeddable":true,"href":"https:\/\/www.visit-ulcinj.com\/blog\/wp-json\/wp\/v2\/users\/1"}],"replies":[{"embeddable":true,"href":"https:\/\/www.visit-ulcinj.com\/blog\/wp-json\/wp\/v2\/comments?post=53100"}],"version-history":[{"count":8,"href":"https:\/\/www.visit-ulcinj.com\/blog\/wp-json\/wp\/v2\/posts\/53100\/revisions"}],"predecessor-version":[{"id":53212,"href":"https:\/\/www.visit-ulcinj.com\/blog\/wp-json\/wp\/v2\/posts\/53100\/revisions\/53212"}],"wp:attachment":[{"href":"https:\/\/www.visit-ulcinj.com\/blog\/wp-json\/wp\/v2\/media?parent=53100"}],"wp:term":[{"taxonomy":"category","embeddable":true,"href":"https:\/\/www.visit-ulcinj.com\/blog\/wp-json\/wp\/v2\/categories?post=53100"},{"taxonomy":"post_tag","embeddable":true,"href":"https:\/\/www.visit-ulcinj.com\/blog\/wp-json\/wp\/v2\/tags?post=53100"}],"curies":[{"name":"wp","href":"https:\/\/api.w.org\/{rel}","templated":true}]}}