{"id":53102,"date":"2011-11-09T13:40:43","date_gmt":"2011-11-09T12:40:43","guid":{"rendered":"http:\/\/www.visit-ulcinj.com\/blog\/?p=53102"},"modified":"2011-11-09T13:40:43","modified_gmt":"2011-11-09T12:40:43","slug":"kovacevic-ne-mora-forca-odmah-u-vladu","status":"publish","type":"post","link":"https:\/\/www.visit-ulcinj.com\/blog\/2011\/11\/09\/kovacevic-ne-mora-forca-odmah-u-vladu\/","title":{"rendered":"Kova\u010devi\u0107: Ne mora Forca odmah u Vladu"},"content":{"rendered":"<p><a href=\"http:\/\/www.visit-ulcinj.com\/blog\/wp-content\/uploads\/2011\/11\/Rajko-Kovacevic.jpg\"><img loading=\"lazy\" class=\"alignleft size-full wp-image-53103\" title=\"Politika\" src=\"http:\/\/www.visit-ulcinj.com\/blog\/wp-content\/uploads\/2011\/11\/Rajko-Kovacevic.jpg\" alt=\"\" width=\"508\" height=\"380\" srcset=\"https:\/\/www.visit-ulcinj.com\/blog\/wp-content\/uploads\/2011\/11\/Rajko-Kovacevic.jpg 800w, https:\/\/www.visit-ulcinj.com\/blog\/wp-content\/uploads\/2011\/11\/Rajko-Kovacevic-300x225.jpg 300w\" sizes=\"(max-width: 508px) 100vw, 508px\" \/><\/a>Demokratska partija socijalista (DPS) raspolo\u017eena je za saradnju sa drugim partijama, ali se koalicioni savezi ne moraju uvijek stvarati na dr\u017eavnom nivou, ocijenio je portparol te stranke Rajko Kova\u010devi\u0107.<\/p>\n<p>Komentari\u0161u\u0107i tvrdnje lidera Force Nazifa Cungua da je ta stranka spremna za ulazak u Vladu, Kova\u010devi\u0107 je kazao da strana\u010dki organi DPS-a jo\u0161 nijesu razmatrali tu mogu\u0107nost.<\/p>\n<p>\u201cDPS je partija koja je otvorena za saradnju sa svima koji sa nama dijele iste ili sli\u010dne vrijednosti i strate\u0161ka programska opredjeljenja. Ta saradnja koju na\u0161a stranka ima sa ostalim partijama ne mora se uvijek ostvarivati na dr\u017eavnom nivou. Sara\u0111ivati mo\u017eemo i na lokalnom nivou\u201d, kazao je Kova\u010devi\u0107.<\/p>\n<p>Lider Force i gradona\u010delnik Ulcinja kazao je ju\u010de u intervjuu \u201cVijestima\u201d da je sa najvi\u0161im funkcionerima DPS-a vodio pregovore o saradnji na dr\u017eavnom nivou, navode\u0107i da \u0107e se pregovori nastaviti do kraja mjeseca.<\/p>\n<p>Cungu je rekao i da bi ulaskom u republi\u010dku vlast Forca na najbolji na\u010din pomogla u rje\u0161avanju problema sa kojima se suo\u010davaju Albanci u Crnoj Gori. U tom slu\u010daju, kako je kazao, njegova partija tra\u017eila bi mjesta pomo\u0107nika u svim ministarstvima.<\/p>\n<p>U Vladi Albance trenutno predstavlja Demokratska unija Albanaca (DUA) Ferhata Dino\u0161e, koja pokriva Ministarstvo za za\u0161titu ljudskih i manjinskih prava.<\/p>\n<p><a href=\"http:\/\/www.vijesti.me\/vijesti\/kovacevic-ne-mora-forca-odmah-vladu-clanak-46082\" target=\"_blank\"><strong>Samir Kajo\u0161evi\u0107<\/strong><br \/>\n<strong> Vijesti<\/strong><\/a><\/p>\n","protected":false},"excerpt":{"rendered":"<p>Demokratska partija socijalista (DPS) raspolo\u017eena je za saradnju sa drugim partijama, ali se koalicioni savezi ne moraju uvijek stvarati na dr\u017eavnom nivou, ocijenio je portparol te stranke Rajko Kova\u010devi\u0107. Komentari\u0161u\u0107i tvrdnje lidera Force Nazifa Cungua da je ta stranka spremna za ulazak u Vladu, Kova\u010devi\u0107 je kazao da strana\u010dki organi DPS-a jo\u0161 nijesu razmatrali tu [&hellip;]<\/p>\n","protected":false},"author":1,"featured_media":0,"comment_status":"open","ping_status":"closed","sticky":false,"template":"","format":"standard","meta":{"spay_email":"","jetpack_publicize_message":"","jetpack_is_tweetstorm":false,"jetpack_publicize_feature_enabled":true},"categories":[8337],"tags":[530,117,118,1056,19],"jetpack_publicize_connections":[],"yoast_head":"<!-- This site is optimized with the Yoast SEO plugin v19.1 - https:\/\/yoast.com\/wordpress\/plugins\/seo\/ -->\n<title>Kova\u010devi\u0107: Ne mora Forca odmah u Vladu - Lajme nga Ulqini<\/title>\n<meta name=\"description\" content=\"Demokratska partija socijalista (DPS) raspolo\u017eena je za saradnju sa drugim partijama, ali se koalicioni savezi ne moraju uvijek stvarati na dr\u017eavnom\" \/>\n<meta name=\"robots\" content=\"index, follow, max-snippet:-1, max-image-preview:large, max-video-preview:-1\" \/>\n<link rel=\"canonical\" href=\"https:\/\/www.visit-ulcinj.com\/blog\/2011\/11\/09\/kovacevic-ne-mora-forca-odmah-u-vladu\/\" \/>\n<meta property=\"og:locale\" content=\"en_US\" \/>\n<meta property=\"og:type\" content=\"article\" \/>\n<meta property=\"og:title\" content=\"Kova\u010devi\u0107: Ne mora Forca odmah u Vladu - Lajme nga Ulqini\" \/>\n<meta property=\"og:description\" content=\"Demokratska partija socijalista (DPS) raspolo\u017eena je za saradnju sa drugim partijama, ali se koalicioni savezi ne moraju uvijek stvarati na dr\u017eavnom\" \/>\n<meta property=\"og:url\" content=\"https:\/\/www.visit-ulcinj.com\/blog\/2011\/11\/09\/kovacevic-ne-mora-forca-odmah-u-vladu\/\" \/>\n<meta property=\"og:site_name\" content=\"Lajme nga Ulqini\" \/>\n<meta property=\"article:published_time\" content=\"2011-11-09T12:40:43+00:00\" \/>\n<meta property=\"og:image\" content=\"http:\/\/www.visit-ulcinj.com\/blog\/wp-content\/uploads\/2011\/11\/Rajko-Kovacevic.jpg\" \/>\n<meta name=\"twitter:label1\" content=\"Written by\" \/>\n\t<meta name=\"twitter:data1\" content=\"ulqini\" \/>\n\t<meta name=\"twitter:label2\" content=\"Est. reading time\" \/>\n\t<meta name=\"twitter:data2\" content=\"1 minute\" \/>\n<script type=\"application\/ld+json\" class=\"yoast-schema-graph\">{\"@context\":\"https:\/\/schema.org\",\"@graph\":[{\"@type\":\"WebSite\",\"@id\":\"https:\/\/www.visit-ulcinj.com\/blog\/#website\",\"url\":\"https:\/\/www.visit-ulcinj.com\/blog\/\",\"name\":\"Lajme nga Ulqini\",\"description\":\"Lajme,Vijesti,Ulqini,Ulqin,Crna Gora,Mali i Zi\",\"potentialAction\":[{\"@type\":\"SearchAction\",\"target\":{\"@type\":\"EntryPoint\",\"urlTemplate\":\"https:\/\/www.visit-ulcinj.com\/blog\/?s={search_term_string}\"},\"query-input\":\"required name=search_term_string\"}],\"inLanguage\":\"en-US\"},{\"@type\":\"ImageObject\",\"inLanguage\":\"en-US\",\"@id\":\"https:\/\/www.visit-ulcinj.com\/blog\/2011\/11\/09\/kovacevic-ne-mora-forca-odmah-u-vladu\/#primaryimage\",\"url\":\"https:\/\/www.visit-ulcinj.com\/blog\/wp-content\/uploads\/2011\/11\/Rajko-Kovacevic.jpg\",\"contentUrl\":\"https:\/\/www.visit-ulcinj.com\/blog\/wp-content\/uploads\/2011\/11\/Rajko-Kovacevic.jpg\",\"width\":\"800\",\"height\":\"600\"},{\"@type\":\"WebPage\",\"@id\":\"https:\/\/www.visit-ulcinj.com\/blog\/2011\/11\/09\/kovacevic-ne-mora-forca-odmah-u-vladu\/#webpage\",\"url\":\"https:\/\/www.visit-ulcinj.com\/blog\/2011\/11\/09\/kovacevic-ne-mora-forca-odmah-u-vladu\/\",\"name\":\"Kova\u010devi\u0107: Ne mora Forca odmah u Vladu - Lajme nga Ulqini\",\"isPartOf\":{\"@id\":\"https:\/\/www.visit-ulcinj.com\/blog\/#website\"},\"primaryImageOfPage\":{\"@id\":\"https:\/\/www.visit-ulcinj.com\/blog\/2011\/11\/09\/kovacevic-ne-mora-forca-odmah-u-vladu\/#primaryimage\"},\"datePublished\":\"2011-11-09T12:40:43+00:00\",\"dateModified\":\"2011-11-09T12:40:43+00:00\",\"author\":{\"@id\":\"https:\/\/www.visit-ulcinj.com\/blog\/#\/schema\/person\/dcab619c614d3038751c63bc2aadc06d\"},\"description\":\"Demokratska partija socijalista (DPS) raspolo\u017eena je za saradnju sa drugim partijama, ali se koalicioni savezi ne moraju uvijek stvarati na dr\u017eavnom\",\"breadcrumb\":{\"@id\":\"https:\/\/www.visit-ulcinj.com\/blog\/2011\/11\/09\/kovacevic-ne-mora-forca-odmah-u-vladu\/#breadcrumb\"},\"inLanguage\":\"en-US\",\"potentialAction\":[{\"@type\":\"ReadAction\",\"target\":[\"https:\/\/www.visit-ulcinj.com\/blog\/2011\/11\/09\/kovacevic-ne-mora-forca-odmah-u-vladu\/\"]}]},{\"@type\":\"BreadcrumbList\",\"@id\":\"https:\/\/www.visit-ulcinj.com\/blog\/2011\/11\/09\/kovacevic-ne-mora-forca-odmah-u-vladu\/#breadcrumb\",\"itemListElement\":[{\"@type\":\"ListItem\",\"position\":1,\"name\":\"Kova\u010devi\u0107: Ne mora Forca odmah u Vladu\"}]},{\"@type\":\"Person\",\"@id\":\"https:\/\/www.visit-ulcinj.com\/blog\/#\/schema\/person\/dcab619c614d3038751c63bc2aadc06d\",\"name\":\"ulqini\",\"sameAs\":[\"http:\/\/www.visit-ulcinj.com\"],\"url\":\"https:\/\/www.visit-ulcinj.com\/blog\/author\/admin\/\"}]}<\/script>\n<!-- \/ Yoast SEO plugin. -->","yoast_head_json":{"title":"Kova\u010devi\u0107: Ne mora Forca odmah u Vladu - Lajme nga Ulqini","description":"Demokratska partija socijalista (DPS) raspolo\u017eena je za saradnju sa drugim partijama, ali se koalicioni savezi ne moraju uvijek stvarati na dr\u017eavnom","robots":{"index":"index","follow":"follow","max-snippet":"max-snippet:-1","max-image-preview":"max-image-preview:large","max-video-preview":"max-video-preview:-1"},"canonical":"https:\/\/www.visit-ulcinj.com\/blog\/2011\/11\/09\/kovacevic-ne-mora-forca-odmah-u-vladu\/","og_locale":"en_US","og_type":"article","og_title":"Kova\u010devi\u0107: Ne mora Forca odmah u Vladu - Lajme nga Ulqini","og_description":"Demokratska partija socijalista (DPS) raspolo\u017eena je za saradnju sa drugim partijama, ali se koalicioni savezi ne moraju uvijek stvarati na dr\u017eavnom","og_url":"https:\/\/www.visit-ulcinj.com\/blog\/2011\/11\/09\/kovacevic-ne-mora-forca-odmah-u-vladu\/","og_site_name":"Lajme nga Ulqini","article_published_time":"2011-11-09T12:40:43+00:00","og_image":[{"url":"http:\/\/www.visit-ulcinj.com\/blog\/wp-content\/uploads\/2011\/11\/Rajko-Kovacevic.jpg"}],"twitter_misc":{"Written by":"ulqini","Est. reading time":"1 minute"},"schema":{"@context":"https:\/\/schema.org","@graph":[{"@type":"WebSite","@id":"https:\/\/www.visit-ulcinj.com\/blog\/#website","url":"https:\/\/www.visit-ulcinj.com\/blog\/","name":"Lajme nga Ulqini","description":"Lajme,Vijesti,Ulqini,Ulqin,Crna Gora,Mali i Zi","potentialAction":[{"@type":"SearchAction","target":{"@type":"EntryPoint","urlTemplate":"https:\/\/www.visit-ulcinj.com\/blog\/?s={search_term_string}"},"query-input":"required name=search_term_string"}],"inLanguage":"en-US"},{"@type":"ImageObject","inLanguage":"en-US","@id":"https:\/\/www.visit-ulcinj.com\/blog\/2011\/11\/09\/kovacevic-ne-mora-forca-odmah-u-vladu\/#primaryimage","url":"https:\/\/www.visit-ulcinj.com\/blog\/wp-content\/uploads\/2011\/11\/Rajko-Kovacevic.jpg","contentUrl":"https:\/\/www.visit-ulcinj.com\/blog\/wp-content\/uploads\/2011\/11\/Rajko-Kovacevic.jpg","width":"800","height":"600"},{"@type":"WebPage","@id":"https:\/\/www.visit-ulcinj.com\/blog\/2011\/11\/09\/kovacevic-ne-mora-forca-odmah-u-vladu\/#webpage","url":"https:\/\/www.visit-ulcinj.com\/blog\/2011\/11\/09\/kovacevic-ne-mora-forca-odmah-u-vladu\/","name":"Kova\u010devi\u0107: Ne mora Forca odmah u Vladu - Lajme nga Ulqini","isPartOf":{"@id":"https:\/\/www.visit-ulcinj.com\/blog\/#website"},"primaryImageOfPage":{"@id":"https:\/\/www.visit-ulcinj.com\/blog\/2011\/11\/09\/kovacevic-ne-mora-forca-odmah-u-vladu\/#primaryimage"},"datePublished":"2011-11-09T12:40:43+00:00","dateModified":"2011-11-09T12:40:43+00:00","author":{"@id":"https:\/\/www.visit-ulcinj.com\/blog\/#\/schema\/person\/dcab619c614d3038751c63bc2aadc06d"},"description":"Demokratska partija socijalista (DPS) raspolo\u017eena je za saradnju sa drugim partijama, ali se koalicioni savezi ne moraju uvijek stvarati na dr\u017eavnom","breadcrumb":{"@id":"https:\/\/www.visit-ulcinj.com\/blog\/2011\/11\/09\/kovacevic-ne-mora-forca-odmah-u-vladu\/#breadcrumb"},"inLanguage":"en-US","potentialAction":[{"@type":"ReadAction","target":["https:\/\/www.visit-ulcinj.com\/blog\/2011\/11\/09\/kovacevic-ne-mora-forca-odmah-u-vladu\/"]}]},{"@type":"BreadcrumbList","@id":"https:\/\/www.visit-ulcinj.com\/blog\/2011\/11\/09\/kovacevic-ne-mora-forca-odmah-u-vladu\/#breadcrumb","itemListElement":[{"@type":"ListItem","position":1,"name":"Kova\u010devi\u0107: Ne mora Forca odmah u Vladu"}]},{"@type":"Person","@id":"https:\/\/www.visit-ulcinj.com\/blog\/#\/schema\/person\/dcab619c614d3038751c63bc2aadc06d","name":"ulqini","sameAs":["http:\/\/www.visit-ulcinj.com"],"url":"https:\/\/www.visit-ulcinj.com\/blog\/author\/admin\/"}]}},"jetpack_featured_media_url":"","jetpack_sharing_enabled":true,"jetpack_shortlink":"https:\/\/wp.me\/pe6lTn-dOu","_links":{"self":[{"href":"https:\/\/www.visit-ulcinj.com\/blog\/wp-json\/wp\/v2\/posts\/53102"}],"collection":[{"href":"https:\/\/www.visit-ulcinj.com\/blog\/wp-json\/wp\/v2\/posts"}],"about":[{"href":"https:\/\/www.visit-ulcinj.com\/blog\/wp-json\/wp\/v2\/types\/post"}],"author":[{"embeddable":true,"href":"https:\/\/www.visit-ulcinj.com\/blog\/wp-json\/wp\/v2\/users\/1"}],"replies":[{"embeddable":true,"href":"https:\/\/www.visit-ulcinj.com\/blog\/wp-json\/wp\/v2\/comments?post=53102"}],"version-history":[{"count":1,"href":"https:\/\/www.visit-ulcinj.com\/blog\/wp-json\/wp\/v2\/posts\/53102\/revisions"}],"predecessor-version":[{"id":53104,"href":"https:\/\/www.visit-ulcinj.com\/blog\/wp-json\/wp\/v2\/posts\/53102\/revisions\/53104"}],"wp:attachment":[{"href":"https:\/\/www.visit-ulcinj.com\/blog\/wp-json\/wp\/v2\/media?parent=53102"}],"wp:term":[{"taxonomy":"category","embeddable":true,"href":"https:\/\/www.visit-ulcinj.com\/blog\/wp-json\/wp\/v2\/categories?post=53102"},{"taxonomy":"post_tag","embeddable":true,"href":"https:\/\/www.visit-ulcinj.com\/blog\/wp-json\/wp\/v2\/tags?post=53102"}],"curies":[{"name":"wp","href":"https:\/\/api.w.org\/{rel}","templated":true}]}}