{"id":53119,"date":"2011-11-10T09:57:41","date_gmt":"2011-11-10T08:57:41","guid":{"rendered":"http:\/\/www.visit-ulcinj.com\/blog\/?p=53119"},"modified":"2011-11-19T11:57:56","modified_gmt":"2011-11-19T10:57:56","slug":"basri-capriqi-i-ftuar-ne-ditet-e-kulturave-te-pakicave-ne-malin-e-zi","status":"publish","type":"post","link":"https:\/\/www.visit-ulcinj.com\/blog\/2011\/11\/10\/basri-capriqi-i-ftuar-ne-ditet-e-kulturave-te-pakicave-ne-malin-e-zi\/","title":{"rendered":"Basri \u00c7apriqi i ftuar n\u00eb dit\u00ebt e kulturave t\u00eb pakicave n\u00eb Malin e Zi"},"content":{"rendered":"<p><a href=\"http:\/\/www.visit-ulcinj.com\/blog\/wp-content\/uploads\/2011\/11\/Igor-Llukshiq-hapi-dit%C3%ABt-e-kultur%C3%ABs-t%C3%AB-pakicave-2011.jpg\"><img loading=\"lazy\" class=\"alignleft size-full wp-image-53122\" title=\"Igor Llukshiq  hapi dit\u00ebt e kultur\u00ebs t\u00eb pakicave 2011\" src=\"http:\/\/www.visit-ulcinj.com\/blog\/wp-content\/uploads\/2011\/11\/Igor-Llukshiq-hapi-dit%C3%ABt-e-kultur%C3%ABs-t%C3%AB-pakicave-2011.jpg\" alt=\"\" width=\"508\" height=\"380\" \/><\/a>N\u00eb kryeqytetin malazias, Podgoric\u00eb nisi t\u00eb markuren, n\u00eb mbr\u00ebmje, manifestimi, tashm\u00eb, tradicional, \u201cDit\u00ebt e kulturave t\u00eb pakicave 2011\u201d,i cili p\u00ebrfundon n\u00eb n\u00eb fund t\u00eb k\u00ebtij muaji.<br \/>\nK\u00ebt\u00eb veprimtari e organizon Qendra p\u00ebr Ruajtjen dhe Zhvillimin e kulturave t\u00eb Pakicave n\u00eb Mal t\u00eb Zi.<br \/>\nMbr\u00ebme \u00a0n\u00eb teatrin popullor malazez\u00eb kryeministri i Malit t\u00eb Zi ,Igor Llukshiq \u00a0hapi dit\u00ebt e kultur\u00ebs t\u00eb pakicave 2011.<br \/>\nDrejtori i k\u00ebsaj qendre, Mirsad Muliq deklaroi p\u00ebr se edicioni i sivjet\u00ebm ka shum\u00eb risi n\u00eb aspektin e afirmimit t\u00eb vlerave t\u00eb kulturave t\u00eb pakicave dhe bashk\u00ebjetes\u00ebs s\u00eb tyre n\u00eb shoq\u00ebrin\u00eb malazeze.<br \/>\n<a href=\"http:\/\/www.visit-ulcinj.com\/blog\/wp-content\/uploads\/2011\/11\/Ditet-e-kultures-te-pakicave-ne-Mal-te-Zi_2011.jpg\"><img loading=\"lazy\" class=\"alignleft size-full wp-image-53129\" title=\"Ditet e kultures te pakicave ne Mal te Zi_2011\" src=\"http:\/\/www.visit-ulcinj.com\/blog\/wp-content\/uploads\/2011\/11\/Ditet-e-kultures-te-pakicave-ne-Mal-te-Zi_2011.jpg\" alt=\"\" width=\"508\" height=\"330\" \/><\/a><\/p>\n<p>Programin u\u00a0 hap me mbr\u00ebmje t\u00eb poezive dhe me nj\u00eb program muzikor q\u00eb edhe k\u00ebt\u00eb vit organizohet nga Qendra p\u00ebr ruajtjen dhe zhvillimin e kultur\u00ebs se pakicave me sloganin &#8221; Ja tek jemi&#8221;. Prej sonte deri me 28 t\u00eb k\u00ebtij muaji kjo qend\u00ebr n\u00eb kuad\u00ebr t\u00eb k\u00ebtyre dit\u00ebve ka p\u00ebrgatitur nj\u00eb larmi programesh, mbr\u00ebmje poetike mbr\u00ebmje muzikore, skenike dhe artistike, ku do t\u00eb paraqiten n\u00eb disa qytete si n\u00eb Podgoric\u00eb, Beran\u00eb, B. Pole ,Ulqin, Tivar e Tivat.<\/p>\n<p>N\u00eb Ulqin do t\u00eb mbahet mbr\u00ebmja, ku do t\u00eb prezantohet kompakt disku me melodi burimore t\u00eb zgjedhura shqiptare.<\/p>\n<p>Sipas agjend\u00ebs s\u00eb manifestimit, nga shkrimtar\u00ebt shqiptar\u00eb merr pjes\u00eb vet\u00ebm Basri \u00c7apriqi, nd\u00ebrsa me nj\u00eb performanc\u00eb t\u00eb posa\u00e7me do t\u00eb p\u00ebrkujtohet edhe shkrimtar\u00ebve tjer\u00eb .<br \/>\n<a href=\"http:\/\/www.visit-ulcinj.com\/blog\/wp-content\/uploads\/2011\/11\/Basri-Capriqi_kryetar-PEN-qendr%C3%ABs-s%C3%AB-Kosov%C3%ABs.jpg\"><img loading=\"lazy\" class=\"alignleft size-full wp-image-53123\" title=\"Basri Capriqi_kryetar PEN qendr\u00ebs s\u00eb Kosov\u00ebs\" src=\"http:\/\/www.visit-ulcinj.com\/blog\/wp-content\/uploads\/2011\/11\/Basri-Capriqi_kryetar-PEN-qendr%C3%ABs-s%C3%AB-Kosov%C3%ABs.jpg\" alt=\"\" width=\"508\" height=\"367\" \/><\/a><\/p>\n<p><strong>P\u00ebrurohet libri i p\u00ebrkthyer \u201cP\u00ebrsosm\u00ebria e ujit\u201d i Basri \u00c7apriqit<\/strong><\/p>\n<p>N\u00eb kuad\u00ebr t\u00eb manifestimit tradicional \u201cDit\u00ebt e kulturave t\u00eb pakicave 2011\u201d, t\u00eb cilin e organizon Qendra p\u00ebr Mbrojtjen dhe Zhvillimin e Kulturave t\u00eb Pakicave t\u00eb Malit t\u00eb Zi, i cili nisi t\u00eb m\u00ebrkur\u00ebn edhe mbyllet n\u00eb fund t\u00eb k\u00ebtij muaji, p\u00ebrurohet edhe v\u00ebllimi me poezi \u201cP\u00ebrsosm\u00ebria e ujit\u201d t\u00eb Basri \u00c7apriqit, t\u00eb cilin n\u00eb gjuh\u00ebn malazeze e ka p\u00ebrkthyer Qazim Muja. Ky \u00ebsht\u00eb i vetmi prezantim nga let\u00ebrsia shqipe n\u00eb k\u00ebto takime, shkruan KosovaLive.<\/p>\n<p><strong><a href=\"http:\/\/www.visit-ulcinj.com\/blog\/wp-content\/uploads\/2011\/11\/Basri-Capriqi.jpg\"><img loading=\"lazy\" class=\"alignleft size-full wp-image-53130\" title=\"Basri Capriqi\" src=\"http:\/\/www.visit-ulcinj.com\/blog\/wp-content\/uploads\/2011\/11\/Basri-Capriqi.jpg\" alt=\"\" width=\"340\" height=\"440\" \/><\/a>Di\u00e7ka p\u00ebr Basri \u00c7apriqin<\/strong><\/p>\n<p>BASRI \u00c7APRIQI lindi n\u00eb Kryth\u00eb &#8211; Ulqin n\u00eb vitin 1960. Gjimnazin e kreu n\u00eb Ulqin. Ka studiuar Let\u00ebrsin\u00eb Shqipe n\u00eb Universitetin e Prishtin\u00ebs, ka magjistru n\u00eb vitin 1988, nd\u00ebrsa n\u00eb vitin 2004 doktoroi. Punon n\u00eb Universite\u00adtin e Prishtin\u00ebs si ligj\u00ebrues i stilistik\u00ebs dhe semiologjis\u00eb, n\u00eb Deg\u00ebn p\u00ebr let\u00ebrsin\u00eb shqipe, t\u00eb p\u00ebrgjithshme dhe krahasuese. Shkruan poezi, kritik\u00eb dhe ese. Poezit\u00eb e tija jan\u00eb p\u00ebrkthyer n\u00eb shum\u00eb gjuh\u00eb si n\u00eb gjuh\u00ebn angleze, franceze, gjermane, rumune, polake, serbe, kroate, maqedonase dhe malazeze. Q\u00eb nga viti 2004 \u00ebsht\u00eb kryetar PEN qendr\u00ebs s\u00eb Kosov\u00ebs. N\u00eb vitin 2006 \u00ebsht\u00eb zgjedhur Kryetar i K\u00ebshillit Drejtues t\u00eb Universitetit t\u00eb Prishtin\u00ebs. Veprat letrare t\u00eb tija jan\u00eb: Ulli me dy mij\u00eb unaza, N\u00eb fund t\u00eb ver\u00ebs, Ma qet gjuh\u00ebn, Frutat bizare, Zbutja e gjarprit, The Grass on the Window, Mik\u00adrostruktura e tekstit, Aksidenti i or\u00ebs shqiptare, P\u00ebrmasat e kontekstit. Simboli dhe rivalet e tij.<br \/>\n\n\t\t<style type=\"text\/css\">\n\t\t\t#gallery-1 {\n\t\t\t\tmargin: auto;\n\t\t\t}\n\t\t\t#gallery-1 .gallery-item {\n\t\t\t\tfloat: left;\n\t\t\t\tmargin-top: 10px;\n\t\t\t\ttext-align: center;\n\t\t\t\twidth: 33%;\n\t\t\t}\n\t\t\t#gallery-1 img {\n\t\t\t\tborder: 2px solid #cfcfcf;\n\t\t\t}\n\t\t\t#gallery-1 .gallery-caption {\n\t\t\t\tmargin-left: 0;\n\t\t\t}\n\t\t\t\/* see gallery_shortcode() in wp-includes\/media.php *\/\n\t\t<\/style>\n\t\t<div id='gallery-1' class='gallery galleryid-53119 gallery-columns-3 gallery-size-thumbnail'><dl class='gallery-item'>\n\t\t\t<dt class='gallery-icon landscape'>\n\t\t\t\t<a href='https:\/\/www.visit-ulcinj.com\/blog\/wp-content\/uploads\/2011\/11\/Igor-Llukshiq-hapi-dit\u00ebt-e-kultur\u00ebs-t\u00eb-pakicave-2011.jpg'><img width=\"150\" height=\"150\" src=\"https:\/\/www.visit-ulcinj.com\/blog\/wp-content\/uploads\/2011\/11\/Igor-Llukshiq-hapi-dit\u00ebt-e-kultur\u00ebs-t\u00eb-pakicave-2011-150x150.jpg\" class=\"attachment-thumbnail size-thumbnail\" alt=\"\" loading=\"lazy\" \/><\/a>\n\t\t\t<\/dt><\/dl><dl class='gallery-item'>\n\t\t\t<dt class='gallery-icon landscape'>\n\t\t\t\t<a href='https:\/\/www.visit-ulcinj.com\/blog\/wp-content\/uploads\/2011\/11\/Basri-Capriqi_kryetar-PEN-qendr\u00ebs-s\u00eb-Kosov\u00ebs.jpg'><img width=\"150\" height=\"150\" src=\"https:\/\/www.visit-ulcinj.com\/blog\/wp-content\/uploads\/2011\/11\/Basri-Capriqi_kryetar-PEN-qendr\u00ebs-s\u00eb-Kosov\u00ebs-150x150.jpg\" class=\"attachment-thumbnail size-thumbnail\" alt=\"\" loading=\"lazy\" \/><\/a>\n\t\t\t<\/dt><\/dl><dl class='gallery-item'>\n\t\t\t<dt class='gallery-icon landscape'>\n\t\t\t\t<a href='https:\/\/www.visit-ulcinj.com\/blog\/wp-content\/uploads\/2011\/11\/Ditet-e-kultures-te-pakicave-ne-Mal-te-Zi_2011.4_picnik.jpg'><img width=\"150\" height=\"150\" src=\"https:\/\/www.visit-ulcinj.com\/blog\/wp-content\/uploads\/2011\/11\/Ditet-e-kultures-te-pakicave-ne-Mal-te-Zi_2011.4_picnik-150x150.jpg\" class=\"attachment-thumbnail size-thumbnail\" alt=\"\" loading=\"lazy\" \/><\/a>\n\t\t\t<\/dt><\/dl><br style=\"clear: both\" \/><dl class='gallery-item'>\n\t\t\t<dt class='gallery-icon landscape'>\n\t\t\t\t<a href='https:\/\/www.visit-ulcinj.com\/blog\/wp-content\/uploads\/2011\/11\/Ditet-e-kultures-te-pakicave-ne-Mal-te-Zi_2011.1.jpg'><img width=\"150\" height=\"150\" src=\"https:\/\/www.visit-ulcinj.com\/blog\/wp-content\/uploads\/2011\/11\/Ditet-e-kultures-te-pakicave-ne-Mal-te-Zi_2011.1-150x150.jpg\" class=\"attachment-thumbnail size-thumbnail\" alt=\"\" loading=\"lazy\" \/><\/a>\n\t\t\t<\/dt><\/dl><dl class='gallery-item'>\n\t\t\t<dt class='gallery-icon landscape'>\n\t\t\t\t<a href='https:\/\/www.visit-ulcinj.com\/blog\/wp-content\/uploads\/2011\/11\/Ditet-e-kultures-te-pakicave-ne-Mal-te-Zi_2011.2.jpg'><img width=\"150\" height=\"150\" src=\"https:\/\/www.visit-ulcinj.com\/blog\/wp-content\/uploads\/2011\/11\/Ditet-e-kultures-te-pakicave-ne-Mal-te-Zi_2011.2-150x150.jpg\" class=\"attachment-thumbnail size-thumbnail\" alt=\"\" loading=\"lazy\" \/><\/a>\n\t\t\t<\/dt><\/dl><dl class='gallery-item'>\n\t\t\t<dt class='gallery-icon landscape'>\n\t\t\t\t<a href='https:\/\/www.visit-ulcinj.com\/blog\/wp-content\/uploads\/2011\/11\/Ditet-e-kultures-te-pakicave-ne-Mal-te-Zi_2011.3.jpg'><img width=\"150\" height=\"150\" src=\"https:\/\/www.visit-ulcinj.com\/blog\/wp-content\/uploads\/2011\/11\/Ditet-e-kultures-te-pakicave-ne-Mal-te-Zi_2011.3-150x150.jpg\" class=\"attachment-thumbnail size-thumbnail\" alt=\"\" loading=\"lazy\" \/><\/a>\n\t\t\t<\/dt><\/dl><br style=\"clear: both\" \/><dl class='gallery-item'>\n\t\t\t<dt class='gallery-icon landscape'>\n\t\t\t\t<a href='https:\/\/www.visit-ulcinj.com\/blog\/wp-content\/uploads\/2011\/11\/Ditet-e-kultures-te-pakicave-ne-Mal-te-Zi_2011.4.jpg'><img width=\"150\" height=\"150\" src=\"https:\/\/www.visit-ulcinj.com\/blog\/wp-content\/uploads\/2011\/11\/Ditet-e-kultures-te-pakicave-ne-Mal-te-Zi_2011.4-150x150.jpg\" class=\"attachment-thumbnail size-thumbnail\" alt=\"\" loading=\"lazy\" \/><\/a>\n\t\t\t<\/dt><\/dl><dl class='gallery-item'>\n\t\t\t<dt class='gallery-icon landscape'>\n\t\t\t\t<a href='https:\/\/www.visit-ulcinj.com\/blog\/wp-content\/uploads\/2011\/11\/Ditet-e-kultures-te-pakicave-ne-Mal-te-Zi_2011.jpg'><img width=\"150\" height=\"150\" src=\"https:\/\/www.visit-ulcinj.com\/blog\/wp-content\/uploads\/2011\/11\/Ditet-e-kultures-te-pakicave-ne-Mal-te-Zi_2011-150x150.jpg\" class=\"attachment-thumbnail size-thumbnail\" alt=\"\" loading=\"lazy\" \/><\/a>\n\t\t\t<\/dt><\/dl><dl class='gallery-item'>\n\t\t\t<dt class='gallery-icon portrait'>\n\t\t\t\t<a href='https:\/\/www.visit-ulcinj.com\/blog\/wp-content\/uploads\/2011\/11\/Basri-Capriqi.jpg'><img width=\"150\" height=\"150\" src=\"https:\/\/www.visit-ulcinj.com\/blog\/wp-content\/uploads\/2011\/11\/Basri-Capriqi-150x150.jpg\" class=\"attachment-thumbnail size-thumbnail\" alt=\"\" loading=\"lazy\" \/><\/a>\n\t\t\t<\/dt><\/dl><br style=\"clear: both\" \/>\n\t\t<\/div>\n<br \/>\n<!--YouTube Error: bad URL entered--><\/p>\n<p>&nbsp;<\/p>\n","protected":false},"excerpt":{"rendered":"<p>N\u00eb kryeqytetin malazias, Podgoric\u00eb nisi t\u00eb markuren, n\u00eb mbr\u00ebmje, manifestimi, tashm\u00eb, tradicional, \u201cDit\u00ebt e kulturave t\u00eb pakicave 2011\u201d,i cili p\u00ebrfundon n\u00eb n\u00eb fund t\u00eb k\u00ebtij muaji. K\u00ebt\u00eb veprimtari e organizon Qendra p\u00ebr Ruajtjen dhe Zhvillimin e kulturave t\u00eb Pakicave n\u00eb Mal t\u00eb Zi. Mbr\u00ebme \u00a0n\u00eb teatrin popullor malazez\u00eb kryeministri i Malit t\u00eb Zi ,Igor Llukshiq [&hellip;]<\/p>\n","protected":false},"author":1,"featured_media":0,"comment_status":"open","ping_status":"closed","sticky":false,"template":"","format":"standard","meta":{"spay_email":"","jetpack_publicize_message":"","jetpack_is_tweetstorm":false,"jetpack_publicize_feature_enabled":true},"categories":[4],"tags":[19430,951,3382,19429,6426,2671,19431,95,19428,338,195,1655,1334,200,18],"jetpack_publicize_connections":[],"yoast_head":"<!-- This site is optimized with the Yoast SEO plugin v19.1 - https:\/\/yoast.com\/wordpress\/plugins\/seo\/ -->\n<title>Basri \u00c7apriqi i ftuar n\u00eb dit\u00ebt e kulturave t\u00eb pakicave n\u00eb Malin e Zi - Lajme nga Ulqini<\/title>\n<meta name=\"description\" content=\"N\u00eb kryeqytetin malazias, Podgoric\u00eb nisi t\u00eb markuren, n\u00eb mbr\u00ebmje, manifestimi, tashm\u00eb, tradicional, \u201cDit\u00ebt e kulturave t\u00eb pakicave 2011\u201d,i cili p\u00ebrfundon\" \/>\n<meta name=\"robots\" content=\"index, follow, max-snippet:-1, max-image-preview:large, max-video-preview:-1\" \/>\n<link rel=\"canonical\" href=\"https:\/\/www.visit-ulcinj.com\/blog\/2011\/11\/10\/basri-capriqi-i-ftuar-ne-ditet-e-kulturave-te-pakicave-ne-malin-e-zi\/\" \/>\n<meta property=\"og:locale\" content=\"en_US\" \/>\n<meta property=\"og:type\" content=\"article\" \/>\n<meta property=\"og:title\" content=\"Basri \u00c7apriqi i ftuar n\u00eb dit\u00ebt e kulturave t\u00eb pakicave n\u00eb Malin e Zi - Lajme nga Ulqini\" \/>\n<meta property=\"og:description\" content=\"N\u00eb kryeqytetin malazias, Podgoric\u00eb nisi t\u00eb markuren, n\u00eb mbr\u00ebmje, manifestimi, tashm\u00eb, tradicional, \u201cDit\u00ebt e kulturave t\u00eb pakicave 2011\u201d,i cili p\u00ebrfundon\" \/>\n<meta property=\"og:url\" content=\"https:\/\/www.visit-ulcinj.com\/blog\/2011\/11\/10\/basri-capriqi-i-ftuar-ne-ditet-e-kulturave-te-pakicave-ne-malin-e-zi\/\" \/>\n<meta property=\"og:site_name\" content=\"Lajme nga Ulqini\" \/>\n<meta property=\"article:published_time\" content=\"2011-11-10T08:57:41+00:00\" \/>\n<meta property=\"article:modified_time\" content=\"2011-11-19T10:57:56+00:00\" \/>\n<meta property=\"og:image\" content=\"https:\/\/www.visit-ulcinj.com\/blog\/wp-content\/uploads\/2011\/11\/Igor-Llukshiq-hapi-dit\u00ebt-e-kultur\u00ebs-t\u00eb-pakicave-2011-150x150.jpg\" \/>\n<meta name=\"twitter:label1\" content=\"Written by\" \/>\n\t<meta name=\"twitter:data1\" content=\"ulqini\" \/>\n\t<meta name=\"twitter:label2\" content=\"Est. reading time\" \/>\n\t<meta name=\"twitter:data2\" content=\"3 minutes\" \/>\n<script type=\"application\/ld+json\" class=\"yoast-schema-graph\">{\"@context\":\"https:\/\/schema.org\",\"@graph\":[{\"@type\":\"WebSite\",\"@id\":\"https:\/\/www.visit-ulcinj.com\/blog\/#website\",\"url\":\"https:\/\/www.visit-ulcinj.com\/blog\/\",\"name\":\"Lajme nga Ulqini\",\"description\":\"Lajme,Vijesti,Ulqini,Ulqin,Crna Gora,Mali i Zi\",\"potentialAction\":[{\"@type\":\"SearchAction\",\"target\":{\"@type\":\"EntryPoint\",\"urlTemplate\":\"https:\/\/www.visit-ulcinj.com\/blog\/?s={search_term_string}\"},\"query-input\":\"required name=search_term_string\"}],\"inLanguage\":\"en-US\"},{\"@type\":\"ImageObject\",\"inLanguage\":\"en-US\",\"@id\":\"https:\/\/www.visit-ulcinj.com\/blog\/2011\/11\/10\/basri-capriqi-i-ftuar-ne-ditet-e-kulturave-te-pakicave-ne-malin-e-zi\/#primaryimage\",\"url\":\"http:\/\/www.visit-ulcinj.com\/blog\/wp-content\/uploads\/2011\/11\/Igor-Llukshiq-hapi-dit%C3%ABt-e-kultur%C3%ABs-t%C3%AB-pakicave-2011.jpg\",\"contentUrl\":\"http:\/\/www.visit-ulcinj.com\/blog\/wp-content\/uploads\/2011\/11\/Igor-Llukshiq-hapi-dit%C3%ABt-e-kultur%C3%ABs-t%C3%AB-pakicave-2011.jpg\"},{\"@type\":\"WebPage\",\"@id\":\"https:\/\/www.visit-ulcinj.com\/blog\/2011\/11\/10\/basri-capriqi-i-ftuar-ne-ditet-e-kulturave-te-pakicave-ne-malin-e-zi\/#webpage\",\"url\":\"https:\/\/www.visit-ulcinj.com\/blog\/2011\/11\/10\/basri-capriqi-i-ftuar-ne-ditet-e-kulturave-te-pakicave-ne-malin-e-zi\/\",\"name\":\"Basri \u00c7apriqi i ftuar n\u00eb dit\u00ebt e kulturave t\u00eb pakicave n\u00eb Malin e Zi - Lajme nga Ulqini\",\"isPartOf\":{\"@id\":\"https:\/\/www.visit-ulcinj.com\/blog\/#website\"},\"primaryImageOfPage\":{\"@id\":\"https:\/\/www.visit-ulcinj.com\/blog\/2011\/11\/10\/basri-capriqi-i-ftuar-ne-ditet-e-kulturave-te-pakicave-ne-malin-e-zi\/#primaryimage\"},\"datePublished\":\"2011-11-10T08:57:41+00:00\",\"dateModified\":\"2011-11-19T10:57:56+00:00\",\"author\":{\"@id\":\"https:\/\/www.visit-ulcinj.com\/blog\/#\/schema\/person\/dcab619c614d3038751c63bc2aadc06d\"},\"description\":\"N\u00eb kryeqytetin malazias, Podgoric\u00eb nisi t\u00eb markuren, n\u00eb mbr\u00ebmje, manifestimi, tashm\u00eb, tradicional, \u201cDit\u00ebt e kulturave t\u00eb pakicave 2011\u201d,i cili p\u00ebrfundon\",\"breadcrumb\":{\"@id\":\"https:\/\/www.visit-ulcinj.com\/blog\/2011\/11\/10\/basri-capriqi-i-ftuar-ne-ditet-e-kulturave-te-pakicave-ne-malin-e-zi\/#breadcrumb\"},\"inLanguage\":\"en-US\",\"potentialAction\":[{\"@type\":\"ReadAction\",\"target\":[\"https:\/\/www.visit-ulcinj.com\/blog\/2011\/11\/10\/basri-capriqi-i-ftuar-ne-ditet-e-kulturave-te-pakicave-ne-malin-e-zi\/\"]}]},{\"@type\":\"BreadcrumbList\",\"@id\":\"https:\/\/www.visit-ulcinj.com\/blog\/2011\/11\/10\/basri-capriqi-i-ftuar-ne-ditet-e-kulturave-te-pakicave-ne-malin-e-zi\/#breadcrumb\",\"itemListElement\":[{\"@type\":\"ListItem\",\"position\":1,\"name\":\"Basri \u00c7apriqi i ftuar n\u00eb dit\u00ebt e kulturave t\u00eb pakicave n\u00eb Malin e Zi\"}]},{\"@type\":\"Person\",\"@id\":\"https:\/\/www.visit-ulcinj.com\/blog\/#\/schema\/person\/dcab619c614d3038751c63bc2aadc06d\",\"name\":\"ulqini\",\"sameAs\":[\"http:\/\/www.visit-ulcinj.com\"],\"url\":\"https:\/\/www.visit-ulcinj.com\/blog\/author\/admin\/\"}]}<\/script>\n<!-- \/ Yoast SEO plugin. -->","yoast_head_json":{"title":"Basri \u00c7apriqi i ftuar n\u00eb dit\u00ebt e kulturave t\u00eb pakicave n\u00eb Malin e Zi - Lajme nga Ulqini","description":"N\u00eb kryeqytetin malazias, Podgoric\u00eb nisi t\u00eb markuren, n\u00eb mbr\u00ebmje, manifestimi, tashm\u00eb, tradicional, \u201cDit\u00ebt e kulturave t\u00eb pakicave 2011\u201d,i cili p\u00ebrfundon","robots":{"index":"index","follow":"follow","max-snippet":"max-snippet:-1","max-image-preview":"max-image-preview:large","max-video-preview":"max-video-preview:-1"},"canonical":"https:\/\/www.visit-ulcinj.com\/blog\/2011\/11\/10\/basri-capriqi-i-ftuar-ne-ditet-e-kulturave-te-pakicave-ne-malin-e-zi\/","og_locale":"en_US","og_type":"article","og_title":"Basri \u00c7apriqi i ftuar n\u00eb dit\u00ebt e kulturave t\u00eb pakicave n\u00eb Malin e Zi - Lajme nga Ulqini","og_description":"N\u00eb kryeqytetin malazias, Podgoric\u00eb nisi t\u00eb markuren, n\u00eb mbr\u00ebmje, manifestimi, tashm\u00eb, tradicional, \u201cDit\u00ebt e kulturave t\u00eb pakicave 2011\u201d,i cili p\u00ebrfundon","og_url":"https:\/\/www.visit-ulcinj.com\/blog\/2011\/11\/10\/basri-capriqi-i-ftuar-ne-ditet-e-kulturave-te-pakicave-ne-malin-e-zi\/","og_site_name":"Lajme nga Ulqini","article_published_time":"2011-11-10T08:57:41+00:00","article_modified_time":"2011-11-19T10:57:56+00:00","og_image":[{"url":"https:\/\/www.visit-ulcinj.com\/blog\/wp-content\/uploads\/2011\/11\/Igor-Llukshiq-hapi-dit\u00ebt-e-kultur\u00ebs-t\u00eb-pakicave-2011-150x150.jpg"}],"twitter_misc":{"Written by":"ulqini","Est. reading time":"3 minutes"},"schema":{"@context":"https:\/\/schema.org","@graph":[{"@type":"WebSite","@id":"https:\/\/www.visit-ulcinj.com\/blog\/#website","url":"https:\/\/www.visit-ulcinj.com\/blog\/","name":"Lajme nga Ulqini","description":"Lajme,Vijesti,Ulqini,Ulqin,Crna Gora,Mali i Zi","potentialAction":[{"@type":"SearchAction","target":{"@type":"EntryPoint","urlTemplate":"https:\/\/www.visit-ulcinj.com\/blog\/?s={search_term_string}"},"query-input":"required name=search_term_string"}],"inLanguage":"en-US"},{"@type":"ImageObject","inLanguage":"en-US","@id":"https:\/\/www.visit-ulcinj.com\/blog\/2011\/11\/10\/basri-capriqi-i-ftuar-ne-ditet-e-kulturave-te-pakicave-ne-malin-e-zi\/#primaryimage","url":"http:\/\/www.visit-ulcinj.com\/blog\/wp-content\/uploads\/2011\/11\/Igor-Llukshiq-hapi-dit%C3%ABt-e-kultur%C3%ABs-t%C3%AB-pakicave-2011.jpg","contentUrl":"http:\/\/www.visit-ulcinj.com\/blog\/wp-content\/uploads\/2011\/11\/Igor-Llukshiq-hapi-dit%C3%ABt-e-kultur%C3%ABs-t%C3%AB-pakicave-2011.jpg"},{"@type":"WebPage","@id":"https:\/\/www.visit-ulcinj.com\/blog\/2011\/11\/10\/basri-capriqi-i-ftuar-ne-ditet-e-kulturave-te-pakicave-ne-malin-e-zi\/#webpage","url":"https:\/\/www.visit-ulcinj.com\/blog\/2011\/11\/10\/basri-capriqi-i-ftuar-ne-ditet-e-kulturave-te-pakicave-ne-malin-e-zi\/","name":"Basri \u00c7apriqi i ftuar n\u00eb dit\u00ebt e kulturave t\u00eb pakicave n\u00eb Malin e Zi - Lajme nga Ulqini","isPartOf":{"@id":"https:\/\/www.visit-ulcinj.com\/blog\/#website"},"primaryImageOfPage":{"@id":"https:\/\/www.visit-ulcinj.com\/blog\/2011\/11\/10\/basri-capriqi-i-ftuar-ne-ditet-e-kulturave-te-pakicave-ne-malin-e-zi\/#primaryimage"},"datePublished":"2011-11-10T08:57:41+00:00","dateModified":"2011-11-19T10:57:56+00:00","author":{"@id":"https:\/\/www.visit-ulcinj.com\/blog\/#\/schema\/person\/dcab619c614d3038751c63bc2aadc06d"},"description":"N\u00eb kryeqytetin malazias, Podgoric\u00eb nisi t\u00eb markuren, n\u00eb mbr\u00ebmje, manifestimi, tashm\u00eb, tradicional, \u201cDit\u00ebt e kulturave t\u00eb pakicave 2011\u201d,i cili p\u00ebrfundon","breadcrumb":{"@id":"https:\/\/www.visit-ulcinj.com\/blog\/2011\/11\/10\/basri-capriqi-i-ftuar-ne-ditet-e-kulturave-te-pakicave-ne-malin-e-zi\/#breadcrumb"},"inLanguage":"en-US","potentialAction":[{"@type":"ReadAction","target":["https:\/\/www.visit-ulcinj.com\/blog\/2011\/11\/10\/basri-capriqi-i-ftuar-ne-ditet-e-kulturave-te-pakicave-ne-malin-e-zi\/"]}]},{"@type":"BreadcrumbList","@id":"https:\/\/www.visit-ulcinj.com\/blog\/2011\/11\/10\/basri-capriqi-i-ftuar-ne-ditet-e-kulturave-te-pakicave-ne-malin-e-zi\/#breadcrumb","itemListElement":[{"@type":"ListItem","position":1,"name":"Basri \u00c7apriqi i ftuar n\u00eb dit\u00ebt e kulturave t\u00eb pakicave n\u00eb Malin e Zi"}]},{"@type":"Person","@id":"https:\/\/www.visit-ulcinj.com\/blog\/#\/schema\/person\/dcab619c614d3038751c63bc2aadc06d","name":"ulqini","sameAs":["http:\/\/www.visit-ulcinj.com"],"url":"https:\/\/www.visit-ulcinj.com\/blog\/author\/admin\/"}]}},"jetpack_featured_media_url":"","jetpack_sharing_enabled":true,"jetpack_shortlink":"https:\/\/wp.me\/pe6lTn-dOL","_links":{"self":[{"href":"https:\/\/www.visit-ulcinj.com\/blog\/wp-json\/wp\/v2\/posts\/53119"}],"collection":[{"href":"https:\/\/www.visit-ulcinj.com\/blog\/wp-json\/wp\/v2\/posts"}],"about":[{"href":"https:\/\/www.visit-ulcinj.com\/blog\/wp-json\/wp\/v2\/types\/post"}],"author":[{"embeddable":true,"href":"https:\/\/www.visit-ulcinj.com\/blog\/wp-json\/wp\/v2\/users\/1"}],"replies":[{"embeddable":true,"href":"https:\/\/www.visit-ulcinj.com\/blog\/wp-json\/wp\/v2\/comments?post=53119"}],"version-history":[{"count":8,"href":"https:\/\/www.visit-ulcinj.com\/blog\/wp-json\/wp\/v2\/posts\/53119\/revisions"}],"predecessor-version":[{"id":53468,"href":"https:\/\/www.visit-ulcinj.com\/blog\/wp-json\/wp\/v2\/posts\/53119\/revisions\/53468"}],"wp:attachment":[{"href":"https:\/\/www.visit-ulcinj.com\/blog\/wp-json\/wp\/v2\/media?parent=53119"}],"wp:term":[{"taxonomy":"category","embeddable":true,"href":"https:\/\/www.visit-ulcinj.com\/blog\/wp-json\/wp\/v2\/categories?post=53119"},{"taxonomy":"post_tag","embeddable":true,"href":"https:\/\/www.visit-ulcinj.com\/blog\/wp-json\/wp\/v2\/tags?post=53119"}],"curies":[{"name":"wp","href":"https:\/\/api.w.org\/{rel}","templated":true}]}}