{"id":5315,"date":"2008-11-03T06:07:30","date_gmt":"2008-11-03T11:07:30","guid":{"rendered":"http:\/\/www.visit-ulcinj.com\/blog\/?p=5315"},"modified":"2008-11-03T06:08:41","modified_gmt":"2008-11-03T11:08:41","slug":"komisioni-per-revidimin-e-implementimit-te-ligjit-mbi-kryeqytetin-zhvilloi-mbledhjen-e-radhes","status":"publish","type":"post","link":"https:\/\/www.visit-ulcinj.com\/blog\/2008\/11\/03\/komisioni-per-revidimin-e-implementimit-te-ligjit-mbi-kryeqytetin-zhvilloi-mbledhjen-e-radhes\/","title":{"rendered":"Komisioni p\u00ebr revidimin e implementimit t\u00eb ligjit mbi kryeqytetin zhvilloi mbledhjen e radh\u00ebs"},"content":{"rendered":"<p><a href=\"http:\/\/www.visit-ulcinj.com\/blog\/wp-content\/uploads\/2008\/04\/nikoll-camaj1.jpg\"><img loading=\"lazy\" class=\"size-medium wp-image-1187 alignleft\" title=\"nikoll-camaj1\" src=\"http:\/\/www.visit-ulcinj.com\/blog\/wp-content\/uploads\/2008\/04\/nikoll-camaj1-300x225.jpg\" alt=\"nikoll\u00eb camaj\" width=\"275\" height=\"225\" \/><\/a><strong>T\u00eb evidentohen t\u00eb gjitha problemet <\/strong><br \/>\nTuz- Komisioni p\u00ebr revidimin e implementimit t\u00eb Ligjit mbi Kryeqytetin dhe efikasitetin e tij ( p\u00ebr plot\u00ebsimin e nevojave t\u00eb KU t\u00eb Tuzit) ka mbajtur t\u00eb h\u00ebn\u00ebn mbledhjen e radh\u00ebs n\u00eb t\u00eb cil\u00ebn \u00ebsht\u00eb k\u00ebrkuar q\u00eb kryetari i Kuvendit t\u00eb KU t\u00eb Tuzit, Nikoll\u00eb Camaj ti evidentoj\u00eb t\u00eb gjitha problemet q\u00eb kan\u00eb t\u00eb b\u00ebjn\u00eb me funksionimin e KU.<br \/>\n&#8220;N\u00eb mbledhjen e Komisionit p\u00ebr revidimin e implementimit t\u00eb Ligjit mbi Kryeqytetin kemi trajtuar tri gj\u00ebra. N\u00eb radh\u00eb t\u00eb par\u00eb kemi k\u00ebrkuar nga organet kompetente t\u00eb KU t\u00eb Tuzit t`i regjistrojn\u00eb t\u00eb gjitha problemet q\u00eb kan\u00eb t\u00eb b\u00ebjn\u00eb me funksionimin e KU t\u00eb Tuzit, pastaj kemi diskutuar edhe p\u00ebr t\u00eb ardhurat e mundshme si dhe p\u00ebr koncesionet e palantacioneve, eksploatimin e r\u00ebr\u00ebs nga Cemi etj&#8221;, thot\u00eb kryetari i Komisionit p\u00ebr revidim dhe implementim, Vasel Sinishtaj.<br \/>\n<strong>Rr.D.<br \/>\nBurimi \/ Koha Javore<\/strong><\/p>\n<!--YouTube Error: bad URL entered-->\n","protected":false},"excerpt":{"rendered":"<p>T\u00eb evidentohen t\u00eb gjitha problemet Tuz- Komisioni p\u00ebr revidimin e implementimit t\u00eb Ligjit mbi Kryeqytetin dhe efikasitetin e tij ( p\u00ebr plot\u00ebsimin e nevojave t\u00eb KU t\u00eb Tuzit) ka mbajtur t\u00eb h\u00ebn\u00ebn mbledhjen e radh\u00ebs n\u00eb t\u00eb cil\u00ebn \u00ebsht\u00eb k\u00ebrkuar q\u00eb kryetari i Kuvendit t\u00eb KU t\u00eb Tuzit, Nikoll\u00eb Camaj ti evidentoj\u00eb t\u00eb gjitha problemet [&hellip;]<\/p>\n","protected":false},"author":1,"featured_media":0,"comment_status":"open","ping_status":"closed","sticky":false,"template":"","format":"standard","meta":{"spay_email":"","jetpack_publicize_message":"","jetpack_is_tweetstorm":false,"jetpack_publicize_feature_enabled":true},"categories":[1],"tags":[1940,201,348],"jetpack_publicize_connections":[],"yoast_head":"<!-- This site is optimized with the Yoast SEO plugin v19.1 - https:\/\/yoast.com\/wordpress\/plugins\/seo\/ -->\n<title>Komisioni p\u00ebr revidimin e implementimit t\u00eb ligjit mbi kryeqytetin zhvilloi mbledhjen e radh\u00ebs - Lajme nga Ulqini<\/title>\n<meta name=\"description\" content=\"T\u00eb evidentohen t\u00eb gjitha problemet Tuz- Komisioni p\u00ebr revidimin e implementimit t\u00eb Ligjit mbi Kryeqytetin dhe efikasitetin e tij ( p\u00ebr plot\u00ebsimin e\" \/>\n<meta name=\"robots\" content=\"index, follow, max-snippet:-1, max-image-preview:large, max-video-preview:-1\" \/>\n<link rel=\"canonical\" href=\"https:\/\/www.visit-ulcinj.com\/blog\/2008\/11\/03\/komisioni-per-revidimin-e-implementimit-te-ligjit-mbi-kryeqytetin-zhvilloi-mbledhjen-e-radhes\/\" \/>\n<meta property=\"og:locale\" content=\"en_US\" \/>\n<meta property=\"og:type\" content=\"article\" \/>\n<meta property=\"og:title\" content=\"Komisioni p\u00ebr revidimin e implementimit t\u00eb ligjit mbi kryeqytetin zhvilloi mbledhjen e radh\u00ebs - Lajme nga Ulqini\" \/>\n<meta property=\"og:description\" content=\"T\u00eb evidentohen t\u00eb gjitha problemet Tuz- Komisioni p\u00ebr revidimin e implementimit t\u00eb Ligjit mbi Kryeqytetin dhe efikasitetin e tij ( p\u00ebr plot\u00ebsimin e\" \/>\n<meta property=\"og:url\" content=\"https:\/\/www.visit-ulcinj.com\/blog\/2008\/11\/03\/komisioni-per-revidimin-e-implementimit-te-ligjit-mbi-kryeqytetin-zhvilloi-mbledhjen-e-radhes\/\" \/>\n<meta property=\"og:site_name\" content=\"Lajme nga Ulqini\" \/>\n<meta property=\"article:published_time\" content=\"2008-11-03T11:07:30+00:00\" \/>\n<meta property=\"article:modified_time\" content=\"2008-11-03T11:08:41+00:00\" \/>\n<meta property=\"og:image\" content=\"http:\/\/www.visit-ulcinj.com\/blog\/wp-content\/uploads\/2008\/04\/nikoll-camaj1-300x225.jpg\" \/>\n<meta name=\"twitter:label1\" content=\"Written by\" \/>\n\t<meta name=\"twitter:data1\" content=\"ulqini\" \/>\n\t<meta name=\"twitter:label2\" content=\"Est. reading time\" \/>\n\t<meta name=\"twitter:data2\" content=\"1 minute\" \/>\n<script type=\"application\/ld+json\" class=\"yoast-schema-graph\">{\"@context\":\"https:\/\/schema.org\",\"@graph\":[{\"@type\":\"WebSite\",\"@id\":\"https:\/\/www.visit-ulcinj.com\/blog\/#website\",\"url\":\"https:\/\/www.visit-ulcinj.com\/blog\/\",\"name\":\"Lajme nga Ulqini\",\"description\":\"Lajme,Vijesti,Ulqini,Ulqin,Crna Gora,Mali i Zi\",\"potentialAction\":[{\"@type\":\"SearchAction\",\"target\":{\"@type\":\"EntryPoint\",\"urlTemplate\":\"https:\/\/www.visit-ulcinj.com\/blog\/?s={search_term_string}\"},\"query-input\":\"required name=search_term_string\"}],\"inLanguage\":\"en-US\"},{\"@type\":\"ImageObject\",\"inLanguage\":\"en-US\",\"@id\":\"https:\/\/www.visit-ulcinj.com\/blog\/2008\/11\/03\/komisioni-per-revidimin-e-implementimit-te-ligjit-mbi-kryeqytetin-zhvilloi-mbledhjen-e-radhes\/#primaryimage\",\"url\":\"http:\/\/www.visit-ulcinj.com\/blog\/wp-content\/uploads\/2008\/04\/nikoll-camaj1-300x225.jpg\",\"contentUrl\":\"http:\/\/www.visit-ulcinj.com\/blog\/wp-content\/uploads\/2008\/04\/nikoll-camaj1-300x225.jpg\"},{\"@type\":\"WebPage\",\"@id\":\"https:\/\/www.visit-ulcinj.com\/blog\/2008\/11\/03\/komisioni-per-revidimin-e-implementimit-te-ligjit-mbi-kryeqytetin-zhvilloi-mbledhjen-e-radhes\/#webpage\",\"url\":\"https:\/\/www.visit-ulcinj.com\/blog\/2008\/11\/03\/komisioni-per-revidimin-e-implementimit-te-ligjit-mbi-kryeqytetin-zhvilloi-mbledhjen-e-radhes\/\",\"name\":\"Komisioni p\u00ebr revidimin e implementimit t\u00eb ligjit mbi kryeqytetin zhvilloi mbledhjen e radh\u00ebs - Lajme nga Ulqini\",\"isPartOf\":{\"@id\":\"https:\/\/www.visit-ulcinj.com\/blog\/#website\"},\"primaryImageOfPage\":{\"@id\":\"https:\/\/www.visit-ulcinj.com\/blog\/2008\/11\/03\/komisioni-per-revidimin-e-implementimit-te-ligjit-mbi-kryeqytetin-zhvilloi-mbledhjen-e-radhes\/#primaryimage\"},\"datePublished\":\"2008-11-03T11:07:30+00:00\",\"dateModified\":\"2008-11-03T11:08:41+00:00\",\"author\":{\"@id\":\"https:\/\/www.visit-ulcinj.com\/blog\/#\/schema\/person\/dcab619c614d3038751c63bc2aadc06d\"},\"description\":\"T\u00eb evidentohen t\u00eb gjitha problemet Tuz- Komisioni p\u00ebr revidimin e implementimit t\u00eb Ligjit mbi Kryeqytetin dhe efikasitetin e tij ( p\u00ebr plot\u00ebsimin e\",\"breadcrumb\":{\"@id\":\"https:\/\/www.visit-ulcinj.com\/blog\/2008\/11\/03\/komisioni-per-revidimin-e-implementimit-te-ligjit-mbi-kryeqytetin-zhvilloi-mbledhjen-e-radhes\/#breadcrumb\"},\"inLanguage\":\"en-US\",\"potentialAction\":[{\"@type\":\"ReadAction\",\"target\":[\"https:\/\/www.visit-ulcinj.com\/blog\/2008\/11\/03\/komisioni-per-revidimin-e-implementimit-te-ligjit-mbi-kryeqytetin-zhvilloi-mbledhjen-e-radhes\/\"]}]},{\"@type\":\"BreadcrumbList\",\"@id\":\"https:\/\/www.visit-ulcinj.com\/blog\/2008\/11\/03\/komisioni-per-revidimin-e-implementimit-te-ligjit-mbi-kryeqytetin-zhvilloi-mbledhjen-e-radhes\/#breadcrumb\",\"itemListElement\":[{\"@type\":\"ListItem\",\"position\":1,\"name\":\"Komisioni p\u00ebr revidimin e implementimit t\u00eb ligjit mbi kryeqytetin zhvilloi mbledhjen e radh\u00ebs\"}]},{\"@type\":\"Person\",\"@id\":\"https:\/\/www.visit-ulcinj.com\/blog\/#\/schema\/person\/dcab619c614d3038751c63bc2aadc06d\",\"name\":\"ulqini\",\"sameAs\":[\"http:\/\/www.visit-ulcinj.com\"],\"url\":\"https:\/\/www.visit-ulcinj.com\/blog\/author\/admin\/\"}]}<\/script>\n<!-- \/ Yoast SEO plugin. -->","yoast_head_json":{"title":"Komisioni p\u00ebr revidimin e implementimit t\u00eb ligjit mbi kryeqytetin zhvilloi mbledhjen e radh\u00ebs - Lajme nga Ulqini","description":"T\u00eb evidentohen t\u00eb gjitha problemet Tuz- Komisioni p\u00ebr revidimin e implementimit t\u00eb Ligjit mbi Kryeqytetin dhe efikasitetin e tij ( p\u00ebr plot\u00ebsimin e","robots":{"index":"index","follow":"follow","max-snippet":"max-snippet:-1","max-image-preview":"max-image-preview:large","max-video-preview":"max-video-preview:-1"},"canonical":"https:\/\/www.visit-ulcinj.com\/blog\/2008\/11\/03\/komisioni-per-revidimin-e-implementimit-te-ligjit-mbi-kryeqytetin-zhvilloi-mbledhjen-e-radhes\/","og_locale":"en_US","og_type":"article","og_title":"Komisioni p\u00ebr revidimin e implementimit t\u00eb ligjit mbi kryeqytetin zhvilloi mbledhjen e radh\u00ebs - Lajme nga Ulqini","og_description":"T\u00eb evidentohen t\u00eb gjitha problemet Tuz- Komisioni p\u00ebr revidimin e implementimit t\u00eb Ligjit mbi Kryeqytetin dhe efikasitetin e tij ( p\u00ebr plot\u00ebsimin e","og_url":"https:\/\/www.visit-ulcinj.com\/blog\/2008\/11\/03\/komisioni-per-revidimin-e-implementimit-te-ligjit-mbi-kryeqytetin-zhvilloi-mbledhjen-e-radhes\/","og_site_name":"Lajme nga Ulqini","article_published_time":"2008-11-03T11:07:30+00:00","article_modified_time":"2008-11-03T11:08:41+00:00","og_image":[{"url":"http:\/\/www.visit-ulcinj.com\/blog\/wp-content\/uploads\/2008\/04\/nikoll-camaj1-300x225.jpg"}],"twitter_misc":{"Written by":"ulqini","Est. reading time":"1 minute"},"schema":{"@context":"https:\/\/schema.org","@graph":[{"@type":"WebSite","@id":"https:\/\/www.visit-ulcinj.com\/blog\/#website","url":"https:\/\/www.visit-ulcinj.com\/blog\/","name":"Lajme nga Ulqini","description":"Lajme,Vijesti,Ulqini,Ulqin,Crna Gora,Mali i Zi","potentialAction":[{"@type":"SearchAction","target":{"@type":"EntryPoint","urlTemplate":"https:\/\/www.visit-ulcinj.com\/blog\/?s={search_term_string}"},"query-input":"required name=search_term_string"}],"inLanguage":"en-US"},{"@type":"ImageObject","inLanguage":"en-US","@id":"https:\/\/www.visit-ulcinj.com\/blog\/2008\/11\/03\/komisioni-per-revidimin-e-implementimit-te-ligjit-mbi-kryeqytetin-zhvilloi-mbledhjen-e-radhes\/#primaryimage","url":"http:\/\/www.visit-ulcinj.com\/blog\/wp-content\/uploads\/2008\/04\/nikoll-camaj1-300x225.jpg","contentUrl":"http:\/\/www.visit-ulcinj.com\/blog\/wp-content\/uploads\/2008\/04\/nikoll-camaj1-300x225.jpg"},{"@type":"WebPage","@id":"https:\/\/www.visit-ulcinj.com\/blog\/2008\/11\/03\/komisioni-per-revidimin-e-implementimit-te-ligjit-mbi-kryeqytetin-zhvilloi-mbledhjen-e-radhes\/#webpage","url":"https:\/\/www.visit-ulcinj.com\/blog\/2008\/11\/03\/komisioni-per-revidimin-e-implementimit-te-ligjit-mbi-kryeqytetin-zhvilloi-mbledhjen-e-radhes\/","name":"Komisioni p\u00ebr revidimin e implementimit t\u00eb ligjit mbi kryeqytetin zhvilloi mbledhjen e radh\u00ebs - Lajme nga Ulqini","isPartOf":{"@id":"https:\/\/www.visit-ulcinj.com\/blog\/#website"},"primaryImageOfPage":{"@id":"https:\/\/www.visit-ulcinj.com\/blog\/2008\/11\/03\/komisioni-per-revidimin-e-implementimit-te-ligjit-mbi-kryeqytetin-zhvilloi-mbledhjen-e-radhes\/#primaryimage"},"datePublished":"2008-11-03T11:07:30+00:00","dateModified":"2008-11-03T11:08:41+00:00","author":{"@id":"https:\/\/www.visit-ulcinj.com\/blog\/#\/schema\/person\/dcab619c614d3038751c63bc2aadc06d"},"description":"T\u00eb evidentohen t\u00eb gjitha problemet Tuz- Komisioni p\u00ebr revidimin e implementimit t\u00eb Ligjit mbi Kryeqytetin dhe efikasitetin e tij ( p\u00ebr plot\u00ebsimin e","breadcrumb":{"@id":"https:\/\/www.visit-ulcinj.com\/blog\/2008\/11\/03\/komisioni-per-revidimin-e-implementimit-te-ligjit-mbi-kryeqytetin-zhvilloi-mbledhjen-e-radhes\/#breadcrumb"},"inLanguage":"en-US","potentialAction":[{"@type":"ReadAction","target":["https:\/\/www.visit-ulcinj.com\/blog\/2008\/11\/03\/komisioni-per-revidimin-e-implementimit-te-ligjit-mbi-kryeqytetin-zhvilloi-mbledhjen-e-radhes\/"]}]},{"@type":"BreadcrumbList","@id":"https:\/\/www.visit-ulcinj.com\/blog\/2008\/11\/03\/komisioni-per-revidimin-e-implementimit-te-ligjit-mbi-kryeqytetin-zhvilloi-mbledhjen-e-radhes\/#breadcrumb","itemListElement":[{"@type":"ListItem","position":1,"name":"Komisioni p\u00ebr revidimin e implementimit t\u00eb ligjit mbi kryeqytetin zhvilloi mbledhjen e radh\u00ebs"}]},{"@type":"Person","@id":"https:\/\/www.visit-ulcinj.com\/blog\/#\/schema\/person\/dcab619c614d3038751c63bc2aadc06d","name":"ulqini","sameAs":["http:\/\/www.visit-ulcinj.com"],"url":"https:\/\/www.visit-ulcinj.com\/blog\/author\/admin\/"}]}},"jetpack_featured_media_url":"","jetpack_sharing_enabled":true,"jetpack_shortlink":"https:\/\/wp.me\/pe6lTn-1nJ","_links":{"self":[{"href":"https:\/\/www.visit-ulcinj.com\/blog\/wp-json\/wp\/v2\/posts\/5315"}],"collection":[{"href":"https:\/\/www.visit-ulcinj.com\/blog\/wp-json\/wp\/v2\/posts"}],"about":[{"href":"https:\/\/www.visit-ulcinj.com\/blog\/wp-json\/wp\/v2\/types\/post"}],"author":[{"embeddable":true,"href":"https:\/\/www.visit-ulcinj.com\/blog\/wp-json\/wp\/v2\/users\/1"}],"replies":[{"embeddable":true,"href":"https:\/\/www.visit-ulcinj.com\/blog\/wp-json\/wp\/v2\/comments?post=5315"}],"version-history":[{"count":0,"href":"https:\/\/www.visit-ulcinj.com\/blog\/wp-json\/wp\/v2\/posts\/5315\/revisions"}],"wp:attachment":[{"href":"https:\/\/www.visit-ulcinj.com\/blog\/wp-json\/wp\/v2\/media?parent=5315"}],"wp:term":[{"taxonomy":"category","embeddable":true,"href":"https:\/\/www.visit-ulcinj.com\/blog\/wp-json\/wp\/v2\/categories?post=5315"},{"taxonomy":"post_tag","embeddable":true,"href":"https:\/\/www.visit-ulcinj.com\/blog\/wp-json\/wp\/v2\/tags?post=5315"}],"curies":[{"name":"wp","href":"https:\/\/api.w.org\/{rel}","templated":true}]}}