{"id":53156,"date":"2011-11-10T17:52:56","date_gmt":"2011-11-10T16:52:56","guid":{"rendered":"http:\/\/www.visit-ulcinj.com\/blog\/?p=53156"},"modified":"2011-11-10T17:58:16","modified_gmt":"2011-11-10T16:58:16","slug":"kongresni-turizam-hotel-mediterana-ulcinj","status":"publish","type":"post","link":"https:\/\/www.visit-ulcinj.com\/blog\/2011\/11\/10\/kongresni-turizam-hotel-mediterana-ulcinj\/","title":{"rendered":"Kongresni turizam hotel Mediterana Ulcinj"},"content":{"rendered":"<p><a href=\"http:\/\/www.visit-ulcinj.com\/blog\/wp-content\/uploads\/2011\/11\/Hotel-Mediteran-Ulcinj_Crna-Gora.jpg\"><img loading=\"lazy\" class=\"alignleft size-full wp-image-53157\" title=\"Hotel-Mediteran-Ulcinj_Crna Gora_Special Promotions\" src=\"http:\/\/www.visit-ulcinj.com\/blog\/wp-content\/uploads\/2011\/11\/Hotel-Mediteran-Ulcinj_Crna-Gora.jpg\" alt=\"\" width=\"508\" height=\"380\" srcset=\"https:\/\/www.visit-ulcinj.com\/blog\/wp-content\/uploads\/2011\/11\/Hotel-Mediteran-Ulcinj_Crna-Gora.jpg 1001w, https:\/\/www.visit-ulcinj.com\/blog\/wp-content\/uploads\/2011\/11\/Hotel-Mediteran-Ulcinj_Crna-Gora-300x224.jpg 300w\" sizes=\"(max-width: 508px) 100vw, 508px\" \/><\/a> U toku godine u hotel Mediteran Ulcinj se organizuju brojni i raznovrsni skupovi &#8211; simpozijumi, kongresi, seminari, sportski susreti, stru\u010dna predavanja, slikarske kolonije i druge vrste grupnih poseta.<br \/>\nU\u010desnicima ovih skupova su na raspolaganju vi\u0161enamenske sale (od 50 do 200 mesta) &#8211; banket sala, mala sala, dnevna sala itd.<\/p>\n<p>Hotel Moditeran Ulcinj raspola\u017ee sa kompletnom tehni\u010dkom opremom za odr\u017eavanje svih skupova (video bim, laptop i ozvu\u010denje).<\/p>\n<p>Hotel Mediteran je najtra\u017eeniji objekat u Ulcinj u oblasti kongresnog turizma.<br \/>\n<a href=\"http:\/\/www.visit-ulcinj.com\/blog\/wp-content\/uploads\/2011\/11\/Hotel-Mediteran-Ulcinj_Crna_SGora.8_Special-Promotions.1_picnik.jpg\"><img loading=\"lazy\" class=\"alignleft size-full wp-image-53158\" title=\"Hotel-Mediteran-Ulcinj_Crna_SGora.8_Special Promotions.1_picnik\" src=\"http:\/\/www.visit-ulcinj.com\/blog\/wp-content\/uploads\/2011\/11\/Hotel-Mediteran-Ulcinj_Crna_SGora.8_Special-Promotions.1_picnik.jpg\" alt=\"\" width=\"508\" height=\"300\" \/><\/a><\/p>\n<p>Hotel Mediteran je izuzetno mesto, zbog svoje velicine i grandioznosti, za organiazciju raznih privatnih slavlja, vecih drustvenih skupova. Ovom prilikom zelimo da vam predstavimo hotel Mediteran kao jedinstveno mesto, gde uz fantastican pogled na Stari grad i Jadransko more, uz sum talasa I cvrkut ptica mozete u najvecem spokoju i miru odrzati kongres, simpozijum, seminar, predavanje, promociju, prezentaciju, edukacije, treninge i izgraditi svoj tim. Konferencijska sala je multimedijalno opremljena za odr\u017eavanje najrazli\u010ditijih skupova i manifestacija, opremljena sa kabinama za simultane prevode. Nastojimo da obezbedimo sredinu koja je stimulativna, dobro organizovana i pristupa\u010dna. U ovoj oazi mira lako \u0107ete se posvetiti sastancima nakon kojih \u0107ete se lako relaksirati, bilo \u0161etaju\u0107i borovom sumom ili obalom, bilo koristeci sadr\u017eaje nase bogate ponude. Hotel Mediteran poseduje sopstveni parking za smestaj autobusa i privatnih automobila.<br \/>\n<a href=\"http:\/\/www.visit-ulcinj.com\/blog\/wp-content\/uploads\/2011\/11\/Hotel-Mediteran-Ulcinj_Crna-Gora.7_Special-Promotions_picnik.jpg\"><img loading=\"lazy\" class=\"alignleft size-full wp-image-53159\" title=\"Hotel-Mediteran-Ulcinj_Crna Gora.7_Special Promotions_picnik\" src=\"http:\/\/www.visit-ulcinj.com\/blog\/wp-content\/uploads\/2011\/11\/Hotel-Mediteran-Ulcinj_Crna-Gora.7_Special-Promotions_picnik.jpg\" alt=\"\" width=\"508\" height=\"300\" \/><\/a><\/p>\n<p>Kapacitet parkinga je 80 automobila i 6 autobusa. Sama lokacija (blizina aerodroma u Podgorici i Skadru) i kvalitet usluga u hotelu Mediteran cine da je on represent ulcinjskog turizma , jednostavno sve vam je na dohvat ruke. Hotel Mediteran je jedinstven na Juznom Jadranu, jer je ujedno i Gradski i sezonski hotel, otvoren je tokom citave godine. Ovom prilikom upucujemo Vam poziv, da dodjete i uverite se u kvalitet nasih usluga sa kojima vam stojim o na raspolaganju. Nasa nova brosura je spremna za slanje svim zainteresovanim kompanijama i organizacijama, stoga bi nam bilo veoma drago ukoliko nas mozete uputiti na osobu, koja je u vasoj organizaciji zaduzena za organizaciju raznih manifestacija. Unapred vam se zahvaljujemo na preporuci. Ukoliko imate pitanja molim vas da nas kontaktirate preko telefona ili preko e-po\u0161te. Mo\u017eete nas isto tako kontaktirati preko Skype-a na hmrreception. U iskrenoj nadi neke buduce saradnje, srdacno vas pozdravljamo!<\/p>\n<p><a href=\"http:\/\/ssa.actemarketing.com\/CampResource\/5N0Z76FGE62KD74O\/bio\/Hotel_Brochure.pdf\" target=\"_blank\"><strong>Hotel Mediteran Resort Ulqin &#8211; Ulqini 2011 Brochure.PDF<\/strong><\/a><br \/>\n<a href=\"http:\/\/www.hotel-mediteran.com\/index.html\" target=\"_blank\"><img loading=\"lazy\" title=\"Hotel Mediteran Resort in Ulcinj  Brochure - PDF\" src=\"http:\/\/www.visit-ulcinj.com\/blog\/wp-content\/uploads\/2011\/03\/Hotel-Mediteran-Resort-in-Ulcinj-Brochure.jpg\" alt=\"\" width=\"508\" height=\"148\" \/><\/a><br \/>\n<a href=\"http:\/\/www.hotel-mediteran.com\/index.html\" target=\"_blank\"><strong>www.hotel-mediteran.com<\/strong><\/a><\/p>\n<p><a href=\"mailto:sales%20@%20hotel-mediteran.com\" target=\"_blank\"><strong>sales @ hotel-mediteran.com<\/strong><\/a><\/p>\n<p><a href=\"mailto:sales%20@%20hotel-mediteran.com\" target=\"_blank\"><strong><br \/>\n<\/strong><\/a><a href=\"http:\/\/www.skype.com\/intl\/en\/get-skype\/on-your-computer\/windows\/\" target=\"_blank\"><strong><em>T: +382 30 403 124<\/em><\/strong><strong><br \/>\nSkype: hmrreception<\/strong><\/a><\/p>\n<p>\n\t\t<style type=\"text\/css\">\n\t\t\t#gallery-1 {\n\t\t\t\tmargin: auto;\n\t\t\t}\n\t\t\t#gallery-1 .gallery-item {\n\t\t\t\tfloat: left;\n\t\t\t\tmargin-top: 10px;\n\t\t\t\ttext-align: center;\n\t\t\t\twidth: 33%;\n\t\t\t}\n\t\t\t#gallery-1 img {\n\t\t\t\tborder: 2px solid #cfcfcf;\n\t\t\t}\n\t\t\t#gallery-1 .gallery-caption {\n\t\t\t\tmargin-left: 0;\n\t\t\t}\n\t\t\t\/* see gallery_shortcode() in wp-includes\/media.php *\/\n\t\t<\/style>\n\t\t<div id='gallery-1' class='gallery galleryid-53156 gallery-columns-3 gallery-size-thumbnail'><dl class='gallery-item'>\n\t\t\t<dt class='gallery-icon landscape'>\n\t\t\t\t<a href='https:\/\/www.visit-ulcinj.com\/blog\/wp-content\/uploads\/2011\/11\/Hotel-Mediteran-Ulcinj_Crna-Gora.jpg'><img width=\"150\" height=\"150\" src=\"https:\/\/www.visit-ulcinj.com\/blog\/wp-content\/uploads\/2011\/11\/Hotel-Mediteran-Ulcinj_Crna-Gora-150x150.jpg\" class=\"attachment-thumbnail size-thumbnail\" alt=\"\" loading=\"lazy\" \/><\/a>\n\t\t\t<\/dt><\/dl><dl class='gallery-item'>\n\t\t\t<dt class='gallery-icon landscape'>\n\t\t\t\t<a href='https:\/\/www.visit-ulcinj.com\/blog\/wp-content\/uploads\/2011\/11\/Hotel-Mediteran-Ulcinj_Crna_SGora.8_Special-Promotions.1_picnik.jpg'><img width=\"150\" height=\"150\" src=\"https:\/\/www.visit-ulcinj.com\/blog\/wp-content\/uploads\/2011\/11\/Hotel-Mediteran-Ulcinj_Crna_SGora.8_Special-Promotions.1_picnik-150x150.jpg\" class=\"attachment-thumbnail size-thumbnail\" alt=\"\" loading=\"lazy\" \/><\/a>\n\t\t\t<\/dt><\/dl><dl class='gallery-item'>\n\t\t\t<dt class='gallery-icon landscape'>\n\t\t\t\t<a href='https:\/\/www.visit-ulcinj.com\/blog\/wp-content\/uploads\/2011\/11\/Hotel-Mediteran-Ulcinj_Crna-Gora.7_Special-Promotions_picnik.jpg'><img width=\"150\" height=\"150\" src=\"https:\/\/www.visit-ulcinj.com\/blog\/wp-content\/uploads\/2011\/11\/Hotel-Mediteran-Ulcinj_Crna-Gora.7_Special-Promotions_picnik-150x150.jpg\" class=\"attachment-thumbnail size-thumbnail\" alt=\"\" loading=\"lazy\" \/><\/a>\n\t\t\t<\/dt><\/dl><br style=\"clear: both\" \/><dl class='gallery-item'>\n\t\t\t<dt class='gallery-icon landscape'>\n\t\t\t\t<a href='https:\/\/www.visit-ulcinj.com\/blog\/wp-content\/uploads\/2011\/11\/Hotel-Mediteran-Ulcinj_CrnaGora.4_Special-Promotions_picnik.jpg'><img width=\"150\" height=\"150\" src=\"https:\/\/www.visit-ulcinj.com\/blog\/wp-content\/uploads\/2011\/11\/Hotel-Mediteran-Ulcinj_CrnaGora.4_Special-Promotions_picnik-150x150.jpg\" class=\"attachment-thumbnail size-thumbnail\" alt=\"\" loading=\"lazy\" \/><\/a>\n\t\t\t<\/dt><\/dl><dl class='gallery-item'>\n\t\t\t<dt class='gallery-icon landscape'>\n\t\t\t\t<a href='https:\/\/www.visit-ulcinj.com\/blog\/wp-content\/uploads\/2011\/11\/Hotel-Mediteran-Ulcinj_Crna_SGora.8_Special-Promotions_picnik.jpg'><img width=\"150\" height=\"150\" src=\"https:\/\/www.visit-ulcinj.com\/blog\/wp-content\/uploads\/2011\/11\/Hotel-Mediteran-Ulcinj_Crna_SGora.8_Special-Promotions_picnik-150x150.jpg\" class=\"attachment-thumbnail size-thumbnail\" alt=\"\" loading=\"lazy\" \/><\/a>\n\t\t\t<\/dt><\/dl><dl class='gallery-item'>\n\t\t\t<dt class='gallery-icon landscape'>\n\t\t\t\t<a href='https:\/\/www.visit-ulcinj.com\/blog\/wp-content\/uploads\/2011\/11\/Hotel-Mediteran-Ulcinj_Crna-Gora.6_Special-Promotions_picnik.jpg'><img width=\"150\" height=\"150\" src=\"https:\/\/www.visit-ulcinj.com\/blog\/wp-content\/uploads\/2011\/11\/Hotel-Mediteran-Ulcinj_Crna-Gora.6_Special-Promotions_picnik-150x150.jpg\" class=\"attachment-thumbnail size-thumbnail\" alt=\"\" loading=\"lazy\" \/><\/a>\n\t\t\t<\/dt><\/dl><br style=\"clear: both\" \/><dl class='gallery-item'>\n\t\t\t<dt class='gallery-icon landscape'>\n\t\t\t\t<a href='https:\/\/www.visit-ulcinj.com\/blog\/wp-content\/uploads\/2011\/11\/Hotel-Mediteran-Ulcinj_Crna-Gora.3_Special-Promotions_picnik.jpg'><img width=\"150\" height=\"150\" src=\"https:\/\/www.visit-ulcinj.com\/blog\/wp-content\/uploads\/2011\/11\/Hotel-Mediteran-Ulcinj_Crna-Gora.3_Special-Promotions_picnik-150x150.jpg\" class=\"attachment-thumbnail size-thumbnail\" alt=\"\" loading=\"lazy\" \/><\/a>\n\t\t\t<\/dt><\/dl><dl class='gallery-item'>\n\t\t\t<dt class='gallery-icon landscape'>\n\t\t\t\t<a href='https:\/\/www.visit-ulcinj.com\/blog\/wp-content\/uploads\/2011\/11\/Hotel-Mediteran-Ulcinj_Crna-Gora.2_Special-Promotions_picnik.jpg'><img width=\"150\" height=\"150\" src=\"https:\/\/www.visit-ulcinj.com\/blog\/wp-content\/uploads\/2011\/11\/Hotel-Mediteran-Ulcinj_Crna-Gora.2_Special-Promotions_picnik-150x150.jpg\" class=\"attachment-thumbnail size-thumbnail\" alt=\"\" loading=\"lazy\" \/><\/a>\n\t\t\t<\/dt><\/dl><dl class='gallery-item'>\n\t\t\t<dt class='gallery-icon landscape'>\n\t\t\t\t<a href='https:\/\/www.visit-ulcinj.com\/blog\/wp-content\/uploads\/2011\/11\/Hotel-Mediteran-Ulcinj_Crna-Gora.1_Special-Promotions_picnik.jpg'><img width=\"150\" height=\"150\" src=\"https:\/\/www.visit-ulcinj.com\/blog\/wp-content\/uploads\/2011\/11\/Hotel-Mediteran-Ulcinj_Crna-Gora.1_Special-Promotions_picnik-150x150.jpg\" class=\"attachment-thumbnail size-thumbnail\" alt=\"\" loading=\"lazy\" \/><\/a>\n\t\t\t<\/dt><\/dl><br style=\"clear: both\" \/><dl class='gallery-item'>\n\t\t\t<dt class='gallery-icon landscape'>\n\t\t\t\t<a href='https:\/\/www.visit-ulcinj.com\/blog\/wp-content\/uploads\/2011\/11\/Hotel-Mediteran-Ulcinj_Crna_Gora.8_Special-Promotions.3_picnik.jpg'><img width=\"150\" height=\"150\" src=\"https:\/\/www.visit-ulcinj.com\/blog\/wp-content\/uploads\/2011\/11\/Hotel-Mediteran-Ulcinj_Crna_Gora.8_Special-Promotions.3_picnik-150x150.jpg\" class=\"attachment-thumbnail size-thumbnail\" alt=\"\" loading=\"lazy\" \/><\/a>\n\t\t\t<\/dt><\/dl><dl class='gallery-item'>\n\t\t\t<dt class='gallery-icon landscape'>\n\t\t\t\t<a href='https:\/\/www.visit-ulcinj.com\/blog\/wp-content\/uploads\/2011\/11\/Hotel-Mediteran-Ulcinj_Crna_Gora.8_Special-Promotions.2_picnik.jpg'><img width=\"150\" height=\"150\" src=\"https:\/\/www.visit-ulcinj.com\/blog\/wp-content\/uploads\/2011\/11\/Hotel-Mediteran-Ulcinj_Crna_Gora.8_Special-Promotions.2_picnik-150x150.jpg\" class=\"attachment-thumbnail size-thumbnail\" alt=\"\" loading=\"lazy\" \/><\/a>\n\t\t\t<\/dt><\/dl><dl class='gallery-item'>\n\t\t\t<dt class='gallery-icon landscape'>\n\t\t\t\t<a href='https:\/\/www.visit-ulcinj.com\/blog\/wp-content\/uploads\/2011\/11\/Hotel-Mediteran-Ulcinj_Crna_SGora.8_Special-Promotions_picnik1.jpg'><img width=\"150\" height=\"150\" src=\"https:\/\/www.visit-ulcinj.com\/blog\/wp-content\/uploads\/2011\/11\/Hotel-Mediteran-Ulcinj_Crna_SGora.8_Special-Promotions_picnik1-150x150.jpg\" class=\"attachment-thumbnail size-thumbnail\" alt=\"\" loading=\"lazy\" \/><\/a>\n\t\t\t<\/dt><\/dl><br style=\"clear: both\" \/>\n\t\t<\/div>\n<br \/>\n<!--YouTube Error: bad URL entered--><\/p>\n","protected":false},"excerpt":{"rendered":"<p>U toku godine u hotel Mediteran Ulcinj se organizuju brojni i raznovrsni skupovi &#8211; simpozijumi, kongresi, seminari, sportski susreti, stru\u010dna predavanja, slikarske kolonije i druge vrste grupnih poseta. U\u010desnicima ovih skupova su na raspolaganju vi\u0161enamenske sale (od 50 do 200 mesta) &#8211; banket sala, mala sala, dnevna sala itd. Hotel Moditeran Ulcinj raspola\u017ee sa kompletnom [&hellip;]<\/p>\n","protected":false},"author":1,"featured_media":0,"comment_status":"open","ping_status":"closed","sticky":false,"template":"","format":"standard","meta":{"spay_email":"","jetpack_publicize_message":"","jetpack_is_tweetstorm":false,"jetpack_publicize_feature_enabled":true},"categories":[8337],"tags":[11818,16670,19435,19437,19434,19441,205,19439,19436,19440,19442,19,19444,19438,19443],"jetpack_publicize_connections":[],"yoast_head":"<!-- This site is optimized with the Yoast SEO plugin v19.1 - https:\/\/yoast.com\/wordpress\/plugins\/seo\/ -->\n<title>Kongresni turizam hotel Mediterana Ulcinj - Lajme nga Ulqini<\/title>\n<meta name=\"description\" content=\"U toku godine u hotel Mediteran Ulcinj se organizuju brojni i raznovrsni skupovi - simpozijumi, kongresi, seminari, sportski susreti, stru\u010dna predavanja,\" \/>\n<meta name=\"robots\" content=\"index, follow, max-snippet:-1, max-image-preview:large, max-video-preview:-1\" \/>\n<link rel=\"canonical\" href=\"https:\/\/www.visit-ulcinj.com\/blog\/2011\/11\/10\/kongresni-turizam-hotel-mediterana-ulcinj\/\" \/>\n<meta property=\"og:locale\" content=\"en_US\" \/>\n<meta property=\"og:type\" content=\"article\" \/>\n<meta property=\"og:title\" content=\"Kongresni turizam hotel Mediterana Ulcinj - Lajme nga Ulqini\" \/>\n<meta property=\"og:description\" content=\"U toku godine u hotel Mediteran Ulcinj se organizuju brojni i raznovrsni skupovi - simpozijumi, kongresi, seminari, sportski susreti, stru\u010dna predavanja,\" \/>\n<meta property=\"og:url\" content=\"https:\/\/www.visit-ulcinj.com\/blog\/2011\/11\/10\/kongresni-turizam-hotel-mediterana-ulcinj\/\" \/>\n<meta property=\"og:site_name\" content=\"Lajme nga Ulqini\" \/>\n<meta property=\"article:published_time\" content=\"2011-11-10T16:52:56+00:00\" \/>\n<meta property=\"article:modified_time\" content=\"2011-11-10T16:58:16+00:00\" \/>\n<meta property=\"og:image\" content=\"https:\/\/www.visit-ulcinj.com\/blog\/wp-content\/uploads\/2011\/11\/Hotel-Mediteran-Ulcinj_Crna-Gora-150x150.jpg\" \/>\n<meta name=\"twitter:label1\" content=\"Written by\" \/>\n\t<meta name=\"twitter:data1\" content=\"ulqini\" \/>\n\t<meta name=\"twitter:label2\" content=\"Est. reading time\" \/>\n\t<meta name=\"twitter:data2\" content=\"2 minutes\" \/>\n<script type=\"application\/ld+json\" class=\"yoast-schema-graph\">{\"@context\":\"https:\/\/schema.org\",\"@graph\":[{\"@type\":\"WebSite\",\"@id\":\"https:\/\/www.visit-ulcinj.com\/blog\/#website\",\"url\":\"https:\/\/www.visit-ulcinj.com\/blog\/\",\"name\":\"Lajme nga Ulqini\",\"description\":\"Lajme,Vijesti,Ulqini,Ulqin,Crna Gora,Mali i Zi\",\"potentialAction\":[{\"@type\":\"SearchAction\",\"target\":{\"@type\":\"EntryPoint\",\"urlTemplate\":\"https:\/\/www.visit-ulcinj.com\/blog\/?s={search_term_string}\"},\"query-input\":\"required name=search_term_string\"}],\"inLanguage\":\"en-US\"},{\"@type\":\"ImageObject\",\"inLanguage\":\"en-US\",\"@id\":\"https:\/\/www.visit-ulcinj.com\/blog\/2011\/11\/10\/kongresni-turizam-hotel-mediterana-ulcinj\/#primaryimage\",\"url\":\"https:\/\/www.visit-ulcinj.com\/blog\/wp-content\/uploads\/2011\/11\/Hotel-Mediteran-Ulcinj_Crna-Gora.jpg\",\"contentUrl\":\"https:\/\/www.visit-ulcinj.com\/blog\/wp-content\/uploads\/2011\/11\/Hotel-Mediteran-Ulcinj_Crna-Gora.jpg\",\"width\":\"1001\",\"height\":\"750\"},{\"@type\":\"WebPage\",\"@id\":\"https:\/\/www.visit-ulcinj.com\/blog\/2011\/11\/10\/kongresni-turizam-hotel-mediterana-ulcinj\/#webpage\",\"url\":\"https:\/\/www.visit-ulcinj.com\/blog\/2011\/11\/10\/kongresni-turizam-hotel-mediterana-ulcinj\/\",\"name\":\"Kongresni turizam hotel Mediterana Ulcinj - Lajme nga Ulqini\",\"isPartOf\":{\"@id\":\"https:\/\/www.visit-ulcinj.com\/blog\/#website\"},\"primaryImageOfPage\":{\"@id\":\"https:\/\/www.visit-ulcinj.com\/blog\/2011\/11\/10\/kongresni-turizam-hotel-mediterana-ulcinj\/#primaryimage\"},\"datePublished\":\"2011-11-10T16:52:56+00:00\",\"dateModified\":\"2011-11-10T16:58:16+00:00\",\"author\":{\"@id\":\"https:\/\/www.visit-ulcinj.com\/blog\/#\/schema\/person\/dcab619c614d3038751c63bc2aadc06d\"},\"description\":\"U toku godine u hotel Mediteran Ulcinj se organizuju brojni i raznovrsni skupovi - simpozijumi, kongresi, seminari, sportski susreti, stru\u010dna predavanja,\",\"breadcrumb\":{\"@id\":\"https:\/\/www.visit-ulcinj.com\/blog\/2011\/11\/10\/kongresni-turizam-hotel-mediterana-ulcinj\/#breadcrumb\"},\"inLanguage\":\"en-US\",\"potentialAction\":[{\"@type\":\"ReadAction\",\"target\":[\"https:\/\/www.visit-ulcinj.com\/blog\/2011\/11\/10\/kongresni-turizam-hotel-mediterana-ulcinj\/\"]}]},{\"@type\":\"BreadcrumbList\",\"@id\":\"https:\/\/www.visit-ulcinj.com\/blog\/2011\/11\/10\/kongresni-turizam-hotel-mediterana-ulcinj\/#breadcrumb\",\"itemListElement\":[{\"@type\":\"ListItem\",\"position\":1,\"name\":\"Kongresni turizam hotel Mediterana Ulcinj\"}]},{\"@type\":\"Person\",\"@id\":\"https:\/\/www.visit-ulcinj.com\/blog\/#\/schema\/person\/dcab619c614d3038751c63bc2aadc06d\",\"name\":\"ulqini\",\"sameAs\":[\"http:\/\/www.visit-ulcinj.com\"],\"url\":\"https:\/\/www.visit-ulcinj.com\/blog\/author\/admin\/\"}]}<\/script>\n<!-- \/ Yoast SEO plugin. -->","yoast_head_json":{"title":"Kongresni turizam hotel Mediterana Ulcinj - Lajme nga Ulqini","description":"U toku godine u hotel Mediteran Ulcinj se organizuju brojni i raznovrsni skupovi - simpozijumi, kongresi, seminari, sportski susreti, stru\u010dna predavanja,","robots":{"index":"index","follow":"follow","max-snippet":"max-snippet:-1","max-image-preview":"max-image-preview:large","max-video-preview":"max-video-preview:-1"},"canonical":"https:\/\/www.visit-ulcinj.com\/blog\/2011\/11\/10\/kongresni-turizam-hotel-mediterana-ulcinj\/","og_locale":"en_US","og_type":"article","og_title":"Kongresni turizam hotel Mediterana Ulcinj - Lajme nga Ulqini","og_description":"U toku godine u hotel Mediteran Ulcinj se organizuju brojni i raznovrsni skupovi - simpozijumi, kongresi, seminari, sportski susreti, stru\u010dna predavanja,","og_url":"https:\/\/www.visit-ulcinj.com\/blog\/2011\/11\/10\/kongresni-turizam-hotel-mediterana-ulcinj\/","og_site_name":"Lajme nga Ulqini","article_published_time":"2011-11-10T16:52:56+00:00","article_modified_time":"2011-11-10T16:58:16+00:00","og_image":[{"url":"https:\/\/www.visit-ulcinj.com\/blog\/wp-content\/uploads\/2011\/11\/Hotel-Mediteran-Ulcinj_Crna-Gora-150x150.jpg"}],"twitter_misc":{"Written by":"ulqini","Est. reading time":"2 minutes"},"schema":{"@context":"https:\/\/schema.org","@graph":[{"@type":"WebSite","@id":"https:\/\/www.visit-ulcinj.com\/blog\/#website","url":"https:\/\/www.visit-ulcinj.com\/blog\/","name":"Lajme nga Ulqini","description":"Lajme,Vijesti,Ulqini,Ulqin,Crna Gora,Mali i Zi","potentialAction":[{"@type":"SearchAction","target":{"@type":"EntryPoint","urlTemplate":"https:\/\/www.visit-ulcinj.com\/blog\/?s={search_term_string}"},"query-input":"required name=search_term_string"}],"inLanguage":"en-US"},{"@type":"ImageObject","inLanguage":"en-US","@id":"https:\/\/www.visit-ulcinj.com\/blog\/2011\/11\/10\/kongresni-turizam-hotel-mediterana-ulcinj\/#primaryimage","url":"https:\/\/www.visit-ulcinj.com\/blog\/wp-content\/uploads\/2011\/11\/Hotel-Mediteran-Ulcinj_Crna-Gora.jpg","contentUrl":"https:\/\/www.visit-ulcinj.com\/blog\/wp-content\/uploads\/2011\/11\/Hotel-Mediteran-Ulcinj_Crna-Gora.jpg","width":"1001","height":"750"},{"@type":"WebPage","@id":"https:\/\/www.visit-ulcinj.com\/blog\/2011\/11\/10\/kongresni-turizam-hotel-mediterana-ulcinj\/#webpage","url":"https:\/\/www.visit-ulcinj.com\/blog\/2011\/11\/10\/kongresni-turizam-hotel-mediterana-ulcinj\/","name":"Kongresni turizam hotel Mediterana Ulcinj - Lajme nga Ulqini","isPartOf":{"@id":"https:\/\/www.visit-ulcinj.com\/blog\/#website"},"primaryImageOfPage":{"@id":"https:\/\/www.visit-ulcinj.com\/blog\/2011\/11\/10\/kongresni-turizam-hotel-mediterana-ulcinj\/#primaryimage"},"datePublished":"2011-11-10T16:52:56+00:00","dateModified":"2011-11-10T16:58:16+00:00","author":{"@id":"https:\/\/www.visit-ulcinj.com\/blog\/#\/schema\/person\/dcab619c614d3038751c63bc2aadc06d"},"description":"U toku godine u hotel Mediteran Ulcinj se organizuju brojni i raznovrsni skupovi - simpozijumi, kongresi, seminari, sportski susreti, stru\u010dna predavanja,","breadcrumb":{"@id":"https:\/\/www.visit-ulcinj.com\/blog\/2011\/11\/10\/kongresni-turizam-hotel-mediterana-ulcinj\/#breadcrumb"},"inLanguage":"en-US","potentialAction":[{"@type":"ReadAction","target":["https:\/\/www.visit-ulcinj.com\/blog\/2011\/11\/10\/kongresni-turizam-hotel-mediterana-ulcinj\/"]}]},{"@type":"BreadcrumbList","@id":"https:\/\/www.visit-ulcinj.com\/blog\/2011\/11\/10\/kongresni-turizam-hotel-mediterana-ulcinj\/#breadcrumb","itemListElement":[{"@type":"ListItem","position":1,"name":"Kongresni turizam hotel Mediterana Ulcinj"}]},{"@type":"Person","@id":"https:\/\/www.visit-ulcinj.com\/blog\/#\/schema\/person\/dcab619c614d3038751c63bc2aadc06d","name":"ulqini","sameAs":["http:\/\/www.visit-ulcinj.com"],"url":"https:\/\/www.visit-ulcinj.com\/blog\/author\/admin\/"}]}},"jetpack_featured_media_url":"","jetpack_sharing_enabled":true,"jetpack_shortlink":"https:\/\/wp.me\/pe6lTn-dPm","_links":{"self":[{"href":"https:\/\/www.visit-ulcinj.com\/blog\/wp-json\/wp\/v2\/posts\/53156"}],"collection":[{"href":"https:\/\/www.visit-ulcinj.com\/blog\/wp-json\/wp\/v2\/posts"}],"about":[{"href":"https:\/\/www.visit-ulcinj.com\/blog\/wp-json\/wp\/v2\/types\/post"}],"author":[{"embeddable":true,"href":"https:\/\/www.visit-ulcinj.com\/blog\/wp-json\/wp\/v2\/users\/1"}],"replies":[{"embeddable":true,"href":"https:\/\/www.visit-ulcinj.com\/blog\/wp-json\/wp\/v2\/comments?post=53156"}],"version-history":[{"count":4,"href":"https:\/\/www.visit-ulcinj.com\/blog\/wp-json\/wp\/v2\/posts\/53156\/revisions"}],"predecessor-version":[{"id":53170,"href":"https:\/\/www.visit-ulcinj.com\/blog\/wp-json\/wp\/v2\/posts\/53156\/revisions\/53170"}],"wp:attachment":[{"href":"https:\/\/www.visit-ulcinj.com\/blog\/wp-json\/wp\/v2\/media?parent=53156"}],"wp:term":[{"taxonomy":"category","embeddable":true,"href":"https:\/\/www.visit-ulcinj.com\/blog\/wp-json\/wp\/v2\/categories?post=53156"},{"taxonomy":"post_tag","embeddable":true,"href":"https:\/\/www.visit-ulcinj.com\/blog\/wp-json\/wp\/v2\/tags?post=53156"}],"curies":[{"name":"wp","href":"https:\/\/api.w.org\/{rel}","templated":true}]}}