{"id":53173,"date":"2011-11-10T20:19:03","date_gmt":"2011-11-10T19:19:03","guid":{"rendered":"http:\/\/www.visit-ulcinj.com\/blog\/?p=53173"},"modified":"2011-11-10T20:44:44","modified_gmt":"2011-11-10T19:44:44","slug":"nekrolog-e-nje-politike-e-cila-do-te-shenohet-ne-margjinen-e-historise-se-qytetin-tone","status":"publish","type":"post","link":"https:\/\/www.visit-ulcinj.com\/blog\/2011\/11\/10\/nekrolog-e-nje-politike-e-cila-do-te-shenohet-ne-margjinen-e-historise-se-qytetin-tone\/","title":{"rendered":"NEKROLOG e nj\u00eb politike e cila do t\u00eb sh\u00ebnohet n\u00eb margjin\u00ebn e historis\u00eb s\u00eb qytetin ton\u00eb.."},"content":{"rendered":"<p><a href=\"http:\/\/www.visit-ulcinj.com\/blog\/wp-content\/uploads\/2011\/11\/Ismet-Karamanaga_Ulqin.jpg\"><img loading=\"lazy\" class=\"alignleft size-full wp-image-53174\" title=\"Ismet Karamanaga_Ulqin\" src=\"http:\/\/www.visit-ulcinj.com\/blog\/wp-content\/uploads\/2011\/11\/Ismet-Karamanaga_Ulqin.jpg\" alt=\"\" width=\"508\" height=\"380\" \/><\/a>N\u00eb fillim t\u00eb shtatorit kan\u00eb ndodhur nd\u00ebrrime t\u00eb m\u00ebdha n\u00eb sken\u00ebn politike t\u00eb qytetit ton\u00eb. T\u00eb gjithat pa dyshim do t\u00eb ndikojn\u00eb shum\u00eb n\u00eb zhvillimin e qytetit n\u00eb p\u00ebrgjith\u00ebsi. Nd\u00ebrrime n\u00eb sken\u00ebn politike t\u00eb papritura, nd\u00ebrrime q\u00eb nd\u00ebrruan n\u00eb imazhin e Ulqinit, por edhe ato t\u00eb cilat kan\u00eb kthyer shpres\u00ebn te shum\u00eb qytetar t\u00eb k\u00ebtij qyteti n\u00eb mes t\u00eb Evrop\u00ebs. Befasia \u00ebsht\u00eb, aq m\u00eb tep\u00ebr e madhe, duke ditur se partit\u00eb n\u00eb pushtetin lokal p\u00ebr \u201cUlqinin Evropian\u201d e kan\u00eb pasur t\u00eb fituar edhe nj\u00eb mandat, natyrisht, si gjithmon\u00eb me manipulime t\u00eb ndryshme. \u00cbsht\u00eb pritur q\u00eb t\u00eb vazhdojn\u00eb dhe ende edhe m\u00eb shum\u00eb, me paaft\u00ebsin\u00eb e tyre ta ulin qytetin ton\u00eb edhe m\u00eb posht\u00eb n\u00eb shkall\u00ebn e zhvillimit n\u00eb p\u00ebrgjith\u00ebsi&#8230; Natyrisht, si gjithmon\u00eb deri tash, m\u00eb s\u00eb pari duke pasur interesat personale, mbi ato t\u00eb p\u00ebrgjithshme . K\u00ebto jan\u00eb fakte t\u00eb cilat i kan\u00eb treguar gjithmon\u00eb, posa\u00e7\u00ebrisht, n\u00eb pun\u00ebsimin e kuadrove t\u00eb veta n\u00eb vende p\u00ebr \u00e7ka ato nuk kan\u00eb pasur as aft\u00ebsi e as kualifikime.<\/p>\n<p>Por, dua t\u00eb them, se ky sihariq ndodhi edhe me ndihm\u00ebn e Per\u00ebndis\u00eb. Dua t\u00eb besoj, se edhe Per\u00ebndia m\u00eb n\u00eb fund i ka ndihmuar k\u00ebsaj \u201cperle\u201d t\u00eb Adriatikut, me resurse t\u00eb rralla natyrore t\u00eb cilat edhe nuk mund t\u00eb hasen n\u00eb brigjet tona&#8230; Por, qyteti yn\u00eb, \u00ebsht\u00eb l\u00ebn\u00eb shum\u00eb pas dore. Ne k\u00ebtu, n\u00ebp\u00ebr lokale n\u00eb Ran\u00ebn ton\u00eb, shpesh n\u00eb diskutime t\u00eb p\u00ebrditshme e kemi p\u00ebrs\u00ebritur nj\u00eb th\u00ebnie t\u00eb Muhammedit a.s. se \u201cgjendjen e keni, ashtu si\u00e7 e keni merituar\u201d. Si duket ne duke ia dh\u00ebn\u00eb vot\u00ebn k\u00ebtij grupacioni t\u00eb deri djesh\u00ebm me siguri e kemi merituar k\u00ebt\u00eb gjendje. Mir\u00ebpo, qyteti yn\u00eb kaq i bukur, me siguri jo. Ne, t\u00eb cil\u00ebt kemi punuar dhe kemi jetuar n\u00eb at\u00eb turizmin e lart\u00eb, deri n\u00eb vitet e 90 -ta, jo pa krenari e kemi quajtur qytetin ton\u00eb\u201cUlqini florini\u201d. Them se Per\u00ebndia na ka ndihmuar duke ua \u201csjell\u201d , mendjen atyre 4 k\u00ebshilltar\u00ebve, t\u00eb cil\u00ebt un\u00eb i kam\u00eb quajtur \u201d 4 Musketar\u00ebt\u201d e Ulqinit. Ndoshta \u00ebsht\u00eb nj\u00eb krahasim i tepruar, por n\u00eb politik\u00ebn e tashme t\u00eb qytetit ton\u00eb, ata pa dyshim e meritojn\u00eb k\u00ebt\u00eb epitet , sepse \u201csjellja\u201d tyre ka b\u00ebr\u00eb nj\u00eb pun\u00eb, nj\u00eb vep\u00ebr t\u00eb mir\u00eb, e cila meriton edhe t\u00eb sh\u00ebnohet n\u00eb analet e historikut t\u00eb qytetit ton\u00eb, pas tmerrit t\u00eb deritash\u00ebm.<br \/>\n<a href=\"http:\/\/www.visit-ulcinj.com\/blog\/wp-content\/uploads\/2011\/11\/SHKATRRIMI-I-HOTEL-GALEBIT_ULQIN.jpg\"><img loading=\"lazy\" class=\"alignleft size-full wp-image-53175\" title=\"SHKATRRIMI I HOTEL GALEBIT_ULQIN\" src=\"http:\/\/www.visit-ulcinj.com\/blog\/wp-content\/uploads\/2011\/11\/SHKATRRIMI-I-HOTEL-GALEBIT_ULQIN.jpg\" alt=\"\" width=\"508\" height=\"300\" \/><\/a><\/p>\n<p>Zot\u00ebrinjt\u00eb e deri djesh\u00ebm, ata q\u00eb nj\u00eb koh\u00eb t\u00eb gjat\u00eb me ndihm\u00ebn e qytetar\u00ebve, t\u00eb cil\u00ebt duke ua dh\u00ebn\u00eb vot\u00ebn, t\u00eb manipuluar n\u00eb m\u00ebnyra t\u00eb ndryshme, e soll\u00ebn Ulqinin n\u00eb nj\u00eb shkall\u00eb jasht\u00ebzakonisht t\u00eb ul\u00ebt me kolaps n\u00eb ekonomi, posa\u00e7\u00ebrisht n\u00eb turiz\u00ebm. Besoj, emrat e tyre do t\u00eb sh\u00ebnohen me shkronja t\u00eb zeza n\u00eb margjinat historike t\u00eb qytetit ton\u00eb. E theksoj posa\u00e7\u00ebrisht turizmin si deg\u00ebn kryesore t\u00eb k\u00ebtij qyteti bregdetar. Kan\u00eb lejuar dhe kan\u00eb participuar, q\u00eb t\u00eb rr\u00ebnohen dhe t\u00eb shiten hotelet, s\u00eb bashku me objektet e tjera t\u00eb turizmit. Mos t\u00eb veprohet p\u00ebr mbrojtjen e tyre, pavar\u00ebsisht se sa i madh ka qen\u00eb ndikimi i shtetit p\u00ebr k\u00ebt\u00eb gjendje, nuk mund t\u2019 u falet. Nuk mund t\u2019u falet mos rezistenca dhe plog\u00ebshtia politike e tyre. Participimi dhe ngritja e dor\u00ebs p\u00ebr t\u00eb \u201cMir\u00ebn detare\u201d, formimi i Organizat\u00ebs turistike, pas asaj t\u00eb Pluzhin\u00ebs , me kuadro q\u00eb nuk e kan\u00eb ditur as shkronj\u00ebn \u201cT\u201d t\u00eb turizmit, nuk mund t\u2019 u falet. N\u00ebnshkrimi p\u00ebr shkat\u00ebrrimin e plot\u00eb t\u00eb hotelit \u201cGaleb\u201d, simbolit t\u00eb turizmit ton\u00eb, nuk mund\u00eb t\u2019ua fal\u00eb askush, por edhe shum\u00eb e shum\u00eb gj\u00ebra t\u00eb tjera. K\u00ebto shpresoj, popullata shqiptare nuk do t\u2019ua harroj\u00eb, as nuk do t\u2019ua falin edhe gjeneratat t\u00eb cilat do t\u00eb vin\u00eb pas nesh, asnj\u00ebher\u00eb&#8230;<br \/>\n<a href=\"http:\/\/www.visit-ulcinj.com\/blog\/wp-content\/uploads\/2011\/11\/PLLAZHA-E-MADHE-NE-SHITJE_TENDER_ULQIN_ULQINI.jpg\"><img loading=\"lazy\" class=\"alignleft size-full wp-image-53176\" title=\"PLLAZHA E MADHE NE SHITJE_TENDER_ULQIN_ULQINI\" src=\"http:\/\/www.visit-ulcinj.com\/blog\/wp-content\/uploads\/2011\/11\/PLLAZHA-E-MADHE-NE-SHITJE_TENDER_ULQIN_ULQINI.jpg\" alt=\"\" width=\"508\" height=\"300\" \/><\/a><\/p>\n<p>Dua ta p\u00ebrkujtoj opinionin n\u00eb \u201ctender\u00ebt\u201d e ndrysh\u00ebm, duke filluar nga Ada, Plazhi i Madh, kurse tenderi m\u00eb i dhimbsh\u00ebm ishte ai i Valdanosit&#8230; Ende edhe sot i gjith\u00eb qyteti \u00ebsht\u00eb n\u00eb tender\u00eb t\u00eb ndrysh\u00ebm, p\u00ebrve\u00e7 Kalas\u00eb, p\u00ebr t\u00eb cil\u00ebn tash nuk jan\u00eb t\u00eb intersuar \u201cinvestitor\u00ebt \u201c e huaj pasi q\u00eb aty gjendemi edhe ne t\u00eb gjall\u00ebt, n\u00eb trojet dhe me pronat tona. Ndoshta k\u00ebta zot\u00ebrinj kan\u00eb menduar se populli \u00ebsht\u00eb aq naiv dhe nuk e kupton sepse nd\u00ebrtohet ura n\u00eb Portomilen\u00eb. Investime t\u00eb tjera n\u00eb Ulqin nuk ka pasur, pasi q\u00eb Ulqini \u00ebsht\u00eb nj\u00eb qytet pa plane urbanistike gjenerale. Shteti i Malit t\u00eb Zi e nd\u00ebrton Ur\u00ebn n\u00eb Portomilen\u00eb ve\u00e7mas q\u00eb ta privatizoj\u00eb Plazhin e Madh dhe Ad\u00ebn , me fjal\u00eb t\u00eb tjera q\u00eb ato t\u2019i shes ndonj\u00eb miliarderi si\u00e7 \u00ebsht\u00eb Abramoviqi, a po ndonj\u00eb tjetrit. Kjo \u00ebsht\u00eb e qart\u00eb, sepse k\u00ebto potenciale jan\u00eb t\u00eb rralla dhe Republika d\u00ebshiron t\u2019i privatizoj\u00eb. Politika e shtetit t\u00eb Malit t\u00eb Zi, me institucionin e t\u00eb \u201cMir\u00ebs detare\u201d, e ka b\u00ebr\u00eb komun\u00ebn ton\u00eb, nj\u00eb komun\u00eb kontinentale. Ju p\u00ebrkujtoj n\u00eb shtrirjen e k\u00ebtij institucioni t\u00eb shtetit deri n\u00eb 2800 metra n\u00eb thell\u00ebsi t\u00eb Plazhit t\u00eb Madh.<\/p>\n<p>P\u00ebr turiz\u00ebm flas m\u00eb p\u00ebrgjegj\u00ebsi t\u00eb plot\u00eb, sepse e njoh mir\u00eb k\u00ebt\u00eb l\u00ebm\u00eb. Kam qen\u00eb, dhe ende jam nj\u00eb nd\u00ebr njoh\u00ebsit m\u00eb t\u00eb mir\u00eb t\u00eb turizmit n\u00eb Mal t\u00eb Zi. E p\u00ebrkujtoj opinionin se deri n\u00eb vitet e 90-ta Ulqini ishte qendra turistike nr. 1 n\u00eb nivelin e Malit t\u00eb Zi, por edhe m\u00eb gjer\u00eb. Dikur, ne jemi krahasuar me qytetin e Dubrovnikut, t\u00eb them m\u00eb mir\u00eb, ai krahasohej me ne. Sot Ulqini \u00ebsht\u00eb n\u00eb nj\u00eb gjendje t\u00eb mjerueshme, pa hotele, me nj\u00eb akomodim privat, me nj\u00eb num\u00ebr prej 100.000 shtret\u00ebrish. Turizmi 50 dit\u00ebsh m\u00eb nj\u00eb kuantitet , pa hotele t\u00eb kategoris\u00eb t\u00eb lart\u00eb, nuk ju garanton nj\u00eb kualitet. Ne nuk jemi destinacion turistik p\u00ebr Tour &#8211; operator\u00eb t\u00eb njohur nga Per\u00ebndimi, dhe p\u00ebr t\u00eb ne nuk jemi m\u00eb destinacion turistik si\u00e7 kemi qen\u00eb dikur, deri n\u00eb vitet e 90-ta. Dhe p\u00ebr k\u00ebt\u00eb vuajtja jon\u00eb \u00ebsht\u00eb aq e madhe, duke par\u00eb se n\u00eb \u00e7far\u00eb gjendje \u00ebsht\u00eb i yni qytet i bukur Ulqini, n\u00eb k\u00ebto koh\u00ebt e tranzicionit. Partit\u00eb politike n\u00eb pushtetin lokal t\u00eb deritash\u00ebm, shqiptar\u00eb natyrisht, n\u00eb m\u00ebnyr\u00ebn \u201cvasale\u201d ndaj pushtetit qendror, duke shikuar pak a shum\u00eb interesat e veta e jo ato t\u00eb p\u00ebrgjithshme, kan\u00eb dh\u00ebn\u00eb ndihmesa t\u00eb m\u00ebdha p\u00ebr k\u00ebt\u00eb gjendje.<\/p>\n<p><a href=\"http:\/\/www.visit-ulcinj.com\/blog\/wp-content\/uploads\/2011\/11\/Ismet-Karamanaga_Ruzhdi-Ushaku_Ulqin.jpg\"><img loading=\"lazy\" class=\"alignleft size-full wp-image-53177\" title=\"Ismet Karamanaga_Ruzhdi Ushaku_Ulqin\" src=\"http:\/\/www.visit-ulcinj.com\/blog\/wp-content\/uploads\/2011\/11\/Ismet-Karamanaga_Ruzhdi-Ushaku_Ulqin.jpg\" alt=\"\" width=\"508\" height=\"300\" \/><\/a><\/p>\n<p>Shteti i Malit t\u00eb Zi me politik\u00ebn injoruese ndaj nesh dhe ndaj qytetit ton\u00eb, me zgjedhjen dhe m\u00eb favorizimin e tyre, ka b\u00ebr\u00eb politik\u00ebn e margjinalizimit t\u00eb qytetit ton\u00eb. Ne si shqiptar\u00eb, k\u00ebt\u00eb e kemi t\u00eb qart\u00eb, pavar\u00ebsisht se jemi ata, t\u00eb cil\u00ebt me votat tona e kemi b\u00ebr\u00eb k\u00ebt\u00eb shtet. Shum\u00eb shqiptar\u00eb kan\u00eb ardhur nga t\u00ebr\u00eb bota p\u00ebr t\u00eb votuar p\u00ebr Referendum m\u00eb 21 Maj 2006. Nuk kemi pasur solucion dhe zgjedhje m\u00eb t\u00eb mir\u00eb, dhe p\u00ebr t\u00eb e kemi dh\u00ebn\u00eb vot\u00ebn duke u besuar edhe premtimeve t\u00eb shumta nga pushtetar\u00ebt e Malit t\u00eb Zi t\u00eb koh\u00ebs. Edhe un\u00eb, autori i k\u00ebtij teksti kam dh\u00ebn\u00eb kontribut t\u00eb madh me tekste p\u00ebr Referendum, dhe me pjes\u00ebmarrje n\u00eb emisione t\u00eb ndryshme n\u00eb TV-t\u00eb e Malit t\u00eb Zi&#8230;<\/p>\n<p><a href=\"http:\/\/www.visit-ulcinj.com\/blog\/wp-content\/uploads\/2011\/11\/Ismet-Karamanaga_Xho-Abazoviq_Ulqin.jpg\"><img loading=\"lazy\" class=\"alignleft size-full wp-image-53180\" title=\"Ismet Karamanaga_Xho Abazoviq_Ulqin\" src=\"http:\/\/www.visit-ulcinj.com\/blog\/wp-content\/uploads\/2011\/11\/Ismet-Karamanaga_Xho-Abazoviq_Ulqin.jpg\" alt=\"\" width=\"508\" height=\"300\" \/><\/a><\/p>\n<p>Dhe p\u00ebr k\u00ebto arsye, k\u00ebto ngjarje , do t\u00eb thoja nj\u00eb \u201ct\u00ebrmet\u201d n\u00eb politik\u00ebn e qytetit ton\u00eb, duhet t\u00eb sjellin nj\u00eb freski, nj\u00eb l\u00ebvizje pozitive n\u00eb zhvillimin e qytetit ton\u00eb n\u00eb p\u00ebrgjith\u00ebsi. K\u00ebto ngjarje jan\u00eb edhe shpres\u00eb p\u00ebr t\u00eb gjith\u00eb qytetar\u00ebt q\u00eb m\u00eb n\u00eb fund, Ulqini t\u00eb ngritet si nj\u00eb \u201cfenix\u201dn\u00eb qiellin e k\u00ebtij shteti, p\u00ebr t\u00eb cilin edhe ne kemi dh\u00ebn\u00eb kontribut t\u00eb madh. Besoj se, m\u00eb k\u00ebto nd\u00ebrrime duhen t\u00eb plot\u00ebsohen edhe \u00ebndrrat e t\u00eb gjith\u00eb atyre t\u00eb cil\u00ebt kan\u00eb punuar dhe kan\u00eb jetuar n\u00eb ato koh\u00ebt e arta t\u00eb turizmit, kur qyteti yn\u00eb sh\u00ebrbente shembull i nj\u00eb turizmit t\u00eb lart\u00eb, nj\u00eb destinacion i njohur anemban\u00eb bot\u00ebs. T\u00eb them m\u00eb mir\u00eb, nj\u00eb perl\u00eb, n\u00eb t\u00eb nj\u00ebjt\u00ebn paralele me Rom\u00ebn dhe Barcelon\u00ebn, por edhe nj\u00eb perle n\u00eb Mesdhe, ku jan\u00eb g\u00ebrshetuar kulturat e ndryshme, nj\u00eb pik\u00eb e Orientit n\u00eb mes t\u00eb Evrop\u00ebs.<\/p>\n<p>Ndodhjet t\u00eb tilla jan\u00eb t\u00eb rralla, por si\u00e7 shihet n\u00eb shembullin e qytetit ton\u00eb, ndodhin dhe p\u00ebr t\u00eb, dua ta p\u00ebrmendi at\u00eb fjalin\u00eb e famshme t\u00eb cil\u00ebn e ka th\u00ebn\u00eb G. Galilei, duke dal\u00eb prej sall\u00ebs, pas gjykimit t\u00eb Inkuizicionit \u201d sillet, sillet pra \u201d duke menduar n\u00eb Planetin ton\u00eb, natyrisht. Pas tmerrit t\u00eb dekad\u00ebs s\u00eb fundit n\u00eb politik\u00ebn dhe ekonomin e qytetin ton\u00eb, shumica e popullat\u00ebs shpreson n\u00eb nj\u00eb t\u00eb ardhme m\u00eb t\u00eb mir\u00eb, sepse pa dyshim k\u00ebto nd\u00ebrrime duhet t\u00eb jen\u00eb nj\u00eb l\u00ebvizje pozitive.<\/p>\n<p>Natyrisht, t\u00eb gjith\u00eb ne jemi t\u00eb vet\u00ebdishj\u00ebm se askush nuk e ka \u201cshkopin magjik\u201dp\u00ebr t\u00eb p\u00ebrmir\u00ebsuar menj\u00ebher\u00eb gjendjen katastrofike n\u00eb t\u00eb cil\u00ebt gjendet qyteti yn\u00eb, posa\u00e7\u00ebrisht pas analiz\u00ebs e gjendjes financiare. Nj\u00eb tmerr i pakuptuesh\u00ebm, duke i par\u00eb analizat e para. M\u00ebnyra se si, e ka realizuar dhe shpenzuar buxhetin pushteti vendor i m\u00ebparsh\u00ebm, me Kryetarin e Komun\u00ebs n\u00eb krye, \u00ebsht\u00eb p\u00ebr \u201cGinisin\u201d, duke filluar prej m\u00ebditjeve dhe m\u00eb gjer\u00eb&#8230;Besojm\u00eb se m\u00eb von\u00eb edhe m\u00eb t\u00eb dh\u00ebna t\u00eb tjera do t\u00eb krijohet nj\u00eb pasqyr\u00eb e qart\u00eb. Po ashtu besojm\u00eb se \u00e7dokush q\u00eb ka keqp\u00ebrdorur kompetencat, duhet t\u00eb p\u00ebrgjigjet sipas dhe n\u00eb mb\u00ebshtetje t\u00eb ligjit. Dhe p\u00ebr k\u00ebto t\u00eb dh\u00ebna, t\u00eb cilat pushtetar\u00ebt e deritash\u00ebm kan\u00eb dashur t\u2019i mshefin, kan\u00eb treguar qart\u00eb rezistenc\u00ebn e k\u00ebtyre zot\u00ebrinjve p\u00ebr l\u00ebshimin e kolltuk\u00ebve sepse ato jan\u00eb b\u00ebr\u00eb shum\u00eb t\u00eb rrshqitshme, frika p\u00ebr l\u00ebshimin e tyre ka qen\u00eb shum\u00eb e madhe, sepse ndoshta nj\u00eb dit\u00eb mund t\u00eb rrshqitet edhe pak m\u00eb larg ..<\/p>\n<p>Paraqitja n\u00eb TV Teuta n\u00eb shtator e t\u00eb dy lider\u00ebve t\u00eb pushtetit p\u00ebr \u201cUlqinin Evropian\u201d ka l\u00ebn\u00eb nj\u00eb bindje te qytetar\u00ebt , se interesat e tyre personale dhe ato partiake kan\u00eb qen\u00eb mbi ato t\u00eb p\u00ebrgjithshmet. Vet fakti, se kan\u00eb ofruar edhe poste t\u00eb larta atyre\u201dMusketar\u00ebve\u201d si\u00e7 i kam quajtur un\u00eb, mjafton. Nuk kan\u00eb menduar shum\u00eb p\u00ebr vete, pasi q\u00eb nj\u00ebri \u00ebsht\u00eb Minist\u00ebr dhe i premtohet posti i nj\u00eb ambasadori, pasi q\u00eb ka dh\u00ebn\u00eb \u201ckontribut\u201d t\u00eb madh p\u00ebr shtetin Malazias. Ka votuar p\u00ebr t\u00eb \u201cMir\u00ebn detare\u201d e cila qytetin e Ulqinit e ka b\u00ebr\u00eb qytet kontinental, sepse 57 p\u00ebrqind e t\u00eb \u201cMir\u00ebs detare\u201d e Malit t\u00eb Zi, \u00ebsht\u00eb n\u00eb Ulqin me nj\u00eb \u201cTsunami\u201d biblik prej 2800 m. n\u00eb brendi t\u00eb Plazhit t\u00eb Madh. Ministri dhe Ministria e Pakicave, u jan\u00eb dh\u00ebn\u00eb shqiptar\u00ebve, e ve\u00e7 pak p\u00ebr pakica tjera, sa p\u00ebr stolisje dhe dekor para Evrop\u00ebs.<br \/>\n<a href=\"http:\/\/www.visit-ulcinj.com\/blog\/wp-content\/uploads\/2011\/11\/ULQINI-NE-UNESCO.jpg\"><img loading=\"lazy\" class=\"alignleft size-large wp-image-53179\" title=\"ULQINI NE UNESCO\" src=\"http:\/\/www.visit-ulcinj.com\/blog\/wp-content\/uploads\/2011\/11\/ULQINI-NE-UNESCO-1024x1004.jpg\" alt=\"\" width=\"508\" height=\"620\" \/><\/a><\/p>\n<p>Nj\u00eb num\u00ebr i madh i banor\u00ebve nga Kalaja ua dha vot\u00ebn, por k\u00ebta zot\u00ebrinj i kan\u00eb d\u00ebshp\u00ebruar duke e l\u00ebn\u00eb Kalan\u00eb pas dore, pa investime n\u00eb infrastruktur\u00eb dhe n\u00eb mir\u00ebmbajtjen e saj&#8230;Bile vite me radh\u00eb, n\u00eb em\u00ebr t\u00eb Shoqat\u00ebs \u201cMiqt\u00eb e Kalas\u00eb\u201d kam k\u00ebrkuar ndihm\u00eb p\u00ebr botimin e kalendarit vjetor, si pushtetit vendor lokal, t\u00eb cilin e kan\u00eb p\u00ebrb\u00ebr\u00eb k\u00ebta zot\u00ebrinj, por edhe Ministris\u00eb, nga t\u00eb cilat radh\u00eb edhe nga ka qen\u00eb Ministri. As 100 Euro nuk na i kan\u00eb dh\u00ebn\u00eb, e t\u00eb mos flasim p\u00ebr planifikime n\u00eb investime t\u00eb infrastruktur\u00ebs n\u00eb Kala vite me radh\u00eb, por vet\u00ebm n\u00eb let\u00ebr, prej miliona eurosh. Athua se ne nuk e kemi ditur buxhetin e tyre. Ne e kemi ditur se ku dhe kujt i kan\u00eb dh\u00ebn\u00eb dhe ku i kan\u00eb shpenzuar mjetet. Duke filluar nga OJQ t\u00eb cilat i kan\u00eb drejtuar ata, apo t\u00eb cilat kan\u00eb qen\u00eb n\u00eb af\u00ebrsin\u00eb e politik\u00ebs s\u00eb tyre, dhe t\u00eb tjer\u00ebt. Iden\u00eb ton\u00eb p\u00ebr radhitjen e Kalas\u00eb n\u00eb mbrojtje t\u00eb \u201cUNESCO\u201d-s, vite me radh\u00eb as nuk e kan\u00eb p\u00ebrmendur, pavar\u00ebsisht se Kuvendi Komunal, e ka dh\u00ebn\u00eb p\u00eblqimin p\u00ebr t\u00eb,por, kjo ide pa ndihm\u00ebn dhe d\u00ebshir\u00ebn e tyre, ka mbetur vet\u00ebm let\u00ebr n\u00eb sirtar\u00ebt e kryekomunar\u00ebve.<\/p>\n<p>Ne, si shoqat\u00eb e v\u00ebrtet\u00eb joqeveritare , nuk kemi pasur rast, pavar\u00ebsisht se si, dhe p\u00ebr \u00e7ka kemi konkurruar. K\u00ebt\u00eb e kan\u00eb treguar qart\u00eb pas refuzimit t\u00eb zgjedhjes sime legale, p\u00ebr Radio Ulqinin. Me Kala jan\u00eb krenuar te delegacionet nga bota dhe nga vendi, pasi q\u00eb Kalan\u00eb e kan\u00eb pasur n\u00eb secil\u00ebn zyre si stolisje, n\u00eb foto t\u00eb varur , si simbol i nj\u00eb kulture t\u00eb jasht\u00ebzakonshme. Kaq u qe nevojitur atyre, ve\u00e7 ta ken\u00eb si imazh p\u00ebr lavd pran\u00eb mysafir\u00ebve dhe delegacioneve t\u00eb ndryshme nga vendi dhe nga bota. Sa i kan\u00eb kushtuar revitalizimit t\u00eb saj, shihet n\u00eb secilin hap duke sh\u00ebtitur n\u00eb Kalan\u00eb ton\u00eb.<br \/>\n<a href=\"http:\/\/www.visit-ulcinj.com\/blog\/wp-content\/uploads\/2011\/11\/Ismet-Karamanaga_Ruzhdi-Ushaku_Xhemal-Bushati_Ulqin.jpg\"><img loading=\"lazy\" class=\"alignleft size-full wp-image-53178\" title=\"Ismet Karamanaga_Ruzhdi Ushaku_Xhemal Bushati_Ulqin\" src=\"http:\/\/www.visit-ulcinj.com\/blog\/wp-content\/uploads\/2011\/11\/Ismet-Karamanaga_Ruzhdi-Ushaku_Xhemal-Bushati_Ulqin.jpg\" alt=\"\" width=\"508\" height=\"300\" \/><\/a><\/p>\n<p>Edhe zot\u00ebria nga partia m\u00eb e \u201cmadhe shqiptare\u201d DPS e ka pasur v\u00ebshtir\u00eb t\u00eb ndahet nga posti i kryetarit t\u00eb Parlamentit lokal. N\u00eb emisionin e p\u00ebrmendur n\u00eb TV Teuta edhe ai \u00ebsht\u00eb l\u00ebvduar se ka dh\u00ebn\u00eb ndihmes\u00eb t\u00eb madhe n\u00eb shkollimin e kuadrove t\u00eb rinj nga qyteti yn\u00eb, dhe shum\u00eb gj\u00ebra t\u00eb tjera. Sa e ka dh\u00ebn\u00eb\u201d kontributin \u201cp\u00ebr zhvillimin e qytetit ton\u00eb, n\u00eb turiz\u00ebm edhe n\u00eb ekonomi n\u00eb p\u00ebrgjith\u00ebsi, do ta vler\u00ebsojn\u00eb qytetar\u00ebt e thjesht\u00eb, por edhe ata t\u00eb tjer\u00ebt. Un\u00eb them se ndikimi i k\u00ebtij personi ka qen\u00eb shum\u00eb i madh sepse q\u00eb partia n\u00eb t\u00eb cil\u00ebn ai ka qen\u00eb n\u00eb krye ka vendosur dhe ende vendos se kush dhe ku do t\u00eb vihet n\u00eb krye, duke filluar nga drejtor\u00ebt e shkollave me mandate t\u00eb p\u00ebrhershme , e deri te postet t\u00eb cil\u00ebt i ka kontrolluar shteti. Vet\u00ebm ato, t\u00eb radh\u00ebve t\u00eb DPS kan\u00eb mund t\u00eb jen\u00eb n\u00eb krye. Edhe di\u00e7ka tjet\u00ebr, si drejtor i hotelit \u201cAlbatros\u201d mbi dhjet\u00eb vite, \u00ebsht\u00eb dashur ta din\u00eb dhe ta m\u00ebsojn\u00eb se Ulqini nuk \u00ebsht\u00eb destinacion turistik, sepse partia e tij n\u00eb pushtet e ka l\u00ebn\u00eb Ulqinin pa hotele, e pa hotele nuk ka destinacion turistik. T\u00eb flitet p\u00ebr \u201cUlqinin Evropian\u201d p\u00ebr destinacione turistike duhet t\u00eb njihet pak turizmi, nd\u00ebrsa koh\u00eb ka pasur ta m\u00ebsoj\u00eb. A \u00ebsht\u00eb m\u00eb e nevojshme t\u00eb p\u00ebrkujtohet opinioni i gjer\u00eb se Ulqini nuk ka m\u00eb hotele t\u00eb cil\u00ebt jan\u00eb zhdukur , duke filluar nga ai m\u00eb i famshmi \u201cGalebi\u201d p\u00ebr t\u00eb cilin vuan t\u00ebr\u00eb qyteti, posa\u00e7\u00ebrisht ne t\u00eb cil\u00ebt jemi rritur me t\u00eb. Ti p\u00ebrmendi dhe t\u00eb flas p\u00ebr ata pun\u00ebtor\u00eb t\u00eb cil\u00ebt kan\u00eb mbetur pa pun\u00eb, ose sot shesin cigare n\u00eb qoshqe e mos ti p\u00ebrmend ata t\u00eb cil\u00ebt gjenden n\u00eb m\u00ebrgim&#8230;.Ata t\u00eb cil\u00ebt e kan\u00eb n\u00ebnshkruar rr\u00ebnimin e \u201cGalebit\u201d nuk mund t\u00eb flejn\u00eb t\u00eb qet\u00eb, sepse besoj se edhe n\u00eb \u00ebnd\u00ebrr i paraqitet simboli i qytetit ton\u00eb. .. Pastaj, vendosja e falimentimit n\u00eb Rivier\u00ebn e Ulqinit, shitja dhe privatizimi i pa par\u00eb n\u00eb k\u00ebto treva.<br \/>\n<a href=\"http:\/\/www.visit-ulcinj.com\/blog\/wp-content\/uploads\/2011\/11\/Hotel-ne-shitje_-Hotel-Otranti-Ulqin-%E2%80%93-Cmimi-i-ri-10.600.000%E2%82%AC1.jpg\"><img loading=\"lazy\" class=\"alignleft size-full wp-image-53181\" title=\"Hotel ne shitje_ Hotel Otranti Ulqin \u2013 Cmimi i ri 10.600.000\u20ac\" src=\"http:\/\/www.visit-ulcinj.com\/blog\/wp-content\/uploads\/2011\/11\/Hotel-ne-shitje_-Hotel-Otranti-Ulqin-%E2%80%93-Cmimi-i-ri-10.600.000%E2%82%AC1.jpg\" alt=\"\" width=\"508\" height=\"300\" \/><\/a><\/p>\n<p>Nj\u00eb gjendje e till\u00eb ka ndikuar shum\u00eb edhe n\u00eb emigrimin e shum\u00eb banor\u00ebve nga k\u00ebto treva. Ku \u00ebsht\u00eb shkaku i k\u00ebsaj gjendjeje te ne n\u00eb Ulqin , nuk \u00ebsht\u00eb v\u00ebshtir\u00eb t\u00eb shihet. Partia n\u00eb pushtet dhe politika e shtetit, p\u00ebr t\u00eb cilin ne, mbi 85 p\u00ebrqind e kemi votuar, \u00ebsht\u00eb pa dyshim p\u00ebrgjegj\u00ebse p\u00ebr k\u00ebto. Tranzicion ka pasur edhe n\u00eb Budv\u00eb , por n\u00eb Budva sot ka mbi 93 hotele me mbi 3 yje, kurse tek ne 100 000 shtret\u00ebr n\u00eb akomodimin privat, me \u00e7mim te shtratit prej 5 deri n\u00eb 10 euro. K\u00ebtu \u00ebsht\u00eb dallimi n\u00eb turiz\u00ebm nd\u00ebrmjet nesh, sepse shteti i Malit t\u00eb Zi me ndihm\u00ebn e juaj \u201cvasale\u201d zot\u00ebrinj, Budv\u00ebn e ka b\u00ebr\u00eb destinacion turistik \u201cmetropol\u201d i turizmit me nj\u00eb turiz\u00ebm t\u00eb lart\u00eb, kurse neve na solli vet\u00ebm kuantitetin, me \u00e7mime t\u00eb ul\u00ebta, dhe me hamburger si ushqim kryesor.<br \/>\n<a href=\"http:\/\/www.visit-ulcinj.com\/blog\/wp-content\/uploads\/2011\/11\/SHITJA-NE-TENDER_RVIERA-E-ULQINIT.jpg\"><img loading=\"lazy\" class=\"alignleft size-full wp-image-53182\" title=\"SHITJA NE TENDER_RVIERA E ULQINIT\" src=\"http:\/\/www.visit-ulcinj.com\/blog\/wp-content\/uploads\/2011\/11\/SHITJA-NE-TENDER_RVIERA-E-ULQINIT.jpg\" alt=\"\" width=\"508\" height=\"300\" \/><\/a><\/p>\n<p>Dhe p\u00ebr te shpreh \u00e7udi p\u00ebr reagimin e k\u00ebtyre zot\u00ebrinjve kaq t\u00eb \u201cdhimbsh\u00ebm\u201d p\u00ebr k\u00ebto ngjarje. Nj\u00ebri shkon n\u00eb diplomaci, pasi q\u00eb i ka \u201cmeritat\u201d e m\u00ebdha p\u00ebr shtetin e Malit t\u00eb Zi , kurse tjetri \u00ebsht\u00eb deputet n\u00eb Parlamentin e Malit t\u00eb Zi, dhe dikur kur do t\u00eb shp\u00ebrblehet me pension Nacional p\u00ebr \u201cmerita\u201d t\u00eb m\u00ebdha. Edhe nj\u00eb fjali d\u00ebshiroj t\u2019ua dedikoj k\u00ebtyre zot\u00ebrinjve. Se sa i kan\u00eb \u201cmeritat \u201c p\u00ebr pun\u00eb n\u00eb Parlamentit t\u00eb Malit t\u00eb Zi, pasi q\u00eb jan\u00eb deputet\u00eb dhe vendosin p\u00ebr popullin ton\u00eb, shihet edhe nga ngjarjet e fundit p\u00ebr gjuh\u00ebn amtare. T\u2019ua p\u00ebrkujtoj opinionin&#8230;\u201dcrnogorski \u2013 srpski, boshnja\u010dki, hrvatski..dhe ku \u00ebsht\u00eb \u201calbanski\u201d? Sa keni luftuar p\u00ebr gjuh\u00ebn ton\u00eb? T\u00eb ishit atdhetar\u00eb t\u00eb v\u00ebrtet\u00eb \u00ebsht\u00eb dashur ta l\u00ebshoni fare Parlamentin, e jo vet\u00ebm t\u00eb shkoni deri n\u00eb korridor apo n\u00eb bife t\u00eb Parlamentit.<\/p>\n<p>Dhe n\u00eb fund, dua t\u00eb besoj se pushteti i ri, pavar\u00ebsisht nga shum\u00eb probleme me t\u00eb cilat ballafaqohet p\u00ebr \u00e7do dit\u00eb do t\u00eb sjell\u00eb nj\u00eb politik\u00eb t\u00eb re n\u00eb zhvillimin e qytetit ton\u00eb n\u00eb p\u00ebrgjith\u00ebsi, posa\u00e7\u00ebrisht n\u00eb ekonomi dhe n\u00eb turiz\u00ebm. Besoj se nuk do ti p\u00ebrs\u00ebrisin gabimet e pushtetit t\u00eb deridjesh\u00ebm. \u00cbsht\u00eb e qart\u00eb se duhet t\u00eb pun\u00ebsojn\u00eb kuadrot e veta edhe atyre t\u00eb koalicionit me t\u00eb cilin gjenden n\u00eb pushtet, por e kam shpres\u00ebn se nd\u00ebrmjet tyre duhet t\u2019i gjejn\u00eb ata q\u00eb kan\u00eb edhe aft\u00ebsi profesionale e jo vet\u00ebm me diploma. Duhen t\u00eb formojn\u00eb nj\u00eb ekip t\u00eb fort\u00eb i cili duhet t\u2019i p\u00ebrballoj\u00eb problemet e grumbulluara vite me radh\u00eb. Nj\u00eb shembull i thjesht\u00eb, a mund t\u00eb paramendohet se Barcelona mund t\u00eb jet\u00eb ekipi m\u00eb i mir\u00eb n\u00eb futboll, pa kualitet&#8230;sikur t\u2019i merrte dhe ti angazhonte lojtar\u00ebt vet\u00ebm nga Katalonia , Barcelona dhe rrethina&#8230; E qart\u00eb \u00ebsht\u00eb se duhet t\u00eb zgjedhen ata m\u00eb t\u00eb mir\u00ebt, dhe suksesi nuk do t\u00eb mungoj\u00eb.<\/p>\n<p><a href=\"https:\/\/www.facebook.com\/profile.php?id=1359492972\" target=\"_blank\"><strong>Ulqin, Tetor 2011 Ismet KARAMANAGA<\/strong><\/a><\/p>\n<!--YouTube Error: bad URL entered-->\n","protected":false},"excerpt":{"rendered":"<p>N\u00eb fillim t\u00eb shtatorit kan\u00eb ndodhur nd\u00ebrrime t\u00eb m\u00ebdha n\u00eb sken\u00ebn politike t\u00eb qytetit ton\u00eb. T\u00eb gjithat pa dyshim do t\u00eb ndikojn\u00eb shum\u00eb n\u00eb zhvillimin e qytetit n\u00eb p\u00ebrgjith\u00ebsi. Nd\u00ebrrime n\u00eb sken\u00ebn politike t\u00eb papritura, nd\u00ebrrime q\u00eb nd\u00ebrruan n\u00eb imazhin e Ulqinit, por edhe ato t\u00eb cilat kan\u00eb kthyer shpres\u00ebn te shum\u00eb qytetar t\u00eb k\u00ebtij [&hellip;]<\/p>\n","protected":false},"author":1,"featured_media":0,"comment_status":"open","ping_status":"closed","sticky":false,"template":"","format":"standard","meta":{"spay_email":"","jetpack_publicize_message":"","jetpack_is_tweetstorm":false,"jetpack_publicize_feature_enabled":true},"categories":[14249],"tags":[306,310,297,95,200,18],"jetpack_publicize_connections":[],"yoast_head":"<!-- This site is optimized with the Yoast SEO plugin v19.1 - https:\/\/yoast.com\/wordpress\/plugins\/seo\/ -->\n<title>NEKROLOG e nj\u00eb politike e cila do t\u00eb sh\u00ebnohet n\u00eb margjin\u00ebn e historis\u00eb s\u00eb qytetin ton\u00eb.. - Lajme nga Ulqini<\/title>\n<meta name=\"description\" content=\"N\u00eb fillim t\u00eb shtatorit kan\u00eb ndodhur nd\u00ebrrime t\u00eb m\u00ebdha n\u00eb sken\u00ebn politike t\u00eb qytetit ton\u00eb. T\u00eb gjithat pa dyshim do t\u00eb ndikojn\u00eb shum\u00eb n\u00eb zhvillimin e\" \/>\n<meta name=\"robots\" content=\"index, follow, max-snippet:-1, max-image-preview:large, max-video-preview:-1\" \/>\n<link rel=\"canonical\" href=\"https:\/\/www.visit-ulcinj.com\/blog\/2011\/11\/10\/nekrolog-e-nje-politike-e-cila-do-te-shenohet-ne-margjinen-e-historise-se-qytetin-tone\/\" \/>\n<meta property=\"og:locale\" content=\"en_US\" \/>\n<meta property=\"og:type\" content=\"article\" \/>\n<meta property=\"og:title\" content=\"NEKROLOG e nj\u00eb politike e cila do t\u00eb sh\u00ebnohet n\u00eb margjin\u00ebn e historis\u00eb s\u00eb qytetin ton\u00eb.. - Lajme nga Ulqini\" \/>\n<meta property=\"og:description\" content=\"N\u00eb fillim t\u00eb shtatorit kan\u00eb ndodhur nd\u00ebrrime t\u00eb m\u00ebdha n\u00eb sken\u00ebn politike t\u00eb qytetit ton\u00eb. T\u00eb gjithat pa dyshim do t\u00eb ndikojn\u00eb shum\u00eb n\u00eb zhvillimin e\" \/>\n<meta property=\"og:url\" content=\"https:\/\/www.visit-ulcinj.com\/blog\/2011\/11\/10\/nekrolog-e-nje-politike-e-cila-do-te-shenohet-ne-margjinen-e-historise-se-qytetin-tone\/\" \/>\n<meta property=\"og:site_name\" content=\"Lajme nga Ulqini\" \/>\n<meta property=\"article:published_time\" content=\"2011-11-10T19:19:03+00:00\" \/>\n<meta property=\"article:modified_time\" content=\"2011-11-10T19:44:44+00:00\" \/>\n<meta property=\"og:image\" content=\"http:\/\/www.visit-ulcinj.com\/blog\/wp-content\/uploads\/2011\/11\/Ismet-Karamanaga_Ulqin.jpg\" \/>\n<meta name=\"twitter:label1\" content=\"Written by\" \/>\n\t<meta name=\"twitter:data1\" content=\"ulqini\" \/>\n\t<meta name=\"twitter:label2\" content=\"Est. reading time\" \/>\n\t<meta name=\"twitter:data2\" content=\"16 minutes\" \/>\n<script type=\"application\/ld+json\" class=\"yoast-schema-graph\">{\"@context\":\"https:\/\/schema.org\",\"@graph\":[{\"@type\":\"WebSite\",\"@id\":\"https:\/\/www.visit-ulcinj.com\/blog\/#website\",\"url\":\"https:\/\/www.visit-ulcinj.com\/blog\/\",\"name\":\"Lajme nga Ulqini\",\"description\":\"Lajme,Vijesti,Ulqini,Ulqin,Crna Gora,Mali i Zi\",\"potentialAction\":[{\"@type\":\"SearchAction\",\"target\":{\"@type\":\"EntryPoint\",\"urlTemplate\":\"https:\/\/www.visit-ulcinj.com\/blog\/?s={search_term_string}\"},\"query-input\":\"required name=search_term_string\"}],\"inLanguage\":\"en-US\"},{\"@type\":\"ImageObject\",\"inLanguage\":\"en-US\",\"@id\":\"https:\/\/www.visit-ulcinj.com\/blog\/2011\/11\/10\/nekrolog-e-nje-politike-e-cila-do-te-shenohet-ne-margjinen-e-historise-se-qytetin-tone\/#primaryimage\",\"url\":\"https:\/\/www.visit-ulcinj.com\/blog\/wp-content\/uploads\/2011\/11\/Ismet-Karamanaga_Ulqin.jpg\",\"contentUrl\":\"https:\/\/www.visit-ulcinj.com\/blog\/wp-content\/uploads\/2011\/11\/Ismet-Karamanaga_Ulqin.jpg\",\"width\":\"720\",\"height\":\"541\"},{\"@type\":\"WebPage\",\"@id\":\"https:\/\/www.visit-ulcinj.com\/blog\/2011\/11\/10\/nekrolog-e-nje-politike-e-cila-do-te-shenohet-ne-margjinen-e-historise-se-qytetin-tone\/#webpage\",\"url\":\"https:\/\/www.visit-ulcinj.com\/blog\/2011\/11\/10\/nekrolog-e-nje-politike-e-cila-do-te-shenohet-ne-margjinen-e-historise-se-qytetin-tone\/\",\"name\":\"NEKROLOG e nj\u00eb politike e cila do t\u00eb sh\u00ebnohet n\u00eb margjin\u00ebn e historis\u00eb s\u00eb qytetin ton\u00eb.. - Lajme nga Ulqini\",\"isPartOf\":{\"@id\":\"https:\/\/www.visit-ulcinj.com\/blog\/#website\"},\"primaryImageOfPage\":{\"@id\":\"https:\/\/www.visit-ulcinj.com\/blog\/2011\/11\/10\/nekrolog-e-nje-politike-e-cila-do-te-shenohet-ne-margjinen-e-historise-se-qytetin-tone\/#primaryimage\"},\"datePublished\":\"2011-11-10T19:19:03+00:00\",\"dateModified\":\"2011-11-10T19:44:44+00:00\",\"author\":{\"@id\":\"https:\/\/www.visit-ulcinj.com\/blog\/#\/schema\/person\/dcab619c614d3038751c63bc2aadc06d\"},\"description\":\"N\u00eb fillim t\u00eb shtatorit kan\u00eb ndodhur nd\u00ebrrime t\u00eb m\u00ebdha n\u00eb sken\u00ebn politike t\u00eb qytetit ton\u00eb. T\u00eb gjithat pa dyshim do t\u00eb ndikojn\u00eb shum\u00eb n\u00eb zhvillimin e\",\"breadcrumb\":{\"@id\":\"https:\/\/www.visit-ulcinj.com\/blog\/2011\/11\/10\/nekrolog-e-nje-politike-e-cila-do-te-shenohet-ne-margjinen-e-historise-se-qytetin-tone\/#breadcrumb\"},\"inLanguage\":\"en-US\",\"potentialAction\":[{\"@type\":\"ReadAction\",\"target\":[\"https:\/\/www.visit-ulcinj.com\/blog\/2011\/11\/10\/nekrolog-e-nje-politike-e-cila-do-te-shenohet-ne-margjinen-e-historise-se-qytetin-tone\/\"]}]},{\"@type\":\"BreadcrumbList\",\"@id\":\"https:\/\/www.visit-ulcinj.com\/blog\/2011\/11\/10\/nekrolog-e-nje-politike-e-cila-do-te-shenohet-ne-margjinen-e-historise-se-qytetin-tone\/#breadcrumb\",\"itemListElement\":[{\"@type\":\"ListItem\",\"position\":1,\"name\":\"NEKROLOG e nj\u00eb politike e cila do t\u00eb sh\u00ebnohet n\u00eb margjin\u00ebn e historis\u00eb s\u00eb qytetin ton\u00eb..\"}]},{\"@type\":\"Person\",\"@id\":\"https:\/\/www.visit-ulcinj.com\/blog\/#\/schema\/person\/dcab619c614d3038751c63bc2aadc06d\",\"name\":\"ulqini\",\"sameAs\":[\"http:\/\/www.visit-ulcinj.com\"],\"url\":\"https:\/\/www.visit-ulcinj.com\/blog\/author\/admin\/\"}]}<\/script>\n<!-- \/ Yoast SEO plugin. -->","yoast_head_json":{"title":"NEKROLOG e nj\u00eb politike e cila do t\u00eb sh\u00ebnohet n\u00eb margjin\u00ebn e historis\u00eb s\u00eb qytetin ton\u00eb.. - Lajme nga Ulqini","description":"N\u00eb fillim t\u00eb shtatorit kan\u00eb ndodhur nd\u00ebrrime t\u00eb m\u00ebdha n\u00eb sken\u00ebn politike t\u00eb qytetit ton\u00eb. T\u00eb gjithat pa dyshim do t\u00eb ndikojn\u00eb shum\u00eb n\u00eb zhvillimin e","robots":{"index":"index","follow":"follow","max-snippet":"max-snippet:-1","max-image-preview":"max-image-preview:large","max-video-preview":"max-video-preview:-1"},"canonical":"https:\/\/www.visit-ulcinj.com\/blog\/2011\/11\/10\/nekrolog-e-nje-politike-e-cila-do-te-shenohet-ne-margjinen-e-historise-se-qytetin-tone\/","og_locale":"en_US","og_type":"article","og_title":"NEKROLOG e nj\u00eb politike e cila do t\u00eb sh\u00ebnohet n\u00eb margjin\u00ebn e historis\u00eb s\u00eb qytetin ton\u00eb.. - Lajme nga Ulqini","og_description":"N\u00eb fillim t\u00eb shtatorit kan\u00eb ndodhur nd\u00ebrrime t\u00eb m\u00ebdha n\u00eb sken\u00ebn politike t\u00eb qytetit ton\u00eb. T\u00eb gjithat pa dyshim do t\u00eb ndikojn\u00eb shum\u00eb n\u00eb zhvillimin e","og_url":"https:\/\/www.visit-ulcinj.com\/blog\/2011\/11\/10\/nekrolog-e-nje-politike-e-cila-do-te-shenohet-ne-margjinen-e-historise-se-qytetin-tone\/","og_site_name":"Lajme nga Ulqini","article_published_time":"2011-11-10T19:19:03+00:00","article_modified_time":"2011-11-10T19:44:44+00:00","og_image":[{"url":"http:\/\/www.visit-ulcinj.com\/blog\/wp-content\/uploads\/2011\/11\/Ismet-Karamanaga_Ulqin.jpg"}],"twitter_misc":{"Written by":"ulqini","Est. reading time":"16 minutes"},"schema":{"@context":"https:\/\/schema.org","@graph":[{"@type":"WebSite","@id":"https:\/\/www.visit-ulcinj.com\/blog\/#website","url":"https:\/\/www.visit-ulcinj.com\/blog\/","name":"Lajme nga Ulqini","description":"Lajme,Vijesti,Ulqini,Ulqin,Crna Gora,Mali i Zi","potentialAction":[{"@type":"SearchAction","target":{"@type":"EntryPoint","urlTemplate":"https:\/\/www.visit-ulcinj.com\/blog\/?s={search_term_string}"},"query-input":"required name=search_term_string"}],"inLanguage":"en-US"},{"@type":"ImageObject","inLanguage":"en-US","@id":"https:\/\/www.visit-ulcinj.com\/blog\/2011\/11\/10\/nekrolog-e-nje-politike-e-cila-do-te-shenohet-ne-margjinen-e-historise-se-qytetin-tone\/#primaryimage","url":"https:\/\/www.visit-ulcinj.com\/blog\/wp-content\/uploads\/2011\/11\/Ismet-Karamanaga_Ulqin.jpg","contentUrl":"https:\/\/www.visit-ulcinj.com\/blog\/wp-content\/uploads\/2011\/11\/Ismet-Karamanaga_Ulqin.jpg","width":"720","height":"541"},{"@type":"WebPage","@id":"https:\/\/www.visit-ulcinj.com\/blog\/2011\/11\/10\/nekrolog-e-nje-politike-e-cila-do-te-shenohet-ne-margjinen-e-historise-se-qytetin-tone\/#webpage","url":"https:\/\/www.visit-ulcinj.com\/blog\/2011\/11\/10\/nekrolog-e-nje-politike-e-cila-do-te-shenohet-ne-margjinen-e-historise-se-qytetin-tone\/","name":"NEKROLOG e nj\u00eb politike e cila do t\u00eb sh\u00ebnohet n\u00eb margjin\u00ebn e historis\u00eb s\u00eb qytetin ton\u00eb.. - Lajme nga Ulqini","isPartOf":{"@id":"https:\/\/www.visit-ulcinj.com\/blog\/#website"},"primaryImageOfPage":{"@id":"https:\/\/www.visit-ulcinj.com\/blog\/2011\/11\/10\/nekrolog-e-nje-politike-e-cila-do-te-shenohet-ne-margjinen-e-historise-se-qytetin-tone\/#primaryimage"},"datePublished":"2011-11-10T19:19:03+00:00","dateModified":"2011-11-10T19:44:44+00:00","author":{"@id":"https:\/\/www.visit-ulcinj.com\/blog\/#\/schema\/person\/dcab619c614d3038751c63bc2aadc06d"},"description":"N\u00eb fillim t\u00eb shtatorit kan\u00eb ndodhur nd\u00ebrrime t\u00eb m\u00ebdha n\u00eb sken\u00ebn politike t\u00eb qytetit ton\u00eb. T\u00eb gjithat pa dyshim do t\u00eb ndikojn\u00eb shum\u00eb n\u00eb zhvillimin e","breadcrumb":{"@id":"https:\/\/www.visit-ulcinj.com\/blog\/2011\/11\/10\/nekrolog-e-nje-politike-e-cila-do-te-shenohet-ne-margjinen-e-historise-se-qytetin-tone\/#breadcrumb"},"inLanguage":"en-US","potentialAction":[{"@type":"ReadAction","target":["https:\/\/www.visit-ulcinj.com\/blog\/2011\/11\/10\/nekrolog-e-nje-politike-e-cila-do-te-shenohet-ne-margjinen-e-historise-se-qytetin-tone\/"]}]},{"@type":"BreadcrumbList","@id":"https:\/\/www.visit-ulcinj.com\/blog\/2011\/11\/10\/nekrolog-e-nje-politike-e-cila-do-te-shenohet-ne-margjinen-e-historise-se-qytetin-tone\/#breadcrumb","itemListElement":[{"@type":"ListItem","position":1,"name":"NEKROLOG e nj\u00eb politike e cila do t\u00eb sh\u00ebnohet n\u00eb margjin\u00ebn e historis\u00eb s\u00eb qytetin ton\u00eb.."}]},{"@type":"Person","@id":"https:\/\/www.visit-ulcinj.com\/blog\/#\/schema\/person\/dcab619c614d3038751c63bc2aadc06d","name":"ulqini","sameAs":["http:\/\/www.visit-ulcinj.com"],"url":"https:\/\/www.visit-ulcinj.com\/blog\/author\/admin\/"}]}},"jetpack_featured_media_url":"","jetpack_sharing_enabled":true,"jetpack_shortlink":"https:\/\/wp.me\/pe6lTn-dPD","_links":{"self":[{"href":"https:\/\/www.visit-ulcinj.com\/blog\/wp-json\/wp\/v2\/posts\/53173"}],"collection":[{"href":"https:\/\/www.visit-ulcinj.com\/blog\/wp-json\/wp\/v2\/posts"}],"about":[{"href":"https:\/\/www.visit-ulcinj.com\/blog\/wp-json\/wp\/v2\/types\/post"}],"author":[{"embeddable":true,"href":"https:\/\/www.visit-ulcinj.com\/blog\/wp-json\/wp\/v2\/users\/1"}],"replies":[{"embeddable":true,"href":"https:\/\/www.visit-ulcinj.com\/blog\/wp-json\/wp\/v2\/comments?post=53173"}],"version-history":[{"count":4,"href":"https:\/\/www.visit-ulcinj.com\/blog\/wp-json\/wp\/v2\/posts\/53173\/revisions"}],"predecessor-version":[{"id":53186,"href":"https:\/\/www.visit-ulcinj.com\/blog\/wp-json\/wp\/v2\/posts\/53173\/revisions\/53186"}],"wp:attachment":[{"href":"https:\/\/www.visit-ulcinj.com\/blog\/wp-json\/wp\/v2\/media?parent=53173"}],"wp:term":[{"taxonomy":"category","embeddable":true,"href":"https:\/\/www.visit-ulcinj.com\/blog\/wp-json\/wp\/v2\/categories?post=53173"},{"taxonomy":"post_tag","embeddable":true,"href":"https:\/\/www.visit-ulcinj.com\/blog\/wp-json\/wp\/v2\/tags?post=53173"}],"curies":[{"name":"wp","href":"https:\/\/api.w.org\/{rel}","templated":true}]}}