{"id":53194,"date":"2011-11-11T20:33:33","date_gmt":"2011-11-11T19:33:33","guid":{"rendered":"http:\/\/www.visit-ulcinj.com\/blog\/?p=53194"},"modified":"2011-11-11T20:33:33","modified_gmt":"2011-11-11T19:33:33","slug":"dinosa-napusta-vladu-ide-u-ambasadore","status":"publish","type":"post","link":"https:\/\/www.visit-ulcinj.com\/blog\/2011\/11\/11\/dinosa-napusta-vladu-ide-u-ambasadore\/","title":{"rendered":"Dino\u0161a napu\u0161ta Vladu, ide u ambasadore"},"content":{"rendered":"<p><a href=\"http:\/\/www.visit-ulcinj.com\/blog\/wp-content\/uploads\/2011\/11\/ferhat-dinosha.jpg\"><img loading=\"lazy\" class=\"alignleft size-full wp-image-53195\" title=\"ferhat dinosha\" src=\"http:\/\/www.visit-ulcinj.com\/blog\/wp-content\/uploads\/2011\/11\/ferhat-dinosha.jpg\" alt=\"\" width=\"508\" height=\"380\" \/><\/a>Vlada je ju\u010de predlo\u017eila ministra za ljudska i manjinska prava Ferhata Dino\u0161u za novog ambasadora u Albaniji, zbog \u010dega \u0107e ministar narednih dana morati da ponese ostavku na sada\u0161nju funkciju, ali i na mjesto predsjednika Demokratske unije Albanaca. Za imenovanje Dino\u0161e, koji je na \u010delu DUA, \u010dlanice saveza na vlasti, potrebno je da pozitivno mi\u0161ljenje daju \u010dlanovi skup\u0161tinskog Odbora za me\u0111unarodne odnose, a potom da predsjednik dr\u017eave potpi\u0161e ukaz o imenovanju. Sjednica odbora mogla bi biti odr\u017eana ve\u0107 po\u010detkom naredne sedmice.<br \/>\nPo\u0161to regulativa ne omogu\u0107ava da predsjednici partija istovremeno budu i ambasadori, Dino\u0161a mora da napusti \u010delnu funkciju u DUA, u kojoj ve\u0107 du\u017ee vrijeme tinja sukob izme\u0111u dvije struje. Prema nezvani\u010dnim saznanjima \u201eDana\u201d, na \u010delu jedne struje u DUA je Gzim Hajdinaga, nekada\u0161nji predsjednik op\u0161tine Ulcinj, koji sada nema anga\u017eman, a na \u010delu druge Mehmet-Meto Zenka, poslanik, i biv\u0161i li\u010dni pratilac Ferhata Dino\u0161e. DUA je ove godine ve\u0107 imala cijepanje, kada je dio ulcinjskog odbora izbacio doju\u010dera\u0161nje kolege i DPS iz vlasti i formirao novu koaliciju sa Forcom.<br \/>\nUskoro isti\u010de mandat aktuelnom ambasadoru \u017deljku Perovi\u0107u, pa je stoga Ministarstvo vanjskih poslova i EU integracija predlo\u017eilo ministra Dino\u0161u. Perovi\u0107 je na du\u017enost ambasadora u Tirani stupio u prolje\u0107e 2008. godine. O Dino\u0161inom anga\u017eovanju u diplomatiji i ranije je bilo govora, posebno nakon \u0161to je dio javnosti, ali i neke evropske diplomate, protestovao zbog pojedinih Dino\u0161inih stavova oko prava seksualnih manjina u Crnoj Gori. Prema \u010dlanu 105. Ustava, predsjednik Vlade parlamentu predla\u017ee da razrije\u0161i \u010dlana Vlade.<br \/>\nKao mogu\u0107i kandidat za novog ministra za ljudska i manjinska prava slovi Jovan Koji\u010di\u0107, savjetnik premijera za ljudska prava.<br \/>\n<a href=\"http:\/\/www.dan.co.me\/?nivo=3&amp;rubrika=Politika&amp;datum=2011-11-11&amp;clanak=305823\" target=\"_blank\"><strong>M.V.<\/strong><br \/>\n<strong> Izvor: DAN<\/strong><\/a><\/p>\n","protected":false},"excerpt":{"rendered":"<p>Vlada je ju\u010de predlo\u017eila ministra za ljudska i manjinska prava Ferhata Dino\u0161u za novog ambasadora u Albaniji, zbog \u010dega \u0107e ministar narednih dana morati da ponese ostavku na sada\u0161nju funkciju, ali i na mjesto predsjednika Demokratske unije Albanaca. Za imenovanje Dino\u0161e, koji je na \u010delu DUA, \u010dlanice saveza na vlasti, potrebno je da pozitivno mi\u0161ljenje [&hellip;]<\/p>\n","protected":false},"author":1,"featured_media":0,"comment_status":"open","ping_status":"closed","sticky":false,"template":"","format":"standard","meta":{"spay_email":"","jetpack_publicize_message":"","jetpack_is_tweetstorm":false,"jetpack_publicize_feature_enabled":true},"categories":[8337],"tags":[88],"jetpack_publicize_connections":[],"yoast_head":"<!-- This site is optimized with the Yoast SEO plugin v19.1 - https:\/\/yoast.com\/wordpress\/plugins\/seo\/ -->\n<title>Dino\u0161a napu\u0161ta Vladu, ide u ambasadore - Lajme nga Ulqini<\/title>\n<meta name=\"description\" content=\"Vlada je ju\u010de predlo\u017eila ministra za ljudska i manjinska prava Ferhata Dino\u0161u za novog ambasadora u Albaniji, zbog \u010dega \u0107e ministar narednih dana morati\" \/>\n<meta name=\"robots\" content=\"index, follow, max-snippet:-1, max-image-preview:large, max-video-preview:-1\" \/>\n<link rel=\"canonical\" href=\"https:\/\/www.visit-ulcinj.com\/blog\/2011\/11\/11\/dinosa-napusta-vladu-ide-u-ambasadore\/\" \/>\n<meta property=\"og:locale\" content=\"en_US\" \/>\n<meta property=\"og:type\" content=\"article\" \/>\n<meta property=\"og:title\" content=\"Dino\u0161a napu\u0161ta Vladu, ide u ambasadore - Lajme nga Ulqini\" \/>\n<meta property=\"og:description\" content=\"Vlada je ju\u010de predlo\u017eila ministra za ljudska i manjinska prava Ferhata Dino\u0161u za novog ambasadora u Albaniji, zbog \u010dega \u0107e ministar narednih dana morati\" \/>\n<meta property=\"og:url\" content=\"https:\/\/www.visit-ulcinj.com\/blog\/2011\/11\/11\/dinosa-napusta-vladu-ide-u-ambasadore\/\" \/>\n<meta property=\"og:site_name\" content=\"Lajme nga Ulqini\" \/>\n<meta property=\"article:published_time\" content=\"2011-11-11T19:33:33+00:00\" \/>\n<meta property=\"og:image\" content=\"http:\/\/www.visit-ulcinj.com\/blog\/wp-content\/uploads\/2011\/11\/ferhat-dinosha.jpg\" \/>\n<meta name=\"twitter:label1\" content=\"Written by\" \/>\n\t<meta name=\"twitter:data1\" content=\"ulqini\" \/>\n\t<meta name=\"twitter:label2\" content=\"Est. reading time\" \/>\n\t<meta name=\"twitter:data2\" content=\"2 minutes\" \/>\n<script type=\"application\/ld+json\" class=\"yoast-schema-graph\">{\"@context\":\"https:\/\/schema.org\",\"@graph\":[{\"@type\":\"WebSite\",\"@id\":\"https:\/\/www.visit-ulcinj.com\/blog\/#website\",\"url\":\"https:\/\/www.visit-ulcinj.com\/blog\/\",\"name\":\"Lajme nga Ulqini\",\"description\":\"Lajme,Vijesti,Ulqini,Ulqin,Crna Gora,Mali i Zi\",\"potentialAction\":[{\"@type\":\"SearchAction\",\"target\":{\"@type\":\"EntryPoint\",\"urlTemplate\":\"https:\/\/www.visit-ulcinj.com\/blog\/?s={search_term_string}\"},\"query-input\":\"required name=search_term_string\"}],\"inLanguage\":\"en-US\"},{\"@type\":\"ImageObject\",\"inLanguage\":\"en-US\",\"@id\":\"https:\/\/www.visit-ulcinj.com\/blog\/2011\/11\/11\/dinosa-napusta-vladu-ide-u-ambasadore\/#primaryimage\",\"url\":\"https:\/\/www.visit-ulcinj.com\/blog\/wp-content\/uploads\/2011\/11\/ferhat-dinosha.jpg\",\"contentUrl\":\"https:\/\/www.visit-ulcinj.com\/blog\/wp-content\/uploads\/2011\/11\/ferhat-dinosha.jpg\",\"width\":\"630\",\"height\":\"534\"},{\"@type\":\"WebPage\",\"@id\":\"https:\/\/www.visit-ulcinj.com\/blog\/2011\/11\/11\/dinosa-napusta-vladu-ide-u-ambasadore\/#webpage\",\"url\":\"https:\/\/www.visit-ulcinj.com\/blog\/2011\/11\/11\/dinosa-napusta-vladu-ide-u-ambasadore\/\",\"name\":\"Dino\u0161a napu\u0161ta Vladu, ide u ambasadore - Lajme nga Ulqini\",\"isPartOf\":{\"@id\":\"https:\/\/www.visit-ulcinj.com\/blog\/#website\"},\"primaryImageOfPage\":{\"@id\":\"https:\/\/www.visit-ulcinj.com\/blog\/2011\/11\/11\/dinosa-napusta-vladu-ide-u-ambasadore\/#primaryimage\"},\"datePublished\":\"2011-11-11T19:33:33+00:00\",\"dateModified\":\"2011-11-11T19:33:33+00:00\",\"author\":{\"@id\":\"https:\/\/www.visit-ulcinj.com\/blog\/#\/schema\/person\/dcab619c614d3038751c63bc2aadc06d\"},\"description\":\"Vlada je ju\u010de predlo\u017eila ministra za ljudska i manjinska prava Ferhata Dino\u0161u za novog ambasadora u Albaniji, zbog \u010dega \u0107e ministar narednih dana morati\",\"breadcrumb\":{\"@id\":\"https:\/\/www.visit-ulcinj.com\/blog\/2011\/11\/11\/dinosa-napusta-vladu-ide-u-ambasadore\/#breadcrumb\"},\"inLanguage\":\"en-US\",\"potentialAction\":[{\"@type\":\"ReadAction\",\"target\":[\"https:\/\/www.visit-ulcinj.com\/blog\/2011\/11\/11\/dinosa-napusta-vladu-ide-u-ambasadore\/\"]}]},{\"@type\":\"BreadcrumbList\",\"@id\":\"https:\/\/www.visit-ulcinj.com\/blog\/2011\/11\/11\/dinosa-napusta-vladu-ide-u-ambasadore\/#breadcrumb\",\"itemListElement\":[{\"@type\":\"ListItem\",\"position\":1,\"name\":\"Dino\u0161a napu\u0161ta Vladu, ide u ambasadore\"}]},{\"@type\":\"Person\",\"@id\":\"https:\/\/www.visit-ulcinj.com\/blog\/#\/schema\/person\/dcab619c614d3038751c63bc2aadc06d\",\"name\":\"ulqini\",\"sameAs\":[\"http:\/\/www.visit-ulcinj.com\"],\"url\":\"https:\/\/www.visit-ulcinj.com\/blog\/author\/admin\/\"}]}<\/script>\n<!-- \/ Yoast SEO plugin. -->","yoast_head_json":{"title":"Dino\u0161a napu\u0161ta Vladu, ide u ambasadore - Lajme nga Ulqini","description":"Vlada je ju\u010de predlo\u017eila ministra za ljudska i manjinska prava Ferhata Dino\u0161u za novog ambasadora u Albaniji, zbog \u010dega \u0107e ministar narednih dana morati","robots":{"index":"index","follow":"follow","max-snippet":"max-snippet:-1","max-image-preview":"max-image-preview:large","max-video-preview":"max-video-preview:-1"},"canonical":"https:\/\/www.visit-ulcinj.com\/blog\/2011\/11\/11\/dinosa-napusta-vladu-ide-u-ambasadore\/","og_locale":"en_US","og_type":"article","og_title":"Dino\u0161a napu\u0161ta Vladu, ide u ambasadore - Lajme nga Ulqini","og_description":"Vlada je ju\u010de predlo\u017eila ministra za ljudska i manjinska prava Ferhata Dino\u0161u za novog ambasadora u Albaniji, zbog \u010dega \u0107e ministar narednih dana morati","og_url":"https:\/\/www.visit-ulcinj.com\/blog\/2011\/11\/11\/dinosa-napusta-vladu-ide-u-ambasadore\/","og_site_name":"Lajme nga Ulqini","article_published_time":"2011-11-11T19:33:33+00:00","og_image":[{"url":"http:\/\/www.visit-ulcinj.com\/blog\/wp-content\/uploads\/2011\/11\/ferhat-dinosha.jpg"}],"twitter_misc":{"Written by":"ulqini","Est. reading time":"2 minutes"},"schema":{"@context":"https:\/\/schema.org","@graph":[{"@type":"WebSite","@id":"https:\/\/www.visit-ulcinj.com\/blog\/#website","url":"https:\/\/www.visit-ulcinj.com\/blog\/","name":"Lajme nga Ulqini","description":"Lajme,Vijesti,Ulqini,Ulqin,Crna Gora,Mali i Zi","potentialAction":[{"@type":"SearchAction","target":{"@type":"EntryPoint","urlTemplate":"https:\/\/www.visit-ulcinj.com\/blog\/?s={search_term_string}"},"query-input":"required name=search_term_string"}],"inLanguage":"en-US"},{"@type":"ImageObject","inLanguage":"en-US","@id":"https:\/\/www.visit-ulcinj.com\/blog\/2011\/11\/11\/dinosa-napusta-vladu-ide-u-ambasadore\/#primaryimage","url":"https:\/\/www.visit-ulcinj.com\/blog\/wp-content\/uploads\/2011\/11\/ferhat-dinosha.jpg","contentUrl":"https:\/\/www.visit-ulcinj.com\/blog\/wp-content\/uploads\/2011\/11\/ferhat-dinosha.jpg","width":"630","height":"534"},{"@type":"WebPage","@id":"https:\/\/www.visit-ulcinj.com\/blog\/2011\/11\/11\/dinosa-napusta-vladu-ide-u-ambasadore\/#webpage","url":"https:\/\/www.visit-ulcinj.com\/blog\/2011\/11\/11\/dinosa-napusta-vladu-ide-u-ambasadore\/","name":"Dino\u0161a napu\u0161ta Vladu, ide u ambasadore - Lajme nga Ulqini","isPartOf":{"@id":"https:\/\/www.visit-ulcinj.com\/blog\/#website"},"primaryImageOfPage":{"@id":"https:\/\/www.visit-ulcinj.com\/blog\/2011\/11\/11\/dinosa-napusta-vladu-ide-u-ambasadore\/#primaryimage"},"datePublished":"2011-11-11T19:33:33+00:00","dateModified":"2011-11-11T19:33:33+00:00","author":{"@id":"https:\/\/www.visit-ulcinj.com\/blog\/#\/schema\/person\/dcab619c614d3038751c63bc2aadc06d"},"description":"Vlada je ju\u010de predlo\u017eila ministra za ljudska i manjinska prava Ferhata Dino\u0161u za novog ambasadora u Albaniji, zbog \u010dega \u0107e ministar narednih dana morati","breadcrumb":{"@id":"https:\/\/www.visit-ulcinj.com\/blog\/2011\/11\/11\/dinosa-napusta-vladu-ide-u-ambasadore\/#breadcrumb"},"inLanguage":"en-US","potentialAction":[{"@type":"ReadAction","target":["https:\/\/www.visit-ulcinj.com\/blog\/2011\/11\/11\/dinosa-napusta-vladu-ide-u-ambasadore\/"]}]},{"@type":"BreadcrumbList","@id":"https:\/\/www.visit-ulcinj.com\/blog\/2011\/11\/11\/dinosa-napusta-vladu-ide-u-ambasadore\/#breadcrumb","itemListElement":[{"@type":"ListItem","position":1,"name":"Dino\u0161a napu\u0161ta Vladu, ide u ambasadore"}]},{"@type":"Person","@id":"https:\/\/www.visit-ulcinj.com\/blog\/#\/schema\/person\/dcab619c614d3038751c63bc2aadc06d","name":"ulqini","sameAs":["http:\/\/www.visit-ulcinj.com"],"url":"https:\/\/www.visit-ulcinj.com\/blog\/author\/admin\/"}]}},"jetpack_featured_media_url":"","jetpack_sharing_enabled":true,"jetpack_shortlink":"https:\/\/wp.me\/pe6lTn-dPY","_links":{"self":[{"href":"https:\/\/www.visit-ulcinj.com\/blog\/wp-json\/wp\/v2\/posts\/53194"}],"collection":[{"href":"https:\/\/www.visit-ulcinj.com\/blog\/wp-json\/wp\/v2\/posts"}],"about":[{"href":"https:\/\/www.visit-ulcinj.com\/blog\/wp-json\/wp\/v2\/types\/post"}],"author":[{"embeddable":true,"href":"https:\/\/www.visit-ulcinj.com\/blog\/wp-json\/wp\/v2\/users\/1"}],"replies":[{"embeddable":true,"href":"https:\/\/www.visit-ulcinj.com\/blog\/wp-json\/wp\/v2\/comments?post=53194"}],"version-history":[{"count":2,"href":"https:\/\/www.visit-ulcinj.com\/blog\/wp-json\/wp\/v2\/posts\/53194\/revisions"}],"predecessor-version":[{"id":53197,"href":"https:\/\/www.visit-ulcinj.com\/blog\/wp-json\/wp\/v2\/posts\/53194\/revisions\/53197"}],"wp:attachment":[{"href":"https:\/\/www.visit-ulcinj.com\/blog\/wp-json\/wp\/v2\/media?parent=53194"}],"wp:term":[{"taxonomy":"category","embeddable":true,"href":"https:\/\/www.visit-ulcinj.com\/blog\/wp-json\/wp\/v2\/categories?post=53194"},{"taxonomy":"post_tag","embeddable":true,"href":"https:\/\/www.visit-ulcinj.com\/blog\/wp-json\/wp\/v2\/tags?post=53194"}],"curies":[{"name":"wp","href":"https:\/\/api.w.org\/{rel}","templated":true}]}}