{"id":53198,"date":"2011-11-12T09:28:16","date_gmt":"2011-11-12T08:28:16","guid":{"rendered":"http:\/\/www.visit-ulcinj.com\/blog\/?p=53198"},"modified":"2011-11-12T14:24:41","modified_gmt":"2011-11-12T13:24:41","slug":"ostrvo-iz-raja","status":"publish","type":"post","link":"https:\/\/www.visit-ulcinj.com\/blog\/2011\/11\/12\/ostrvo-iz-raja\/","title":{"rendered":"Ostrvo iz Raja"},"content":{"rendered":"<p><strong><a href=\"http:\/\/www.visit-ulcinj.com\/blog\/wp-content\/uploads\/2011\/11\/Ada-Bojana_Ulcinj_Montenegro.1.jpg\"><img loading=\"lazy\" class=\"alignleft size-full wp-image-53200\" title=\"Ada-Bojana_Ulcinj_Montenegro.1\" src=\"http:\/\/www.visit-ulcinj.com\/blog\/wp-content\/uploads\/2011\/11\/Ada-Bojana_Ulcinj_Montenegro.1.jpg\" alt=\"\" width=\"508\" height=\"355\" \/><\/a>Ada Bojana, a zovu je i \u201eostrvo iz raja\u201c, je na delti rijeke Bojane. Nalazi se nedaleko od Ulcinja, najju\u017enijeg crnogorskog grada koji \u010duva uspomene na nekada\u0161nje klju\u010dno gusarsko upori\u0161te ovog dijela Mediterana. U njemu je tamnovao i Servantes, slavni pisac \u201eDon Kihota\u201c. Anti\u010dko ime Dolcinium povezuje se s Kihotovom Dulsinejom. Od Ulcinja do Bojane prostire se 13 kilometara duga Velika pla\u017ea \u2013 pje\u0161\u010dani raj za surf kajting, windsurf\u2026<\/strong><\/p>\n<p>U ovom dijelu Crne Gore mo\u017eete u\u017eivati u sun\u010danim danima od kraja aprila do sredine oktobra. Posljednjih desetak godina, u ovom intervalu, nije bilo ki\u0161nih dana.<\/p>\n<p>Otrantska vrata, pu\u010dina, sitni pijesak i \u010dist, jodom oboga\u0107en vazduh otjera\u0107e iz va\u0161e glave sve \u0161to vam stvara stres. Do\u0111ite jednom i uvijek \u0107e te se vra\u0107ati.<br \/>\n<a href=\"http:\/\/www.visit-ulcinj.com\/blog\/wp-content\/uploads\/2011\/11\/Ada-Bojana_Ulcinj_Montenegro.3.jpg\"><img loading=\"lazy\" class=\"alignleft size-full wp-image-53205\" title=\"Ada-Bojana_Ulcinj_Montenegro.3\" src=\"http:\/\/www.visit-ulcinj.com\/blog\/wp-content\/uploads\/2011\/11\/Ada-Bojana_Ulcinj_Montenegro.3.jpg\" alt=\"\" width=\"508\" height=\"300\" \/><\/a><\/p>\n<p>Raznovrsnost smje\u0161taja je tako\u0111e privla\u010dna za turiste. Osim hotela na Adi u ponudi su sojenice koje su sa obije strane obale. Za ljubitelje nudisti\u010dkog turizma na ostrvu je organizovan veliki kapm. Sa druge strane, du\u017e Velike pla\u017ee, ljudi jednostavno do\u0111u sa \u0161atorima i ostaju do posljednjeg daha ljepote u\u017eivanja.<\/p>\n<p>Legenda ka\u017ee da se poslije jednog velikog nevremena, sredinom XIX vijeka, na mjestu gdje se Bojana odvaja od Velike pla\u017ee, nasukao brod \u201cMerito\u201d. Na tom mjestu su postojala i dva mala ostrva. Godinama se oko trupa potonulog broda i ova dva ostrva skupljao rije\u010dni nanos od koga je najprije nastao sprud, a zatim i ostrvo. Izronjavanjem na povr\u0161inu vode, ostrvo je rijeku podijelilo na dva kraka.<\/p>\n<p>Trouglastog je oblika, dvije strane zapljuskuje rijeka Bojana, a tre\u0107u Jadransko more, prema kom je okrenuta pje\u0161\u010dana pla\u017ea. Desni rukavac rijeke Bojane dijeli ostrvo od Velike pla\u017ee. Pla\u017ea i morsko dno su prekriveni sitnim pijeskom.<br \/>\n<a href=\"http:\/\/www.visit-ulcinj.com\/blog\/wp-content\/uploads\/2011\/11\/Ada-Bojana_Ulcinj_Montenegro.2.jpg\"><img loading=\"lazy\" class=\"alignleft size-full wp-image-53202\" title=\"Ada-Bojana_Ulcinj_Montenegro.\" src=\"http:\/\/www.visit-ulcinj.com\/blog\/wp-content\/uploads\/2011\/11\/Ada-Bojana_Ulcinj_Montenegro.2.jpg\" alt=\"\" width=\"508\" height=\"300\" \/><\/a><\/p>\n<p>Adu Bojanu krasi i suptropsko i mediteransko rastinje, a neke od biljnih i \u017eivotinjskih vrsta su jedinstvene u Evropi. Upravo gusta i bujna vegetacija daje Adi poseban \u010dar i zajedno sa neobi\u010dnim \u017eivotinjskim svijetom pretvara je u poseban mikroekolo\u0161ki prostor.<\/p>\n<p>\u0160etnjom du\u017e Velike pla\u017ee, u zimskom periodu,\u00a0 za o\u010dekivati je susret sa ze\u010devima, divljim svinjama, \u010dakaljima (mali ru\u017eni bezopasni stvor koji li\u010di na psa). Po\u0161to je \u010duvena ulcinjska solana u blizini, pti\u010diji svijet je jedan od najraznovrsnijih u ovom dijelu planete.<\/p>\n<p>Kad god da do\u0111ete sigurno \u0107e te odmoriti i ne\u0107ete pogrije\u0161iti.<\/p>\n<p><a href=\"http:\/\/www.pobjeda.me\/2011\/11\/09\/ostrvo-iz-raja\/\" target=\"_blank\"><strong>Goran Vukadinovi\u0107<br \/>\nIzvor: Pobjeda<\/strong><\/a><\/p>\n<!--YouTube Error: bad URL entered-->\n","protected":false},"excerpt":{"rendered":"<p>Ada Bojana, a zovu je i \u201eostrvo iz raja\u201c, je na delti rijeke Bojane. Nalazi se nedaleko od Ulcinja, najju\u017enijeg crnogorskog grada koji \u010duva uspomene na nekada\u0161nje klju\u010dno gusarsko upori\u0161te ovog dijela Mediterana. U njemu je tamnovao i Servantes, slavni pisac \u201eDon Kihota\u201c. Anti\u010dko ime Dolcinium povezuje se s Kihotovom Dulsinejom. Od Ulcinja do Bojane [&hellip;]<\/p>\n","protected":false},"author":1,"featured_media":0,"comment_status":"open","ping_status":"closed","sticky":false,"template":"","format":"standard","meta":{"spay_email":"","jetpack_publicize_message":"","jetpack_is_tweetstorm":false,"jetpack_publicize_feature_enabled":true},"categories":[8337],"tags":[138,155,19],"jetpack_publicize_connections":[],"yoast_head":"<!-- This site is optimized with the Yoast SEO plugin v19.1 - https:\/\/yoast.com\/wordpress\/plugins\/seo\/ -->\n<title>Ostrvo iz Raja - Lajme nga Ulqini<\/title>\n<meta name=\"description\" content=\"Ada Bojana, a zovu je i \u201eostrvo iz raja\u201c, je na delti rijeke Bojane. Nalazi se nedaleko od Ulcinja, najju\u017enijeg crnogorskog grada koji \u010duva uspomene na\" \/>\n<meta name=\"robots\" content=\"index, follow, max-snippet:-1, max-image-preview:large, max-video-preview:-1\" \/>\n<link rel=\"canonical\" href=\"https:\/\/www.visit-ulcinj.com\/blog\/2011\/11\/12\/ostrvo-iz-raja\/\" \/>\n<meta property=\"og:locale\" content=\"en_US\" \/>\n<meta property=\"og:type\" content=\"article\" \/>\n<meta property=\"og:title\" content=\"Ostrvo iz Raja - Lajme nga Ulqini\" \/>\n<meta property=\"og:description\" content=\"Ada Bojana, a zovu je i \u201eostrvo iz raja\u201c, je na delti rijeke Bojane. Nalazi se nedaleko od Ulcinja, najju\u017enijeg crnogorskog grada koji \u010duva uspomene na\" \/>\n<meta property=\"og:url\" content=\"https:\/\/www.visit-ulcinj.com\/blog\/2011\/11\/12\/ostrvo-iz-raja\/\" \/>\n<meta property=\"og:site_name\" content=\"Lajme nga Ulqini\" \/>\n<meta property=\"article:published_time\" content=\"2011-11-12T08:28:16+00:00\" \/>\n<meta property=\"article:modified_time\" content=\"2011-11-12T13:24:41+00:00\" \/>\n<meta property=\"og:image\" content=\"http:\/\/www.visit-ulcinj.com\/blog\/wp-content\/uploads\/2011\/11\/Ada-Bojana_Ulcinj_Montenegro.1.jpg\" \/>\n<meta name=\"twitter:label1\" content=\"Written by\" \/>\n\t<meta name=\"twitter:data1\" content=\"ulqini\" \/>\n\t<meta name=\"twitter:label2\" content=\"Est. reading time\" \/>\n\t<meta name=\"twitter:data2\" content=\"2 minutes\" \/>\n<script type=\"application\/ld+json\" class=\"yoast-schema-graph\">{\"@context\":\"https:\/\/schema.org\",\"@graph\":[{\"@type\":\"WebSite\",\"@id\":\"https:\/\/www.visit-ulcinj.com\/blog\/#website\",\"url\":\"https:\/\/www.visit-ulcinj.com\/blog\/\",\"name\":\"Lajme nga Ulqini\",\"description\":\"Lajme,Vijesti,Ulqini,Ulqin,Crna Gora,Mali i Zi\",\"potentialAction\":[{\"@type\":\"SearchAction\",\"target\":{\"@type\":\"EntryPoint\",\"urlTemplate\":\"https:\/\/www.visit-ulcinj.com\/blog\/?s={search_term_string}\"},\"query-input\":\"required name=search_term_string\"}],\"inLanguage\":\"en-US\"},{\"@type\":\"ImageObject\",\"inLanguage\":\"en-US\",\"@id\":\"https:\/\/www.visit-ulcinj.com\/blog\/2011\/11\/12\/ostrvo-iz-raja\/#primaryimage\",\"url\":\"https:\/\/www.visit-ulcinj.com\/blog\/wp-content\/uploads\/2011\/11\/Ada-Bojana_Ulcinj_Montenegro.1.jpg\",\"contentUrl\":\"https:\/\/www.visit-ulcinj.com\/blog\/wp-content\/uploads\/2011\/11\/Ada-Bojana_Ulcinj_Montenegro.1.jpg\",\"width\":\"616\",\"height\":\"355\"},{\"@type\":\"WebPage\",\"@id\":\"https:\/\/www.visit-ulcinj.com\/blog\/2011\/11\/12\/ostrvo-iz-raja\/#webpage\",\"url\":\"https:\/\/www.visit-ulcinj.com\/blog\/2011\/11\/12\/ostrvo-iz-raja\/\",\"name\":\"Ostrvo iz Raja - Lajme nga Ulqini\",\"isPartOf\":{\"@id\":\"https:\/\/www.visit-ulcinj.com\/blog\/#website\"},\"primaryImageOfPage\":{\"@id\":\"https:\/\/www.visit-ulcinj.com\/blog\/2011\/11\/12\/ostrvo-iz-raja\/#primaryimage\"},\"datePublished\":\"2011-11-12T08:28:16+00:00\",\"dateModified\":\"2011-11-12T13:24:41+00:00\",\"author\":{\"@id\":\"https:\/\/www.visit-ulcinj.com\/blog\/#\/schema\/person\/dcab619c614d3038751c63bc2aadc06d\"},\"description\":\"Ada Bojana, a zovu je i \u201eostrvo iz raja\u201c, je na delti rijeke Bojane. Nalazi se nedaleko od Ulcinja, najju\u017enijeg crnogorskog grada koji \u010duva uspomene na\",\"breadcrumb\":{\"@id\":\"https:\/\/www.visit-ulcinj.com\/blog\/2011\/11\/12\/ostrvo-iz-raja\/#breadcrumb\"},\"inLanguage\":\"en-US\",\"potentialAction\":[{\"@type\":\"ReadAction\",\"target\":[\"https:\/\/www.visit-ulcinj.com\/blog\/2011\/11\/12\/ostrvo-iz-raja\/\"]}]},{\"@type\":\"BreadcrumbList\",\"@id\":\"https:\/\/www.visit-ulcinj.com\/blog\/2011\/11\/12\/ostrvo-iz-raja\/#breadcrumb\",\"itemListElement\":[{\"@type\":\"ListItem\",\"position\":1,\"name\":\"Ostrvo iz Raja\"}]},{\"@type\":\"Person\",\"@id\":\"https:\/\/www.visit-ulcinj.com\/blog\/#\/schema\/person\/dcab619c614d3038751c63bc2aadc06d\",\"name\":\"ulqini\",\"sameAs\":[\"http:\/\/www.visit-ulcinj.com\"],\"url\":\"https:\/\/www.visit-ulcinj.com\/blog\/author\/admin\/\"}]}<\/script>\n<!-- \/ Yoast SEO plugin. -->","yoast_head_json":{"title":"Ostrvo iz Raja - Lajme nga Ulqini","description":"Ada Bojana, a zovu je i \u201eostrvo iz raja\u201c, je na delti rijeke Bojane. Nalazi se nedaleko od Ulcinja, najju\u017enijeg crnogorskog grada koji \u010duva uspomene na","robots":{"index":"index","follow":"follow","max-snippet":"max-snippet:-1","max-image-preview":"max-image-preview:large","max-video-preview":"max-video-preview:-1"},"canonical":"https:\/\/www.visit-ulcinj.com\/blog\/2011\/11\/12\/ostrvo-iz-raja\/","og_locale":"en_US","og_type":"article","og_title":"Ostrvo iz Raja - Lajme nga Ulqini","og_description":"Ada Bojana, a zovu je i \u201eostrvo iz raja\u201c, je na delti rijeke Bojane. Nalazi se nedaleko od Ulcinja, najju\u017enijeg crnogorskog grada koji \u010duva uspomene na","og_url":"https:\/\/www.visit-ulcinj.com\/blog\/2011\/11\/12\/ostrvo-iz-raja\/","og_site_name":"Lajme nga Ulqini","article_published_time":"2011-11-12T08:28:16+00:00","article_modified_time":"2011-11-12T13:24:41+00:00","og_image":[{"url":"http:\/\/www.visit-ulcinj.com\/blog\/wp-content\/uploads\/2011\/11\/Ada-Bojana_Ulcinj_Montenegro.1.jpg"}],"twitter_misc":{"Written by":"ulqini","Est. reading time":"2 minutes"},"schema":{"@context":"https:\/\/schema.org","@graph":[{"@type":"WebSite","@id":"https:\/\/www.visit-ulcinj.com\/blog\/#website","url":"https:\/\/www.visit-ulcinj.com\/blog\/","name":"Lajme nga Ulqini","description":"Lajme,Vijesti,Ulqini,Ulqin,Crna Gora,Mali i Zi","potentialAction":[{"@type":"SearchAction","target":{"@type":"EntryPoint","urlTemplate":"https:\/\/www.visit-ulcinj.com\/blog\/?s={search_term_string}"},"query-input":"required name=search_term_string"}],"inLanguage":"en-US"},{"@type":"ImageObject","inLanguage":"en-US","@id":"https:\/\/www.visit-ulcinj.com\/blog\/2011\/11\/12\/ostrvo-iz-raja\/#primaryimage","url":"https:\/\/www.visit-ulcinj.com\/blog\/wp-content\/uploads\/2011\/11\/Ada-Bojana_Ulcinj_Montenegro.1.jpg","contentUrl":"https:\/\/www.visit-ulcinj.com\/blog\/wp-content\/uploads\/2011\/11\/Ada-Bojana_Ulcinj_Montenegro.1.jpg","width":"616","height":"355"},{"@type":"WebPage","@id":"https:\/\/www.visit-ulcinj.com\/blog\/2011\/11\/12\/ostrvo-iz-raja\/#webpage","url":"https:\/\/www.visit-ulcinj.com\/blog\/2011\/11\/12\/ostrvo-iz-raja\/","name":"Ostrvo iz Raja - Lajme nga Ulqini","isPartOf":{"@id":"https:\/\/www.visit-ulcinj.com\/blog\/#website"},"primaryImageOfPage":{"@id":"https:\/\/www.visit-ulcinj.com\/blog\/2011\/11\/12\/ostrvo-iz-raja\/#primaryimage"},"datePublished":"2011-11-12T08:28:16+00:00","dateModified":"2011-11-12T13:24:41+00:00","author":{"@id":"https:\/\/www.visit-ulcinj.com\/blog\/#\/schema\/person\/dcab619c614d3038751c63bc2aadc06d"},"description":"Ada Bojana, a zovu je i \u201eostrvo iz raja\u201c, je na delti rijeke Bojane. Nalazi se nedaleko od Ulcinja, najju\u017enijeg crnogorskog grada koji \u010duva uspomene na","breadcrumb":{"@id":"https:\/\/www.visit-ulcinj.com\/blog\/2011\/11\/12\/ostrvo-iz-raja\/#breadcrumb"},"inLanguage":"en-US","potentialAction":[{"@type":"ReadAction","target":["https:\/\/www.visit-ulcinj.com\/blog\/2011\/11\/12\/ostrvo-iz-raja\/"]}]},{"@type":"BreadcrumbList","@id":"https:\/\/www.visit-ulcinj.com\/blog\/2011\/11\/12\/ostrvo-iz-raja\/#breadcrumb","itemListElement":[{"@type":"ListItem","position":1,"name":"Ostrvo iz Raja"}]},{"@type":"Person","@id":"https:\/\/www.visit-ulcinj.com\/blog\/#\/schema\/person\/dcab619c614d3038751c63bc2aadc06d","name":"ulqini","sameAs":["http:\/\/www.visit-ulcinj.com"],"url":"https:\/\/www.visit-ulcinj.com\/blog\/author\/admin\/"}]}},"jetpack_featured_media_url":"","jetpack_sharing_enabled":true,"jetpack_shortlink":"https:\/\/wp.me\/pe6lTn-dQ2","_links":{"self":[{"href":"https:\/\/www.visit-ulcinj.com\/blog\/wp-json\/wp\/v2\/posts\/53198"}],"collection":[{"href":"https:\/\/www.visit-ulcinj.com\/blog\/wp-json\/wp\/v2\/posts"}],"about":[{"href":"https:\/\/www.visit-ulcinj.com\/blog\/wp-json\/wp\/v2\/types\/post"}],"author":[{"embeddable":true,"href":"https:\/\/www.visit-ulcinj.com\/blog\/wp-json\/wp\/v2\/users\/1"}],"replies":[{"embeddable":true,"href":"https:\/\/www.visit-ulcinj.com\/blog\/wp-json\/wp\/v2\/comments?post=53198"}],"version-history":[{"count":4,"href":"https:\/\/www.visit-ulcinj.com\/blog\/wp-json\/wp\/v2\/posts\/53198\/revisions"}],"predecessor-version":[{"id":53204,"href":"https:\/\/www.visit-ulcinj.com\/blog\/wp-json\/wp\/v2\/posts\/53198\/revisions\/53204"}],"wp:attachment":[{"href":"https:\/\/www.visit-ulcinj.com\/blog\/wp-json\/wp\/v2\/media?parent=53198"}],"wp:term":[{"taxonomy":"category","embeddable":true,"href":"https:\/\/www.visit-ulcinj.com\/blog\/wp-json\/wp\/v2\/categories?post=53198"},{"taxonomy":"post_tag","embeddable":true,"href":"https:\/\/www.visit-ulcinj.com\/blog\/wp-json\/wp\/v2\/tags?post=53198"}],"curies":[{"name":"wp","href":"https:\/\/api.w.org\/{rel}","templated":true}]}}