{"id":532,"date":"2008-02-15T16:03:24","date_gmt":"2008-02-15T21:03:24","guid":{"rendered":"http:\/\/www.visit-ulcinj.com\/blog\/2008\/02\/15\/thaci-rassure-les-serbes-avant-lindependance-mais-la-tension-monte\/"},"modified":"2008-02-15T19:03:40","modified_gmt":"2008-02-16T00:03:40","slug":"thaci-rassure-les-serbes-avant-lindependance-mais-la-tension-monte","status":"publish","type":"post","link":"https:\/\/www.visit-ulcinj.com\/blog\/2008\/02\/15\/thaci-rassure-les-serbes-avant-lindependance-mais-la-tension-monte\/","title":{"rendered":"Tha\u00e7i rassure les Serbes avant l&#8217;ind\u00e9pendance, mais la tension monte"},"content":{"rendered":"<p class=\"hatArticle\"><img loading=\"lazy\" src=\"http:\/\/actualite.aol.fr\/content.do?id=2275291&amp;v=1203099600883\" style=\"width: 258px; height: 180px\" align=\"left\" border=\"0\" height=\"346\" width=\"512\" \/>15 f\u00e9vrier 19:13 &#8211; PRISTINA (AFP) &#8211; Le Premier ministre du Kosovo Hashim Tha\u00e7i s&#8217;est engag\u00e9 \u00e0 prot\u00e9ger les droits de toutes les minorit\u00e9s vendredi avant une proclamation d&#8217;ind\u00e9pendance imminente, alors que la tension politique monte et que la possibilit\u00e9 d&#8217;une s\u00e9cession des Serbes de la province augmente.<\/p>\n<p class=\"imageR\"><a href=\"http:\/\/actualite.aol.fr\/a-la-une\/kosovo-thaci-rassure-les-serbes-avant-l-independance-mais-la-tension-monte\/2275281\/photo2\/p-image_cat\/image_titre\/image_id\/image_nom\/image.html\"><img loading=\"lazy\" src=\"http:\/\/actualite.aol.fr\/content.do?id=2275290&amp;v=1203099600883\" alt=\"Kosovo: Tha\u00e7i rassure les Serbes avant l'ind\u00e9pendance, mais la tension monte\" align=\"left\" border=\"0\" height=\"1\" width=\"1\" \/><\/a><img loading=\"lazy\" src=\"http:\/\/actualite.aol.fr\/content.do?id=2275290&amp;v=1203099600883\" alt=\"Kosovo: Tha\u00e7i rassure les Serbes avant l'ind\u00e9pendance, mais la tension monte\" align=\"left\" border=\"0\" height=\"1\" width=\"1\" \/> Le Premier ministre kosovar Hashim Tha\u00e7i, le 15 f\u00e9vrier 2008 \u00e0 Pristina<\/p>\n<p class=\"legende\">AFP &#8211; Robert Atanasovski<\/p>\n<p>M. Tha\u00e7i avait convoqu\u00e9 la presse et une source \u00e0 son bureau avait annonc\u00e9 qu&#8217;\u00e0 cette occasion il &#8220;devrait annoncer la date de l&#8217;ind\u00e9pendance&#8221; de la province du sud de la Serbie \u00e0 majorit\u00e9 albanaise.<\/p>\n<p>Mais interrog\u00e9 sur ce point, M. Tha\u00e7i a r\u00e9pondu: &#8220;Continuons de parler de ce pourquoi nous sommes rassembl\u00e9s&#8221;, \u00e0 savoir sa promesse d&#8217;assurer la &#8220;s\u00e9curit\u00e9&#8221; de la minorit\u00e9 serbe du Kosovo.<\/p>\n<p>Le chef du gouvernement a de nouveau invit\u00e9 les Serbes \u00e0 &#8220;tourner la page du triste pass\u00e9&#8221; et appel\u00e9 ceux qui ont quitt\u00e9 le Kosovo \u00e0 y revenir.<\/p>\n<p class=\"imageL\"><a href=\"http:\/\/actualite.aol.fr\/a-la-une\/kosovo-thaci-rassure-les-serbes-avant-l-independance-mais-la-tension-monte\/2275281\/photo1\/p-image_cat\/image_titre\/image_id\/image_nom\/image.html\"><img src=\"http:\/\/actualite.aol.fr\/content.do?id=2275283&amp;v=1203099600883\" alt=\"Kosovo: Tha\u00e7i rassure les Serbes avant l'ind\u00e9pendance, mais la tension monte\" title=\"Kosovo: Tha\u00e7i rassure les Serbes avant l'ind\u00e9pendance, mais la tension monte\" \/><\/a>Une banderole &#8220;Ind\u00e9pendance&#8221; d\u00e9ploy\u00e9e \u00e0 l&#8217;entr\u00e9e de Pristina au Kosovo le 15 f\u00e9vrier 2008<\/p>\n<p class=\"legende\">AFP &#8211; Dimitar Dilkoff<\/p>\n<p>&#8220;Dans le Kosovo ind\u00e9pendant aucun citoyen ne sera discrimin\u00e9 et toutes les minorit\u00e9s seront bien trait\u00e9es. Nous garantissons des droits \u00e9gaux et la s\u00e9curit\u00e9. Le Kosovo est la patrie de tous ses citoyens. Comme Premier ministre, je le garantis&#8221;, a-t-il d\u00e9clar\u00e9.<\/p>\n<p>Pristina s&#8217;attend \u00e0 ce que les autorit\u00e9s kosovares proclament l&#8217;ind\u00e9pendance dimanche, \u00e0 la veille d&#8217;une r\u00e9union des ministres des Affaires \u00e9trang\u00e8res de l&#8217;Union europ\u00e9enne, qui s&#8217;appr\u00eate \u00e0 envoyer sans l&#8217;aval de l&#8217;ONU une mission dans la province, administr\u00e9e depuis 1999 par la Mission des Nations unies au Kosovo (Minuk).<\/p>\n<p>M. Tha\u00e7i a indiqu\u00e9 \u00e0 plusieurs reprises que le processus menant \u00e0 la d\u00e9claration d&#8217;ind\u00e9pendance \u00e9tait g\u00e9r\u00e9 &#8220;en coordination&#8221; avec Washington et Bruxelles.<\/p>\n<p>Belgrade, Moscou et les Serbes du Kosovo (un peu moins de 10% de la population) ont r\u00e9p\u00e9t\u00e9 avec force ces derni\u00e8res 24 heures qu&#8217;ils rejetteraient la proclamation d&#8217;ind\u00e9pendance qu&#8217;ils jugent &#8220;ill\u00e9gale&#8221;. La Serbie a d\u00e9j\u00e0 &#8220;annul\u00e9&#8221; jeudi toute d\u00e9cision en ce sens.<\/p>\n<p class=\"imageR\"><a href=\"http:\/\/actualite.aol.fr\/a-la-une\/kosovo-thaci-rassure-les-serbes-avant-l-independance-mais-la-tension-monte\/2275281\/photo4\/p-image_cat\/image_titre\/image_id\/image_nom\/image.html\"><img src=\"http:\/\/actualite.aol.fr\/content.do?id=2277081&amp;v=1203099600833\" alt=\"Kosovo: Tha\u00e7i rassure les Serbes avant l'ind\u00e9pendance, mais la tension monte\" title=\"Kosovo: Tha\u00e7i rassure les Serbes avant l'ind\u00e9pendance, mais la tension monte\" \/><\/a>Des Kosovars albanais paradent avec le drapeau national \u00e0 Mitrovica le 15 f\u00e9vrier 2008<\/p>\n<p class=\"legende\">AFP &#8211; Robert Atanasovski<\/p>\n<p>Le Parlement a approuv\u00e9 vendredi une proc\u00e9dure d&#8217;adoption rapide des lois pr\u00e9vues par le plan de l&#8217;envoy\u00e9 sp\u00e9cial de l&#8217;ONU Martti Ahtisaari qui pr\u00e9conise une ind\u00e9pendance sous &#8220;supervision internationale&#8221; et une large autonomie pour les minorit\u00e9s. Dans les rues, des affiches disent &#8220;Merci&#8221; aux Am\u00e9ricains ou \u00e0 l&#8217;UE, dont la mission doit accompagner les premiers pas du Kosovo vers l&#8217;ind\u00e9pendance.<\/p>\n<p>Mais pendant ce temps la possibilit\u00e9 augmente d&#8217;une s\u00e9cession du Nord, limitrophe de la fronti\u00e8re administrative de la Serbie o\u00f9 vivent 40.000 des 120.000 Serbes pr\u00e9sents dans la province.<\/p>\n<p class=\"imageL\"><a href=\"http:\/\/actualite.aol.fr\/a-la-une\/kosovo-thaci-rassure-les-serbes-avant-l-independance-mais-la-tension-monte\/2275281\/photo3\/p-image_cat\/image_titre\/image_id\/image_nom\/image.html\"><img src=\"http:\/\/actualite.aol.fr\/content.do?id=2275302&amp;v=1203099600883\" alt=\"Kosovo: Tha\u00e7i rassure les Serbes avant l'ind\u00e9pendance, mais la tension monte\" title=\"Kosovo: Tha\u00e7i rassure les Serbes avant l'ind\u00e9pendance, mais la tension monte\" \/><\/a>Le pr\u00e9sident serbe Boris Tadic, le 15 f\u00e9vrier 2008 \u00e0 Belgrade<\/p>\n<p class=\"legende\">AFP &#8211; Andrej Isakovic<\/p>\n<p>A Kosovska Mitrovica, ville divis\u00e9e de cette r\u00e9gion, l&#8217;Assembl\u00e9e des municipalit\u00e9s et localit\u00e9s serbes de la province a d\u00e9cid\u00e9 &#8220;d&#8217;organiser des \u00e9lections locales et r\u00e9gionales&#8221; et de constituer son propre &#8220;Parlement du Kosovo&#8221;, en coordination avec Belgrade, aux municipales serbes pr\u00e9vues en mai.<\/p>\n<p>Les forces de l&#8217;ordre craignent que des incidents entre communaut\u00e9s serbe et albanaise ne mettent le feu aux poudres. Une explosion d&#8217;origine ind\u00e9termin\u00e9e s&#8217;est produite, sans faire de bless\u00e9s, dans la nuit de jeudi \u00e0 vendredi pr\u00e8s d&#8217;un b\u00e2timent de l&#8217;UE \u00e0 Mitrovica.<\/p>\n<p>La tension internationale a \u00e9galement mont\u00e9 d&#8217;un cran.<\/p>\n<p>&#8220;Je n&#8217;abandonnerai jamais la lutte pour notre Kosovo&#8221;, a jur\u00e9 vendredi en pr\u00eatant serment le pr\u00e9sident serbe Boris Tadic, r\u00e9\u00e9lu d\u00e9but f\u00e9vrier.<\/p>\n<p>La veille au Conseil de s\u00e9curit\u00e9 de l&#8217;ONU, la Serbie et la Russie ont averti qu&#8217;elles n&#8217;accepteraient jamais l&#8217;ind\u00e9pendance du territoire.<\/p>\n<p>&#8220;Que ce soit clair: la Serbie n&#8217;acceptera jamais aucune violation de son int\u00e9grit\u00e9 territoriale&#8221;, a d\u00e9clar\u00e9 le ministre serbe des Affaires \u00e9trang\u00e8res, Vuk Jeremic, avertissant que la Serbie s&#8217;y opposerait par &#8220;toutes les mesures diplomatiques, politiques et \u00e9conomiques&#8221; possibles.<\/p>\n<p>Belgrade, oppos\u00e9 comme Moscou \u00e0 l&#8217;envoi de la mission de l&#8217;UE dans la province, a pr\u00e9venu que les relations avec les pays qui reconna\u00eetraient le Kosovo ind\u00e9pendant seraient reconsid\u00e9r\u00e9es.<\/p>\n<p>Le pr\u00e9sident russe Vladimir Poutine, ind\u00e9fectible alli\u00e9 de la Serbie, a qualifi\u00e9 d'&#8221;immoral et ill\u00e9gal&#8221; tout soutien \u00e0 une ind\u00e9pendance &#8220;unilat\u00e9rale&#8221;. &#8220;Nous avons d\u00e9j\u00e0 des r\u00e9ponses toutes pr\u00eates et nous savons ce que nous ferons&#8221;, a-t-il mis en garde.<\/p>\n<p>Les Etats-Unis, l&#8217;Allemagne, la France, la Grande-Bretagne, l&#8217;Italie ont d\u00e9j\u00e0 exprim\u00e9 leur intention de reconna\u00eetre rapidement l&#8217;ind\u00e9pendance du Kosovo apr\u00e8s sa proclamation.<\/p>\n<p class=\"legende\">\u00a9 2008 AFP<\/p>\n","protected":false},"excerpt":{"rendered":"<p><img loading=\"lazy\" border=\"0\" align=\"left\" width=\"140\" src=\"http:\/\/actualite.aol.fr\/content.do?id=2275291&amp;v=1203099600883\" height=\"140\"\/><\/p>\n","protected":false},"author":1,"featured_media":0,"comment_status":"open","ping_status":"closed","sticky":false,"template":"","format":"standard","meta":{"spay_email":"","jetpack_publicize_message":"","jetpack_is_tweetstorm":false,"jetpack_publicize_feature_enabled":true},"categories":[12],"tags":[1321,1323,1325,1075,1324,1320,788,1327,1322,260,792,1326],"jetpack_publicize_connections":[],"yoast_head":"<!-- This site is optimized with the Yoast SEO plugin v19.1 - https:\/\/yoast.com\/wordpress\/plugins\/seo\/ -->\n<title>Tha\u00e7i rassure les Serbes avant l&#039;ind\u00e9pendance, mais la tension monte - Lajme nga Ulqini<\/title>\n<meta name=\"robots\" content=\"index, follow, max-snippet:-1, max-image-preview:large, max-video-preview:-1\" \/>\n<link rel=\"canonical\" href=\"https:\/\/www.visit-ulcinj.com\/blog\/2008\/02\/15\/thaci-rassure-les-serbes-avant-lindependance-mais-la-tension-monte\/\" \/>\n<meta property=\"og:locale\" content=\"en_US\" \/>\n<meta property=\"og:type\" content=\"article\" \/>\n<meta property=\"og:title\" content=\"Tha\u00e7i rassure les Serbes avant l&#039;ind\u00e9pendance, mais la tension monte - Lajme nga Ulqini\" \/>\n<meta property=\"og:url\" content=\"https:\/\/www.visit-ulcinj.com\/blog\/2008\/02\/15\/thaci-rassure-les-serbes-avant-lindependance-mais-la-tension-monte\/\" \/>\n<meta property=\"og:site_name\" content=\"Lajme nga Ulqini\" \/>\n<meta property=\"article:published_time\" content=\"2008-02-15T21:03:24+00:00\" \/>\n<meta property=\"article:modified_time\" content=\"2008-02-16T00:03:40+00:00\" \/>\n<meta property=\"og:image\" content=\"http:\/\/actualite.aol.fr\/content.do?id=2275291&#038;v=1203099600883\" \/>\n<meta name=\"twitter:label1\" content=\"Written by\" \/>\n\t<meta name=\"twitter:data1\" content=\"ulqini\" \/>\n\t<meta name=\"twitter:label2\" content=\"Est. reading time\" \/>\n\t<meta name=\"twitter:data2\" content=\"4 minutes\" \/>\n<script type=\"application\/ld+json\" class=\"yoast-schema-graph\">{\"@context\":\"https:\/\/schema.org\",\"@graph\":[{\"@type\":\"WebSite\",\"@id\":\"https:\/\/www.visit-ulcinj.com\/blog\/#website\",\"url\":\"https:\/\/www.visit-ulcinj.com\/blog\/\",\"name\":\"Lajme nga Ulqini\",\"description\":\"Lajme,Vijesti,Ulqini,Ulqin,Crna Gora,Mali i Zi\",\"potentialAction\":[{\"@type\":\"SearchAction\",\"target\":{\"@type\":\"EntryPoint\",\"urlTemplate\":\"https:\/\/www.visit-ulcinj.com\/blog\/?s={search_term_string}\"},\"query-input\":\"required name=search_term_string\"}],\"inLanguage\":\"en-US\"},{\"@type\":\"ImageObject\",\"inLanguage\":\"en-US\",\"@id\":\"https:\/\/www.visit-ulcinj.com\/blog\/2008\/02\/15\/thaci-rassure-les-serbes-avant-lindependance-mais-la-tension-monte\/#primaryimage\",\"url\":\"http:\/\/actualite.aol.fr\/content.do?id=2275291&amp;v=1203099600883\",\"contentUrl\":\"http:\/\/actualite.aol.fr\/content.do?id=2275291&amp;v=1203099600883\"},{\"@type\":\"WebPage\",\"@id\":\"https:\/\/www.visit-ulcinj.com\/blog\/2008\/02\/15\/thaci-rassure-les-serbes-avant-lindependance-mais-la-tension-monte\/#webpage\",\"url\":\"https:\/\/www.visit-ulcinj.com\/blog\/2008\/02\/15\/thaci-rassure-les-serbes-avant-lindependance-mais-la-tension-monte\/\",\"name\":\"Tha\u00e7i rassure les Serbes avant l'ind\u00e9pendance, mais la tension monte - Lajme nga Ulqini\",\"isPartOf\":{\"@id\":\"https:\/\/www.visit-ulcinj.com\/blog\/#website\"},\"primaryImageOfPage\":{\"@id\":\"https:\/\/www.visit-ulcinj.com\/blog\/2008\/02\/15\/thaci-rassure-les-serbes-avant-lindependance-mais-la-tension-monte\/#primaryimage\"},\"datePublished\":\"2008-02-15T21:03:24+00:00\",\"dateModified\":\"2008-02-16T00:03:40+00:00\",\"author\":{\"@id\":\"https:\/\/www.visit-ulcinj.com\/blog\/#\/schema\/person\/dcab619c614d3038751c63bc2aadc06d\"},\"breadcrumb\":{\"@id\":\"https:\/\/www.visit-ulcinj.com\/blog\/2008\/02\/15\/thaci-rassure-les-serbes-avant-lindependance-mais-la-tension-monte\/#breadcrumb\"},\"inLanguage\":\"en-US\",\"potentialAction\":[{\"@type\":\"ReadAction\",\"target\":[\"https:\/\/www.visit-ulcinj.com\/blog\/2008\/02\/15\/thaci-rassure-les-serbes-avant-lindependance-mais-la-tension-monte\/\"]}]},{\"@type\":\"BreadcrumbList\",\"@id\":\"https:\/\/www.visit-ulcinj.com\/blog\/2008\/02\/15\/thaci-rassure-les-serbes-avant-lindependance-mais-la-tension-monte\/#breadcrumb\",\"itemListElement\":[{\"@type\":\"ListItem\",\"position\":1,\"name\":\"Tha\u00e7i rassure les Serbes avant l&#8217;ind\u00e9pendance, mais la tension monte\"}]},{\"@type\":\"Person\",\"@id\":\"https:\/\/www.visit-ulcinj.com\/blog\/#\/schema\/person\/dcab619c614d3038751c63bc2aadc06d\",\"name\":\"ulqini\",\"sameAs\":[\"http:\/\/www.visit-ulcinj.com\"],\"url\":\"https:\/\/www.visit-ulcinj.com\/blog\/author\/admin\/\"}]}<\/script>\n<!-- \/ Yoast SEO plugin. -->","yoast_head_json":{"title":"Tha\u00e7i rassure les Serbes avant l'ind\u00e9pendance, mais la tension monte - Lajme nga Ulqini","robots":{"index":"index","follow":"follow","max-snippet":"max-snippet:-1","max-image-preview":"max-image-preview:large","max-video-preview":"max-video-preview:-1"},"canonical":"https:\/\/www.visit-ulcinj.com\/blog\/2008\/02\/15\/thaci-rassure-les-serbes-avant-lindependance-mais-la-tension-monte\/","og_locale":"en_US","og_type":"article","og_title":"Tha\u00e7i rassure les Serbes avant l'ind\u00e9pendance, mais la tension monte - Lajme nga Ulqini","og_url":"https:\/\/www.visit-ulcinj.com\/blog\/2008\/02\/15\/thaci-rassure-les-serbes-avant-lindependance-mais-la-tension-monte\/","og_site_name":"Lajme nga Ulqini","article_published_time":"2008-02-15T21:03:24+00:00","article_modified_time":"2008-02-16T00:03:40+00:00","og_image":[{"url":"http:\/\/actualite.aol.fr\/content.do?id=2275291&amp;v=1203099600883"}],"twitter_misc":{"Written by":"ulqini","Est. reading time":"4 minutes"},"schema":{"@context":"https:\/\/schema.org","@graph":[{"@type":"WebSite","@id":"https:\/\/www.visit-ulcinj.com\/blog\/#website","url":"https:\/\/www.visit-ulcinj.com\/blog\/","name":"Lajme nga Ulqini","description":"Lajme,Vijesti,Ulqini,Ulqin,Crna Gora,Mali i Zi","potentialAction":[{"@type":"SearchAction","target":{"@type":"EntryPoint","urlTemplate":"https:\/\/www.visit-ulcinj.com\/blog\/?s={search_term_string}"},"query-input":"required name=search_term_string"}],"inLanguage":"en-US"},{"@type":"ImageObject","inLanguage":"en-US","@id":"https:\/\/www.visit-ulcinj.com\/blog\/2008\/02\/15\/thaci-rassure-les-serbes-avant-lindependance-mais-la-tension-monte\/#primaryimage","url":"http:\/\/actualite.aol.fr\/content.do?id=2275291&amp;v=1203099600883","contentUrl":"http:\/\/actualite.aol.fr\/content.do?id=2275291&amp;v=1203099600883"},{"@type":"WebPage","@id":"https:\/\/www.visit-ulcinj.com\/blog\/2008\/02\/15\/thaci-rassure-les-serbes-avant-lindependance-mais-la-tension-monte\/#webpage","url":"https:\/\/www.visit-ulcinj.com\/blog\/2008\/02\/15\/thaci-rassure-les-serbes-avant-lindependance-mais-la-tension-monte\/","name":"Tha\u00e7i rassure les Serbes avant l'ind\u00e9pendance, mais la tension monte - Lajme nga Ulqini","isPartOf":{"@id":"https:\/\/www.visit-ulcinj.com\/blog\/#website"},"primaryImageOfPage":{"@id":"https:\/\/www.visit-ulcinj.com\/blog\/2008\/02\/15\/thaci-rassure-les-serbes-avant-lindependance-mais-la-tension-monte\/#primaryimage"},"datePublished":"2008-02-15T21:03:24+00:00","dateModified":"2008-02-16T00:03:40+00:00","author":{"@id":"https:\/\/www.visit-ulcinj.com\/blog\/#\/schema\/person\/dcab619c614d3038751c63bc2aadc06d"},"breadcrumb":{"@id":"https:\/\/www.visit-ulcinj.com\/blog\/2008\/02\/15\/thaci-rassure-les-serbes-avant-lindependance-mais-la-tension-monte\/#breadcrumb"},"inLanguage":"en-US","potentialAction":[{"@type":"ReadAction","target":["https:\/\/www.visit-ulcinj.com\/blog\/2008\/02\/15\/thaci-rassure-les-serbes-avant-lindependance-mais-la-tension-monte\/"]}]},{"@type":"BreadcrumbList","@id":"https:\/\/www.visit-ulcinj.com\/blog\/2008\/02\/15\/thaci-rassure-les-serbes-avant-lindependance-mais-la-tension-monte\/#breadcrumb","itemListElement":[{"@type":"ListItem","position":1,"name":"Tha\u00e7i rassure les Serbes avant l&#8217;ind\u00e9pendance, mais la tension monte"}]},{"@type":"Person","@id":"https:\/\/www.visit-ulcinj.com\/blog\/#\/schema\/person\/dcab619c614d3038751c63bc2aadc06d","name":"ulqini","sameAs":["http:\/\/www.visit-ulcinj.com"],"url":"https:\/\/www.visit-ulcinj.com\/blog\/author\/admin\/"}]}},"jetpack_featured_media_url":"","jetpack_sharing_enabled":true,"jetpack_shortlink":"https:\/\/wp.me\/pe6lTn-8A","_links":{"self":[{"href":"https:\/\/www.visit-ulcinj.com\/blog\/wp-json\/wp\/v2\/posts\/532"}],"collection":[{"href":"https:\/\/www.visit-ulcinj.com\/blog\/wp-json\/wp\/v2\/posts"}],"about":[{"href":"https:\/\/www.visit-ulcinj.com\/blog\/wp-json\/wp\/v2\/types\/post"}],"author":[{"embeddable":true,"href":"https:\/\/www.visit-ulcinj.com\/blog\/wp-json\/wp\/v2\/users\/1"}],"replies":[{"embeddable":true,"href":"https:\/\/www.visit-ulcinj.com\/blog\/wp-json\/wp\/v2\/comments?post=532"}],"version-history":[{"count":0,"href":"https:\/\/www.visit-ulcinj.com\/blog\/wp-json\/wp\/v2\/posts\/532\/revisions"}],"wp:attachment":[{"href":"https:\/\/www.visit-ulcinj.com\/blog\/wp-json\/wp\/v2\/media?parent=532"}],"wp:term":[{"taxonomy":"category","embeddable":true,"href":"https:\/\/www.visit-ulcinj.com\/blog\/wp-json\/wp\/v2\/categories?post=532"},{"taxonomy":"post_tag","embeddable":true,"href":"https:\/\/www.visit-ulcinj.com\/blog\/wp-json\/wp\/v2\/tags?post=532"}],"curies":[{"name":"wp","href":"https:\/\/api.w.org\/{rel}","templated":true}]}}