{"id":53209,"date":"2011-11-12T17:51:08","date_gmt":"2011-11-12T16:51:08","guid":{"rendered":"http:\/\/www.visit-ulcinj.com\/blog\/?p=53209"},"modified":"2011-11-19T18:27:47","modified_gmt":"2011-11-19T17:27:47","slug":"portoja-e-milenes-ne-ulqin-intox-apo-realitet","status":"publish","type":"post","link":"https:\/\/www.visit-ulcinj.com\/blog\/2011\/11\/12\/portoja-e-milenes-ne-ulqin-intox-apo-realitet\/","title":{"rendered":"Portoja e Milen\u00ebs n\u00eb Ulqin,Intox apo realitet"},"content":{"rendered":"<p><a href=\"http:\/\/www.visit-ulcinj.com\/blog\/wp-content\/uploads\/2011\/11\/Portoja-e-Milen%C3%ABs-n%C3%AB-Ulqin-Intox-apo-realitet.jpg\"><img loading=\"lazy\" class=\"alignleft size-full wp-image-53210\" title=\"Portoja e Milen\u00ebs n\u00eb Ulqin Intox apo realitet\" src=\"http:\/\/www.visit-ulcinj.com\/blog\/wp-content\/uploads\/2011\/11\/Portoja-e-Milen%C3%ABs-n%C3%AB-Ulqin-Intox-apo-realitet.jpg\" alt=\"\" width=\"508\" height=\"620\" \/><\/a>N\u00eb baz\u00eb t\u00eb projektit, Ura e Port Milen\u00ebs parashikohet t\u00eb jet\u00eb e gjat\u00eb tyre viteve t\u00eb filloj\u00eb dhe porta q\u00eb lidh\u00eb molon e plazhit t\u00eb madh\u00eb me gjirin e kanalit Milena.<br \/>\nNa g\u00ebzon fakti q\u00eb me nd\u00ebrtimin e Ur\u00ebs do t\u00eb valorizohet kjo zon\u00eb dhe se Port Milena edhe pas nd\u00ebrtimit t\u00eb ur\u00ebs do t\u00eb jet\u00eb e lundrueshme.<\/p>\n<p>N\u00eb ndryshimet e Planit t\u00eb P\u00ebrgjithsh\u00ebm Urbanistik n\u00eb Ulqin , t\u00eb cilat ndodhen n\u00eb hartim q\u00eb nga viti 2004,ku nd\u00ebrkoh\u00eb kan\u00eb ndryshuar ligjet, edhe ato rinovime normative, kan\u00eb sjell\u00eb edhe kompetenca t\u00eb reja. Si rezultat i neglizhenc\u00ebs s\u00eb pushtetit lokal, ka krijuar nj\u00eb kaos t\u00eb v\u00ebrtet\u00eb n\u00eb disa lokalitete t\u00eb Ulqinit, si n\u00eb Plazhin e Madh, Gjerana, Pinjesh, K\u00ebrru\u00e7, por edhe n\u00eb zon\u00ebn e Portmilen\u00ebs. N\u00eb ata mjedise tash duhet rr\u00ebnuar shum\u00eb objekte t\u00eb ngritura n\u00eb m\u00ebnyr\u00eb t\u00eb jasht\u00ebligjshme.Njerzit shprehen\u00a0 se n\u00eb nj\u00ebr\u00ebn an\u00eb qeverisja vendore propozon e harton plane t\u00eb reja urbanistike, n\u00eb an\u00ebn tjet\u00ebr Qeveria malazeze b\u00ebn studime p\u00ebr ata lokacione, t\u00eb cilat nuk p\u00ebrputhen me zgjidhjet urbanistike t\u00eb Ulqinit. Sipas Ligjit t\u00eb ri t\u00eb rregullimit hap\u00ebsinor, Plani i P\u00ebrgjithsh\u00ebm Urbanistik nuk ekziston m\u00eb. T\u00eb ashtuquajturat studime t\u00eb lokacioneve marrin tash kompetencat e nd\u00ebrtimeve. N\u00eb rastin e Ulqinit, do t\u00eb mbesin me qindra familje pa kulm mbi kok\u00eb, sepse duhet rr\u00ebnuar nj\u00eb num\u00ebr t\u00eb madh objektesh, sidomos n\u00eb zon\u00ebn e Portmilen\u00ebs.Duke treguar konkretisht rrezikun q\u00eb i kanoset Ulqinit me t\u00eb ashtuquajturat Planet t\u00eb p\u00ebrgjithshme urbanistike dhe studimeve t\u00eb lokacioneve t\u00eb Plazhit t\u00eb Madh, Pinjeshit, Port\u00a0 Milen\u00ebs,Kalas\u00eb dhe Vadanosit.<\/p>\n<p>N\u00ebnkryetari i Qeveris\u00eb s\u00eb Malit t\u00eb\u00a0Zi,Vujica Llazoviq,gjat\u00eb vizit\u00ebs s\u00eb tij n\u00eb Ulqin tha se eshte obligim i qeveris\u00eb p\u00ebrve\u00e7 zhvillimit t\u00eb infrastruktur\u00ebs\u00a0\u00ebsht\u00eb krijimi i nj\u00eb mjedisi t\u00eb\u00a0favorsh\u00ebm, i kushteve konkurruese dhe\u00a0n\u00eb takim jemi njohur me disa probleme\u00a0konkrete t\u00eb cilat do t\u00eb mundohemi t\u2019i\u00a0zgjidhim s\u00eb bashku n\u00eb periudh\u00ebn e ardhshme\u201d,\u00a0ka th\u00ebn\u00eb ai.\u00a0Kryetari i Komun\u00ebs s\u00eb Ulqinit, Nazif Cungu,\u00a0ka shprehur k\u00ebnaq\u00ebsi p\u00ebr takimin duke\u00a0th\u00ebn\u00eb se n\u00eb periudh\u00ebn e ardhshme pushteti\u00a0lokal do t\u00eb ket\u00eb nj\u00eb bashk\u00ebpunim t\u00eb\u00a0ngusht\u00eb me t\u00eb gjitha ministrit\u00eb p\u00ebrkat\u00ebse\u00a0dhe se takimi ka sh\u00ebrbyer si nj\u00eb nxitje p\u00ebr planet e ardhshme zhvillimore t\u00eb komun\u00ebs s\u00eb Ulqinit.<br \/>\nAi ka njoftuar se 15 plane t\u00eb cilat kan\u00eb q\u00ebndruar\u00a0n\u00eb sirtar\u00ebt e komun\u00ebs, si\u00e7 ka th\u00ebn\u00eb ai,\u00a0tashm\u00eb i jan\u00eb d\u00ebrguar ministris\u00eb p\u00ebrkat\u00ebse\u00a0nga e cila pritet p\u00ebrgjigje sa m\u00eb e shpejt\u00eb.\u00a0.\u00a0\u201cN\u00ebse do t\u00eb arrijm\u00eb t\u00eb miratojm\u00eb planet\u00a0urbanistike, ky do t\u00eb jet\u00eb momenti i duhur\u00a0dhe at\u00ebher\u00eb do t\u00eb filloj\u00eb zhvillimi i v\u00ebrtet\u00eb i\u00a0Komun\u00ebs s\u00eb Ulqinit\u201d, ka th\u00ebn\u00eb Cungu.<br \/>\nKjo Porto n\u00ebse nis t\u00eb nd\u00ebrtohet ,\u00ebsht\u00eb nj\u00eb\u00a0\u00ebnd\u00ebrr e vjet\u00ebr, nj\u00eb \u00ebnd\u00ebrr q\u00eb shum\u00ebkush nuk e ka\u00a0besuar. Kjo ishte \u00ebnd\u00ebrr e gjyshave tan\u00eb dhe do t\u00eb\u00a0jet\u00eb realiteti i nipave t\u00eb tyre. Kjo \u00a0do t\u00eb b\u00ebhet nj\u00eb\u00a0nga simbolet e qytetit t\u00eb Ulqinit q\u00eb do t\u00eb na b\u00ebjn\u00eb\u00a0t\u00eb gjith\u00ebve t\u00eb jemi krenar\u00eb.<\/p>\n<p><!--YouTube Error: bad URL entered--><strong><\/strong><\/p>\n","protected":false},"excerpt":{"rendered":"<p>N\u00eb baz\u00eb t\u00eb projektit, Ura e Port Milen\u00ebs parashikohet t\u00eb jet\u00eb e gjat\u00eb tyre viteve t\u00eb filloj\u00eb dhe porta q\u00eb lidh\u00eb molon e plazhit t\u00eb madh\u00eb me gjirin e kanalit Milena. Na g\u00ebzon fakti q\u00eb me nd\u00ebrtimin e Ur\u00ebs do t\u00eb valorizohet kjo zon\u00eb dhe se Port Milena edhe pas nd\u00ebrtimit t\u00eb ur\u00ebs do t\u00eb [&hellip;]<\/p>\n","protected":false},"author":1,"featured_media":0,"comment_status":"open","ping_status":"closed","sticky":false,"template":"","format":"standard","meta":{"spay_email":"","jetpack_publicize_message":"","jetpack_is_tweetstorm":false,"jetpack_publicize_feature_enabled":true},"categories":[10,1],"tags":[295,200,18],"jetpack_publicize_connections":[],"yoast_head":"<!-- This site is optimized with the Yoast SEO plugin v19.1 - https:\/\/yoast.com\/wordpress\/plugins\/seo\/ -->\n<title>Portoja e Milen\u00ebs n\u00eb Ulqin,Intox apo realitet - Lajme nga Ulqini<\/title>\n<meta name=\"description\" content=\"N\u00eb baz\u00eb t\u00eb projektit, Ura e Port Milen\u00ebs parashikohet t\u00eb jet\u00eb e gjat\u00eb tyre viteve t\u00eb filloj\u00eb dhe porta q\u00eb lidh\u00eb molon e plazhit t\u00eb madh\u00eb me gjirin e\" \/>\n<meta name=\"robots\" content=\"index, follow, max-snippet:-1, max-image-preview:large, max-video-preview:-1\" \/>\n<link rel=\"canonical\" href=\"https:\/\/www.visit-ulcinj.com\/blog\/2011\/11\/12\/portoja-e-milenes-ne-ulqin-intox-apo-realitet\/\" \/>\n<meta property=\"og:locale\" content=\"en_US\" \/>\n<meta property=\"og:type\" content=\"article\" \/>\n<meta property=\"og:title\" content=\"Portoja e Milen\u00ebs n\u00eb Ulqin,Intox apo realitet - Lajme nga Ulqini\" \/>\n<meta property=\"og:description\" content=\"N\u00eb baz\u00eb t\u00eb projektit, Ura e Port Milen\u00ebs parashikohet t\u00eb jet\u00eb e gjat\u00eb tyre viteve t\u00eb filloj\u00eb dhe porta q\u00eb lidh\u00eb molon e plazhit t\u00eb madh\u00eb me gjirin e\" \/>\n<meta property=\"og:url\" content=\"https:\/\/www.visit-ulcinj.com\/blog\/2011\/11\/12\/portoja-e-milenes-ne-ulqin-intox-apo-realitet\/\" \/>\n<meta property=\"og:site_name\" content=\"Lajme nga Ulqini\" \/>\n<meta property=\"article:published_time\" content=\"2011-11-12T16:51:08+00:00\" \/>\n<meta property=\"article:modified_time\" content=\"2011-11-19T17:27:47+00:00\" \/>\n<meta property=\"og:image\" content=\"http:\/\/www.visit-ulcinj.com\/blog\/wp-content\/uploads\/2011\/11\/Portoja-e-Milen%C3%ABs-n%C3%AB-Ulqin-Intox-apo-realitet.jpg\" \/>\n<meta name=\"twitter:label1\" content=\"Written by\" \/>\n\t<meta name=\"twitter:data1\" content=\"ulqini\" \/>\n\t<meta name=\"twitter:label2\" content=\"Est. reading time\" \/>\n\t<meta name=\"twitter:data2\" content=\"3 minutes\" \/>\n<script type=\"application\/ld+json\" class=\"yoast-schema-graph\">{\"@context\":\"https:\/\/schema.org\",\"@graph\":[{\"@type\":\"WebSite\",\"@id\":\"https:\/\/www.visit-ulcinj.com\/blog\/#website\",\"url\":\"https:\/\/www.visit-ulcinj.com\/blog\/\",\"name\":\"Lajme nga Ulqini\",\"description\":\"Lajme,Vijesti,Ulqini,Ulqin,Crna Gora,Mali i Zi\",\"potentialAction\":[{\"@type\":\"SearchAction\",\"target\":{\"@type\":\"EntryPoint\",\"urlTemplate\":\"https:\/\/www.visit-ulcinj.com\/blog\/?s={search_term_string}\"},\"query-input\":\"required name=search_term_string\"}],\"inLanguage\":\"en-US\"},{\"@type\":\"ImageObject\",\"inLanguage\":\"en-US\",\"@id\":\"https:\/\/www.visit-ulcinj.com\/blog\/2011\/11\/12\/portoja-e-milenes-ne-ulqin-intox-apo-realitet\/#primaryimage\",\"url\":\"http:\/\/www.visit-ulcinj.com\/blog\/wp-content\/uploads\/2011\/11\/Portoja-e-Milen%C3%ABs-n%C3%AB-Ulqin-Intox-apo-realitet.jpg\",\"contentUrl\":\"http:\/\/www.visit-ulcinj.com\/blog\/wp-content\/uploads\/2011\/11\/Portoja-e-Milen%C3%ABs-n%C3%AB-Ulqin-Intox-apo-realitet.jpg\"},{\"@type\":\"WebPage\",\"@id\":\"https:\/\/www.visit-ulcinj.com\/blog\/2011\/11\/12\/portoja-e-milenes-ne-ulqin-intox-apo-realitet\/#webpage\",\"url\":\"https:\/\/www.visit-ulcinj.com\/blog\/2011\/11\/12\/portoja-e-milenes-ne-ulqin-intox-apo-realitet\/\",\"name\":\"Portoja e Milen\u00ebs n\u00eb Ulqin,Intox apo realitet - Lajme nga Ulqini\",\"isPartOf\":{\"@id\":\"https:\/\/www.visit-ulcinj.com\/blog\/#website\"},\"primaryImageOfPage\":{\"@id\":\"https:\/\/www.visit-ulcinj.com\/blog\/2011\/11\/12\/portoja-e-milenes-ne-ulqin-intox-apo-realitet\/#primaryimage\"},\"datePublished\":\"2011-11-12T16:51:08+00:00\",\"dateModified\":\"2011-11-19T17:27:47+00:00\",\"author\":{\"@id\":\"https:\/\/www.visit-ulcinj.com\/blog\/#\/schema\/person\/dcab619c614d3038751c63bc2aadc06d\"},\"description\":\"N\u00eb baz\u00eb t\u00eb projektit, Ura e Port Milen\u00ebs parashikohet t\u00eb jet\u00eb e gjat\u00eb tyre viteve t\u00eb filloj\u00eb dhe porta q\u00eb lidh\u00eb molon e plazhit t\u00eb madh\u00eb me gjirin e\",\"breadcrumb\":{\"@id\":\"https:\/\/www.visit-ulcinj.com\/blog\/2011\/11\/12\/portoja-e-milenes-ne-ulqin-intox-apo-realitet\/#breadcrumb\"},\"inLanguage\":\"en-US\",\"potentialAction\":[{\"@type\":\"ReadAction\",\"target\":[\"https:\/\/www.visit-ulcinj.com\/blog\/2011\/11\/12\/portoja-e-milenes-ne-ulqin-intox-apo-realitet\/\"]}]},{\"@type\":\"BreadcrumbList\",\"@id\":\"https:\/\/www.visit-ulcinj.com\/blog\/2011\/11\/12\/portoja-e-milenes-ne-ulqin-intox-apo-realitet\/#breadcrumb\",\"itemListElement\":[{\"@type\":\"ListItem\",\"position\":1,\"name\":\"Portoja e Milen\u00ebs n\u00eb Ulqin,Intox apo realitet\"}]},{\"@type\":\"Person\",\"@id\":\"https:\/\/www.visit-ulcinj.com\/blog\/#\/schema\/person\/dcab619c614d3038751c63bc2aadc06d\",\"name\":\"ulqini\",\"sameAs\":[\"http:\/\/www.visit-ulcinj.com\"],\"url\":\"https:\/\/www.visit-ulcinj.com\/blog\/author\/admin\/\"}]}<\/script>\n<!-- \/ Yoast SEO plugin. -->","yoast_head_json":{"title":"Portoja e Milen\u00ebs n\u00eb Ulqin,Intox apo realitet - Lajme nga Ulqini","description":"N\u00eb baz\u00eb t\u00eb projektit, Ura e Port Milen\u00ebs parashikohet t\u00eb jet\u00eb e gjat\u00eb tyre viteve t\u00eb filloj\u00eb dhe porta q\u00eb lidh\u00eb molon e plazhit t\u00eb madh\u00eb me gjirin e","robots":{"index":"index","follow":"follow","max-snippet":"max-snippet:-1","max-image-preview":"max-image-preview:large","max-video-preview":"max-video-preview:-1"},"canonical":"https:\/\/www.visit-ulcinj.com\/blog\/2011\/11\/12\/portoja-e-milenes-ne-ulqin-intox-apo-realitet\/","og_locale":"en_US","og_type":"article","og_title":"Portoja e Milen\u00ebs n\u00eb Ulqin,Intox apo realitet - Lajme nga Ulqini","og_description":"N\u00eb baz\u00eb t\u00eb projektit, Ura e Port Milen\u00ebs parashikohet t\u00eb jet\u00eb e gjat\u00eb tyre viteve t\u00eb filloj\u00eb dhe porta q\u00eb lidh\u00eb molon e plazhit t\u00eb madh\u00eb me gjirin e","og_url":"https:\/\/www.visit-ulcinj.com\/blog\/2011\/11\/12\/portoja-e-milenes-ne-ulqin-intox-apo-realitet\/","og_site_name":"Lajme nga Ulqini","article_published_time":"2011-11-12T16:51:08+00:00","article_modified_time":"2011-11-19T17:27:47+00:00","og_image":[{"url":"http:\/\/www.visit-ulcinj.com\/blog\/wp-content\/uploads\/2011\/11\/Portoja-e-Milen%C3%ABs-n%C3%AB-Ulqin-Intox-apo-realitet.jpg"}],"twitter_misc":{"Written by":"ulqini","Est. reading time":"3 minutes"},"schema":{"@context":"https:\/\/schema.org","@graph":[{"@type":"WebSite","@id":"https:\/\/www.visit-ulcinj.com\/blog\/#website","url":"https:\/\/www.visit-ulcinj.com\/blog\/","name":"Lajme nga Ulqini","description":"Lajme,Vijesti,Ulqini,Ulqin,Crna Gora,Mali i Zi","potentialAction":[{"@type":"SearchAction","target":{"@type":"EntryPoint","urlTemplate":"https:\/\/www.visit-ulcinj.com\/blog\/?s={search_term_string}"},"query-input":"required name=search_term_string"}],"inLanguage":"en-US"},{"@type":"ImageObject","inLanguage":"en-US","@id":"https:\/\/www.visit-ulcinj.com\/blog\/2011\/11\/12\/portoja-e-milenes-ne-ulqin-intox-apo-realitet\/#primaryimage","url":"http:\/\/www.visit-ulcinj.com\/blog\/wp-content\/uploads\/2011\/11\/Portoja-e-Milen%C3%ABs-n%C3%AB-Ulqin-Intox-apo-realitet.jpg","contentUrl":"http:\/\/www.visit-ulcinj.com\/blog\/wp-content\/uploads\/2011\/11\/Portoja-e-Milen%C3%ABs-n%C3%AB-Ulqin-Intox-apo-realitet.jpg"},{"@type":"WebPage","@id":"https:\/\/www.visit-ulcinj.com\/blog\/2011\/11\/12\/portoja-e-milenes-ne-ulqin-intox-apo-realitet\/#webpage","url":"https:\/\/www.visit-ulcinj.com\/blog\/2011\/11\/12\/portoja-e-milenes-ne-ulqin-intox-apo-realitet\/","name":"Portoja e Milen\u00ebs n\u00eb Ulqin,Intox apo realitet - Lajme nga Ulqini","isPartOf":{"@id":"https:\/\/www.visit-ulcinj.com\/blog\/#website"},"primaryImageOfPage":{"@id":"https:\/\/www.visit-ulcinj.com\/blog\/2011\/11\/12\/portoja-e-milenes-ne-ulqin-intox-apo-realitet\/#primaryimage"},"datePublished":"2011-11-12T16:51:08+00:00","dateModified":"2011-11-19T17:27:47+00:00","author":{"@id":"https:\/\/www.visit-ulcinj.com\/blog\/#\/schema\/person\/dcab619c614d3038751c63bc2aadc06d"},"description":"N\u00eb baz\u00eb t\u00eb projektit, Ura e Port Milen\u00ebs parashikohet t\u00eb jet\u00eb e gjat\u00eb tyre viteve t\u00eb filloj\u00eb dhe porta q\u00eb lidh\u00eb molon e plazhit t\u00eb madh\u00eb me gjirin e","breadcrumb":{"@id":"https:\/\/www.visit-ulcinj.com\/blog\/2011\/11\/12\/portoja-e-milenes-ne-ulqin-intox-apo-realitet\/#breadcrumb"},"inLanguage":"en-US","potentialAction":[{"@type":"ReadAction","target":["https:\/\/www.visit-ulcinj.com\/blog\/2011\/11\/12\/portoja-e-milenes-ne-ulqin-intox-apo-realitet\/"]}]},{"@type":"BreadcrumbList","@id":"https:\/\/www.visit-ulcinj.com\/blog\/2011\/11\/12\/portoja-e-milenes-ne-ulqin-intox-apo-realitet\/#breadcrumb","itemListElement":[{"@type":"ListItem","position":1,"name":"Portoja e Milen\u00ebs n\u00eb Ulqin,Intox apo realitet"}]},{"@type":"Person","@id":"https:\/\/www.visit-ulcinj.com\/blog\/#\/schema\/person\/dcab619c614d3038751c63bc2aadc06d","name":"ulqini","sameAs":["http:\/\/www.visit-ulcinj.com"],"url":"https:\/\/www.visit-ulcinj.com\/blog\/author\/admin\/"}]}},"jetpack_featured_media_url":"","jetpack_sharing_enabled":true,"jetpack_shortlink":"https:\/\/wp.me\/pe6lTn-dQd","_links":{"self":[{"href":"https:\/\/www.visit-ulcinj.com\/blog\/wp-json\/wp\/v2\/posts\/53209"}],"collection":[{"href":"https:\/\/www.visit-ulcinj.com\/blog\/wp-json\/wp\/v2\/posts"}],"about":[{"href":"https:\/\/www.visit-ulcinj.com\/blog\/wp-json\/wp\/v2\/types\/post"}],"author":[{"embeddable":true,"href":"https:\/\/www.visit-ulcinj.com\/blog\/wp-json\/wp\/v2\/users\/1"}],"replies":[{"embeddable":true,"href":"https:\/\/www.visit-ulcinj.com\/blog\/wp-json\/wp\/v2\/comments?post=53209"}],"version-history":[{"count":5,"href":"https:\/\/www.visit-ulcinj.com\/blog\/wp-json\/wp\/v2\/posts\/53209\/revisions"}],"predecessor-version":[{"id":53493,"href":"https:\/\/www.visit-ulcinj.com\/blog\/wp-json\/wp\/v2\/posts\/53209\/revisions\/53493"}],"wp:attachment":[{"href":"https:\/\/www.visit-ulcinj.com\/blog\/wp-json\/wp\/v2\/media?parent=53209"}],"wp:term":[{"taxonomy":"category","embeddable":true,"href":"https:\/\/www.visit-ulcinj.com\/blog\/wp-json\/wp\/v2\/categories?post=53209"},{"taxonomy":"post_tag","embeddable":true,"href":"https:\/\/www.visit-ulcinj.com\/blog\/wp-json\/wp\/v2\/tags?post=53209"}],"curies":[{"name":"wp","href":"https:\/\/api.w.org\/{rel}","templated":true}]}}