{"id":53219,"date":"2011-11-13T18:36:43","date_gmt":"2011-11-13T17:36:43","guid":{"rendered":"http:\/\/www.visit-ulcinj.com\/blog\/?p=53219"},"modified":"2011-11-13T18:36:43","modified_gmt":"2011-11-13T17:36:43","slug":"samo-povratkom-na-tradicionalnu-privredu","status":"publish","type":"post","link":"https:\/\/www.visit-ulcinj.com\/blog\/2011\/11\/13\/samo-povratkom-na-tradicionalnu-privredu\/","title":{"rendered":"Samo povratkom na tradicionalnu privredu"},"content":{"rendered":"<p><a href=\"http:\/\/www.visit-ulcinj.com\/blog\/wp-content\/uploads\/2011\/11\/Ulcinj_stari-grad.jpg\"><img loading=\"lazy\" class=\"alignleft size-full wp-image-53220\" title=\"Ulcinj_stari grad\" src=\"http:\/\/www.visit-ulcinj.com\/blog\/wp-content\/uploads\/2011\/11\/Ulcinj_stari-grad.jpg\" alt=\"\" width=\"508\" height=\"380\" \/><\/a>Samo povratkom na tradicionalnu privredu na\u0161a op\u0161tina mo\u017ee generisati odr\u017eivi razvoj, ekonomski rast i o\u010duvati socijalnu koheziju. To zna\u010di da glavne privredne grane moraju biti turizam i poljoprivreda nadogra\u0111ene marketingom i obrazovanjem Veoma brzo \u0107emo vidjeti da li to namjera i kreatora odluka u na\u0161em divnom gradu. Naime, to \u0107e pokazati bud\u017eet za narednu godinu. Ako bude zna\u010dajno ve\u0107a stavka za agrar, mo\u0107i \u0107emo da zaklju\u010dimo da se Ulcinj razvija u dobrom smjeru. To je naro\u010dito va\u017eno u situaciji kada je sve jasnije da jedino energetska nezavisnost i dovoljno hrane osiguravaju opstojnost i dugoro\u010dnu stabilnost jednoj zajednici. \u010cinjenica je tako\u0111e da cijene hrane imaju trend rasta, a da Ulcinj mo\u017ee da hrani polovinu stanovnika ove zemlje. \u0160to se snadbijevanja energijom ti\u010de i tu postoji rje\u0161enje u kori\u0161\u0107enju solarne energije, kao i energije vjetra. Grad koji ima 300 sun\u010danih dana u godini naprosto mora to iskoristiti. Jedan na\u0161 njema\u010dki prijatelj je nedavno predlo\u017eio da Ulcinj postane prvi solarni grad na Jadranu. Takvih mjesta, ina\u010de, ve\u0107 ima na Siciliji ili u Kini. \u010cak i njema\u010dka prijestonica, Berlin, \u017eeli postati solarni grad, bez obzira \u0161to se nalazi na obla\u010dnom sjeveru. Gradona\u010delnik Harald Wolf izjavio je da se plan odnosi jednako na vodstvo u iskori\u0161tavanju Sunca kao i solarnu tehnologiju kao privrednu granu.<br \/>\n<a href=\"http:\/\/www.visit-ulcinj.com\/blog\/wp-content\/uploads\/2011\/11\/Psi-u-setalistu-ulcinja.jpg\"><img loading=\"lazy\" class=\"alignleft size-full wp-image-53221\" title=\"Psi u setalistu ulcinja\" src=\"http:\/\/www.visit-ulcinj.com\/blog\/wp-content\/uploads\/2011\/11\/Psi-u-setalistu-ulcinja.jpg\" alt=\"\" width=\"508\" height=\"330\" \/><\/a><br \/>\nNajva\u017enije je imati najbolju mogu\u0107u mre\u017eu nau\u010dne zajednice i privatnih kompanija \u2013 rekao je Wolf i izrazio zadovoljstvo \u0161to \u0107e nova industrijska grana zna\u010dajno doprinjeti oporavku lokalne ekonomije. U tom sektoru je, na primjer, u Berlinu ve\u0107 zapo\u0161ljeno 10 hiljada ljudi. Dakle, uz ovakve resurse i geografski polo\u017eaj, \u0161anse za razvoj i prosperitet Ulcinja se uz nove tehnologije name\u0107u same od sebe, a mi moramo znati da ih uo\u010dimo i da ih u interesu svih koristimo Naravno, da je turizam na\u0161 osnovni generator razvoja. Uz o\u010duvanje prirode to podrazumijeva obnovu nekoliko velikih hotela i gradnju niza malih porodi\u010dnih hotela. Ali, turizam su i oni i s torbama i vre\u0107ama za spavanje i oni s limuzinama, a za svakoga od njih se, Bogu hvala, mo\u017ee ov\u0111e na\u0107i dovoljno mjesta. Jer, turizam nije samo smje\u0161taj. Turizam su na\u0161a kulturna ba\u0161tina, parkovi, prirodne ljepote, na\u0161 na\u010din \u017eivota, na\u0161e ulice, napu\u0161tene ma\u010dke i psi, ure\u0111eni i neure\u0111eni vrtovi i oku\u0107nice, napu\u0161tena i uni\u0161tena preduze\u0107a, jednom rije\u010dju turizam je pri\u010da o jednoj zajednici i njenim ljudima. No, ovdje najvi\u0161e govorimo o mogu\u0107nostima i \u0161ansama. Pa ko ne bi na najbolji na\u010din iskoristio na\u0161 Stari grad, taj jedinstveni spomenik, u \u010dijoj istorijskoj jezgi \u017eivot pulsira ve\u0107 2500 godina! To je ono \u0161to turiste iz Evrope najvi\u0161e fascinira. Ba\u0161 kao i legenda da je grad \u0160as ili Sva\u010d imao crkava koliko godina dana, ili milenijumski maslinjaci u Valdanosu i njegove Viline vode. Ako budemo mudro znali da upakujemo pri\u010de o na\u0161im gusarima, Servantesu, \u0160abetaju Cviju, bi\u0107e to sigurno mamac za svjetske turiste. U svakom slu\u010daju, nama kona\u010dno treba jedna nova strate\u0161ka i razvojna politika koja \u0107e uspjeti da pove\u017ee sve ove prirodne i kulturne bisere na\u0161e riznice u jedinstven lanac izvrsne turisti\u010dke ponude. Uz sve to, gosti i posjetioci treba da konzumiraju autohtone proizvode i doma\u0107a jela, pa i u\u010destvovati, na primjer, u berbi maslina. Tako\u0111e mogli bi kupovati zanatske proizvode i suvenire iz na\u0161eg kraja. I mnogo toga drugog. Zato, moramo mnogo u\u010diti, zasukati rukave i radovati se onome \u0161to dolazi.<\/p>\n<p><strong>Mustafa CANKA<\/strong><\/p>\n<!--YouTube Error: bad URL entered-->\n","protected":false},"excerpt":{"rendered":"<p>Samo povratkom na tradicionalnu privredu na\u0161a op\u0161tina mo\u017ee generisati odr\u017eivi razvoj, ekonomski rast i o\u010duvati socijalnu koheziju. To zna\u010di da glavne privredne grane moraju biti turizam i poljoprivreda nadogra\u0111ene marketingom i obrazovanjem Veoma brzo \u0107emo vidjeti da li to namjera i kreatora odluka u na\u0161em divnom gradu. Naime, to \u0107e pokazati bud\u017eet za narednu godinu. [&hellip;]<\/p>\n","protected":false},"author":1,"featured_media":0,"comment_status":"closed","ping_status":"closed","sticky":false,"template":"","format":"standard","meta":{"spay_email":"","jetpack_publicize_message":"","jetpack_is_tweetstorm":false,"jetpack_publicize_feature_enabled":true},"categories":[8337],"tags":[19],"jetpack_publicize_connections":[],"yoast_head":"<!-- This site is optimized with the Yoast SEO plugin v19.1 - https:\/\/yoast.com\/wordpress\/plugins\/seo\/ -->\n<title>Samo povratkom na tradicionalnu privredu - Lajme nga Ulqini<\/title>\n<meta name=\"description\" content=\"Samo povratkom na tradicionalnu privredu na\u0161a op\u0161tina mo\u017ee generisati odr\u017eivi razvoj, ekonomski rast i o\u010duvati socijalnu koheziju. To zna\u010di da glavne\" \/>\n<meta name=\"robots\" content=\"index, follow, max-snippet:-1, max-image-preview:large, max-video-preview:-1\" \/>\n<link rel=\"canonical\" href=\"https:\/\/www.visit-ulcinj.com\/blog\/2011\/11\/13\/samo-povratkom-na-tradicionalnu-privredu\/\" \/>\n<meta property=\"og:locale\" content=\"en_US\" \/>\n<meta property=\"og:type\" content=\"article\" \/>\n<meta property=\"og:title\" content=\"Samo povratkom na tradicionalnu privredu - Lajme nga Ulqini\" \/>\n<meta property=\"og:description\" content=\"Samo povratkom na tradicionalnu privredu na\u0161a op\u0161tina mo\u017ee generisati odr\u017eivi razvoj, ekonomski rast i o\u010duvati socijalnu koheziju. To zna\u010di da glavne\" \/>\n<meta property=\"og:url\" content=\"https:\/\/www.visit-ulcinj.com\/blog\/2011\/11\/13\/samo-povratkom-na-tradicionalnu-privredu\/\" \/>\n<meta property=\"og:site_name\" content=\"Lajme nga Ulqini\" \/>\n<meta property=\"article:published_time\" content=\"2011-11-13T17:36:43+00:00\" \/>\n<meta property=\"og:image\" content=\"http:\/\/www.visit-ulcinj.com\/blog\/wp-content\/uploads\/2011\/11\/Ulcinj_stari-grad.jpg\" \/>\n<meta name=\"twitter:label1\" content=\"Written by\" \/>\n\t<meta name=\"twitter:data1\" content=\"ulqini\" \/>\n\t<meta name=\"twitter:label2\" content=\"Est. reading time\" \/>\n\t<meta name=\"twitter:data2\" content=\"3 minutes\" \/>\n<script type=\"application\/ld+json\" class=\"yoast-schema-graph\">{\"@context\":\"https:\/\/schema.org\",\"@graph\":[{\"@type\":\"WebSite\",\"@id\":\"https:\/\/www.visit-ulcinj.com\/blog\/#website\",\"url\":\"https:\/\/www.visit-ulcinj.com\/blog\/\",\"name\":\"Lajme nga Ulqini\",\"description\":\"Lajme,Vijesti,Ulqini,Ulqin,Crna Gora,Mali i Zi\",\"potentialAction\":[{\"@type\":\"SearchAction\",\"target\":{\"@type\":\"EntryPoint\",\"urlTemplate\":\"https:\/\/www.visit-ulcinj.com\/blog\/?s={search_term_string}\"},\"query-input\":\"required name=search_term_string\"}],\"inLanguage\":\"en-US\"},{\"@type\":\"ImageObject\",\"inLanguage\":\"en-US\",\"@id\":\"https:\/\/www.visit-ulcinj.com\/blog\/2011\/11\/13\/samo-povratkom-na-tradicionalnu-privredu\/#primaryimage\",\"url\":\"https:\/\/www.visit-ulcinj.com\/blog\/wp-content\/uploads\/2011\/11\/Ulcinj_stari-grad.jpg\",\"contentUrl\":\"https:\/\/www.visit-ulcinj.com\/blog\/wp-content\/uploads\/2011\/11\/Ulcinj_stari-grad.jpg\",\"width\":\"584\",\"height\":\"406\"},{\"@type\":\"WebPage\",\"@id\":\"https:\/\/www.visit-ulcinj.com\/blog\/2011\/11\/13\/samo-povratkom-na-tradicionalnu-privredu\/#webpage\",\"url\":\"https:\/\/www.visit-ulcinj.com\/blog\/2011\/11\/13\/samo-povratkom-na-tradicionalnu-privredu\/\",\"name\":\"Samo povratkom na tradicionalnu privredu - Lajme nga Ulqini\",\"isPartOf\":{\"@id\":\"https:\/\/www.visit-ulcinj.com\/blog\/#website\"},\"primaryImageOfPage\":{\"@id\":\"https:\/\/www.visit-ulcinj.com\/blog\/2011\/11\/13\/samo-povratkom-na-tradicionalnu-privredu\/#primaryimage\"},\"datePublished\":\"2011-11-13T17:36:43+00:00\",\"dateModified\":\"2011-11-13T17:36:43+00:00\",\"author\":{\"@id\":\"https:\/\/www.visit-ulcinj.com\/blog\/#\/schema\/person\/dcab619c614d3038751c63bc2aadc06d\"},\"description\":\"Samo povratkom na tradicionalnu privredu na\u0161a op\u0161tina mo\u017ee generisati odr\u017eivi razvoj, ekonomski rast i o\u010duvati socijalnu koheziju. To zna\u010di da glavne\",\"breadcrumb\":{\"@id\":\"https:\/\/www.visit-ulcinj.com\/blog\/2011\/11\/13\/samo-povratkom-na-tradicionalnu-privredu\/#breadcrumb\"},\"inLanguage\":\"en-US\",\"potentialAction\":[{\"@type\":\"ReadAction\",\"target\":[\"https:\/\/www.visit-ulcinj.com\/blog\/2011\/11\/13\/samo-povratkom-na-tradicionalnu-privredu\/\"]}]},{\"@type\":\"BreadcrumbList\",\"@id\":\"https:\/\/www.visit-ulcinj.com\/blog\/2011\/11\/13\/samo-povratkom-na-tradicionalnu-privredu\/#breadcrumb\",\"itemListElement\":[{\"@type\":\"ListItem\",\"position\":1,\"name\":\"Samo povratkom na tradicionalnu privredu\"}]},{\"@type\":\"Person\",\"@id\":\"https:\/\/www.visit-ulcinj.com\/blog\/#\/schema\/person\/dcab619c614d3038751c63bc2aadc06d\",\"name\":\"ulqini\",\"sameAs\":[\"http:\/\/www.visit-ulcinj.com\"],\"url\":\"https:\/\/www.visit-ulcinj.com\/blog\/author\/admin\/\"}]}<\/script>\n<!-- \/ Yoast SEO plugin. -->","yoast_head_json":{"title":"Samo povratkom na tradicionalnu privredu - Lajme nga Ulqini","description":"Samo povratkom na tradicionalnu privredu na\u0161a op\u0161tina mo\u017ee generisati odr\u017eivi razvoj, ekonomski rast i o\u010duvati socijalnu koheziju. To zna\u010di da glavne","robots":{"index":"index","follow":"follow","max-snippet":"max-snippet:-1","max-image-preview":"max-image-preview:large","max-video-preview":"max-video-preview:-1"},"canonical":"https:\/\/www.visit-ulcinj.com\/blog\/2011\/11\/13\/samo-povratkom-na-tradicionalnu-privredu\/","og_locale":"en_US","og_type":"article","og_title":"Samo povratkom na tradicionalnu privredu - Lajme nga Ulqini","og_description":"Samo povratkom na tradicionalnu privredu na\u0161a op\u0161tina mo\u017ee generisati odr\u017eivi razvoj, ekonomski rast i o\u010duvati socijalnu koheziju. To zna\u010di da glavne","og_url":"https:\/\/www.visit-ulcinj.com\/blog\/2011\/11\/13\/samo-povratkom-na-tradicionalnu-privredu\/","og_site_name":"Lajme nga Ulqini","article_published_time":"2011-11-13T17:36:43+00:00","og_image":[{"url":"http:\/\/www.visit-ulcinj.com\/blog\/wp-content\/uploads\/2011\/11\/Ulcinj_stari-grad.jpg"}],"twitter_misc":{"Written by":"ulqini","Est. reading time":"3 minutes"},"schema":{"@context":"https:\/\/schema.org","@graph":[{"@type":"WebSite","@id":"https:\/\/www.visit-ulcinj.com\/blog\/#website","url":"https:\/\/www.visit-ulcinj.com\/blog\/","name":"Lajme nga Ulqini","description":"Lajme,Vijesti,Ulqini,Ulqin,Crna Gora,Mali i Zi","potentialAction":[{"@type":"SearchAction","target":{"@type":"EntryPoint","urlTemplate":"https:\/\/www.visit-ulcinj.com\/blog\/?s={search_term_string}"},"query-input":"required name=search_term_string"}],"inLanguage":"en-US"},{"@type":"ImageObject","inLanguage":"en-US","@id":"https:\/\/www.visit-ulcinj.com\/blog\/2011\/11\/13\/samo-povratkom-na-tradicionalnu-privredu\/#primaryimage","url":"https:\/\/www.visit-ulcinj.com\/blog\/wp-content\/uploads\/2011\/11\/Ulcinj_stari-grad.jpg","contentUrl":"https:\/\/www.visit-ulcinj.com\/blog\/wp-content\/uploads\/2011\/11\/Ulcinj_stari-grad.jpg","width":"584","height":"406"},{"@type":"WebPage","@id":"https:\/\/www.visit-ulcinj.com\/blog\/2011\/11\/13\/samo-povratkom-na-tradicionalnu-privredu\/#webpage","url":"https:\/\/www.visit-ulcinj.com\/blog\/2011\/11\/13\/samo-povratkom-na-tradicionalnu-privredu\/","name":"Samo povratkom na tradicionalnu privredu - Lajme nga Ulqini","isPartOf":{"@id":"https:\/\/www.visit-ulcinj.com\/blog\/#website"},"primaryImageOfPage":{"@id":"https:\/\/www.visit-ulcinj.com\/blog\/2011\/11\/13\/samo-povratkom-na-tradicionalnu-privredu\/#primaryimage"},"datePublished":"2011-11-13T17:36:43+00:00","dateModified":"2011-11-13T17:36:43+00:00","author":{"@id":"https:\/\/www.visit-ulcinj.com\/blog\/#\/schema\/person\/dcab619c614d3038751c63bc2aadc06d"},"description":"Samo povratkom na tradicionalnu privredu na\u0161a op\u0161tina mo\u017ee generisati odr\u017eivi razvoj, ekonomski rast i o\u010duvati socijalnu koheziju. To zna\u010di da glavne","breadcrumb":{"@id":"https:\/\/www.visit-ulcinj.com\/blog\/2011\/11\/13\/samo-povratkom-na-tradicionalnu-privredu\/#breadcrumb"},"inLanguage":"en-US","potentialAction":[{"@type":"ReadAction","target":["https:\/\/www.visit-ulcinj.com\/blog\/2011\/11\/13\/samo-povratkom-na-tradicionalnu-privredu\/"]}]},{"@type":"BreadcrumbList","@id":"https:\/\/www.visit-ulcinj.com\/blog\/2011\/11\/13\/samo-povratkom-na-tradicionalnu-privredu\/#breadcrumb","itemListElement":[{"@type":"ListItem","position":1,"name":"Samo povratkom na tradicionalnu privredu"}]},{"@type":"Person","@id":"https:\/\/www.visit-ulcinj.com\/blog\/#\/schema\/person\/dcab619c614d3038751c63bc2aadc06d","name":"ulqini","sameAs":["http:\/\/www.visit-ulcinj.com"],"url":"https:\/\/www.visit-ulcinj.com\/blog\/author\/admin\/"}]}},"jetpack_featured_media_url":"","jetpack_sharing_enabled":true,"jetpack_shortlink":"https:\/\/wp.me\/pe6lTn-dQn","_links":{"self":[{"href":"https:\/\/www.visit-ulcinj.com\/blog\/wp-json\/wp\/v2\/posts\/53219"}],"collection":[{"href":"https:\/\/www.visit-ulcinj.com\/blog\/wp-json\/wp\/v2\/posts"}],"about":[{"href":"https:\/\/www.visit-ulcinj.com\/blog\/wp-json\/wp\/v2\/types\/post"}],"author":[{"embeddable":true,"href":"https:\/\/www.visit-ulcinj.com\/blog\/wp-json\/wp\/v2\/users\/1"}],"replies":[{"embeddable":true,"href":"https:\/\/www.visit-ulcinj.com\/blog\/wp-json\/wp\/v2\/comments?post=53219"}],"version-history":[{"count":1,"href":"https:\/\/www.visit-ulcinj.com\/blog\/wp-json\/wp\/v2\/posts\/53219\/revisions"}],"predecessor-version":[{"id":53222,"href":"https:\/\/www.visit-ulcinj.com\/blog\/wp-json\/wp\/v2\/posts\/53219\/revisions\/53222"}],"wp:attachment":[{"href":"https:\/\/www.visit-ulcinj.com\/blog\/wp-json\/wp\/v2\/media?parent=53219"}],"wp:term":[{"taxonomy":"category","embeddable":true,"href":"https:\/\/www.visit-ulcinj.com\/blog\/wp-json\/wp\/v2\/categories?post=53219"},{"taxonomy":"post_tag","embeddable":true,"href":"https:\/\/www.visit-ulcinj.com\/blog\/wp-json\/wp\/v2\/tags?post=53219"}],"curies":[{"name":"wp","href":"https:\/\/api.w.org\/{rel}","templated":true}]}}