{"id":53223,"date":"2011-11-13T19:48:23","date_gmt":"2011-11-13T18:48:23","guid":{"rendered":"http:\/\/www.visit-ulcinj.com\/blog\/?p=53223"},"modified":"2011-11-22T14:10:30","modified_gmt":"2011-11-22T13:10:30","slug":"rtv-ulqini-deri-tani-projekt-vetem-ne-leter","status":"publish","type":"post","link":"https:\/\/www.visit-ulcinj.com\/blog\/2011\/11\/13\/rtv-ulqini-deri-tani-projekt-vetem-ne-leter\/","title":{"rendered":"RTV Ulqini, deri tani projekt vetem ne leter"},"content":{"rendered":"<p><a href=\"http:\/\/www.visit-ulcinj.com\/blog\/wp-content\/uploads\/2011\/11\/Nazif-Cungu_Radio-Ulqini.jpg\"><img loading=\"lazy\" class=\"alignleft size-full wp-image-53224\" title=\"Nazif Cungu_Radio Ulqini\" src=\"http:\/\/www.visit-ulcinj.com\/blog\/wp-content\/uploads\/2011\/11\/Nazif-Cungu_Radio-Ulqini.jpg\" alt=\"\" width=\"508\" height=\"380\" \/><\/a>Nd\u00ebrmarrja publike RTV Ulqini \u00ebsht\u00eb duke p\u00ebrjetuar dit\u00ebt e saja m\u00eb t\u00eb errta n\u00eb pun\u00ebn e deritanishme. Probleme financiare, punonj\u00ebsit nuk kan\u00eb marr\u00eb pagat e tyre p\u00ebr 13 muaj, teknika e transmetimit \u00ebsht\u00eb e vjet\u00ebruar dhe pjes\u00ebrisht e pap\u00ebrdorshme dhe nj\u00eb projekt p\u00ebr nj\u00eb studio televizive i filluar me 2009 por q\u00eb akoma \u00ebsht\u00eb larg realizimit.<\/p>\n<p>&#8211; T\u00eb thuash se gjendja \u00ebsht\u00eb katastrofale \u00ebsht\u00eb pak. M\u00eb shum\u00eb se nj\u00eb vit nuk kemi drejtor. T\u00eb pun\u00ebsuarit nuk kan\u00eb se ku t\u00eb punojn\u00eb, gjith\u00e7ka \u00ebsht\u00eb n\u00eb procesin e shkat\u00ebrrimit. Ne nuk kemi programin ton\u00eb, studion televizive nuk e kemi\u00a0 e as q\u00eb dihet n\u00ebse ajo do t\u00eb p\u00ebrfundoj\u00eb ndonj\u00ebher\u00eb. Pagat jan\u00eb vonuar m\u00eb shum\u00eb se nj\u00eb vit. Askush nuk mban mend se a kemi qen\u00eb ndonj\u00ebher\u00eb n\u00eb nj\u00eb situat\u00eb t\u00eb till\u00eb \u2013 thot\u00eb nj\u00eb pun\u00ebtor\u00eb i revoltuar, shkruan Dan.<\/p>\n<p>Autoritetet e reja t\u00eb qeversijes lokale thon\u00eb se ata jan\u00eb t\u00eb vet\u00ebdijsh\u00ebm p\u00ebr problemet q\u00eb kan\u00eb n\u00eb RTV lokal. Sipas kryetarit Nazif Cungu, q\u00eb nga viti 2003 nuk \u00ebsht\u00eb b\u00ebr\u00eb asgj\u00eb n\u00eb drejtim t\u00eb transformimit t\u00eb k\u00ebtij mediumi dhe tani \u00ebsht\u00eb n\u00eb nj\u00eb situat\u00eb shum\u00eb t\u00eb keqe si edhe shum\u00eb nd\u00ebrrmarrje n\u00eb Ulqin. Cungu tha se pushtetit lokal \u00ebsht\u00eb duke p\u00ebrgatitur nj\u00eb vendim t\u00eb ri p\u00ebr transformimin e RTV Ulqinit, i cili do t\u00eb jet\u00eb n\u00eb rendin e dit\u00ebs n\u00eb\u00a0 seanc\u00ebn e ardhshme t\u00eb Parlamentit.<br \/>\n&#8211; Do t\u00eb caktojm\u00eb nj\u00eb k\u00ebshill t\u00eb ri kurse n\u00eb dhjet\u00eb dit\u00ebt e ardhshme do t\u00eb em\u00ebrohet drejtori. N\u00eb bashk\u00ebpunim me Agjencin\u00eb e Transmetimit (ARD), do t\u00eb p\u00ebrpiqet p\u00ebr t\u00eb ndryshuar situat\u00ebn aktuale n\u00eb t\u00eb mir\u00eb, m\u00eb shum\u00eb p\u00ebr shkak t\u00eb t\u00eb pun\u00ebsuarve. Me njer\u00ebz nga ARD jemi pajtuar me dinamik\u00ebn e pun\u00ebve dhe un\u00eb jam i sigurt q\u00eb ne s\u00eb shpejti do t\u00eb fillojm\u00eb ti zbatojm\u00eb &#8211; tha Cungu.<\/p>\n<p>Kur \u00ebsht\u00eb fjala p\u00ebr fillimin e studio televizive, kryetari \u00ebsht\u00eb i rezervuar.<br \/>\n&#8211; Prioriteti yn\u00eb \u00ebsht\u00eb p\u00ebr t\u00eb p\u00ebrmir\u00ebsuar situat\u00ebn aktuale n\u00eb radio, n\u00eb t\u00eb cil\u00ebn teknika \u00ebsht\u00eb\u00a0 vjet\u00ebr p\u00ebr\u00a0 m\u00eb shum\u00eb se dy dekada, dhe p\u00ebr t\u00eb krijuar kushte optimale t\u00eb pun\u00ebs. Studioja televizive ekziston, por ajo duhet t\u00eb jet\u00eb e pajisur dhe t\u00eb mir\u00ebmbahen. Ne kemi nevoj\u00eb p\u00ebr nj\u00eb plan dhe t\u00eb punojn\u00eb n\u00eb t\u00eb, por sigurisht q\u00eb nuk do t\u00eb jet\u00eb aspak leht\u00eb dhe shpejt\u00eb &#8211; p\u00ebrfundoi Cungu. <strong>\/Ulqini Online\/<\/strong><\/p>\n","protected":false},"excerpt":{"rendered":"<p>Nd\u00ebrmarrja publike RTV Ulqini \u00ebsht\u00eb duke p\u00ebrjetuar dit\u00ebt e saja m\u00eb t\u00eb errta n\u00eb pun\u00ebn e deritanishme. Probleme financiare, punonj\u00ebsit nuk kan\u00eb marr\u00eb pagat e tyre p\u00ebr 13 muaj, teknika e transmetimit \u00ebsht\u00eb e vjet\u00ebruar dhe pjes\u00ebrisht e pap\u00ebrdorshme dhe nj\u00eb projekt p\u00ebr nj\u00eb studio televizive i filluar me 2009 por q\u00eb akoma \u00ebsht\u00eb larg [&hellip;]<\/p>\n","protected":false},"author":1,"featured_media":0,"comment_status":"open","ping_status":"closed","sticky":false,"template":"","format":"standard","meta":{"spay_email":"","jetpack_publicize_message":"","jetpack_is_tweetstorm":false,"jetpack_publicize_feature_enabled":true},"categories":[1],"tags":[118,125,200,18],"jetpack_publicize_connections":[],"yoast_head":"<!-- This site is optimized with the Yoast SEO plugin v19.1 - https:\/\/yoast.com\/wordpress\/plugins\/seo\/ -->\n<title>RTV Ulqini, deri tani projekt vetem ne leter - Lajme nga Ulqini<\/title>\n<meta name=\"description\" content=\"Nd\u00ebrmarrja publike RTV Ulqini \u00ebsht\u00eb duke p\u00ebrjetuar dit\u00ebt e saja m\u00eb t\u00eb errta n\u00eb pun\u00ebn e deritanishme. Probleme financiare, punonj\u00ebsit nuk kan\u00eb marr\u00eb pagat\" \/>\n<meta name=\"robots\" content=\"index, follow, max-snippet:-1, max-image-preview:large, max-video-preview:-1\" \/>\n<link rel=\"canonical\" href=\"https:\/\/www.visit-ulcinj.com\/blog\/2011\/11\/13\/rtv-ulqini-deri-tani-projekt-vetem-ne-leter\/\" \/>\n<meta property=\"og:locale\" content=\"en_US\" \/>\n<meta property=\"og:type\" content=\"article\" \/>\n<meta property=\"og:title\" content=\"RTV Ulqini, deri tani projekt vetem ne leter - Lajme nga Ulqini\" \/>\n<meta property=\"og:description\" content=\"Nd\u00ebrmarrja publike RTV Ulqini \u00ebsht\u00eb duke p\u00ebrjetuar dit\u00ebt e saja m\u00eb t\u00eb errta n\u00eb pun\u00ebn e deritanishme. Probleme financiare, punonj\u00ebsit nuk kan\u00eb marr\u00eb pagat\" \/>\n<meta property=\"og:url\" content=\"https:\/\/www.visit-ulcinj.com\/blog\/2011\/11\/13\/rtv-ulqini-deri-tani-projekt-vetem-ne-leter\/\" \/>\n<meta property=\"og:site_name\" content=\"Lajme nga Ulqini\" \/>\n<meta property=\"article:published_time\" content=\"2011-11-13T18:48:23+00:00\" \/>\n<meta property=\"article:modified_time\" content=\"2011-11-22T13:10:30+00:00\" \/>\n<meta property=\"og:image\" content=\"http:\/\/www.visit-ulcinj.com\/blog\/wp-content\/uploads\/2011\/11\/Nazif-Cungu_Radio-Ulqini.jpg\" \/>\n<meta name=\"twitter:label1\" content=\"Written by\" \/>\n\t<meta name=\"twitter:data1\" content=\"ulqini\" \/>\n\t<meta name=\"twitter:label2\" content=\"Est. reading time\" \/>\n\t<meta name=\"twitter:data2\" content=\"2 minutes\" \/>\n<script type=\"application\/ld+json\" class=\"yoast-schema-graph\">{\"@context\":\"https:\/\/schema.org\",\"@graph\":[{\"@type\":\"WebSite\",\"@id\":\"https:\/\/www.visit-ulcinj.com\/blog\/#website\",\"url\":\"https:\/\/www.visit-ulcinj.com\/blog\/\",\"name\":\"Lajme nga Ulqini\",\"description\":\"Lajme,Vijesti,Ulqini,Ulqin,Crna Gora,Mali i Zi\",\"potentialAction\":[{\"@type\":\"SearchAction\",\"target\":{\"@type\":\"EntryPoint\",\"urlTemplate\":\"https:\/\/www.visit-ulcinj.com\/blog\/?s={search_term_string}\"},\"query-input\":\"required name=search_term_string\"}],\"inLanguage\":\"en-US\"},{\"@type\":\"ImageObject\",\"inLanguage\":\"en-US\",\"@id\":\"https:\/\/www.visit-ulcinj.com\/blog\/2011\/11\/13\/rtv-ulqini-deri-tani-projekt-vetem-ne-leter\/#primaryimage\",\"url\":\"https:\/\/www.visit-ulcinj.com\/blog\/wp-content\/uploads\/2011\/11\/Nazif-Cungu_Radio-Ulqini.jpg\",\"contentUrl\":\"https:\/\/www.visit-ulcinj.com\/blog\/wp-content\/uploads\/2011\/11\/Nazif-Cungu_Radio-Ulqini.jpg\",\"width\":\"720\",\"height\":\"480\"},{\"@type\":\"WebPage\",\"@id\":\"https:\/\/www.visit-ulcinj.com\/blog\/2011\/11\/13\/rtv-ulqini-deri-tani-projekt-vetem-ne-leter\/#webpage\",\"url\":\"https:\/\/www.visit-ulcinj.com\/blog\/2011\/11\/13\/rtv-ulqini-deri-tani-projekt-vetem-ne-leter\/\",\"name\":\"RTV Ulqini, deri tani projekt vetem ne leter - Lajme nga Ulqini\",\"isPartOf\":{\"@id\":\"https:\/\/www.visit-ulcinj.com\/blog\/#website\"},\"primaryImageOfPage\":{\"@id\":\"https:\/\/www.visit-ulcinj.com\/blog\/2011\/11\/13\/rtv-ulqini-deri-tani-projekt-vetem-ne-leter\/#primaryimage\"},\"datePublished\":\"2011-11-13T18:48:23+00:00\",\"dateModified\":\"2011-11-22T13:10:30+00:00\",\"author\":{\"@id\":\"https:\/\/www.visit-ulcinj.com\/blog\/#\/schema\/person\/dcab619c614d3038751c63bc2aadc06d\"},\"description\":\"Nd\u00ebrmarrja publike RTV Ulqini \u00ebsht\u00eb duke p\u00ebrjetuar dit\u00ebt e saja m\u00eb t\u00eb errta n\u00eb pun\u00ebn e deritanishme. Probleme financiare, punonj\u00ebsit nuk kan\u00eb marr\u00eb pagat\",\"breadcrumb\":{\"@id\":\"https:\/\/www.visit-ulcinj.com\/blog\/2011\/11\/13\/rtv-ulqini-deri-tani-projekt-vetem-ne-leter\/#breadcrumb\"},\"inLanguage\":\"en-US\",\"potentialAction\":[{\"@type\":\"ReadAction\",\"target\":[\"https:\/\/www.visit-ulcinj.com\/blog\/2011\/11\/13\/rtv-ulqini-deri-tani-projekt-vetem-ne-leter\/\"]}]},{\"@type\":\"BreadcrumbList\",\"@id\":\"https:\/\/www.visit-ulcinj.com\/blog\/2011\/11\/13\/rtv-ulqini-deri-tani-projekt-vetem-ne-leter\/#breadcrumb\",\"itemListElement\":[{\"@type\":\"ListItem\",\"position\":1,\"name\":\"RTV Ulqini, deri tani projekt vetem ne leter\"}]},{\"@type\":\"Person\",\"@id\":\"https:\/\/www.visit-ulcinj.com\/blog\/#\/schema\/person\/dcab619c614d3038751c63bc2aadc06d\",\"name\":\"ulqini\",\"sameAs\":[\"http:\/\/www.visit-ulcinj.com\"],\"url\":\"https:\/\/www.visit-ulcinj.com\/blog\/author\/admin\/\"}]}<\/script>\n<!-- \/ Yoast SEO plugin. -->","yoast_head_json":{"title":"RTV Ulqini, deri tani projekt vetem ne leter - Lajme nga Ulqini","description":"Nd\u00ebrmarrja publike RTV Ulqini \u00ebsht\u00eb duke p\u00ebrjetuar dit\u00ebt e saja m\u00eb t\u00eb errta n\u00eb pun\u00ebn e deritanishme. Probleme financiare, punonj\u00ebsit nuk kan\u00eb marr\u00eb pagat","robots":{"index":"index","follow":"follow","max-snippet":"max-snippet:-1","max-image-preview":"max-image-preview:large","max-video-preview":"max-video-preview:-1"},"canonical":"https:\/\/www.visit-ulcinj.com\/blog\/2011\/11\/13\/rtv-ulqini-deri-tani-projekt-vetem-ne-leter\/","og_locale":"en_US","og_type":"article","og_title":"RTV Ulqini, deri tani projekt vetem ne leter - Lajme nga Ulqini","og_description":"Nd\u00ebrmarrja publike RTV Ulqini \u00ebsht\u00eb duke p\u00ebrjetuar dit\u00ebt e saja m\u00eb t\u00eb errta n\u00eb pun\u00ebn e deritanishme. Probleme financiare, punonj\u00ebsit nuk kan\u00eb marr\u00eb pagat","og_url":"https:\/\/www.visit-ulcinj.com\/blog\/2011\/11\/13\/rtv-ulqini-deri-tani-projekt-vetem-ne-leter\/","og_site_name":"Lajme nga Ulqini","article_published_time":"2011-11-13T18:48:23+00:00","article_modified_time":"2011-11-22T13:10:30+00:00","og_image":[{"url":"http:\/\/www.visit-ulcinj.com\/blog\/wp-content\/uploads\/2011\/11\/Nazif-Cungu_Radio-Ulqini.jpg"}],"twitter_misc":{"Written by":"ulqini","Est. reading time":"2 minutes"},"schema":{"@context":"https:\/\/schema.org","@graph":[{"@type":"WebSite","@id":"https:\/\/www.visit-ulcinj.com\/blog\/#website","url":"https:\/\/www.visit-ulcinj.com\/blog\/","name":"Lajme nga Ulqini","description":"Lajme,Vijesti,Ulqini,Ulqin,Crna Gora,Mali i Zi","potentialAction":[{"@type":"SearchAction","target":{"@type":"EntryPoint","urlTemplate":"https:\/\/www.visit-ulcinj.com\/blog\/?s={search_term_string}"},"query-input":"required name=search_term_string"}],"inLanguage":"en-US"},{"@type":"ImageObject","inLanguage":"en-US","@id":"https:\/\/www.visit-ulcinj.com\/blog\/2011\/11\/13\/rtv-ulqini-deri-tani-projekt-vetem-ne-leter\/#primaryimage","url":"https:\/\/www.visit-ulcinj.com\/blog\/wp-content\/uploads\/2011\/11\/Nazif-Cungu_Radio-Ulqini.jpg","contentUrl":"https:\/\/www.visit-ulcinj.com\/blog\/wp-content\/uploads\/2011\/11\/Nazif-Cungu_Radio-Ulqini.jpg","width":"720","height":"480"},{"@type":"WebPage","@id":"https:\/\/www.visit-ulcinj.com\/blog\/2011\/11\/13\/rtv-ulqini-deri-tani-projekt-vetem-ne-leter\/#webpage","url":"https:\/\/www.visit-ulcinj.com\/blog\/2011\/11\/13\/rtv-ulqini-deri-tani-projekt-vetem-ne-leter\/","name":"RTV Ulqini, deri tani projekt vetem ne leter - Lajme nga Ulqini","isPartOf":{"@id":"https:\/\/www.visit-ulcinj.com\/blog\/#website"},"primaryImageOfPage":{"@id":"https:\/\/www.visit-ulcinj.com\/blog\/2011\/11\/13\/rtv-ulqini-deri-tani-projekt-vetem-ne-leter\/#primaryimage"},"datePublished":"2011-11-13T18:48:23+00:00","dateModified":"2011-11-22T13:10:30+00:00","author":{"@id":"https:\/\/www.visit-ulcinj.com\/blog\/#\/schema\/person\/dcab619c614d3038751c63bc2aadc06d"},"description":"Nd\u00ebrmarrja publike RTV Ulqini \u00ebsht\u00eb duke p\u00ebrjetuar dit\u00ebt e saja m\u00eb t\u00eb errta n\u00eb pun\u00ebn e deritanishme. Probleme financiare, punonj\u00ebsit nuk kan\u00eb marr\u00eb pagat","breadcrumb":{"@id":"https:\/\/www.visit-ulcinj.com\/blog\/2011\/11\/13\/rtv-ulqini-deri-tani-projekt-vetem-ne-leter\/#breadcrumb"},"inLanguage":"en-US","potentialAction":[{"@type":"ReadAction","target":["https:\/\/www.visit-ulcinj.com\/blog\/2011\/11\/13\/rtv-ulqini-deri-tani-projekt-vetem-ne-leter\/"]}]},{"@type":"BreadcrumbList","@id":"https:\/\/www.visit-ulcinj.com\/blog\/2011\/11\/13\/rtv-ulqini-deri-tani-projekt-vetem-ne-leter\/#breadcrumb","itemListElement":[{"@type":"ListItem","position":1,"name":"RTV Ulqini, deri tani projekt vetem ne leter"}]},{"@type":"Person","@id":"https:\/\/www.visit-ulcinj.com\/blog\/#\/schema\/person\/dcab619c614d3038751c63bc2aadc06d","name":"ulqini","sameAs":["http:\/\/www.visit-ulcinj.com"],"url":"https:\/\/www.visit-ulcinj.com\/blog\/author\/admin\/"}]}},"jetpack_featured_media_url":"","jetpack_sharing_enabled":true,"jetpack_shortlink":"https:\/\/wp.me\/pe6lTn-dQr","_links":{"self":[{"href":"https:\/\/www.visit-ulcinj.com\/blog\/wp-json\/wp\/v2\/posts\/53223"}],"collection":[{"href":"https:\/\/www.visit-ulcinj.com\/blog\/wp-json\/wp\/v2\/posts"}],"about":[{"href":"https:\/\/www.visit-ulcinj.com\/blog\/wp-json\/wp\/v2\/types\/post"}],"author":[{"embeddable":true,"href":"https:\/\/www.visit-ulcinj.com\/blog\/wp-json\/wp\/v2\/users\/1"}],"replies":[{"embeddable":true,"href":"https:\/\/www.visit-ulcinj.com\/blog\/wp-json\/wp\/v2\/comments?post=53223"}],"version-history":[{"count":4,"href":"https:\/\/www.visit-ulcinj.com\/blog\/wp-json\/wp\/v2\/posts\/53223\/revisions"}],"predecessor-version":[{"id":53620,"href":"https:\/\/www.visit-ulcinj.com\/blog\/wp-json\/wp\/v2\/posts\/53223\/revisions\/53620"}],"wp:attachment":[{"href":"https:\/\/www.visit-ulcinj.com\/blog\/wp-json\/wp\/v2\/media?parent=53223"}],"wp:term":[{"taxonomy":"category","embeddable":true,"href":"https:\/\/www.visit-ulcinj.com\/blog\/wp-json\/wp\/v2\/categories?post=53223"},{"taxonomy":"post_tag","embeddable":true,"href":"https:\/\/www.visit-ulcinj.com\/blog\/wp-json\/wp\/v2\/tags?post=53223"}],"curies":[{"name":"wp","href":"https:\/\/api.w.org\/{rel}","templated":true}]}}