{"id":53228,"date":"2011-11-13T20:20:21","date_gmt":"2011-11-13T19:20:21","guid":{"rendered":"http:\/\/www.visit-ulcinj.com\/blog\/?p=53228"},"modified":"2011-11-13T20:20:21","modified_gmt":"2011-11-13T19:20:21","slug":"aurela-gace-behet-nene","status":"publish","type":"post","link":"https:\/\/www.visit-ulcinj.com\/blog\/2011\/11\/13\/aurela-gace-behet-nene\/","title":{"rendered":"Aurela Ga\u00e7e b\u00ebhet n\u00ebn\u00eb"},"content":{"rendered":"<p><a href=\"http:\/\/www.visit-ulcinj.com\/blog\/wp-content\/uploads\/2011\/11\/Aurela-Gace.jpg\"><img loading=\"lazy\" class=\"alignleft size-full wp-image-53229\" title=\"Aurela Gace\" src=\"http:\/\/www.visit-ulcinj.com\/blog\/wp-content\/uploads\/2011\/11\/Aurela-Gace.jpg\" alt=\"\" width=\"508\" height=\"620\" \/><\/a>Aurela Ga\u00e7e solli sot n\u00eb jet\u00eb vajz\u00ebn e saj, q\u00eb ka vendosur ta quaj\u00eb Grace. Lajmi b\u00ebhet i ditur p\u00ebr \u201cShekulli\u201d-n nga t\u00eb af\u00ebrm t\u00eb k\u00ebng\u00ebtares.<\/p>\n<p>Grace ka ardhur n\u00eb jet\u00eb n\u00eb mesdit\u00eb, nd\u00ebrkoh\u00eb q\u00eb k\u00ebng\u00ebtarja vlonjate u shtrua n\u00eb spital q\u00eb mbr\u00ebmjen e kaluar. M\u00ebsohet se ajo ka zgjedhur nj\u00eb spital privat n\u00eb kryeqytet p\u00ebr t\u00eb sjell\u00eb n\u00eb jet\u00eb t\u00eb bij\u00ebn. Lindja m\u00ebsohet t\u00eb ket\u00eb qen\u00eb natyrale dhe n\u00ebn\u00eb e bij\u00eb jan\u00eb sh\u00ebndosh\u00eb e mir\u00eb.<\/p>\n<!--YouTube Error: bad URL entered-->\n","protected":false},"excerpt":{"rendered":"<p>Aurela Ga\u00e7e solli sot n\u00eb jet\u00eb vajz\u00ebn e saj, q\u00eb ka vendosur ta quaj\u00eb Grace. Lajmi b\u00ebhet i ditur p\u00ebr \u201cShekulli\u201d-n nga t\u00eb af\u00ebrm t\u00eb k\u00ebng\u00ebtares. Grace ka ardhur n\u00eb jet\u00eb n\u00eb mesdit\u00eb, nd\u00ebrkoh\u00eb q\u00eb k\u00ebng\u00ebtarja vlonjate u shtrua n\u00eb spital q\u00eb mbr\u00ebmjen e kaluar. M\u00ebsohet se ajo ka zgjedhur nj\u00eb spital privat n\u00eb kryeqytet [&hellip;]<\/p>\n","protected":false},"author":1,"featured_media":0,"comment_status":"open","ping_status":"closed","sticky":false,"template":"","format":"standard","meta":{"spay_email":"","jetpack_publicize_message":"","jetpack_is_tweetstorm":false,"jetpack_publicize_feature_enabled":true},"categories":[1],"tags":[5088],"jetpack_publicize_connections":[],"yoast_head":"<!-- This site is optimized with the Yoast SEO plugin v19.1 - https:\/\/yoast.com\/wordpress\/plugins\/seo\/ -->\n<title>Aurela Ga\u00e7e b\u00ebhet n\u00ebn\u00eb - Lajme nga Ulqini<\/title>\n<meta name=\"description\" content=\"Aurela Ga\u00e7e solli sot n\u00eb jet\u00eb vajz\u00ebn e saj, q\u00eb ka vendosur ta quaj\u00eb Grace. Lajmi b\u00ebhet i ditur p\u00ebr \u201cShekulli\u201d-n nga t\u00eb af\u00ebrm t\u00eb k\u00ebng\u00ebtares. Grace ka\" \/>\n<meta name=\"robots\" content=\"index, follow, max-snippet:-1, max-image-preview:large, max-video-preview:-1\" \/>\n<link rel=\"canonical\" href=\"https:\/\/www.visit-ulcinj.com\/blog\/2011\/11\/13\/aurela-gace-behet-nene\/\" \/>\n<meta property=\"og:locale\" content=\"en_US\" \/>\n<meta property=\"og:type\" content=\"article\" \/>\n<meta property=\"og:title\" content=\"Aurela Ga\u00e7e b\u00ebhet n\u00ebn\u00eb - Lajme nga Ulqini\" \/>\n<meta property=\"og:description\" content=\"Aurela Ga\u00e7e solli sot n\u00eb jet\u00eb vajz\u00ebn e saj, q\u00eb ka vendosur ta quaj\u00eb Grace. Lajmi b\u00ebhet i ditur p\u00ebr \u201cShekulli\u201d-n nga t\u00eb af\u00ebrm t\u00eb k\u00ebng\u00ebtares. Grace ka\" \/>\n<meta property=\"og:url\" content=\"https:\/\/www.visit-ulcinj.com\/blog\/2011\/11\/13\/aurela-gace-behet-nene\/\" \/>\n<meta property=\"og:site_name\" content=\"Lajme nga Ulqini\" \/>\n<meta property=\"article:published_time\" content=\"2011-11-13T19:20:21+00:00\" \/>\n<meta property=\"og:image\" content=\"http:\/\/www.visit-ulcinj.com\/blog\/wp-content\/uploads\/2011\/11\/Aurela-Gace.jpg\" \/>\n<meta name=\"twitter:label1\" content=\"Written by\" \/>\n\t<meta name=\"twitter:data1\" content=\"ulqini\" \/>\n\t<meta name=\"twitter:label2\" content=\"Est. reading time\" \/>\n\t<meta name=\"twitter:data2\" content=\"1 minute\" \/>\n<script type=\"application\/ld+json\" class=\"yoast-schema-graph\">{\"@context\":\"https:\/\/schema.org\",\"@graph\":[{\"@type\":\"WebSite\",\"@id\":\"https:\/\/www.visit-ulcinj.com\/blog\/#website\",\"url\":\"https:\/\/www.visit-ulcinj.com\/blog\/\",\"name\":\"Lajme nga Ulqini\",\"description\":\"Lajme,Vijesti,Ulqini,Ulqin,Crna Gora,Mali i Zi\",\"potentialAction\":[{\"@type\":\"SearchAction\",\"target\":{\"@type\":\"EntryPoint\",\"urlTemplate\":\"https:\/\/www.visit-ulcinj.com\/blog\/?s={search_term_string}\"},\"query-input\":\"required name=search_term_string\"}],\"inLanguage\":\"en-US\"},{\"@type\":\"ImageObject\",\"inLanguage\":\"en-US\",\"@id\":\"https:\/\/www.visit-ulcinj.com\/blog\/2011\/11\/13\/aurela-gace-behet-nene\/#primaryimage\",\"url\":\"http:\/\/www.visit-ulcinj.com\/blog\/wp-content\/uploads\/2011\/11\/Aurela-Gace.jpg\",\"contentUrl\":\"http:\/\/www.visit-ulcinj.com\/blog\/wp-content\/uploads\/2011\/11\/Aurela-Gace.jpg\"},{\"@type\":\"WebPage\",\"@id\":\"https:\/\/www.visit-ulcinj.com\/blog\/2011\/11\/13\/aurela-gace-behet-nene\/#webpage\",\"url\":\"https:\/\/www.visit-ulcinj.com\/blog\/2011\/11\/13\/aurela-gace-behet-nene\/\",\"name\":\"Aurela Ga\u00e7e b\u00ebhet n\u00ebn\u00eb - Lajme nga Ulqini\",\"isPartOf\":{\"@id\":\"https:\/\/www.visit-ulcinj.com\/blog\/#website\"},\"primaryImageOfPage\":{\"@id\":\"https:\/\/www.visit-ulcinj.com\/blog\/2011\/11\/13\/aurela-gace-behet-nene\/#primaryimage\"},\"datePublished\":\"2011-11-13T19:20:21+00:00\",\"dateModified\":\"2011-11-13T19:20:21+00:00\",\"author\":{\"@id\":\"https:\/\/www.visit-ulcinj.com\/blog\/#\/schema\/person\/dcab619c614d3038751c63bc2aadc06d\"},\"description\":\"Aurela Ga\u00e7e solli sot n\u00eb jet\u00eb vajz\u00ebn e saj, q\u00eb ka vendosur ta quaj\u00eb Grace. Lajmi b\u00ebhet i ditur p\u00ebr \u201cShekulli\u201d-n nga t\u00eb af\u00ebrm t\u00eb k\u00ebng\u00ebtares. Grace ka\",\"breadcrumb\":{\"@id\":\"https:\/\/www.visit-ulcinj.com\/blog\/2011\/11\/13\/aurela-gace-behet-nene\/#breadcrumb\"},\"inLanguage\":\"en-US\",\"potentialAction\":[{\"@type\":\"ReadAction\",\"target\":[\"https:\/\/www.visit-ulcinj.com\/blog\/2011\/11\/13\/aurela-gace-behet-nene\/\"]}]},{\"@type\":\"BreadcrumbList\",\"@id\":\"https:\/\/www.visit-ulcinj.com\/blog\/2011\/11\/13\/aurela-gace-behet-nene\/#breadcrumb\",\"itemListElement\":[{\"@type\":\"ListItem\",\"position\":1,\"name\":\"Aurela Ga\u00e7e b\u00ebhet n\u00ebn\u00eb\"}]},{\"@type\":\"Person\",\"@id\":\"https:\/\/www.visit-ulcinj.com\/blog\/#\/schema\/person\/dcab619c614d3038751c63bc2aadc06d\",\"name\":\"ulqini\",\"sameAs\":[\"http:\/\/www.visit-ulcinj.com\"],\"url\":\"https:\/\/www.visit-ulcinj.com\/blog\/author\/admin\/\"}]}<\/script>\n<!-- \/ Yoast SEO plugin. -->","yoast_head_json":{"title":"Aurela Ga\u00e7e b\u00ebhet n\u00ebn\u00eb - Lajme nga Ulqini","description":"Aurela Ga\u00e7e solli sot n\u00eb jet\u00eb vajz\u00ebn e saj, q\u00eb ka vendosur ta quaj\u00eb Grace. Lajmi b\u00ebhet i ditur p\u00ebr \u201cShekulli\u201d-n nga t\u00eb af\u00ebrm t\u00eb k\u00ebng\u00ebtares. Grace ka","robots":{"index":"index","follow":"follow","max-snippet":"max-snippet:-1","max-image-preview":"max-image-preview:large","max-video-preview":"max-video-preview:-1"},"canonical":"https:\/\/www.visit-ulcinj.com\/blog\/2011\/11\/13\/aurela-gace-behet-nene\/","og_locale":"en_US","og_type":"article","og_title":"Aurela Ga\u00e7e b\u00ebhet n\u00ebn\u00eb - Lajme nga Ulqini","og_description":"Aurela Ga\u00e7e solli sot n\u00eb jet\u00eb vajz\u00ebn e saj, q\u00eb ka vendosur ta quaj\u00eb Grace. Lajmi b\u00ebhet i ditur p\u00ebr \u201cShekulli\u201d-n nga t\u00eb af\u00ebrm t\u00eb k\u00ebng\u00ebtares. Grace ka","og_url":"https:\/\/www.visit-ulcinj.com\/blog\/2011\/11\/13\/aurela-gace-behet-nene\/","og_site_name":"Lajme nga Ulqini","article_published_time":"2011-11-13T19:20:21+00:00","og_image":[{"url":"http:\/\/www.visit-ulcinj.com\/blog\/wp-content\/uploads\/2011\/11\/Aurela-Gace.jpg"}],"twitter_misc":{"Written by":"ulqini","Est. reading time":"1 minute"},"schema":{"@context":"https:\/\/schema.org","@graph":[{"@type":"WebSite","@id":"https:\/\/www.visit-ulcinj.com\/blog\/#website","url":"https:\/\/www.visit-ulcinj.com\/blog\/","name":"Lajme nga Ulqini","description":"Lajme,Vijesti,Ulqini,Ulqin,Crna Gora,Mali i Zi","potentialAction":[{"@type":"SearchAction","target":{"@type":"EntryPoint","urlTemplate":"https:\/\/www.visit-ulcinj.com\/blog\/?s={search_term_string}"},"query-input":"required name=search_term_string"}],"inLanguage":"en-US"},{"@type":"ImageObject","inLanguage":"en-US","@id":"https:\/\/www.visit-ulcinj.com\/blog\/2011\/11\/13\/aurela-gace-behet-nene\/#primaryimage","url":"http:\/\/www.visit-ulcinj.com\/blog\/wp-content\/uploads\/2011\/11\/Aurela-Gace.jpg","contentUrl":"http:\/\/www.visit-ulcinj.com\/blog\/wp-content\/uploads\/2011\/11\/Aurela-Gace.jpg"},{"@type":"WebPage","@id":"https:\/\/www.visit-ulcinj.com\/blog\/2011\/11\/13\/aurela-gace-behet-nene\/#webpage","url":"https:\/\/www.visit-ulcinj.com\/blog\/2011\/11\/13\/aurela-gace-behet-nene\/","name":"Aurela Ga\u00e7e b\u00ebhet n\u00ebn\u00eb - Lajme nga Ulqini","isPartOf":{"@id":"https:\/\/www.visit-ulcinj.com\/blog\/#website"},"primaryImageOfPage":{"@id":"https:\/\/www.visit-ulcinj.com\/blog\/2011\/11\/13\/aurela-gace-behet-nene\/#primaryimage"},"datePublished":"2011-11-13T19:20:21+00:00","dateModified":"2011-11-13T19:20:21+00:00","author":{"@id":"https:\/\/www.visit-ulcinj.com\/blog\/#\/schema\/person\/dcab619c614d3038751c63bc2aadc06d"},"description":"Aurela Ga\u00e7e solli sot n\u00eb jet\u00eb vajz\u00ebn e saj, q\u00eb ka vendosur ta quaj\u00eb Grace. Lajmi b\u00ebhet i ditur p\u00ebr \u201cShekulli\u201d-n nga t\u00eb af\u00ebrm t\u00eb k\u00ebng\u00ebtares. Grace ka","breadcrumb":{"@id":"https:\/\/www.visit-ulcinj.com\/blog\/2011\/11\/13\/aurela-gace-behet-nene\/#breadcrumb"},"inLanguage":"en-US","potentialAction":[{"@type":"ReadAction","target":["https:\/\/www.visit-ulcinj.com\/blog\/2011\/11\/13\/aurela-gace-behet-nene\/"]}]},{"@type":"BreadcrumbList","@id":"https:\/\/www.visit-ulcinj.com\/blog\/2011\/11\/13\/aurela-gace-behet-nene\/#breadcrumb","itemListElement":[{"@type":"ListItem","position":1,"name":"Aurela Ga\u00e7e b\u00ebhet n\u00ebn\u00eb"}]},{"@type":"Person","@id":"https:\/\/www.visit-ulcinj.com\/blog\/#\/schema\/person\/dcab619c614d3038751c63bc2aadc06d","name":"ulqini","sameAs":["http:\/\/www.visit-ulcinj.com"],"url":"https:\/\/www.visit-ulcinj.com\/blog\/author\/admin\/"}]}},"jetpack_featured_media_url":"","jetpack_sharing_enabled":true,"jetpack_shortlink":"https:\/\/wp.me\/pe6lTn-dQw","_links":{"self":[{"href":"https:\/\/www.visit-ulcinj.com\/blog\/wp-json\/wp\/v2\/posts\/53228"}],"collection":[{"href":"https:\/\/www.visit-ulcinj.com\/blog\/wp-json\/wp\/v2\/posts"}],"about":[{"href":"https:\/\/www.visit-ulcinj.com\/blog\/wp-json\/wp\/v2\/types\/post"}],"author":[{"embeddable":true,"href":"https:\/\/www.visit-ulcinj.com\/blog\/wp-json\/wp\/v2\/users\/1"}],"replies":[{"embeddable":true,"href":"https:\/\/www.visit-ulcinj.com\/blog\/wp-json\/wp\/v2\/comments?post=53228"}],"version-history":[{"count":2,"href":"https:\/\/www.visit-ulcinj.com\/blog\/wp-json\/wp\/v2\/posts\/53228\/revisions"}],"predecessor-version":[{"id":53231,"href":"https:\/\/www.visit-ulcinj.com\/blog\/wp-json\/wp\/v2\/posts\/53228\/revisions\/53231"}],"wp:attachment":[{"href":"https:\/\/www.visit-ulcinj.com\/blog\/wp-json\/wp\/v2\/media?parent=53228"}],"wp:term":[{"taxonomy":"category","embeddable":true,"href":"https:\/\/www.visit-ulcinj.com\/blog\/wp-json\/wp\/v2\/categories?post=53228"},{"taxonomy":"post_tag","embeddable":true,"href":"https:\/\/www.visit-ulcinj.com\/blog\/wp-json\/wp\/v2\/tags?post=53228"}],"curies":[{"name":"wp","href":"https:\/\/api.w.org\/{rel}","templated":true}]}}