{"id":53239,"date":"2011-11-13T21:00:16","date_gmt":"2011-11-13T20:00:16","guid":{"rendered":"http:\/\/www.visit-ulcinj.com\/blog\/?p=53239"},"modified":"2011-11-13T21:03:12","modified_gmt":"2011-11-13T20:03:12","slug":"lorik-cana-ne-pishine-me-albanen-video","status":"publish","type":"post","link":"https:\/\/www.visit-ulcinj.com\/blog\/2011\/11\/13\/lorik-cana-ne-pishine-me-albanen-video\/","title":{"rendered":"Lorik Cana n\u00eb pishin\u00eb me Alban\u00ebn &#8211; Video"},"content":{"rendered":"<p><a href=\"http:\/\/www.visit-ulcinj.com\/blog\/wp-content\/uploads\/2011\/11\/Lorik-Cana_Albana-Osmani.jpg\"><img loading=\"lazy\" class=\"alignleft size-full wp-image-53240\" title=\"Lorik Cana_Albana Osmani\" src=\"http:\/\/www.visit-ulcinj.com\/blog\/wp-content\/uploads\/2011\/11\/Lorik-Cana_Albana-Osmani.jpg\" alt=\"\" width=\"500\" height=\"373\" \/><\/a>Nj\u00eb rubrik\u00eb televizive ndryshe nga t\u00eb tjerat, q\u00eb i shtyn personazhet t\u00eb hyjn\u00eb n\u00eb pishin\u00eb p\u00ebr hir t\u00eb formatit t\u00eb ri t\u00eb programit \u201cE diell\u201d n\u00eb \u201cTop Channel\u201d. Personazhi i radh\u00ebs, pas disa personazheve VIP, si: Adelina Tahiri, Ingrid Gjoni, Arjan Konomi, Robert Aliaj etj., k\u00ebsaj here pritet t\u00eb jet\u00eb futbollisti me fam\u00eb, Lorik Cana.<\/p>\n<p>N\u00eb rubrik\u00ebn e Albana Osmanit n\u00eb pishin\u00eb, presim t\u00eb na rr\u00ebfehet djali simpatik Cana, i cili nuk do t\u00eb futet n\u00eb pishin\u00eb si ish-e dashura e tij Adelina Tahiri, e cila u shfaq me rroba plazhi, por do t\u00eb jap\u00eb intervist\u00ebn, i veshur me nj\u00eb rodb\u00ebshamb\u00ebr blu. Albana ka postuar k\u00ebt\u00eb foto n\u00eb profilin e saj n\u00eb Facebook, ku njofton se s\u00eb shpejti i intervistuari i saj n\u00eb nj\u00eb moment intim \u00ebsht\u00eb i preferuari i shum\u00eb vajzave, pik\u00ebrisht Cana.<\/p>\n<p>Edhe pse karriera e Can\u00ebs e shp\u00ebrndar\u00eb mes Franc\u00ebs (PSG-ja dhe Marseja), Anglis\u00eb (Sand\u00ebrlend) dhe Turqis\u00eb bashk\u00eb me pages\u00ebn e lart\u00eb q\u00eb merr tek Lacio (1,7 milion\u00eb euro) ka qen\u00eb e diskutuar s\u00eb fundi, duke e komentuar se mungojn\u00eb provat pozitive t\u00eb lojtarit, n\u00eb k\u00ebt\u00eb intervist\u00eb m\u00eb shum\u00eb sesa p\u00ebr futbollin, ai pritet t\u00eb rr\u00ebfej\u00eb p\u00ebr bot\u00ebn e tij t\u00eb brendshme shpirt\u00ebrore. K\u00ebshtu, t\u00eb gjitha vajzat q\u00eb e adhurojn\u00eb, do t\u00eb ken\u00eb mund\u00ebsi t\u00eb zbulojn\u00eb se n\u00ebse pas pamjes s\u00eb bukur t\u00eb futbollistit fshihet nj\u00eb djal\u00eb rebel apo i ndjesh\u00ebm.<\/p>\n<p><strong>PanoramaPlus<\/strong><br \/>\n<iframe loading=\"lazy\" src=\"http:\/\/www.dailymotion.com\/embed\/video\/xmb4im?autoPlay=1\" frameborder=\"0\" width=\"508\" height=\"360\"><\/iframe><br \/>\n<em><\/em><\/p>\n","protected":false},"excerpt":{"rendered":"<p>Nj\u00eb rubrik\u00eb televizive ndryshe nga t\u00eb tjerat, q\u00eb i shtyn personazhet t\u00eb hyjn\u00eb n\u00eb pishin\u00eb p\u00ebr hir t\u00eb formatit t\u00eb ri t\u00eb programit \u201cE diell\u201d n\u00eb \u201cTop Channel\u201d. Personazhi i radh\u00ebs, pas disa personazheve VIP, si: Adelina Tahiri, Ingrid Gjoni, Arjan Konomi, Robert Aliaj etj., k\u00ebsaj here pritet t\u00eb jet\u00eb futbollisti me fam\u00eb, Lorik Cana. [&hellip;]<\/p>\n","protected":false},"author":1,"featured_media":0,"comment_status":"closed","ping_status":"closed","sticky":false,"template":"","format":"standard","meta":{"spay_email":"","jetpack_publicize_message":"","jetpack_is_tweetstorm":false,"jetpack_publicize_feature_enabled":true},"categories":[1],"tags":[15701,4946],"jetpack_publicize_connections":[],"yoast_head":"<!-- This site is optimized with the Yoast SEO plugin v19.1 - https:\/\/yoast.com\/wordpress\/plugins\/seo\/ -->\n<title>Lorik Cana n\u00eb pishin\u00eb me Alban\u00ebn - Video - Lajme nga Ulqini<\/title>\n<meta name=\"description\" content=\"Nj\u00eb rubrik\u00eb televizive ndryshe nga t\u00eb tjerat, q\u00eb i shtyn personazhet t\u00eb hyjn\u00eb n\u00eb pishin\u00eb p\u00ebr hir t\u00eb formatit t\u00eb ri t\u00eb programit \u201cE diell\u201d n\u00eb \u201cTop\" \/>\n<meta name=\"robots\" content=\"index, follow, max-snippet:-1, max-image-preview:large, max-video-preview:-1\" \/>\n<link rel=\"canonical\" href=\"https:\/\/www.visit-ulcinj.com\/blog\/2011\/11\/13\/lorik-cana-ne-pishine-me-albanen-video\/\" \/>\n<meta property=\"og:locale\" content=\"en_US\" \/>\n<meta property=\"og:type\" content=\"article\" \/>\n<meta property=\"og:title\" content=\"Lorik Cana n\u00eb pishin\u00eb me Alban\u00ebn - Video - Lajme nga Ulqini\" \/>\n<meta property=\"og:description\" content=\"Nj\u00eb rubrik\u00eb televizive ndryshe nga t\u00eb tjerat, q\u00eb i shtyn personazhet t\u00eb hyjn\u00eb n\u00eb pishin\u00eb p\u00ebr hir t\u00eb formatit t\u00eb ri t\u00eb programit \u201cE diell\u201d n\u00eb \u201cTop\" \/>\n<meta property=\"og:url\" content=\"https:\/\/www.visit-ulcinj.com\/blog\/2011\/11\/13\/lorik-cana-ne-pishine-me-albanen-video\/\" \/>\n<meta property=\"og:site_name\" content=\"Lajme nga Ulqini\" \/>\n<meta property=\"article:published_time\" content=\"2011-11-13T20:00:16+00:00\" \/>\n<meta property=\"article:modified_time\" content=\"2011-11-13T20:03:12+00:00\" \/>\n<meta property=\"og:image\" content=\"http:\/\/www.visit-ulcinj.com\/blog\/wp-content\/uploads\/2011\/11\/Lorik-Cana_Albana-Osmani.jpg\" \/>\n<meta name=\"twitter:label1\" content=\"Written by\" \/>\n\t<meta name=\"twitter:data1\" content=\"ulqini\" \/>\n\t<meta name=\"twitter:label2\" content=\"Est. reading time\" \/>\n\t<meta name=\"twitter:data2\" content=\"1 minute\" \/>\n<script type=\"application\/ld+json\" class=\"yoast-schema-graph\">{\"@context\":\"https:\/\/schema.org\",\"@graph\":[{\"@type\":\"WebSite\",\"@id\":\"https:\/\/www.visit-ulcinj.com\/blog\/#website\",\"url\":\"https:\/\/www.visit-ulcinj.com\/blog\/\",\"name\":\"Lajme nga Ulqini\",\"description\":\"Lajme,Vijesti,Ulqini,Ulqin,Crna Gora,Mali i Zi\",\"potentialAction\":[{\"@type\":\"SearchAction\",\"target\":{\"@type\":\"EntryPoint\",\"urlTemplate\":\"https:\/\/www.visit-ulcinj.com\/blog\/?s={search_term_string}\"},\"query-input\":\"required name=search_term_string\"}],\"inLanguage\":\"en-US\"},{\"@type\":\"ImageObject\",\"inLanguage\":\"en-US\",\"@id\":\"https:\/\/www.visit-ulcinj.com\/blog\/2011\/11\/13\/lorik-cana-ne-pishine-me-albanen-video\/#primaryimage\",\"url\":\"http:\/\/www.visit-ulcinj.com\/blog\/wp-content\/uploads\/2011\/11\/Lorik-Cana_Albana-Osmani.jpg\",\"contentUrl\":\"http:\/\/www.visit-ulcinj.com\/blog\/wp-content\/uploads\/2011\/11\/Lorik-Cana_Albana-Osmani.jpg\"},{\"@type\":\"WebPage\",\"@id\":\"https:\/\/www.visit-ulcinj.com\/blog\/2011\/11\/13\/lorik-cana-ne-pishine-me-albanen-video\/#webpage\",\"url\":\"https:\/\/www.visit-ulcinj.com\/blog\/2011\/11\/13\/lorik-cana-ne-pishine-me-albanen-video\/\",\"name\":\"Lorik Cana n\u00eb pishin\u00eb me Alban\u00ebn - Video - Lajme nga Ulqini\",\"isPartOf\":{\"@id\":\"https:\/\/www.visit-ulcinj.com\/blog\/#website\"},\"primaryImageOfPage\":{\"@id\":\"https:\/\/www.visit-ulcinj.com\/blog\/2011\/11\/13\/lorik-cana-ne-pishine-me-albanen-video\/#primaryimage\"},\"datePublished\":\"2011-11-13T20:00:16+00:00\",\"dateModified\":\"2011-11-13T20:03:12+00:00\",\"author\":{\"@id\":\"https:\/\/www.visit-ulcinj.com\/blog\/#\/schema\/person\/dcab619c614d3038751c63bc2aadc06d\"},\"description\":\"Nj\u00eb rubrik\u00eb televizive ndryshe nga t\u00eb tjerat, q\u00eb i shtyn personazhet t\u00eb hyjn\u00eb n\u00eb pishin\u00eb p\u00ebr hir t\u00eb formatit t\u00eb ri t\u00eb programit \u201cE diell\u201d n\u00eb \u201cTop\",\"breadcrumb\":{\"@id\":\"https:\/\/www.visit-ulcinj.com\/blog\/2011\/11\/13\/lorik-cana-ne-pishine-me-albanen-video\/#breadcrumb\"},\"inLanguage\":\"en-US\",\"potentialAction\":[{\"@type\":\"ReadAction\",\"target\":[\"https:\/\/www.visit-ulcinj.com\/blog\/2011\/11\/13\/lorik-cana-ne-pishine-me-albanen-video\/\"]}]},{\"@type\":\"BreadcrumbList\",\"@id\":\"https:\/\/www.visit-ulcinj.com\/blog\/2011\/11\/13\/lorik-cana-ne-pishine-me-albanen-video\/#breadcrumb\",\"itemListElement\":[{\"@type\":\"ListItem\",\"position\":1,\"name\":\"Lorik Cana n\u00eb pishin\u00eb me Alban\u00ebn &#8211; Video\"}]},{\"@type\":\"Person\",\"@id\":\"https:\/\/www.visit-ulcinj.com\/blog\/#\/schema\/person\/dcab619c614d3038751c63bc2aadc06d\",\"name\":\"ulqini\",\"sameAs\":[\"http:\/\/www.visit-ulcinj.com\"],\"url\":\"https:\/\/www.visit-ulcinj.com\/blog\/author\/admin\/\"}]}<\/script>\n<!-- \/ Yoast SEO plugin. -->","yoast_head_json":{"title":"Lorik Cana n\u00eb pishin\u00eb me Alban\u00ebn - Video - Lajme nga Ulqini","description":"Nj\u00eb rubrik\u00eb televizive ndryshe nga t\u00eb tjerat, q\u00eb i shtyn personazhet t\u00eb hyjn\u00eb n\u00eb pishin\u00eb p\u00ebr hir t\u00eb formatit t\u00eb ri t\u00eb programit \u201cE diell\u201d n\u00eb \u201cTop","robots":{"index":"index","follow":"follow","max-snippet":"max-snippet:-1","max-image-preview":"max-image-preview:large","max-video-preview":"max-video-preview:-1"},"canonical":"https:\/\/www.visit-ulcinj.com\/blog\/2011\/11\/13\/lorik-cana-ne-pishine-me-albanen-video\/","og_locale":"en_US","og_type":"article","og_title":"Lorik Cana n\u00eb pishin\u00eb me Alban\u00ebn - Video - Lajme nga Ulqini","og_description":"Nj\u00eb rubrik\u00eb televizive ndryshe nga t\u00eb tjerat, q\u00eb i shtyn personazhet t\u00eb hyjn\u00eb n\u00eb pishin\u00eb p\u00ebr hir t\u00eb formatit t\u00eb ri t\u00eb programit \u201cE diell\u201d n\u00eb \u201cTop","og_url":"https:\/\/www.visit-ulcinj.com\/blog\/2011\/11\/13\/lorik-cana-ne-pishine-me-albanen-video\/","og_site_name":"Lajme nga Ulqini","article_published_time":"2011-11-13T20:00:16+00:00","article_modified_time":"2011-11-13T20:03:12+00:00","og_image":[{"url":"http:\/\/www.visit-ulcinj.com\/blog\/wp-content\/uploads\/2011\/11\/Lorik-Cana_Albana-Osmani.jpg"}],"twitter_misc":{"Written by":"ulqini","Est. reading time":"1 minute"},"schema":{"@context":"https:\/\/schema.org","@graph":[{"@type":"WebSite","@id":"https:\/\/www.visit-ulcinj.com\/blog\/#website","url":"https:\/\/www.visit-ulcinj.com\/blog\/","name":"Lajme nga Ulqini","description":"Lajme,Vijesti,Ulqini,Ulqin,Crna Gora,Mali i Zi","potentialAction":[{"@type":"SearchAction","target":{"@type":"EntryPoint","urlTemplate":"https:\/\/www.visit-ulcinj.com\/blog\/?s={search_term_string}"},"query-input":"required name=search_term_string"}],"inLanguage":"en-US"},{"@type":"ImageObject","inLanguage":"en-US","@id":"https:\/\/www.visit-ulcinj.com\/blog\/2011\/11\/13\/lorik-cana-ne-pishine-me-albanen-video\/#primaryimage","url":"http:\/\/www.visit-ulcinj.com\/blog\/wp-content\/uploads\/2011\/11\/Lorik-Cana_Albana-Osmani.jpg","contentUrl":"http:\/\/www.visit-ulcinj.com\/blog\/wp-content\/uploads\/2011\/11\/Lorik-Cana_Albana-Osmani.jpg"},{"@type":"WebPage","@id":"https:\/\/www.visit-ulcinj.com\/blog\/2011\/11\/13\/lorik-cana-ne-pishine-me-albanen-video\/#webpage","url":"https:\/\/www.visit-ulcinj.com\/blog\/2011\/11\/13\/lorik-cana-ne-pishine-me-albanen-video\/","name":"Lorik Cana n\u00eb pishin\u00eb me Alban\u00ebn - Video - Lajme nga Ulqini","isPartOf":{"@id":"https:\/\/www.visit-ulcinj.com\/blog\/#website"},"primaryImageOfPage":{"@id":"https:\/\/www.visit-ulcinj.com\/blog\/2011\/11\/13\/lorik-cana-ne-pishine-me-albanen-video\/#primaryimage"},"datePublished":"2011-11-13T20:00:16+00:00","dateModified":"2011-11-13T20:03:12+00:00","author":{"@id":"https:\/\/www.visit-ulcinj.com\/blog\/#\/schema\/person\/dcab619c614d3038751c63bc2aadc06d"},"description":"Nj\u00eb rubrik\u00eb televizive ndryshe nga t\u00eb tjerat, q\u00eb i shtyn personazhet t\u00eb hyjn\u00eb n\u00eb pishin\u00eb p\u00ebr hir t\u00eb formatit t\u00eb ri t\u00eb programit \u201cE diell\u201d n\u00eb \u201cTop","breadcrumb":{"@id":"https:\/\/www.visit-ulcinj.com\/blog\/2011\/11\/13\/lorik-cana-ne-pishine-me-albanen-video\/#breadcrumb"},"inLanguage":"en-US","potentialAction":[{"@type":"ReadAction","target":["https:\/\/www.visit-ulcinj.com\/blog\/2011\/11\/13\/lorik-cana-ne-pishine-me-albanen-video\/"]}]},{"@type":"BreadcrumbList","@id":"https:\/\/www.visit-ulcinj.com\/blog\/2011\/11\/13\/lorik-cana-ne-pishine-me-albanen-video\/#breadcrumb","itemListElement":[{"@type":"ListItem","position":1,"name":"Lorik Cana n\u00eb pishin\u00eb me Alban\u00ebn &#8211; Video"}]},{"@type":"Person","@id":"https:\/\/www.visit-ulcinj.com\/blog\/#\/schema\/person\/dcab619c614d3038751c63bc2aadc06d","name":"ulqini","sameAs":["http:\/\/www.visit-ulcinj.com"],"url":"https:\/\/www.visit-ulcinj.com\/blog\/author\/admin\/"}]}},"jetpack_featured_media_url":"","jetpack_sharing_enabled":true,"jetpack_shortlink":"https:\/\/wp.me\/pe6lTn-dQH","_links":{"self":[{"href":"https:\/\/www.visit-ulcinj.com\/blog\/wp-json\/wp\/v2\/posts\/53239"}],"collection":[{"href":"https:\/\/www.visit-ulcinj.com\/blog\/wp-json\/wp\/v2\/posts"}],"about":[{"href":"https:\/\/www.visit-ulcinj.com\/blog\/wp-json\/wp\/v2\/types\/post"}],"author":[{"embeddable":true,"href":"https:\/\/www.visit-ulcinj.com\/blog\/wp-json\/wp\/v2\/users\/1"}],"replies":[{"embeddable":true,"href":"https:\/\/www.visit-ulcinj.com\/blog\/wp-json\/wp\/v2\/comments?post=53239"}],"version-history":[{"count":3,"href":"https:\/\/www.visit-ulcinj.com\/blog\/wp-json\/wp\/v2\/posts\/53239\/revisions"}],"predecessor-version":[{"id":53243,"href":"https:\/\/www.visit-ulcinj.com\/blog\/wp-json\/wp\/v2\/posts\/53239\/revisions\/53243"}],"wp:attachment":[{"href":"https:\/\/www.visit-ulcinj.com\/blog\/wp-json\/wp\/v2\/media?parent=53239"}],"wp:term":[{"taxonomy":"category","embeddable":true,"href":"https:\/\/www.visit-ulcinj.com\/blog\/wp-json\/wp\/v2\/categories?post=53239"},{"taxonomy":"post_tag","embeddable":true,"href":"https:\/\/www.visit-ulcinj.com\/blog\/wp-json\/wp\/v2\/tags?post=53239"}],"curies":[{"name":"wp","href":"https:\/\/api.w.org\/{rel}","templated":true}]}}