{"id":53248,"date":"2011-11-14T09:25:35","date_gmt":"2011-11-14T08:25:35","guid":{"rendered":"http:\/\/www.visit-ulcinj.com\/blog\/?p=53248"},"modified":"2011-11-14T09:25:35","modified_gmt":"2011-11-14T08:25:35","slug":"liber-atdhedashurie-shkruar-me-pasion","status":"publish","type":"post","link":"https:\/\/www.visit-ulcinj.com\/blog\/2011\/11\/14\/liber-atdhedashurie-shkruar-me-pasion\/","title":{"rendered":"Lib\u00ebr atdhedashurie shkruar me pasion"},"content":{"rendered":"<p><strong><a href=\"http:\/\/www.visit-ulcinj.com\/blog\/wp-content\/uploads\/2011\/11\/Shqipet-e-maleve_Gjek%C3%AB-Gjonaj.jpg\"><img loading=\"lazy\" class=\"alignleft size-full wp-image-53249\" title=\"Shqipet e maleve_Gjek\u00eb Gjonaj\" src=\"http:\/\/www.visit-ulcinj.com\/blog\/wp-content\/uploads\/2011\/11\/Shqipet-e-maleve_Gjek%C3%AB-Gjonaj.jpg\" alt=\"\" width=\"350\" height=\"450\" \/><\/a>Hajrullah Koliqi<\/strong><\/p>\n<p>Me Gjek\u00eb Gjonajn u takuam n\u00eb Ulqin n\u00eb nj\u00eb konferenc\u00eb shkencore p\u00ebrkitazi me Kraj\u00ebn, q\u00eb u mbajt m\u00eb 7-8 tetor 2011. Ma dhuroi librin e tij t\u00eb fundit \u201cShqipet e maleve\u201d, ku autori trajton aspekte t\u00eb ndryshme nga \u201cjeta e shqiptar\u00ebve n\u00eb zonat malore n\u00eb Malin e Zi\u201d. Titulli i librit m\u00eb nxiti k\u00ebrsh\u00ebrin\u00eb dhe librin e lexova me kujdes dhe k\u00ebnaq\u00ebsi t\u00eb ve\u00e7ant\u00eb.<\/p>\n<p>Qe ne fillim bie ne sy fakti se ne kete liber z. Gjeke Gjonaj \u201cshqipet e maleve\u201d ne Malin e Zi \u201ci bashkoi\u201d natyrshem dhe shpirterisht, edhe pse ata jane te shkaperderdhur neper disa komuna malazeze, gjate brezit kufitar me Shqiperine. Pas parathenies (shqip dhe anglisht), te shkruar me perkushtim nga gjuhetari dhe intelektuali i shquar prof. Dr. Gjovalin Shkurtaj, dhe Hyrjes, natyrisht te shkruar nga autori, pason permbajtja e librit, e ndare ne shtate krere: Malesia e Mbishkodres; Figura historike trieshnjane; Kraja; Plave &#8211; Guci(a); Malesia e Rozhajes; Ana e Malit; Ulqini. Krejt ne fund: Perfundime. Ne kete veper z. Gjeke Gjonaj paraqet aspekte te ndryshme te popullsise shqiptare te ketyre viseve. Aty gjejme te dhena te shumta gjeografike dhe demografike, te dhena per bukurite natyrore te ketyre aneve, per historine nga lashtesia deri ne kohen tone, per personalitete, klerike, burra dhe trima te lirise, per perpjekje e lufte per liri dhe mbijetese, per fise dhe zakone shqiptare, per besen, burrerine, mikpritjen dhe virtyte te tjera njerezore, per festa dhe kremtime popullore e fetare, per pajtimin e gjaqeve, per monumente kulturore dhe natyrore, per infrastrukturen, veprimtarine ekonomike &#8211; prodhuese etj., por njekohesisht edhe per probleme (shqetesime) te kohes sone, sic jane: shperngulja dhe emigrimi, dukuria e shkombetarizimit, arsimi dhe kultura e varfer, mungesa e ujit, standardi i ulet jetesor dhe shume te tjera si keto, te cilat i preokupojne shqiptaret ne Malin e Zi, numri i te cileve po zvogelohet me shpejtesi dhe ne menyre te tmershme. Ne pamundesi per tu thelluar ne te gjitha keto ceshtje, une do te theksoj vete disa nga ceshtjet aktuale dhe me shqetesuese, me te cilat merret autori, sic jane: \u201cmungesa e ujit te pijshem, pastaj jeta e paorganizuar rinore dhe papunesia,\u201d ne Hot (fq.56). Autori me te drejte konstaton: \u201cJeta kulturore ne mjediset tona eshte gjithnje e me e zbehte&#8230; Situate te ngjashme shenuam edhe ne Ostros, qender te Krajes\u201d (fq. 160). Autori me shqetesim shkruan per shpernguljen e popullsise, per boshatisjen e trojeve stergjyshore. Duke shkruar per Gurzen (Shestani i Eperm), ai me dhembje konstaton: \u201dShtepite (kullat) ku me qindra vjet eshte ruajtur nderi, besa dhe burreria jane bere germadhe. Ato tani i ka kapluar heshtja. Cdo murishte e ketij fshati pothuajse fsheh ne vete nje plage te madhe, nje dhembje qe nuk mund te shprehin dhembjen e mergimit\u201d (fq.165). Gjithashtu, lemerites eshte edhe fakti \u201ckur shqiptaret perbuzin gjuhen shqipe\u201d. Fjala eshte per banoret e Bratices, \u201cedhe pse te kombesise shqiptare, me deshiren e tyre (natyrisht, te tjetersuar deri ne ate shkalle! H.K.) injoruan gjuhen e shtepise, gjuhen e te pareve te tyre dhe pranuan te shkollohen ne gjuhen sllave\u201d (fq. 265). Autori citon dr. sc. Sime Dobrecin, i cili konstaton se \u201cshkollimi ne gjuhen jo amtare ka ndikuar ne asimilimin e popullates, ne rastin konkret te shestanasve\u201d (fq. 267). Tere librin e pershkon ideja per njohje, respekt dhe dashuri te ndersjelle te shqiptareve ne Malin e Zi dhe me gjere. Gjeke Gjonaj shkruan me admirim per \u201cfestat dhe mortet e perbashketa\u201d ne Kllezen, ku midis pjesetareve te tre besimeve \u201cgjithmone ka mbreteruar toleranca fetare\u201d (fq. 234). Po ne kete fshat shton autori, \u201cgjenden dy kisha dhe nje xhami, te cilat e hijeshojne fshatin\u201d (fq. 235). Autori entuziazmohet kur ne Festen e Veres ne Ostros \u201cbanoret e Krajes, bashke me qytetaret e tjere nga Tivari, Ulqini, Malesia, Plava dhe diaspora, shoqerohen, shkembejne mendime, kendojne, kercejne valle duke lidhur keshtu ura te reja miqesie\u201d (fq. 162). \u201cDo te jem fatlum (shkruan autori ne fillim dhe ne fund te librit, H. K.), nese ky liber do t\u2019u mundesoje shqiptareve nga fshati e qyteti te njihen me mire dhe me se perafermi me njeri-tjetrin, sepse, ne kete menyre, do te duhemi dhe respektohemi me shume. Pa njohje te ndersjelle nuk mund te kemi dashuri per shoqishoqin e as mireqenie individuale dhe kolektive\u201d (fq. 270). Duke iu referuar ketyre synimeve fisnike te autorit te librit \u201cShqipet e maleve\u201d, z. Gjeke Gjonaj dhe duke i mbeshtetur ato plotesisht, konstatojme me kenaqesi se autori ia arriti qellimit te parashtruar. Ai beri nje pune per admirim. Libri eshte shume informues, njohes. Eshte si nje enciklopedi perkitazi me shqiptaret ne Malin e Zi. Per qemtimin dhe perzgjedhjen e ketij informacioni eshte dashur kohe, durim dhe pune me perkushtim. Shume i vecante, madje model per t\u2019u ndjekur, eshte edhe metodologjia dhe stili i te rrefyerit dhe te te shkruarit, per te cilen gje e pergezoj autorin. Njekohesisht, autorin e pergezoj edhe per vlerat frymezuese, atdhetare dhe edukative qe misheron dhe rrezaton kjo veper. Prandaj, vepra \u201cShqipet e maleve\u201d e te nderuarit z. Gjeke Gjonaj, meriton dhe duhet te lexohet.<\/p>\n<p><strong>Koha javore<\/strong><\/p>\n","protected":false},"excerpt":{"rendered":"<p>Hajrullah Koliqi Me Gjek\u00eb Gjonajn u takuam n\u00eb Ulqin n\u00eb nj\u00eb konferenc\u00eb shkencore p\u00ebrkitazi me Kraj\u00ebn, q\u00eb u mbajt m\u00eb 7-8 tetor 2011. Ma dhuroi librin e tij t\u00eb fundit \u201cShqipet e maleve\u201d, ku autori trajton aspekte t\u00eb ndryshme nga \u201cjeta e shqiptar\u00ebve n\u00eb zonat malore n\u00eb Malin e Zi\u201d. Titulli i librit m\u00eb nxiti [&hellip;]<\/p>\n","protected":false},"author":1,"featured_media":0,"comment_status":"open","ping_status":"closed","sticky":false,"template":"","format":"standard","meta":{"spay_email":"","jetpack_publicize_message":"","jetpack_is_tweetstorm":false,"jetpack_publicize_feature_enabled":true},"categories":[4],"tags":[5401,19447,19446],"jetpack_publicize_connections":[],"yoast_head":"<!-- This site is optimized with the Yoast SEO plugin v19.1 - https:\/\/yoast.com\/wordpress\/plugins\/seo\/ -->\n<title>Lib\u00ebr atdhedashurie shkruar me pasion - Lajme nga Ulqini<\/title>\n<meta name=\"description\" content=\"Hajrullah Koliqi Me Gjek\u00eb Gjonajn u takuam n\u00eb Ulqin n\u00eb nj\u00eb konferenc\u00eb shkencore p\u00ebrkitazi me Kraj\u00ebn, q\u00eb u mbajt m\u00eb 7-8 tetor 2011. Ma dhuroi librin e tij\" \/>\n<meta name=\"robots\" content=\"index, follow, max-snippet:-1, max-image-preview:large, max-video-preview:-1\" \/>\n<link rel=\"canonical\" href=\"https:\/\/www.visit-ulcinj.com\/blog\/2011\/11\/14\/liber-atdhedashurie-shkruar-me-pasion\/\" \/>\n<meta property=\"og:locale\" content=\"en_US\" \/>\n<meta property=\"og:type\" content=\"article\" \/>\n<meta property=\"og:title\" content=\"Lib\u00ebr atdhedashurie shkruar me pasion - Lajme nga Ulqini\" \/>\n<meta property=\"og:description\" content=\"Hajrullah Koliqi Me Gjek\u00eb Gjonajn u takuam n\u00eb Ulqin n\u00eb nj\u00eb konferenc\u00eb shkencore p\u00ebrkitazi me Kraj\u00ebn, q\u00eb u mbajt m\u00eb 7-8 tetor 2011. Ma dhuroi librin e tij\" \/>\n<meta property=\"og:url\" content=\"https:\/\/www.visit-ulcinj.com\/blog\/2011\/11\/14\/liber-atdhedashurie-shkruar-me-pasion\/\" \/>\n<meta property=\"og:site_name\" content=\"Lajme nga Ulqini\" \/>\n<meta property=\"article:published_time\" content=\"2011-11-14T08:25:35+00:00\" \/>\n<meta property=\"og:image\" content=\"http:\/\/www.visit-ulcinj.com\/blog\/wp-content\/uploads\/2011\/11\/Shqipet-e-maleve_Gjek%C3%AB-Gjonaj.jpg\" \/>\n<meta name=\"twitter:label1\" content=\"Written by\" \/>\n\t<meta name=\"twitter:data1\" content=\"ulqini\" \/>\n\t<meta name=\"twitter:label2\" content=\"Est. reading time\" \/>\n\t<meta name=\"twitter:data2\" content=\"4 minutes\" \/>\n<script type=\"application\/ld+json\" class=\"yoast-schema-graph\">{\"@context\":\"https:\/\/schema.org\",\"@graph\":[{\"@type\":\"WebSite\",\"@id\":\"https:\/\/www.visit-ulcinj.com\/blog\/#website\",\"url\":\"https:\/\/www.visit-ulcinj.com\/blog\/\",\"name\":\"Lajme nga Ulqini\",\"description\":\"Lajme,Vijesti,Ulqini,Ulqin,Crna Gora,Mali i Zi\",\"potentialAction\":[{\"@type\":\"SearchAction\",\"target\":{\"@type\":\"EntryPoint\",\"urlTemplate\":\"https:\/\/www.visit-ulcinj.com\/blog\/?s={search_term_string}\"},\"query-input\":\"required name=search_term_string\"}],\"inLanguage\":\"en-US\"},{\"@type\":\"ImageObject\",\"inLanguage\":\"en-US\",\"@id\":\"https:\/\/www.visit-ulcinj.com\/blog\/2011\/11\/14\/liber-atdhedashurie-shkruar-me-pasion\/#primaryimage\",\"url\":\"http:\/\/www.visit-ulcinj.com\/blog\/wp-content\/uploads\/2011\/11\/Shqipet-e-maleve_Gjek%C3%AB-Gjonaj.jpg\",\"contentUrl\":\"http:\/\/www.visit-ulcinj.com\/blog\/wp-content\/uploads\/2011\/11\/Shqipet-e-maleve_Gjek%C3%AB-Gjonaj.jpg\"},{\"@type\":\"WebPage\",\"@id\":\"https:\/\/www.visit-ulcinj.com\/blog\/2011\/11\/14\/liber-atdhedashurie-shkruar-me-pasion\/#webpage\",\"url\":\"https:\/\/www.visit-ulcinj.com\/blog\/2011\/11\/14\/liber-atdhedashurie-shkruar-me-pasion\/\",\"name\":\"Lib\u00ebr atdhedashurie shkruar me pasion - Lajme nga Ulqini\",\"isPartOf\":{\"@id\":\"https:\/\/www.visit-ulcinj.com\/blog\/#website\"},\"primaryImageOfPage\":{\"@id\":\"https:\/\/www.visit-ulcinj.com\/blog\/2011\/11\/14\/liber-atdhedashurie-shkruar-me-pasion\/#primaryimage\"},\"datePublished\":\"2011-11-14T08:25:35+00:00\",\"dateModified\":\"2011-11-14T08:25:35+00:00\",\"author\":{\"@id\":\"https:\/\/www.visit-ulcinj.com\/blog\/#\/schema\/person\/dcab619c614d3038751c63bc2aadc06d\"},\"description\":\"Hajrullah Koliqi Me Gjek\u00eb Gjonajn u takuam n\u00eb Ulqin n\u00eb nj\u00eb konferenc\u00eb shkencore p\u00ebrkitazi me Kraj\u00ebn, q\u00eb u mbajt m\u00eb 7-8 tetor 2011. Ma dhuroi librin e tij\",\"breadcrumb\":{\"@id\":\"https:\/\/www.visit-ulcinj.com\/blog\/2011\/11\/14\/liber-atdhedashurie-shkruar-me-pasion\/#breadcrumb\"},\"inLanguage\":\"en-US\",\"potentialAction\":[{\"@type\":\"ReadAction\",\"target\":[\"https:\/\/www.visit-ulcinj.com\/blog\/2011\/11\/14\/liber-atdhedashurie-shkruar-me-pasion\/\"]}]},{\"@type\":\"BreadcrumbList\",\"@id\":\"https:\/\/www.visit-ulcinj.com\/blog\/2011\/11\/14\/liber-atdhedashurie-shkruar-me-pasion\/#breadcrumb\",\"itemListElement\":[{\"@type\":\"ListItem\",\"position\":1,\"name\":\"Lib\u00ebr atdhedashurie shkruar me pasion\"}]},{\"@type\":\"Person\",\"@id\":\"https:\/\/www.visit-ulcinj.com\/blog\/#\/schema\/person\/dcab619c614d3038751c63bc2aadc06d\",\"name\":\"ulqini\",\"sameAs\":[\"http:\/\/www.visit-ulcinj.com\"],\"url\":\"https:\/\/www.visit-ulcinj.com\/blog\/author\/admin\/\"}]}<\/script>\n<!-- \/ Yoast SEO plugin. -->","yoast_head_json":{"title":"Lib\u00ebr atdhedashurie shkruar me pasion - Lajme nga Ulqini","description":"Hajrullah Koliqi Me Gjek\u00eb Gjonajn u takuam n\u00eb Ulqin n\u00eb nj\u00eb konferenc\u00eb shkencore p\u00ebrkitazi me Kraj\u00ebn, q\u00eb u mbajt m\u00eb 7-8 tetor 2011. Ma dhuroi librin e tij","robots":{"index":"index","follow":"follow","max-snippet":"max-snippet:-1","max-image-preview":"max-image-preview:large","max-video-preview":"max-video-preview:-1"},"canonical":"https:\/\/www.visit-ulcinj.com\/blog\/2011\/11\/14\/liber-atdhedashurie-shkruar-me-pasion\/","og_locale":"en_US","og_type":"article","og_title":"Lib\u00ebr atdhedashurie shkruar me pasion - Lajme nga Ulqini","og_description":"Hajrullah Koliqi Me Gjek\u00eb Gjonajn u takuam n\u00eb Ulqin n\u00eb nj\u00eb konferenc\u00eb shkencore p\u00ebrkitazi me Kraj\u00ebn, q\u00eb u mbajt m\u00eb 7-8 tetor 2011. Ma dhuroi librin e tij","og_url":"https:\/\/www.visit-ulcinj.com\/blog\/2011\/11\/14\/liber-atdhedashurie-shkruar-me-pasion\/","og_site_name":"Lajme nga Ulqini","article_published_time":"2011-11-14T08:25:35+00:00","og_image":[{"url":"http:\/\/www.visit-ulcinj.com\/blog\/wp-content\/uploads\/2011\/11\/Shqipet-e-maleve_Gjek%C3%AB-Gjonaj.jpg"}],"twitter_misc":{"Written by":"ulqini","Est. reading time":"4 minutes"},"schema":{"@context":"https:\/\/schema.org","@graph":[{"@type":"WebSite","@id":"https:\/\/www.visit-ulcinj.com\/blog\/#website","url":"https:\/\/www.visit-ulcinj.com\/blog\/","name":"Lajme nga Ulqini","description":"Lajme,Vijesti,Ulqini,Ulqin,Crna Gora,Mali i Zi","potentialAction":[{"@type":"SearchAction","target":{"@type":"EntryPoint","urlTemplate":"https:\/\/www.visit-ulcinj.com\/blog\/?s={search_term_string}"},"query-input":"required name=search_term_string"}],"inLanguage":"en-US"},{"@type":"ImageObject","inLanguage":"en-US","@id":"https:\/\/www.visit-ulcinj.com\/blog\/2011\/11\/14\/liber-atdhedashurie-shkruar-me-pasion\/#primaryimage","url":"http:\/\/www.visit-ulcinj.com\/blog\/wp-content\/uploads\/2011\/11\/Shqipet-e-maleve_Gjek%C3%AB-Gjonaj.jpg","contentUrl":"http:\/\/www.visit-ulcinj.com\/blog\/wp-content\/uploads\/2011\/11\/Shqipet-e-maleve_Gjek%C3%AB-Gjonaj.jpg"},{"@type":"WebPage","@id":"https:\/\/www.visit-ulcinj.com\/blog\/2011\/11\/14\/liber-atdhedashurie-shkruar-me-pasion\/#webpage","url":"https:\/\/www.visit-ulcinj.com\/blog\/2011\/11\/14\/liber-atdhedashurie-shkruar-me-pasion\/","name":"Lib\u00ebr atdhedashurie shkruar me pasion - Lajme nga Ulqini","isPartOf":{"@id":"https:\/\/www.visit-ulcinj.com\/blog\/#website"},"primaryImageOfPage":{"@id":"https:\/\/www.visit-ulcinj.com\/blog\/2011\/11\/14\/liber-atdhedashurie-shkruar-me-pasion\/#primaryimage"},"datePublished":"2011-11-14T08:25:35+00:00","dateModified":"2011-11-14T08:25:35+00:00","author":{"@id":"https:\/\/www.visit-ulcinj.com\/blog\/#\/schema\/person\/dcab619c614d3038751c63bc2aadc06d"},"description":"Hajrullah Koliqi Me Gjek\u00eb Gjonajn u takuam n\u00eb Ulqin n\u00eb nj\u00eb konferenc\u00eb shkencore p\u00ebrkitazi me Kraj\u00ebn, q\u00eb u mbajt m\u00eb 7-8 tetor 2011. Ma dhuroi librin e tij","breadcrumb":{"@id":"https:\/\/www.visit-ulcinj.com\/blog\/2011\/11\/14\/liber-atdhedashurie-shkruar-me-pasion\/#breadcrumb"},"inLanguage":"en-US","potentialAction":[{"@type":"ReadAction","target":["https:\/\/www.visit-ulcinj.com\/blog\/2011\/11\/14\/liber-atdhedashurie-shkruar-me-pasion\/"]}]},{"@type":"BreadcrumbList","@id":"https:\/\/www.visit-ulcinj.com\/blog\/2011\/11\/14\/liber-atdhedashurie-shkruar-me-pasion\/#breadcrumb","itemListElement":[{"@type":"ListItem","position":1,"name":"Lib\u00ebr atdhedashurie shkruar me pasion"}]},{"@type":"Person","@id":"https:\/\/www.visit-ulcinj.com\/blog\/#\/schema\/person\/dcab619c614d3038751c63bc2aadc06d","name":"ulqini","sameAs":["http:\/\/www.visit-ulcinj.com"],"url":"https:\/\/www.visit-ulcinj.com\/blog\/author\/admin\/"}]}},"jetpack_featured_media_url":"","jetpack_sharing_enabled":true,"jetpack_shortlink":"https:\/\/wp.me\/pe6lTn-dQQ","_links":{"self":[{"href":"https:\/\/www.visit-ulcinj.com\/blog\/wp-json\/wp\/v2\/posts\/53248"}],"collection":[{"href":"https:\/\/www.visit-ulcinj.com\/blog\/wp-json\/wp\/v2\/posts"}],"about":[{"href":"https:\/\/www.visit-ulcinj.com\/blog\/wp-json\/wp\/v2\/types\/post"}],"author":[{"embeddable":true,"href":"https:\/\/www.visit-ulcinj.com\/blog\/wp-json\/wp\/v2\/users\/1"}],"replies":[{"embeddable":true,"href":"https:\/\/www.visit-ulcinj.com\/blog\/wp-json\/wp\/v2\/comments?post=53248"}],"version-history":[{"count":1,"href":"https:\/\/www.visit-ulcinj.com\/blog\/wp-json\/wp\/v2\/posts\/53248\/revisions"}],"predecessor-version":[{"id":53250,"href":"https:\/\/www.visit-ulcinj.com\/blog\/wp-json\/wp\/v2\/posts\/53248\/revisions\/53250"}],"wp:attachment":[{"href":"https:\/\/www.visit-ulcinj.com\/blog\/wp-json\/wp\/v2\/media?parent=53248"}],"wp:term":[{"taxonomy":"category","embeddable":true,"href":"https:\/\/www.visit-ulcinj.com\/blog\/wp-json\/wp\/v2\/categories?post=53248"},{"taxonomy":"post_tag","embeddable":true,"href":"https:\/\/www.visit-ulcinj.com\/blog\/wp-json\/wp\/v2\/tags?post=53248"}],"curies":[{"name":"wp","href":"https:\/\/api.w.org\/{rel}","templated":true}]}}