{"id":53254,"date":"2011-11-14T10:38:21","date_gmt":"2011-11-14T09:38:21","guid":{"rendered":"http:\/\/www.visit-ulcinj.com\/blog\/?p=53254"},"modified":"2011-11-14T11:05:17","modified_gmt":"2011-11-14T10:05:17","slug":"shume-fshatra-te-paregjistruar-ne-defterin-e-vitit-1485","status":"publish","type":"post","link":"https:\/\/www.visit-ulcinj.com\/blog\/2011\/11\/14\/shume-fshatra-te-paregjistruar-ne-defterin-e-vitit-1485\/","title":{"rendered":"Shum\u00eb fshatra t\u00eb paregjistruar n\u00eb defterin e vitit 1485"},"content":{"rendered":"<p><strong><a href=\"http:\/\/www.visit-ulcinj.com\/blog\/2011\/11\/14\/shume-fshatra-te-paregjistruar-ne-defterin-e-vitit-1485\/fshati-brajsha_ana-malit\/\" rel=\"attachment wp-att-53255\"><img loading=\"lazy\" class=\"alignleft size-full wp-image-53255\" title=\"Fshati Brajsha_Ana Malit\" src=\"http:\/\/www.visit-ulcinj.com\/blog\/wp-content\/uploads\/2011\/11\/Fshati-Brajsha_Ana-Malit.jpg\" alt=\"\" width=\"508\" height=\"380\" \/><\/a>Prof. dr. Iljaz Rexha<\/strong><\/p>\n<p><strong>T\u00eb dh\u00ebna onomastike dhe demografike p\u00ebr Shasin dhe vendbanimet e na- hijes s\u00eb Bun\u00ebs s\u00eb P\u00ebrtejme sipas defter\u00ebve osman\u00eb t\u00eb shekujve XV dhe XVI (8)<\/strong><\/p>\n<div id=\"attachment_53262\" style=\"width: 518px\" class=\"wp-caption alignleft\"><a href=\"http:\/\/www.visit-ulcinj.com\/blog\/wp-content\/uploads\/2011\/11\/Vendbanimet-e-Ulqinit_Ana-Malit_nahija-e-Bunes-1690_picnik.jpg\" target=\"_blank\"><img aria-describedby=\"caption-attachment-53262\" loading=\"lazy\" class=\"size-full wp-image-53262\" title=\"Vendbanimet e Ulqinit_Ana Malit_nahija e Bunes  1690-0\" src=\"http:\/\/www.visit-ulcinj.com\/blog\/wp-content\/uploads\/2011\/11\/Vendbanimet-e-Ulqinit_Ana-Malit_nahija-e-Bunes-1690-0.jpg\" alt=\"\" width=\"508\" height=\"400\" \/><\/a><p id=\"caption-attachment-53262\" class=\"wp-caption-text\">Vendbanimet e Ulqinit_Ana Malit_nahija e Bunes 1690_HARTA__<\/p><\/div>\n<p>Fshati Brajsha i takon nahijes s\u00eb Bun\u00ebs s\u00eb P\u00ebrtejme. N\u00eb vitin 1485 nuk ishte i regjistruar, nd\u00ebrsa n\u00eb vitin 1582 ishte timar i Hamzait, kryetar i nj\u00ebsitit me ortak\u00eb, kishte 36 sht\u00ebpi, 5 beqar\u00eb, 15 \u00e7ifligje, 1 benak.<\/p>\n<div id=\"attachment_53269\" style=\"width: 518px\" class=\"wp-caption alignleft\"><a href=\"http:\/\/www.visit-ulcinj.com\/blog\/wp-content\/uploads\/2011\/11\/Vendbanimet-e-Ulqinit_Ana-Malit_nahija-e-Bunes-1578_HARTA_.jpg\" target=\"_blank\"><img aria-describedby=\"caption-attachment-53269\" loading=\"lazy\" class=\"size-full wp-image-53269\" title=\"Vendbanimet e Ulqinit_Ana Malit_nahija e Bunes  1578_HARTA__\" src=\"http:\/\/www.visit-ulcinj.com\/blog\/wp-content\/uploads\/2011\/11\/Vendbanimet-e-Ulqinit_Ana-Malit_nahija-e-Bunes-1578_HARTA__.jpg\" alt=\"\" width=\"508\" height=\"400\" \/><\/a><p id=\"caption-attachment-53269\" class=\"wp-caption-text\">Vendbanimet e Ulqinit_Ana Malit_nahija e Bunes 1578_HARTA__<\/p><\/div>\n<p>Fshati Kuprijeva &#8211; Koprijeva i takon nahijes se Bunes se Pertejme. Ne vitin 1485 kishte 19 shtepi me keta kryefamiljare: Stepan Kopsha, Stako Raca, Gjuro Dajbaba, Mil Armeni, Mark Mati, Rajk Reci, Andreka Reci, Nika Shiroka, Nika Solaku, Gjon Romeshtina, Gjon Raja, Stepan Prenku, Vuk Syulku, Gjon Simi, Daba Mara, Daba Marini, Andreja Tusi, Vuka Prenksha, Dom Gjergj Jaka. Ky fshat ne vitin 1582 kishte 23 shtepi dhe 7 beqare dhe bente pjese ne timarin e sulltanit, me keta kryefamiljare: Mustafa Sylejmani (cift), Divane Ali (cift), Hysejn Murani (benak), Hysrev Abdullahu (benak), Memi Kraja (benak), Iskender Geci (cift), Sylejman Abdullahu (cift), Iskender Koka &#8211; cift, Hamza Damjani (cift), Hasan Dibrush (cift), Ajas Abdullahu (cift), Salih Sylejmani (benak), Luka Stepa, Stepan Lika, Bisha Koka, Kola Pisha (beqar), Adre Marka, Progon Shkurra, Shin Nika (beqar), Nika Stamat, Petri Nika, Andre Nadali, Nadal Nokoji (beqar), Vasil Geci (beqar), Bozhidar Kajova, Nika Bozhidar, Kola Gami, Luka Mirishin, Duka Mirishin (beqar), Gika Mirishin (beqar), Boga Kola, Vasil Doda, Gjon Doda, Kola Jaka, Mark Deda, Goja Andre, Andre Boja, Guzh Boja, Nika Prena, Mark Boja, Gjon Pisha, Gika Pisha. Fshati Frashkatin &#8211; Fraskanjeli i takon nahijes se Bunes se Pertejme. Ne vitin 1485 kishte vetem 2 shtepi, me keta kryefamiljare: Gjergj Kuci, Kol Kacapori. Ky fshat ne vitin 1582 bente pjese ne timarin e Resul Mehmetit, dizdar i Kalase se Shkodres dhe kishte 13 shtepi e 3 beqare, me keta kryefamiljare: Nika Fratini, Gjika Nika (beqar), Andon Nika (beqar), Prenc Mikalja, Vula Mikalja, Shkurra Kucani, Vaka Kucani, Koka Kacapori, Tanush Grudi, bashtina Mark Marina ne zoterim te Stepan Kucanit, bashtina Andreja Duka ne zoterim te Prenc Mikalja, Doda Gjini nga vendbanimi Shasi, Ulkash Kucani, Gjeka Marini, bashtina Andre Kola ne zoterim te Prenc Lisina, bashtina Andreshina ne zoterim te Doda Gjinit. Fshati Miza i takon nahijes se Bunes se Pertejme. Ne vitin 1485 nuk ishte i regjistruar, ndersa ne vitin 1582 ishte timar i Hasanit dhe kishte 15 shtepi, 10 beqare dhe 4 cifligje, me keta kryefamiljare: Ahmet Ulkashi (cift), Ahmet Progoni (cift), Xhafer Bardova (cift), Sefer Pervani (cift), Mark Mira, Kola Marki (beqar), Pejo Gika, Noka Petri (beqar), Kola Pejo (beqar), Dul Mira, Andre Voja, Gjon Deda, Prend Gjoni, Kola Gjoni, Mark Mira (tjeter), Gjon Prendi, Ulkash Mira, Gjon Ulkashi, Mark Gjoni (beqar), Ulkash Gjoni, Nika Marashi, Pal Prendi, Iveza Pali, Iveza Mihaciq, bashtina Gjon Bard Dona, ciflig i Ahmedit \u2013 mbrojtes i Kalase (i jep te dhjetat vjetore), Prend Nika (beqar), Vasil Gjoni (beqar), Neda Ivza (beqar), Pava Gjoni (beqar). Fshati Bigoda i takon nahijes se Bunes se Pertejme. Ne vitin 1485 nuk ishte i regjistruar, ndersa ne vitin 1582 ishte timar i Aliut dhe kishte 11 shtepi dhe 2 cifligje, me keta kryefamiljare: Ahmet Andre (cift), Hasan Abdullahu (cift), Andre Kolini, Andre Doda, Vuka Andrea, Beli Prendi, Radi Ujkashi, Rash Budoja, bashtina Prend Mihiqi ne zoterim te Hysrev Bojka, bashtina Gjon Darza (Dardha &#8211; I.R.), ne zoterim te Jusuf Muriqit, bashtina Andreja Prendi ne zoterim te Kola Krysa-s nga fshati Kamsha, bashtina Nika Rada ne zoterim te Kola Krysa-s nga fshati Kamsha, bashtina Deda ne zoterim te Doda, tani ne zoterim te Hysrev Bojkes. Fshati Ishtova \u2013 Ishtofa (Shtoji?) i takon nahijes se Bunes se Pertejme. Ne vitin 1485 nuk ishte i regjistruar, ndersa ne vitin 1582 ishte timar i Aliut dhe kishte 6 shtepi, 4 beqare, 1 benak dhe 1 ciflig, me keta kryefamiljare: Jusuf Gjini (cift), Sefer Gjini (benak), Prend Gjini (beqar), Kola Gjini (beqar), Gjin Petri, Pisha Barleti (Bardheci), Doda Shatina, Bisha Shatina, Prend Barla (Bardha), bashtina Doda ne zoterim te Jusuf Gjinit, Kola Pali, Ujk Shatina (beqar). Fshati Gjonza i takon nahijes se Bunes se Pertejme. Ne vitin 1485 nuk ishte i regjistruar, ndersa ne vitin 1582 ishte timar i Jusuf Kasemit dhe kishte 3 shtepi dhe 2 cifligje, me keta kryefamiljare: Memi Pava (cift), Mustafa Marini (cift), Mark Gika, Doda Kola, bashtina Prenc ne zoterim te Jaka-s. Fshati Kusik &#8211; Kosik i takon nahijes se Bunes se Pertejme. Ne vitin 1485 nuk ishte i regjistruar, ndersa ne vitin 1582 ishte timar i Mustafait dhe i serasker Veliut dhe kishte 11 shtepi, 2 beqare dhe 1 ciflig, me keta kryefamiljare: Nisha Koliq, Pal Dajci, Marin Pali, Doda Dajci, Doda Pali, Andrea Suma, Bisha Suma, Kola Suma, Mark Suma, Marin Gika, Ibrahim Cekoja (cift), Hasan Ibrahimi &#8211; beqar, bashtina Doda Dajci ne zoterim te Marin Gika-s. Fshati Poroja &#8211; Prroja i takon nahijes se Bunes se Pertejme.<\/p>\n<p>Ne vitin 1485 nuk ishte i regjistruar, ndersa ne vitin 1582 ishte timar i Aliut dhe ishte i braktisur; banoret e tij ishin ne arratisje e siper dhe punohej nga fshatrat e kesaj nahije dhe i jepnin te dhjetat poseduesit te timarit. Fshati Brajsha i takon nahijes se Bunes se Pertejme. Ne vitin 1485 nuk ishte i regjistruar, ndersa ne vitin 1582 ishte timar I Hamzait, kryetar i njesitit me ortake, kishte 36 shtepi, 5 beqare, 15 cifligje, 1 benak, me keta kryefamiljare: Ali Tomshi (cift), Pervane Tomshi (cift), Mustafa Jankoli (cift), Sefer Jankoli (cift), Mustafa Junusi (cift), Iskender Junusi (cift), Ferhat Junusi (cift), Ibrahim Junusi &#8211; benak, Ali Junusi (cift), Hasan Krajza (cift), Ali Andrea (cift), Sylejman Daka (cift), Mehmet Berra (cift), Pervane Sylejmani (beqar), Hasan Jankoli (cift), Sefer Junusi (cift), Qejvan Junusi (cift), Boksh Krajza, Prenc Krajza, Vul Doda, Don Gjoni, Nika Deda, Skura Prendi, Kola Puka, Andre Doda, Gesa Andre, Gjon Ashtini (beqar), Deda Ashtini, Pal Deda (beqar), Nika Bardkoli (Bardhkoli), Gjergj Bardkoli (Bardhkoli), Andre Bardko (Bardh-ko) (beqar), Mark Bardkoli (beqar), Jaka Zojko (beqar), Lazar Berri, Gjon Kabani (?), Andre Kraja, Pal Kraja, Bisha Gruja, Prend Andrea, bashtina Andre Deda, bashtina Kola Miriti ne zoterim te Andre Doda-s, bashtina Andre Lika ne zoterim te Boksha-s, Lazar Kikotini, Kola Kikotini, Bisha Kikotini, Andreja Kikotini, Prend Andreja Kikotini. Fshati Maker Maz (Madh) i takon nahijes se Bunes se Pertejme dhe ishte timar i Hasan Abdullahut me ortake, mbrojtes i Kalase se Lezhes, dhe ne vitin 1582 kishte 6 shtepi dhe 2 beqare, me keta kryefamiljare: Mark Sokoli, Mark Sokoli (tjeter), Nika Sokoli, Ali Midha (cift), Musa Dida (benak), bashtina Lec Mjekerr Mazi(Madhi) ne zoterim te Tola Curra-s, Duk Marki (beqar), Androleka Marki (beqar), Pervane Musa (beqar), Mustafa Ali (beqar), bashtina Bushat ne zoterim te banoreve te fshatit, bashtina ne zoterim te Vejusha-s (e veje). Fshati Kolomsa (Kollomza) i takon nahijes se Bunes se Pertejme dhe ishte timar i Dervish Musait. Ne vitin 1582 kishte 8 shtepi, prej te cilave 6 pronare me cifligje, me keta kryefamiljare: Bili Kolomsa (Kollomza), bashtina Nik Bardi ne zoterim te Ali Alvanit (cift), bashtina Simon Bardi ne zoterim te Ali Nokcit (cift), bashtina Mark Kola ne zoterim te Ali Ket\u2019hydait (cift), bashtina Mark Karesi ne zoterim te Simacit (cift), bashtina Janiko Bardi ne zoterim te Kurt Kirazit, bashtina Tushka ne zoterim te Xhaferit, mbrojtes i Kalase se Ulqinit, Vuka Tusha, Gjulko Nika, Brajko Gjulko, Tolo Nika, Prenc Kolomsa (Kollomza), Iveza Buta, bashtina Can Deda ne zoterim te Kurtit.<\/p>\n<p><strong>Koha Javore<\/strong><br \/>\n<iframe loading=\"lazy\" src=\"http:\/\/www.dailymotion.com\/embed\/video\/ximomz?autoPlay=1\" frameborder=\"0\" width=\"508\" height=\"330\"><\/iframe><br \/>\n<em><\/em><\/p>\n","protected":false},"excerpt":{"rendered":"<p>Prof. dr. Iljaz Rexha T\u00eb dh\u00ebna onomastike dhe demografike p\u00ebr Shasin dhe vendbanimet e na- hijes s\u00eb Bun\u00ebs s\u00eb P\u00ebrtejme sipas defter\u00ebve osman\u00eb t\u00eb shekujve XV dhe XVI (8) Fshati Brajsha i takon nahijes s\u00eb Bun\u00ebs s\u00eb P\u00ebrtejme. N\u00eb vitin 1485 nuk ishte i regjistruar, nd\u00ebrsa n\u00eb vitin 1582 ishte timar i Hamzait, kryetar i [&hellip;]<\/p>\n","protected":false},"author":1,"featured_media":0,"comment_status":"open","ping_status":"closed","sticky":false,"template":"","format":"standard","meta":{"spay_email":"","jetpack_publicize_message":"","jetpack_is_tweetstorm":false,"jetpack_publicize_feature_enabled":true},"categories":[14],"tags":[212,3502,19448,200,18],"jetpack_publicize_connections":[],"yoast_head":"<!-- This site is optimized with the Yoast SEO plugin v19.1 - https:\/\/yoast.com\/wordpress\/plugins\/seo\/ -->\n<title>Shum\u00eb fshatra t\u00eb paregjistruar n\u00eb defterin e vitit 1485 - Lajme nga Ulqini<\/title>\n<meta name=\"description\" content=\"Prof. dr. Iljaz Rexha T\u00eb dh\u00ebna onomastike dhe demografike p\u00ebr Shasin dhe vendbanimet e na- hijes s\u00eb Bun\u00ebs s\u00eb P\u00ebrtejme sipas defter\u00ebve osman\u00eb t\u00eb shekujve\" \/>\n<meta name=\"robots\" content=\"index, follow, max-snippet:-1, max-image-preview:large, max-video-preview:-1\" \/>\n<link rel=\"canonical\" href=\"https:\/\/www.visit-ulcinj.com\/blog\/2011\/11\/14\/shume-fshatra-te-paregjistruar-ne-defterin-e-vitit-1485\/\" \/>\n<meta property=\"og:locale\" content=\"en_US\" \/>\n<meta property=\"og:type\" content=\"article\" \/>\n<meta property=\"og:title\" content=\"Shum\u00eb fshatra t\u00eb paregjistruar n\u00eb defterin e vitit 1485 - Lajme nga Ulqini\" \/>\n<meta property=\"og:description\" content=\"Prof. dr. Iljaz Rexha T\u00eb dh\u00ebna onomastike dhe demografike p\u00ebr Shasin dhe vendbanimet e na- hijes s\u00eb Bun\u00ebs s\u00eb P\u00ebrtejme sipas defter\u00ebve osman\u00eb t\u00eb shekujve\" \/>\n<meta property=\"og:url\" content=\"https:\/\/www.visit-ulcinj.com\/blog\/2011\/11\/14\/shume-fshatra-te-paregjistruar-ne-defterin-e-vitit-1485\/\" \/>\n<meta property=\"og:site_name\" content=\"Lajme nga Ulqini\" \/>\n<meta property=\"article:published_time\" content=\"2011-11-14T09:38:21+00:00\" \/>\n<meta property=\"article:modified_time\" content=\"2011-11-14T10:05:17+00:00\" \/>\n<meta property=\"og:image\" content=\"http:\/\/www.visit-ulcinj.com\/blog\/wp-content\/uploads\/2011\/11\/Fshati-Brajsha_Ana-Malit.jpg\" \/>\n<meta name=\"twitter:label1\" content=\"Written by\" \/>\n\t<meta name=\"twitter:data1\" content=\"ulqini\" \/>\n\t<meta name=\"twitter:label2\" content=\"Est. reading time\" \/>\n\t<meta name=\"twitter:data2\" content=\"6 minutes\" \/>\n<script type=\"application\/ld+json\" class=\"yoast-schema-graph\">{\"@context\":\"https:\/\/schema.org\",\"@graph\":[{\"@type\":\"WebSite\",\"@id\":\"https:\/\/www.visit-ulcinj.com\/blog\/#website\",\"url\":\"https:\/\/www.visit-ulcinj.com\/blog\/\",\"name\":\"Lajme nga Ulqini\",\"description\":\"Lajme,Vijesti,Ulqini,Ulqin,Crna Gora,Mali i Zi\",\"potentialAction\":[{\"@type\":\"SearchAction\",\"target\":{\"@type\":\"EntryPoint\",\"urlTemplate\":\"https:\/\/www.visit-ulcinj.com\/blog\/?s={search_term_string}\"},\"query-input\":\"required name=search_term_string\"}],\"inLanguage\":\"en-US\"},{\"@type\":\"ImageObject\",\"inLanguage\":\"en-US\",\"@id\":\"https:\/\/www.visit-ulcinj.com\/blog\/2011\/11\/14\/shume-fshatra-te-paregjistruar-ne-defterin-e-vitit-1485\/#primaryimage\",\"url\":\"https:\/\/www.visit-ulcinj.com\/blog\/wp-content\/uploads\/2011\/11\/Fshati-Brajsha_Ana-Malit.jpg\",\"contentUrl\":\"https:\/\/www.visit-ulcinj.com\/blog\/wp-content\/uploads\/2011\/11\/Fshati-Brajsha_Ana-Malit.jpg\",\"width\":\"720\",\"height\":\"480\"},{\"@type\":\"WebPage\",\"@id\":\"https:\/\/www.visit-ulcinj.com\/blog\/2011\/11\/14\/shume-fshatra-te-paregjistruar-ne-defterin-e-vitit-1485\/#webpage\",\"url\":\"https:\/\/www.visit-ulcinj.com\/blog\/2011\/11\/14\/shume-fshatra-te-paregjistruar-ne-defterin-e-vitit-1485\/\",\"name\":\"Shum\u00eb fshatra t\u00eb paregjistruar n\u00eb defterin e vitit 1485 - Lajme nga Ulqini\",\"isPartOf\":{\"@id\":\"https:\/\/www.visit-ulcinj.com\/blog\/#website\"},\"primaryImageOfPage\":{\"@id\":\"https:\/\/www.visit-ulcinj.com\/blog\/2011\/11\/14\/shume-fshatra-te-paregjistruar-ne-defterin-e-vitit-1485\/#primaryimage\"},\"datePublished\":\"2011-11-14T09:38:21+00:00\",\"dateModified\":\"2011-11-14T10:05:17+00:00\",\"author\":{\"@id\":\"https:\/\/www.visit-ulcinj.com\/blog\/#\/schema\/person\/dcab619c614d3038751c63bc2aadc06d\"},\"description\":\"Prof. dr. Iljaz Rexha T\u00eb dh\u00ebna onomastike dhe demografike p\u00ebr Shasin dhe vendbanimet e na- hijes s\u00eb Bun\u00ebs s\u00eb P\u00ebrtejme sipas defter\u00ebve osman\u00eb t\u00eb shekujve\",\"breadcrumb\":{\"@id\":\"https:\/\/www.visit-ulcinj.com\/blog\/2011\/11\/14\/shume-fshatra-te-paregjistruar-ne-defterin-e-vitit-1485\/#breadcrumb\"},\"inLanguage\":\"en-US\",\"potentialAction\":[{\"@type\":\"ReadAction\",\"target\":[\"https:\/\/www.visit-ulcinj.com\/blog\/2011\/11\/14\/shume-fshatra-te-paregjistruar-ne-defterin-e-vitit-1485\/\"]}]},{\"@type\":\"BreadcrumbList\",\"@id\":\"https:\/\/www.visit-ulcinj.com\/blog\/2011\/11\/14\/shume-fshatra-te-paregjistruar-ne-defterin-e-vitit-1485\/#breadcrumb\",\"itemListElement\":[{\"@type\":\"ListItem\",\"position\":1,\"name\":\"Shum\u00eb fshatra t\u00eb paregjistruar n\u00eb defterin e vitit 1485\"}]},{\"@type\":\"Person\",\"@id\":\"https:\/\/www.visit-ulcinj.com\/blog\/#\/schema\/person\/dcab619c614d3038751c63bc2aadc06d\",\"name\":\"ulqini\",\"sameAs\":[\"http:\/\/www.visit-ulcinj.com\"],\"url\":\"https:\/\/www.visit-ulcinj.com\/blog\/author\/admin\/\"}]}<\/script>\n<!-- \/ Yoast SEO plugin. -->","yoast_head_json":{"title":"Shum\u00eb fshatra t\u00eb paregjistruar n\u00eb defterin e vitit 1485 - Lajme nga Ulqini","description":"Prof. dr. Iljaz Rexha T\u00eb dh\u00ebna onomastike dhe demografike p\u00ebr Shasin dhe vendbanimet e na- hijes s\u00eb Bun\u00ebs s\u00eb P\u00ebrtejme sipas defter\u00ebve osman\u00eb t\u00eb shekujve","robots":{"index":"index","follow":"follow","max-snippet":"max-snippet:-1","max-image-preview":"max-image-preview:large","max-video-preview":"max-video-preview:-1"},"canonical":"https:\/\/www.visit-ulcinj.com\/blog\/2011\/11\/14\/shume-fshatra-te-paregjistruar-ne-defterin-e-vitit-1485\/","og_locale":"en_US","og_type":"article","og_title":"Shum\u00eb fshatra t\u00eb paregjistruar n\u00eb defterin e vitit 1485 - Lajme nga Ulqini","og_description":"Prof. dr. Iljaz Rexha T\u00eb dh\u00ebna onomastike dhe demografike p\u00ebr Shasin dhe vendbanimet e na- hijes s\u00eb Bun\u00ebs s\u00eb P\u00ebrtejme sipas defter\u00ebve osman\u00eb t\u00eb shekujve","og_url":"https:\/\/www.visit-ulcinj.com\/blog\/2011\/11\/14\/shume-fshatra-te-paregjistruar-ne-defterin-e-vitit-1485\/","og_site_name":"Lajme nga Ulqini","article_published_time":"2011-11-14T09:38:21+00:00","article_modified_time":"2011-11-14T10:05:17+00:00","og_image":[{"url":"http:\/\/www.visit-ulcinj.com\/blog\/wp-content\/uploads\/2011\/11\/Fshati-Brajsha_Ana-Malit.jpg"}],"twitter_misc":{"Written by":"ulqini","Est. reading time":"6 minutes"},"schema":{"@context":"https:\/\/schema.org","@graph":[{"@type":"WebSite","@id":"https:\/\/www.visit-ulcinj.com\/blog\/#website","url":"https:\/\/www.visit-ulcinj.com\/blog\/","name":"Lajme nga Ulqini","description":"Lajme,Vijesti,Ulqini,Ulqin,Crna Gora,Mali i Zi","potentialAction":[{"@type":"SearchAction","target":{"@type":"EntryPoint","urlTemplate":"https:\/\/www.visit-ulcinj.com\/blog\/?s={search_term_string}"},"query-input":"required name=search_term_string"}],"inLanguage":"en-US"},{"@type":"ImageObject","inLanguage":"en-US","@id":"https:\/\/www.visit-ulcinj.com\/blog\/2011\/11\/14\/shume-fshatra-te-paregjistruar-ne-defterin-e-vitit-1485\/#primaryimage","url":"https:\/\/www.visit-ulcinj.com\/blog\/wp-content\/uploads\/2011\/11\/Fshati-Brajsha_Ana-Malit.jpg","contentUrl":"https:\/\/www.visit-ulcinj.com\/blog\/wp-content\/uploads\/2011\/11\/Fshati-Brajsha_Ana-Malit.jpg","width":"720","height":"480"},{"@type":"WebPage","@id":"https:\/\/www.visit-ulcinj.com\/blog\/2011\/11\/14\/shume-fshatra-te-paregjistruar-ne-defterin-e-vitit-1485\/#webpage","url":"https:\/\/www.visit-ulcinj.com\/blog\/2011\/11\/14\/shume-fshatra-te-paregjistruar-ne-defterin-e-vitit-1485\/","name":"Shum\u00eb fshatra t\u00eb paregjistruar n\u00eb defterin e vitit 1485 - Lajme nga Ulqini","isPartOf":{"@id":"https:\/\/www.visit-ulcinj.com\/blog\/#website"},"primaryImageOfPage":{"@id":"https:\/\/www.visit-ulcinj.com\/blog\/2011\/11\/14\/shume-fshatra-te-paregjistruar-ne-defterin-e-vitit-1485\/#primaryimage"},"datePublished":"2011-11-14T09:38:21+00:00","dateModified":"2011-11-14T10:05:17+00:00","author":{"@id":"https:\/\/www.visit-ulcinj.com\/blog\/#\/schema\/person\/dcab619c614d3038751c63bc2aadc06d"},"description":"Prof. dr. Iljaz Rexha T\u00eb dh\u00ebna onomastike dhe demografike p\u00ebr Shasin dhe vendbanimet e na- hijes s\u00eb Bun\u00ebs s\u00eb P\u00ebrtejme sipas defter\u00ebve osman\u00eb t\u00eb shekujve","breadcrumb":{"@id":"https:\/\/www.visit-ulcinj.com\/blog\/2011\/11\/14\/shume-fshatra-te-paregjistruar-ne-defterin-e-vitit-1485\/#breadcrumb"},"inLanguage":"en-US","potentialAction":[{"@type":"ReadAction","target":["https:\/\/www.visit-ulcinj.com\/blog\/2011\/11\/14\/shume-fshatra-te-paregjistruar-ne-defterin-e-vitit-1485\/"]}]},{"@type":"BreadcrumbList","@id":"https:\/\/www.visit-ulcinj.com\/blog\/2011\/11\/14\/shume-fshatra-te-paregjistruar-ne-defterin-e-vitit-1485\/#breadcrumb","itemListElement":[{"@type":"ListItem","position":1,"name":"Shum\u00eb fshatra t\u00eb paregjistruar n\u00eb defterin e vitit 1485"}]},{"@type":"Person","@id":"https:\/\/www.visit-ulcinj.com\/blog\/#\/schema\/person\/dcab619c614d3038751c63bc2aadc06d","name":"ulqini","sameAs":["http:\/\/www.visit-ulcinj.com"],"url":"https:\/\/www.visit-ulcinj.com\/blog\/author\/admin\/"}]}},"jetpack_featured_media_url":"","jetpack_sharing_enabled":true,"jetpack_shortlink":"https:\/\/wp.me\/pe6lTn-dQW","_links":{"self":[{"href":"https:\/\/www.visit-ulcinj.com\/blog\/wp-json\/wp\/v2\/posts\/53254"}],"collection":[{"href":"https:\/\/www.visit-ulcinj.com\/blog\/wp-json\/wp\/v2\/posts"}],"about":[{"href":"https:\/\/www.visit-ulcinj.com\/blog\/wp-json\/wp\/v2\/types\/post"}],"author":[{"embeddable":true,"href":"https:\/\/www.visit-ulcinj.com\/blog\/wp-json\/wp\/v2\/users\/1"}],"replies":[{"embeddable":true,"href":"https:\/\/www.visit-ulcinj.com\/blog\/wp-json\/wp\/v2\/comments?post=53254"}],"version-history":[{"count":15,"href":"https:\/\/www.visit-ulcinj.com\/blog\/wp-json\/wp\/v2\/posts\/53254\/revisions"}],"predecessor-version":[{"id":53276,"href":"https:\/\/www.visit-ulcinj.com\/blog\/wp-json\/wp\/v2\/posts\/53254\/revisions\/53276"}],"wp:attachment":[{"href":"https:\/\/www.visit-ulcinj.com\/blog\/wp-json\/wp\/v2\/media?parent=53254"}],"wp:term":[{"taxonomy":"category","embeddable":true,"href":"https:\/\/www.visit-ulcinj.com\/blog\/wp-json\/wp\/v2\/categories?post=53254"},{"taxonomy":"post_tag","embeddable":true,"href":"https:\/\/www.visit-ulcinj.com\/blog\/wp-json\/wp\/v2\/tags?post=53254"}],"curies":[{"name":"wp","href":"https:\/\/api.w.org\/{rel}","templated":true}]}}