{"id":53285,"date":"2011-11-15T10:38:01","date_gmt":"2011-11-15T09:38:01","guid":{"rendered":"http:\/\/www.visit-ulcinj.com\/blog\/?p=53285"},"modified":"2011-11-15T10:38:01","modified_gmt":"2011-11-15T09:38:01","slug":"za-rampu-na-adi-nije-nadlezan-ni-sud","status":"publish","type":"post","link":"https:\/\/www.visit-ulcinj.com\/blog\/2011\/11\/15\/za-rampu-na-adi-nije-nadlezan-ni-sud\/","title":{"rendered":"Za rampu na Adi nije nadle\u017ean ni sud"},"content":{"rendered":"<p><a href=\"http:\/\/www.visit-ulcinj.com\/blog\/wp-content\/uploads\/2011\/11\/Rampa-na-Adu-Bojanu_Ulcinj.jpg\"><img loading=\"lazy\" class=\"alignleft size-full wp-image-53288\" title=\"Rampa na Adu Bojanu_Ulcinj\" src=\"http:\/\/www.visit-ulcinj.com\/blog\/wp-content\/uploads\/2011\/11\/Rampa-na-Adu-Bojanu_Ulcinj.jpg\" alt=\"\" width=\"490\" height=\"366\" srcset=\"https:\/\/www.visit-ulcinj.com\/blog\/wp-content\/uploads\/2011\/11\/Rampa-na-Adu-Bojanu_Ulcinj.jpg 490w, https:\/\/www.visit-ulcinj.com\/blog\/wp-content\/uploads\/2011\/11\/Rampa-na-Adu-Bojanu_Ulcinj-300x224.jpg 300w\" sizes=\"(max-width: 490px) 100vw, 490px\" \/><\/a>Ulcinjanin <strong>Sr\u0111an Kuzman<\/strong> na\u0161ao se u \u010dudu kada je njegova tu\u017eba u Osnovnom sudu Ulcinju odba\u010dena kao neosnovana, odnosno kada je saznao da ni sud nije nadle\u017ean i da ne mo\u017ee uticati na odluku uprave Ulcinjske rivijere da mu se tokom ljetnjih mjeseci ne dozvoli prolaz kroz kapiju nudisti\u010dkog naselja Ada, a taj put je jedini koji vodi do njegove ku\u0107ice na rijeci Bojani.<br \/>\n<a href=\"http:\/\/www.visit-ulcinj.com\/blog\/wp-content\/uploads\/2011\/11\/Srdjan-Kuzman_Ulcinj.jpg\"><img loading=\"lazy\" class=\"alignleft size-full wp-image-53289\" title=\"Srdjan Kuzman_Ulcinj\" src=\"http:\/\/www.visit-ulcinj.com\/blog\/wp-content\/uploads\/2011\/11\/Srdjan-Kuzman_Ulcinj.jpg\" alt=\"\" width=\"490\" height=\"300\" \/><\/a><br \/>\nLuki\u0107 ka\u017ee da ne mo\u017ee da vjeruje da je sud donio takvu odluku, pi\u0161u Dnevne novine.<\/p>\n<p>Prvo je problem bio naplata ulaska u nudisti\u010dko naselje Ada Bojana, a zatim su Kuzmanu iz uprave zabranili i kretanje.<br \/>\n<a href=\"http:\/\/www.visit-ulcinj.com\/blog\/wp-content\/uploads\/2011\/11\/Mikan-Zec_Direktor-Ulcinjske-Rivijere.jpg\"><img loading=\"lazy\" class=\"alignleft size-full wp-image-53290\" title=\"Mikan Zec_Direktor Ulcinjske Rivijere\" src=\"http:\/\/www.visit-ulcinj.com\/blog\/wp-content\/uploads\/2011\/11\/Mikan-Zec_Direktor-Ulcinjske-Rivijere.jpg\" alt=\"\" width=\"490\" height=\"300\" \/><\/a><br \/>\n&#8220;Ulaz na Adu se nije napla\u0107ivao dok se <strong>Mikan Zec<\/strong> nije na\u0161ao na \u010delu Rivijere. Od kada je on do\u0161ao uveo je potpuni teror\u201c, tvrdi on.<br \/>\nPrema njegovim rije\u010dima uredno je platio Morskom dobru zakup za ku\u0107icu na rijeci Bojani i opet Zec napla\u0107uje vlasnicima da do\u0111u do svojih ku\u0107ica.<\/p>\n<p>&#8220;Sud je nenadle\u017ean, inspekcije isto, jedino da se pretvorim u pticu, pa preletim. Daleko smo mi od pravne dr\u017eave, izgleda\u201c, smatra on.<\/p>\n<p>Problem naplate ulaska na Adu aktuelan je ve\u0107 tri godine tokom ljetnjih mjeseci. Mediji su iznosili ovaj problem, ali to nikakvih rezultata nije dalo.<\/p>\n<p><a href=\"http:\/\/www.cafemontenegro.com\/index.php?group=22&amp;news=211236\" target=\"_blank\"><strong>Izvor: CdM\/Dnevne novine<\/strong><\/a><br \/>\n<strong><br \/>\nVIDEO TV VJESTI<\/strong><strong><br \/>\n<!--YouTube Error: bad URL entered--><\/p>\n","protected":false},"excerpt":{"rendered":"<p>Ulcinjanin Sr\u0111an Kuzman na\u0161ao se u \u010dudu kada je njegova tu\u017eba u Osnovnom sudu Ulcinju odba\u010dena kao neosnovana, odnosno kada je saznao da ni sud nije nadle\u017ean i da ne mo\u017ee uticati na odluku uprave Ulcinjske rivijere da mu se tokom ljetnjih mjeseci ne dozvoli prolaz kroz kapiju nudisti\u010dkog naselja Ada, a taj put je [&hellip;]<\/p>\n","protected":false},"author":1,"featured_media":0,"comment_status":"open","ping_status":"closed","sticky":false,"template":"","format":"standard","meta":{"spay_email":"","jetpack_publicize_message":"","jetpack_is_tweetstorm":false,"jetpack_publicize_feature_enabled":true},"categories":[8337],"tags":[138,19],"jetpack_publicize_connections":[],"yoast_head":"<!-- This site is optimized with the Yoast SEO plugin v19.1 - https:\/\/yoast.com\/wordpress\/plugins\/seo\/ -->\n<title>Za rampu na Adi nije nadle\u017ean ni sud - Lajme nga Ulqini<\/title>\n<meta name=\"description\" content=\"Ulcinjanin Sr\u0111an Kuzman na\u0161ao se u \u010dudu kada je njegova tu\u017eba u Osnovnom sudu Ulcinju odba\u010dena kao neosnovana, odnosno kada je saznao da ni sud nije\" \/>\n<meta name=\"robots\" content=\"index, follow, max-snippet:-1, max-image-preview:large, max-video-preview:-1\" \/>\n<link rel=\"canonical\" href=\"https:\/\/www.visit-ulcinj.com\/blog\/2011\/11\/15\/za-rampu-na-adi-nije-nadlezan-ni-sud\/\" \/>\n<meta property=\"og:locale\" content=\"en_US\" \/>\n<meta property=\"og:type\" content=\"article\" \/>\n<meta property=\"og:title\" content=\"Za rampu na Adi nije nadle\u017ean ni sud - Lajme nga Ulqini\" \/>\n<meta property=\"og:description\" content=\"Ulcinjanin Sr\u0111an Kuzman na\u0161ao se u \u010dudu kada je njegova tu\u017eba u Osnovnom sudu Ulcinju odba\u010dena kao neosnovana, odnosno kada je saznao da ni sud nije\" \/>\n<meta property=\"og:url\" content=\"https:\/\/www.visit-ulcinj.com\/blog\/2011\/11\/15\/za-rampu-na-adi-nije-nadlezan-ni-sud\/\" \/>\n<meta property=\"og:site_name\" content=\"Lajme nga Ulqini\" \/>\n<meta property=\"article:published_time\" content=\"2011-11-15T09:38:01+00:00\" \/>\n<meta property=\"og:image\" content=\"http:\/\/www.visit-ulcinj.com\/blog\/wp-content\/uploads\/2011\/11\/Rampa-na-Adu-Bojanu_Ulcinj.jpg\" \/>\n<meta name=\"twitter:label1\" content=\"Written by\" \/>\n\t<meta name=\"twitter:data1\" content=\"ulqini\" \/>\n\t<meta name=\"twitter:label2\" content=\"Est. reading time\" \/>\n\t<meta name=\"twitter:data2\" content=\"1 minute\" \/>\n<script type=\"application\/ld+json\" class=\"yoast-schema-graph\">{\"@context\":\"https:\/\/schema.org\",\"@graph\":[{\"@type\":\"WebSite\",\"@id\":\"https:\/\/www.visit-ulcinj.com\/blog\/#website\",\"url\":\"https:\/\/www.visit-ulcinj.com\/blog\/\",\"name\":\"Lajme nga Ulqini\",\"description\":\"Lajme,Vijesti,Ulqini,Ulqin,Crna Gora,Mali i Zi\",\"potentialAction\":[{\"@type\":\"SearchAction\",\"target\":{\"@type\":\"EntryPoint\",\"urlTemplate\":\"https:\/\/www.visit-ulcinj.com\/blog\/?s={search_term_string}\"},\"query-input\":\"required name=search_term_string\"}],\"inLanguage\":\"en-US\"},{\"@type\":\"ImageObject\",\"inLanguage\":\"en-US\",\"@id\":\"https:\/\/www.visit-ulcinj.com\/blog\/2011\/11\/15\/za-rampu-na-adi-nije-nadlezan-ni-sud\/#primaryimage\",\"url\":\"https:\/\/www.visit-ulcinj.com\/blog\/wp-content\/uploads\/2011\/11\/Rampa-na-Adu-Bojanu_Ulcinj.jpg\",\"contentUrl\":\"https:\/\/www.visit-ulcinj.com\/blog\/wp-content\/uploads\/2011\/11\/Rampa-na-Adu-Bojanu_Ulcinj.jpg\",\"width\":\"490\",\"height\":\"366\"},{\"@type\":\"WebPage\",\"@id\":\"https:\/\/www.visit-ulcinj.com\/blog\/2011\/11\/15\/za-rampu-na-adi-nije-nadlezan-ni-sud\/#webpage\",\"url\":\"https:\/\/www.visit-ulcinj.com\/blog\/2011\/11\/15\/za-rampu-na-adi-nije-nadlezan-ni-sud\/\",\"name\":\"Za rampu na Adi nije nadle\u017ean ni sud - Lajme nga Ulqini\",\"isPartOf\":{\"@id\":\"https:\/\/www.visit-ulcinj.com\/blog\/#website\"},\"primaryImageOfPage\":{\"@id\":\"https:\/\/www.visit-ulcinj.com\/blog\/2011\/11\/15\/za-rampu-na-adi-nije-nadlezan-ni-sud\/#primaryimage\"},\"datePublished\":\"2011-11-15T09:38:01+00:00\",\"dateModified\":\"2011-11-15T09:38:01+00:00\",\"author\":{\"@id\":\"https:\/\/www.visit-ulcinj.com\/blog\/#\/schema\/person\/dcab619c614d3038751c63bc2aadc06d\"},\"description\":\"Ulcinjanin Sr\u0111an Kuzman na\u0161ao se u \u010dudu kada je njegova tu\u017eba u Osnovnom sudu Ulcinju odba\u010dena kao neosnovana, odnosno kada je saznao da ni sud nije\",\"breadcrumb\":{\"@id\":\"https:\/\/www.visit-ulcinj.com\/blog\/2011\/11\/15\/za-rampu-na-adi-nije-nadlezan-ni-sud\/#breadcrumb\"},\"inLanguage\":\"en-US\",\"potentialAction\":[{\"@type\":\"ReadAction\",\"target\":[\"https:\/\/www.visit-ulcinj.com\/blog\/2011\/11\/15\/za-rampu-na-adi-nije-nadlezan-ni-sud\/\"]}]},{\"@type\":\"BreadcrumbList\",\"@id\":\"https:\/\/www.visit-ulcinj.com\/blog\/2011\/11\/15\/za-rampu-na-adi-nije-nadlezan-ni-sud\/#breadcrumb\",\"itemListElement\":[{\"@type\":\"ListItem\",\"position\":1,\"name\":\"Za rampu na Adi nije nadle\u017ean ni sud\"}]},{\"@type\":\"Person\",\"@id\":\"https:\/\/www.visit-ulcinj.com\/blog\/#\/schema\/person\/dcab619c614d3038751c63bc2aadc06d\",\"name\":\"ulqini\",\"sameAs\":[\"http:\/\/www.visit-ulcinj.com\"],\"url\":\"https:\/\/www.visit-ulcinj.com\/blog\/author\/admin\/\"}]}<\/script>\n<!-- \/ Yoast SEO plugin. -->","yoast_head_json":{"title":"Za rampu na Adi nije nadle\u017ean ni sud - Lajme nga Ulqini","description":"Ulcinjanin Sr\u0111an Kuzman na\u0161ao se u \u010dudu kada je njegova tu\u017eba u Osnovnom sudu Ulcinju odba\u010dena kao neosnovana, odnosno kada je saznao da ni sud nije","robots":{"index":"index","follow":"follow","max-snippet":"max-snippet:-1","max-image-preview":"max-image-preview:large","max-video-preview":"max-video-preview:-1"},"canonical":"https:\/\/www.visit-ulcinj.com\/blog\/2011\/11\/15\/za-rampu-na-adi-nije-nadlezan-ni-sud\/","og_locale":"en_US","og_type":"article","og_title":"Za rampu na Adi nije nadle\u017ean ni sud - Lajme nga Ulqini","og_description":"Ulcinjanin Sr\u0111an Kuzman na\u0161ao se u \u010dudu kada je njegova tu\u017eba u Osnovnom sudu Ulcinju odba\u010dena kao neosnovana, odnosno kada je saznao da ni sud nije","og_url":"https:\/\/www.visit-ulcinj.com\/blog\/2011\/11\/15\/za-rampu-na-adi-nije-nadlezan-ni-sud\/","og_site_name":"Lajme nga Ulqini","article_published_time":"2011-11-15T09:38:01+00:00","og_image":[{"url":"http:\/\/www.visit-ulcinj.com\/blog\/wp-content\/uploads\/2011\/11\/Rampa-na-Adu-Bojanu_Ulcinj.jpg"}],"twitter_misc":{"Written by":"ulqini","Est. reading time":"1 minute"},"schema":{"@context":"https:\/\/schema.org","@graph":[{"@type":"WebSite","@id":"https:\/\/www.visit-ulcinj.com\/blog\/#website","url":"https:\/\/www.visit-ulcinj.com\/blog\/","name":"Lajme nga Ulqini","description":"Lajme,Vijesti,Ulqini,Ulqin,Crna Gora,Mali i Zi","potentialAction":[{"@type":"SearchAction","target":{"@type":"EntryPoint","urlTemplate":"https:\/\/www.visit-ulcinj.com\/blog\/?s={search_term_string}"},"query-input":"required name=search_term_string"}],"inLanguage":"en-US"},{"@type":"ImageObject","inLanguage":"en-US","@id":"https:\/\/www.visit-ulcinj.com\/blog\/2011\/11\/15\/za-rampu-na-adi-nije-nadlezan-ni-sud\/#primaryimage","url":"https:\/\/www.visit-ulcinj.com\/blog\/wp-content\/uploads\/2011\/11\/Rampa-na-Adu-Bojanu_Ulcinj.jpg","contentUrl":"https:\/\/www.visit-ulcinj.com\/blog\/wp-content\/uploads\/2011\/11\/Rampa-na-Adu-Bojanu_Ulcinj.jpg","width":"490","height":"366"},{"@type":"WebPage","@id":"https:\/\/www.visit-ulcinj.com\/blog\/2011\/11\/15\/za-rampu-na-adi-nije-nadlezan-ni-sud\/#webpage","url":"https:\/\/www.visit-ulcinj.com\/blog\/2011\/11\/15\/za-rampu-na-adi-nije-nadlezan-ni-sud\/","name":"Za rampu na Adi nije nadle\u017ean ni sud - Lajme nga Ulqini","isPartOf":{"@id":"https:\/\/www.visit-ulcinj.com\/blog\/#website"},"primaryImageOfPage":{"@id":"https:\/\/www.visit-ulcinj.com\/blog\/2011\/11\/15\/za-rampu-na-adi-nije-nadlezan-ni-sud\/#primaryimage"},"datePublished":"2011-11-15T09:38:01+00:00","dateModified":"2011-11-15T09:38:01+00:00","author":{"@id":"https:\/\/www.visit-ulcinj.com\/blog\/#\/schema\/person\/dcab619c614d3038751c63bc2aadc06d"},"description":"Ulcinjanin Sr\u0111an Kuzman na\u0161ao se u \u010dudu kada je njegova tu\u017eba u Osnovnom sudu Ulcinju odba\u010dena kao neosnovana, odnosno kada je saznao da ni sud nije","breadcrumb":{"@id":"https:\/\/www.visit-ulcinj.com\/blog\/2011\/11\/15\/za-rampu-na-adi-nije-nadlezan-ni-sud\/#breadcrumb"},"inLanguage":"en-US","potentialAction":[{"@type":"ReadAction","target":["https:\/\/www.visit-ulcinj.com\/blog\/2011\/11\/15\/za-rampu-na-adi-nije-nadlezan-ni-sud\/"]}]},{"@type":"BreadcrumbList","@id":"https:\/\/www.visit-ulcinj.com\/blog\/2011\/11\/15\/za-rampu-na-adi-nije-nadlezan-ni-sud\/#breadcrumb","itemListElement":[{"@type":"ListItem","position":1,"name":"Za rampu na Adi nije nadle\u017ean ni sud"}]},{"@type":"Person","@id":"https:\/\/www.visit-ulcinj.com\/blog\/#\/schema\/person\/dcab619c614d3038751c63bc2aadc06d","name":"ulqini","sameAs":["http:\/\/www.visit-ulcinj.com"],"url":"https:\/\/www.visit-ulcinj.com\/blog\/author\/admin\/"}]}},"jetpack_featured_media_url":"","jetpack_sharing_enabled":true,"jetpack_shortlink":"https:\/\/wp.me\/pe6lTn-dRr","_links":{"self":[{"href":"https:\/\/www.visit-ulcinj.com\/blog\/wp-json\/wp\/v2\/posts\/53285"}],"collection":[{"href":"https:\/\/www.visit-ulcinj.com\/blog\/wp-json\/wp\/v2\/posts"}],"about":[{"href":"https:\/\/www.visit-ulcinj.com\/blog\/wp-json\/wp\/v2\/types\/post"}],"author":[{"embeddable":true,"href":"https:\/\/www.visit-ulcinj.com\/blog\/wp-json\/wp\/v2\/users\/1"}],"replies":[{"embeddable":true,"href":"https:\/\/www.visit-ulcinj.com\/blog\/wp-json\/wp\/v2\/comments?post=53285"}],"version-history":[{"count":1,"href":"https:\/\/www.visit-ulcinj.com\/blog\/wp-json\/wp\/v2\/posts\/53285\/revisions"}],"predecessor-version":[{"id":53291,"href":"https:\/\/www.visit-ulcinj.com\/blog\/wp-json\/wp\/v2\/posts\/53285\/revisions\/53291"}],"wp:attachment":[{"href":"https:\/\/www.visit-ulcinj.com\/blog\/wp-json\/wp\/v2\/media?parent=53285"}],"wp:term":[{"taxonomy":"category","embeddable":true,"href":"https:\/\/www.visit-ulcinj.com\/blog\/wp-json\/wp\/v2\/categories?post=53285"},{"taxonomy":"post_tag","embeddable":true,"href":"https:\/\/www.visit-ulcinj.com\/blog\/wp-json\/wp\/v2\/tags?post=53285"}],"curies":[{"name":"wp","href":"https:\/\/api.w.org\/{rel}","templated":true}]}}