{"id":5329,"date":"2008-11-03T06:51:47","date_gmt":"2008-11-03T11:51:47","guid":{"rendered":"http:\/\/www.visit-ulcinj.com\/blog\/?p=5329"},"modified":"2008-11-03T07:11:29","modified_gmt":"2008-11-03T12:11:29","slug":"ministri-beqiri-priti-shkrimtarin-malazias-jevrem-berkoviq","status":"publish","type":"post","link":"https:\/\/www.visit-ulcinj.com\/blog\/2008\/11\/03\/ministri-beqiri-priti-shkrimtarin-malazias-jevrem-berkoviq\/","title":{"rendered":"Ministri Beqiri priti shkrimtarin malazias Jevrem B\u00ebrkoviq"},"content":{"rendered":"<p><a href=\"http:\/\/www.visit-ulcinj.com\/blog\/wp-content\/uploads\/2008\/11\/ministri-beqiri-priti-shkrimtarin-malazias-jevrem-berkoviq.jpg\"><img loading=\"lazy\" class=\"alignleft size-medium wp-image-5330\" title=\"ministri-beqiri-priti-shkrimtarin-malazias-jevrem-berkoviq\" src=\"http:\/\/www.visit-ulcinj.com\/blog\/wp-content\/uploads\/2008\/11\/ministri-beqiri-priti-shkrimtarin-malazias-jevrem-berkoviq-300x226.jpg\" alt=\"\" width=\"300\" height=\"226\" srcset=\"https:\/\/www.visit-ulcinj.com\/blog\/wp-content\/uploads\/2008\/11\/ministri-beqiri-priti-shkrimtarin-malazias-jevrem-berkoviq-300x226.jpg 300w, https:\/\/www.visit-ulcinj.com\/blog\/wp-content\/uploads\/2008\/11\/ministri-beqiri-priti-shkrimtarin-malazias-jevrem-berkoviq.jpg 793w\" sizes=\"(max-width: 300px) 100vw, 300px\" \/><\/a>Ministri i Kultur\u00ebs, Rinis\u00eb dhe Sportit t\u00eb Kosov\u00ebs, z. Valton Beqiri, priti shkrimtarin e shquar malazias, z. Jevrem B\u00ebrkoviq, i cili k\u00ebto dit\u00eb po merr pjes\u00eb n\u00eb Takimet Poetike Nd\u00ebrkomb\u00ebtare \u201cKepi i Shpres\u00ebs s\u00eb Mir\u00eb \u2013Fahredin Gunga\u201d, n\u00eb Mitrovic\u00eb. N\u00eb k\u00ebt\u00eb pritje, q\u00eb iu b\u00eb njeriut t\u00eb shquar t\u00eb letrave dhe nj\u00ebrit nga p\u00ebrkrah\u00ebsit e fuqish\u00ebm t\u00eb pavar\u00ebsis\u00eb s\u00eb Kosov\u00ebs, u bisedua rreth problemeve aktuale n\u00eb fush\u00ebn e kultur\u00ebs dhe, ve\u00e7mas, p\u00ebr nevoj\u00ebn e bashk\u00ebpunimit dhe t\u00eb komunikimit nd\u00ebrkulturor midis Kosov\u00ebs dhe Malit t\u00eb Zi.<br \/>\nMinistri Beqiri e njoftoi mysafirin rreth gjendjes s\u00eb kultur\u00ebs n\u00eb Kosov\u00eb, me theks t\u00eb ve\u00e7ant\u00eb p\u00ebr problemet e trash\u00ebgimis\u00eb kulturore, duke u ndalur sidomos n\u00eb p\u00ebrpjekjet p\u00ebr kthimin e eksponateve etnologjike dhe arkeologjike, t\u00eb cilat regjimi i Beogradit i ka p\u00ebrvet\u00ebsuar n\u00eb m\u00ebnyr\u00eb t\u00eb paligjshme gjat\u00eb luft\u00ebs s\u00eb fundit n\u00eb Kosov\u00eb.<br \/>\nNd\u00ebrkaq, z. B\u00ebrkoviq, duke shprehur k\u00ebnaq\u00ebsin\u00eb e t\u00eb qenit mysafir n\u00eb shtetin e pavarur dhe sovran t\u00eb Kosov\u00ebs, theksoi se p\u00ebr kthimin e k\u00ebtyre eksponateve duhet t\u00eb shfryt\u00ebzohen t\u00eb gjith\u00eb mekanizmat e institucioneve nd\u00ebrkomb\u00ebtare. Kosova, theksoi z. B\u00ebrkoviq, si nj\u00eb vend i pasur me mbetje arkeologjike, duhet ta d\u00ebshmoj\u00eb kontinuitetin e saj iliro-dardan dhe t\u00eb shtet\u00ebsis\u00eb s\u00eb saj q\u00eb nga antikiteti, sepse, si\u00e7 tha ai, shteti i\u00a0 Kosov\u00ebs nuk ekziston vet\u00ebm n\u00eb dy vitet e fundit,\u00a0 por ai ka nj\u00eb histori t\u00eb gjat\u00eb n\u00ebp\u00ebr shekuj.<br \/>\nMinistri Beqiri dhe shkrimtari B\u00ebrkoviq shtruan nevoj\u00ebn e nj\u00eb komunikimi institucional midis dy ministrive t\u00eb kultur\u00ebs n\u00eb Kosov\u00eb dhe n\u00eb Mal t\u00eb Zi, n\u00eb m\u00ebnyr\u00eb q\u00eb p\u00ebrvojat e nd\u00ebrsjella t\u00eb ndihmojn\u00eb n\u00eb zhvillimin e gjithansh\u00ebm t\u00eb kultur\u00ebs dhe t\u00eb komunikimit nd\u00ebrkulturor midis Republik\u00ebs s\u00eb Kosov\u00ebs dhe Republik\u00ebs s\u00eb Mali t\u00eb Zi.<br \/>\n<strong>Burimi \/ mkrs-ks.org<\/strong><\/p>\n","protected":false},"excerpt":{"rendered":"<p>Ministri i Kultur\u00ebs, Rinis\u00eb dhe Sportit t\u00eb Kosov\u00ebs, z. Valton Beqiri, priti shkrimtarin e shquar malazias, z. Jevrem B\u00ebrkoviq, i cili k\u00ebto dit\u00eb po merr pjes\u00eb n\u00eb Takimet Poetike Nd\u00ebrkomb\u00ebtare \u201cKepi i Shpres\u00ebs s\u00eb Mir\u00eb \u2013Fahredin Gunga\u201d, n\u00eb Mitrovic\u00eb. N\u00eb k\u00ebt\u00eb pritje, q\u00eb iu b\u00eb njeriut t\u00eb shquar t\u00eb letrave dhe nj\u00ebrit nga p\u00ebrkrah\u00ebsit e [&hellip;]<\/p>\n","protected":false},"author":1,"featured_media":0,"comment_status":"open","ping_status":"closed","sticky":false,"template":"","format":"standard","meta":{"spay_email":"","jetpack_publicize_message":"","jetpack_is_tweetstorm":false,"jetpack_publicize_feature_enabled":true},"categories":[4],"tags":[95,4872,4873,4875,4874],"jetpack_publicize_connections":[],"yoast_head":"<!-- This site is optimized with the Yoast SEO plugin v19.1 - https:\/\/yoast.com\/wordpress\/plugins\/seo\/ -->\n<title>Ministri Beqiri priti shkrimtarin malazias Jevrem B\u00ebrkoviq - Lajme nga Ulqini<\/title>\n<meta name=\"description\" content=\"Ministri i Kultur\u00ebs, Rinis\u00eb dhe Sportit t\u00eb Kosov\u00ebs, z. Valton Beqiri, priti shkrimtarin e shquar malazias, z. Jevrem B\u00ebrkoviq, i cili k\u00ebto dit\u00eb po merr\" \/>\n<meta name=\"robots\" content=\"index, follow, max-snippet:-1, max-image-preview:large, max-video-preview:-1\" \/>\n<link rel=\"canonical\" href=\"https:\/\/www.visit-ulcinj.com\/blog\/2008\/11\/03\/ministri-beqiri-priti-shkrimtarin-malazias-jevrem-berkoviq\/\" \/>\n<meta property=\"og:locale\" content=\"en_US\" \/>\n<meta property=\"og:type\" content=\"article\" \/>\n<meta property=\"og:title\" content=\"Ministri Beqiri priti shkrimtarin malazias Jevrem B\u00ebrkoviq - Lajme nga Ulqini\" \/>\n<meta property=\"og:description\" content=\"Ministri i Kultur\u00ebs, Rinis\u00eb dhe Sportit t\u00eb Kosov\u00ebs, z. Valton Beqiri, priti shkrimtarin e shquar malazias, z. Jevrem B\u00ebrkoviq, i cili k\u00ebto dit\u00eb po merr\" \/>\n<meta property=\"og:url\" content=\"https:\/\/www.visit-ulcinj.com\/blog\/2008\/11\/03\/ministri-beqiri-priti-shkrimtarin-malazias-jevrem-berkoviq\/\" \/>\n<meta property=\"og:site_name\" content=\"Lajme nga Ulqini\" \/>\n<meta property=\"article:published_time\" content=\"2008-11-03T11:51:47+00:00\" \/>\n<meta property=\"article:modified_time\" content=\"2008-11-03T12:11:29+00:00\" \/>\n<meta property=\"og:image\" content=\"http:\/\/www.visit-ulcinj.com\/blog\/wp-content\/uploads\/2008\/11\/ministri-beqiri-priti-shkrimtarin-malazias-jevrem-berkoviq-300x226.jpg\" \/>\n<meta name=\"twitter:label1\" content=\"Written by\" \/>\n\t<meta name=\"twitter:data1\" content=\"ulqini\" \/>\n\t<meta name=\"twitter:label2\" content=\"Est. reading time\" \/>\n\t<meta name=\"twitter:data2\" content=\"2 minutes\" \/>\n<script type=\"application\/ld+json\" class=\"yoast-schema-graph\">{\"@context\":\"https:\/\/schema.org\",\"@graph\":[{\"@type\":\"WebSite\",\"@id\":\"https:\/\/www.visit-ulcinj.com\/blog\/#website\",\"url\":\"https:\/\/www.visit-ulcinj.com\/blog\/\",\"name\":\"Lajme nga Ulqini\",\"description\":\"Lajme,Vijesti,Ulqini,Ulqin,Crna Gora,Mali i Zi\",\"potentialAction\":[{\"@type\":\"SearchAction\",\"target\":{\"@type\":\"EntryPoint\",\"urlTemplate\":\"https:\/\/www.visit-ulcinj.com\/blog\/?s={search_term_string}\"},\"query-input\":\"required name=search_term_string\"}],\"inLanguage\":\"en-US\"},{\"@type\":\"ImageObject\",\"inLanguage\":\"en-US\",\"@id\":\"https:\/\/www.visit-ulcinj.com\/blog\/2008\/11\/03\/ministri-beqiri-priti-shkrimtarin-malazias-jevrem-berkoviq\/#primaryimage\",\"url\":\"http:\/\/www.visit-ulcinj.com\/blog\/wp-content\/uploads\/2008\/11\/ministri-beqiri-priti-shkrimtarin-malazias-jevrem-berkoviq-300x226.jpg\",\"contentUrl\":\"http:\/\/www.visit-ulcinj.com\/blog\/wp-content\/uploads\/2008\/11\/ministri-beqiri-priti-shkrimtarin-malazias-jevrem-berkoviq-300x226.jpg\"},{\"@type\":\"WebPage\",\"@id\":\"https:\/\/www.visit-ulcinj.com\/blog\/2008\/11\/03\/ministri-beqiri-priti-shkrimtarin-malazias-jevrem-berkoviq\/#webpage\",\"url\":\"https:\/\/www.visit-ulcinj.com\/blog\/2008\/11\/03\/ministri-beqiri-priti-shkrimtarin-malazias-jevrem-berkoviq\/\",\"name\":\"Ministri Beqiri priti shkrimtarin malazias Jevrem B\u00ebrkoviq - Lajme nga Ulqini\",\"isPartOf\":{\"@id\":\"https:\/\/www.visit-ulcinj.com\/blog\/#website\"},\"primaryImageOfPage\":{\"@id\":\"https:\/\/www.visit-ulcinj.com\/blog\/2008\/11\/03\/ministri-beqiri-priti-shkrimtarin-malazias-jevrem-berkoviq\/#primaryimage\"},\"datePublished\":\"2008-11-03T11:51:47+00:00\",\"dateModified\":\"2008-11-03T12:11:29+00:00\",\"author\":{\"@id\":\"https:\/\/www.visit-ulcinj.com\/blog\/#\/schema\/person\/dcab619c614d3038751c63bc2aadc06d\"},\"description\":\"Ministri i Kultur\u00ebs, Rinis\u00eb dhe Sportit t\u00eb Kosov\u00ebs, z. Valton Beqiri, priti shkrimtarin e shquar malazias, z. Jevrem B\u00ebrkoviq, i cili k\u00ebto dit\u00eb po merr\",\"breadcrumb\":{\"@id\":\"https:\/\/www.visit-ulcinj.com\/blog\/2008\/11\/03\/ministri-beqiri-priti-shkrimtarin-malazias-jevrem-berkoviq\/#breadcrumb\"},\"inLanguage\":\"en-US\",\"potentialAction\":[{\"@type\":\"ReadAction\",\"target\":[\"https:\/\/www.visit-ulcinj.com\/blog\/2008\/11\/03\/ministri-beqiri-priti-shkrimtarin-malazias-jevrem-berkoviq\/\"]}]},{\"@type\":\"BreadcrumbList\",\"@id\":\"https:\/\/www.visit-ulcinj.com\/blog\/2008\/11\/03\/ministri-beqiri-priti-shkrimtarin-malazias-jevrem-berkoviq\/#breadcrumb\",\"itemListElement\":[{\"@type\":\"ListItem\",\"position\":1,\"name\":\"Ministri Beqiri priti shkrimtarin malazias Jevrem B\u00ebrkoviq\"}]},{\"@type\":\"Person\",\"@id\":\"https:\/\/www.visit-ulcinj.com\/blog\/#\/schema\/person\/dcab619c614d3038751c63bc2aadc06d\",\"name\":\"ulqini\",\"sameAs\":[\"http:\/\/www.visit-ulcinj.com\"],\"url\":\"https:\/\/www.visit-ulcinj.com\/blog\/author\/admin\/\"}]}<\/script>\n<!-- \/ Yoast SEO plugin. -->","yoast_head_json":{"title":"Ministri Beqiri priti shkrimtarin malazias Jevrem B\u00ebrkoviq - Lajme nga Ulqini","description":"Ministri i Kultur\u00ebs, Rinis\u00eb dhe Sportit t\u00eb Kosov\u00ebs, z. Valton Beqiri, priti shkrimtarin e shquar malazias, z. Jevrem B\u00ebrkoviq, i cili k\u00ebto dit\u00eb po merr","robots":{"index":"index","follow":"follow","max-snippet":"max-snippet:-1","max-image-preview":"max-image-preview:large","max-video-preview":"max-video-preview:-1"},"canonical":"https:\/\/www.visit-ulcinj.com\/blog\/2008\/11\/03\/ministri-beqiri-priti-shkrimtarin-malazias-jevrem-berkoviq\/","og_locale":"en_US","og_type":"article","og_title":"Ministri Beqiri priti shkrimtarin malazias Jevrem B\u00ebrkoviq - Lajme nga Ulqini","og_description":"Ministri i Kultur\u00ebs, Rinis\u00eb dhe Sportit t\u00eb Kosov\u00ebs, z. Valton Beqiri, priti shkrimtarin e shquar malazias, z. Jevrem B\u00ebrkoviq, i cili k\u00ebto dit\u00eb po merr","og_url":"https:\/\/www.visit-ulcinj.com\/blog\/2008\/11\/03\/ministri-beqiri-priti-shkrimtarin-malazias-jevrem-berkoviq\/","og_site_name":"Lajme nga Ulqini","article_published_time":"2008-11-03T11:51:47+00:00","article_modified_time":"2008-11-03T12:11:29+00:00","og_image":[{"url":"http:\/\/www.visit-ulcinj.com\/blog\/wp-content\/uploads\/2008\/11\/ministri-beqiri-priti-shkrimtarin-malazias-jevrem-berkoviq-300x226.jpg"}],"twitter_misc":{"Written by":"ulqini","Est. reading time":"2 minutes"},"schema":{"@context":"https:\/\/schema.org","@graph":[{"@type":"WebSite","@id":"https:\/\/www.visit-ulcinj.com\/blog\/#website","url":"https:\/\/www.visit-ulcinj.com\/blog\/","name":"Lajme nga Ulqini","description":"Lajme,Vijesti,Ulqini,Ulqin,Crna Gora,Mali i Zi","potentialAction":[{"@type":"SearchAction","target":{"@type":"EntryPoint","urlTemplate":"https:\/\/www.visit-ulcinj.com\/blog\/?s={search_term_string}"},"query-input":"required name=search_term_string"}],"inLanguage":"en-US"},{"@type":"ImageObject","inLanguage":"en-US","@id":"https:\/\/www.visit-ulcinj.com\/blog\/2008\/11\/03\/ministri-beqiri-priti-shkrimtarin-malazias-jevrem-berkoviq\/#primaryimage","url":"http:\/\/www.visit-ulcinj.com\/blog\/wp-content\/uploads\/2008\/11\/ministri-beqiri-priti-shkrimtarin-malazias-jevrem-berkoviq-300x226.jpg","contentUrl":"http:\/\/www.visit-ulcinj.com\/blog\/wp-content\/uploads\/2008\/11\/ministri-beqiri-priti-shkrimtarin-malazias-jevrem-berkoviq-300x226.jpg"},{"@type":"WebPage","@id":"https:\/\/www.visit-ulcinj.com\/blog\/2008\/11\/03\/ministri-beqiri-priti-shkrimtarin-malazias-jevrem-berkoviq\/#webpage","url":"https:\/\/www.visit-ulcinj.com\/blog\/2008\/11\/03\/ministri-beqiri-priti-shkrimtarin-malazias-jevrem-berkoviq\/","name":"Ministri Beqiri priti shkrimtarin malazias Jevrem B\u00ebrkoviq - Lajme nga Ulqini","isPartOf":{"@id":"https:\/\/www.visit-ulcinj.com\/blog\/#website"},"primaryImageOfPage":{"@id":"https:\/\/www.visit-ulcinj.com\/blog\/2008\/11\/03\/ministri-beqiri-priti-shkrimtarin-malazias-jevrem-berkoviq\/#primaryimage"},"datePublished":"2008-11-03T11:51:47+00:00","dateModified":"2008-11-03T12:11:29+00:00","author":{"@id":"https:\/\/www.visit-ulcinj.com\/blog\/#\/schema\/person\/dcab619c614d3038751c63bc2aadc06d"},"description":"Ministri i Kultur\u00ebs, Rinis\u00eb dhe Sportit t\u00eb Kosov\u00ebs, z. Valton Beqiri, priti shkrimtarin e shquar malazias, z. Jevrem B\u00ebrkoviq, i cili k\u00ebto dit\u00eb po merr","breadcrumb":{"@id":"https:\/\/www.visit-ulcinj.com\/blog\/2008\/11\/03\/ministri-beqiri-priti-shkrimtarin-malazias-jevrem-berkoviq\/#breadcrumb"},"inLanguage":"en-US","potentialAction":[{"@type":"ReadAction","target":["https:\/\/www.visit-ulcinj.com\/blog\/2008\/11\/03\/ministri-beqiri-priti-shkrimtarin-malazias-jevrem-berkoviq\/"]}]},{"@type":"BreadcrumbList","@id":"https:\/\/www.visit-ulcinj.com\/blog\/2008\/11\/03\/ministri-beqiri-priti-shkrimtarin-malazias-jevrem-berkoviq\/#breadcrumb","itemListElement":[{"@type":"ListItem","position":1,"name":"Ministri Beqiri priti shkrimtarin malazias Jevrem B\u00ebrkoviq"}]},{"@type":"Person","@id":"https:\/\/www.visit-ulcinj.com\/blog\/#\/schema\/person\/dcab619c614d3038751c63bc2aadc06d","name":"ulqini","sameAs":["http:\/\/www.visit-ulcinj.com"],"url":"https:\/\/www.visit-ulcinj.com\/blog\/author\/admin\/"}]}},"jetpack_featured_media_url":"","jetpack_sharing_enabled":true,"jetpack_shortlink":"https:\/\/wp.me\/pe6lTn-1nX","_links":{"self":[{"href":"https:\/\/www.visit-ulcinj.com\/blog\/wp-json\/wp\/v2\/posts\/5329"}],"collection":[{"href":"https:\/\/www.visit-ulcinj.com\/blog\/wp-json\/wp\/v2\/posts"}],"about":[{"href":"https:\/\/www.visit-ulcinj.com\/blog\/wp-json\/wp\/v2\/types\/post"}],"author":[{"embeddable":true,"href":"https:\/\/www.visit-ulcinj.com\/blog\/wp-json\/wp\/v2\/users\/1"}],"replies":[{"embeddable":true,"href":"https:\/\/www.visit-ulcinj.com\/blog\/wp-json\/wp\/v2\/comments?post=5329"}],"version-history":[{"count":0,"href":"https:\/\/www.visit-ulcinj.com\/blog\/wp-json\/wp\/v2\/posts\/5329\/revisions"}],"wp:attachment":[{"href":"https:\/\/www.visit-ulcinj.com\/blog\/wp-json\/wp\/v2\/media?parent=5329"}],"wp:term":[{"taxonomy":"category","embeddable":true,"href":"https:\/\/www.visit-ulcinj.com\/blog\/wp-json\/wp\/v2\/categories?post=5329"},{"taxonomy":"post_tag","embeddable":true,"href":"https:\/\/www.visit-ulcinj.com\/blog\/wp-json\/wp\/v2\/tags?post=5329"}],"curies":[{"name":"wp","href":"https:\/\/api.w.org\/{rel}","templated":true}]}}