{"id":53318,"date":"2011-11-16T10:23:04","date_gmt":"2011-11-16T09:23:04","guid":{"rendered":"http:\/\/www.visit-ulcinj.com\/blog\/?p=53318"},"modified":"2011-11-16T10:32:27","modified_gmt":"2011-11-16T09:32:27","slug":"kulturen-shqiptare-ne-ulqin-duhet-te-zhvillojne-profesionistet-e-jo-amatoret","status":"publish","type":"post","link":"https:\/\/www.visit-ulcinj.com\/blog\/2011\/11\/16\/kulturen-shqiptare-ne-ulqin-duhet-te-zhvillojne-profesionistet-e-jo-amatoret\/","title":{"rendered":"Kultur\u00ebn shqiptare n\u00eb Ulqin duhet t\u00eb zhvillojn\u00eb profesionist\u00ebt e jo amator\u00ebt"},"content":{"rendered":"<p><a href=\"http:\/\/www.visit-ulcinj.com\/blog\/wp-content\/uploads\/2011\/11\/Nail-Draga.jpg\"><img loading=\"lazy\" class=\"alignleft size-full wp-image-53319\" title=\"Nail Draga\" src=\"http:\/\/www.visit-ulcinj.com\/blog\/wp-content\/uploads\/2011\/11\/Nail-Draga.jpg\" alt=\"\" width=\"508\" height=\"380\" \/><\/a>Ulqini, si kryeqend\u00ebr e shqiptar\u00ebve n\u00eb Malin e Zi, nd\u00ebr t\u00eb tjera, ka p\u00ebrgjegj\u00ebsi edhe p\u00ebr zhvillimin e kultur\u00ebs shqiptare n\u00eb k\u00eb<strong><\/strong>t\u00eb shtet dhe rolin kryesor n\u00eb k\u00ebt\u00eb drejtim duhet ta luajn\u00eb institucionet kulturore, ka th\u00ebn\u00eb drejtori i ri i Qendr\u00ebs kulturore, Nail Draga, nga Forca e Re Demokratike, gjat\u00eb nj\u00eb takimi me organizatat joqeveritare q\u00eb merren me kultur\u00ebn shqiptare n\u00eb Ulqin,njofton KosovaLive.<\/p>\n<p><strong>\u00a0 <img src=\"data:image\/png;base64,iVBORw0KGgoAAAANSUhEUgAAAB8AAAALCAIAAAAIi8HjAAAALUlEQVQ4jWP4T0vAMLxMP5PGcCaNgTwuAdOpaDS66dQ1mr5up7oFwyxFUhEAACMXs3cnyGo2AAAAAElFTkSuQmCC\" alt=\"\" \/>KosovaLive <img src=\"data:image\/png;base64,iVBORw0KGgoAAAANSUhEUgAAAB8AAAALCAIAAAAIi8HjAAAALUlEQVQ4jWP4T0vAMLxMP5PGcCaNgTwuAdOpaDS66dQ1mr5up7oFwyxFUhEAACMXs3cnyGo2AAAAAElFTkSuQmCC\" alt=\"\" \/><\/strong><\/p>\n<!--YouTube Error: bad URL entered-->\n","protected":false},"excerpt":{"rendered":"<p>Ulqini, si kryeqend\u00ebr e shqiptar\u00ebve n\u00eb Malin e Zi, nd\u00ebr t\u00eb tjera, ka p\u00ebrgjegj\u00ebsi edhe p\u00ebr zhvillimin e kultur\u00ebs shqiptare n\u00eb k\u00ebt\u00eb shtet dhe rolin kryesor n\u00eb k\u00ebt\u00eb drejtim duhet ta luajn\u00eb institucionet kulturore, ka th\u00ebn\u00eb drejtori i ri i Qendr\u00ebs kulturore, Nail Draga, nga Forca e Re Demokratike, gjat\u00eb nj\u00eb takimi me organizatat joqeveritare [&hellip;]<\/p>\n","protected":false},"author":1,"featured_media":0,"comment_status":"open","ping_status":"closed","sticky":false,"template":"","format":"standard","meta":{"spay_email":"","jetpack_publicize_message":"","jetpack_is_tweetstorm":false,"jetpack_publicize_feature_enabled":true},"categories":[12],"tags":[2761,19454,95,200,18],"jetpack_publicize_connections":[],"yoast_head":"<!-- This site is optimized with the Yoast SEO plugin v19.1 - https:\/\/yoast.com\/wordpress\/plugins\/seo\/ -->\n<title>Kultur\u00ebn shqiptare n\u00eb Ulqin duhet t\u00eb zhvillojn\u00eb profesionist\u00ebt e jo amator\u00ebt - Lajme nga Ulqini<\/title>\n<meta name=\"description\" content=\"Ulqini, si kryeqend\u00ebr e shqiptar\u00ebve n\u00eb Malin e Zi, nd\u00ebr t\u00eb tjera, ka p\u00ebrgjegj\u00ebsi edhe p\u00ebr zhvillimin e kultur\u00ebs shqiptare n\u00eb k\u00ebt\u00eb shtet dhe rolin kryesor\" \/>\n<meta name=\"robots\" content=\"index, follow, max-snippet:-1, max-image-preview:large, max-video-preview:-1\" \/>\n<link rel=\"canonical\" href=\"https:\/\/www.visit-ulcinj.com\/blog\/2011\/11\/16\/kulturen-shqiptare-ne-ulqin-duhet-te-zhvillojne-profesionistet-e-jo-amatoret\/\" \/>\n<meta property=\"og:locale\" content=\"en_US\" \/>\n<meta property=\"og:type\" content=\"article\" \/>\n<meta property=\"og:title\" content=\"Kultur\u00ebn shqiptare n\u00eb Ulqin duhet t\u00eb zhvillojn\u00eb profesionist\u00ebt e jo amator\u00ebt - Lajme nga Ulqini\" \/>\n<meta property=\"og:description\" content=\"Ulqini, si kryeqend\u00ebr e shqiptar\u00ebve n\u00eb Malin e Zi, nd\u00ebr t\u00eb tjera, ka p\u00ebrgjegj\u00ebsi edhe p\u00ebr zhvillimin e kultur\u00ebs shqiptare n\u00eb k\u00ebt\u00eb shtet dhe rolin kryesor\" \/>\n<meta property=\"og:url\" content=\"https:\/\/www.visit-ulcinj.com\/blog\/2011\/11\/16\/kulturen-shqiptare-ne-ulqin-duhet-te-zhvillojne-profesionistet-e-jo-amatoret\/\" \/>\n<meta property=\"og:site_name\" content=\"Lajme nga Ulqini\" \/>\n<meta property=\"article:published_time\" content=\"2011-11-16T09:23:04+00:00\" \/>\n<meta property=\"article:modified_time\" content=\"2011-11-16T09:32:27+00:00\" \/>\n<meta property=\"og:image\" content=\"http:\/\/www.visit-ulcinj.com\/blog\/wp-content\/uploads\/2011\/11\/Nail-Draga.jpg\" \/>\n<meta name=\"twitter:label1\" content=\"Written by\" \/>\n\t<meta name=\"twitter:data1\" content=\"ulqini\" \/>\n<script type=\"application\/ld+json\" class=\"yoast-schema-graph\">{\"@context\":\"https:\/\/schema.org\",\"@graph\":[{\"@type\":\"WebSite\",\"@id\":\"https:\/\/www.visit-ulcinj.com\/blog\/#website\",\"url\":\"https:\/\/www.visit-ulcinj.com\/blog\/\",\"name\":\"Lajme nga Ulqini\",\"description\":\"Lajme,Vijesti,Ulqini,Ulqin,Crna Gora,Mali i Zi\",\"potentialAction\":[{\"@type\":\"SearchAction\",\"target\":{\"@type\":\"EntryPoint\",\"urlTemplate\":\"https:\/\/www.visit-ulcinj.com\/blog\/?s={search_term_string}\"},\"query-input\":\"required name=search_term_string\"}],\"inLanguage\":\"en-US\"},{\"@type\":\"ImageObject\",\"inLanguage\":\"en-US\",\"@id\":\"https:\/\/www.visit-ulcinj.com\/blog\/2011\/11\/16\/kulturen-shqiptare-ne-ulqin-duhet-te-zhvillojne-profesionistet-e-jo-amatoret\/#primaryimage\",\"url\":\"https:\/\/www.visit-ulcinj.com\/blog\/wp-content\/uploads\/2011\/11\/Nail-Draga.jpg\",\"contentUrl\":\"https:\/\/www.visit-ulcinj.com\/blog\/wp-content\/uploads\/2011\/11\/Nail-Draga.jpg\",\"width\":\"960\",\"height\":\"723\"},{\"@type\":\"WebPage\",\"@id\":\"https:\/\/www.visit-ulcinj.com\/blog\/2011\/11\/16\/kulturen-shqiptare-ne-ulqin-duhet-te-zhvillojne-profesionistet-e-jo-amatoret\/#webpage\",\"url\":\"https:\/\/www.visit-ulcinj.com\/blog\/2011\/11\/16\/kulturen-shqiptare-ne-ulqin-duhet-te-zhvillojne-profesionistet-e-jo-amatoret\/\",\"name\":\"Kultur\u00ebn shqiptare n\u00eb Ulqin duhet t\u00eb zhvillojn\u00eb profesionist\u00ebt e jo amator\u00ebt - Lajme nga Ulqini\",\"isPartOf\":{\"@id\":\"https:\/\/www.visit-ulcinj.com\/blog\/#website\"},\"primaryImageOfPage\":{\"@id\":\"https:\/\/www.visit-ulcinj.com\/blog\/2011\/11\/16\/kulturen-shqiptare-ne-ulqin-duhet-te-zhvillojne-profesionistet-e-jo-amatoret\/#primaryimage\"},\"datePublished\":\"2011-11-16T09:23:04+00:00\",\"dateModified\":\"2011-11-16T09:32:27+00:00\",\"author\":{\"@id\":\"https:\/\/www.visit-ulcinj.com\/blog\/#\/schema\/person\/dcab619c614d3038751c63bc2aadc06d\"},\"description\":\"Ulqini, si kryeqend\u00ebr e shqiptar\u00ebve n\u00eb Malin e Zi, nd\u00ebr t\u00eb tjera, ka p\u00ebrgjegj\u00ebsi edhe p\u00ebr zhvillimin e kultur\u00ebs shqiptare n\u00eb k\u00ebt\u00eb shtet dhe rolin kryesor\",\"breadcrumb\":{\"@id\":\"https:\/\/www.visit-ulcinj.com\/blog\/2011\/11\/16\/kulturen-shqiptare-ne-ulqin-duhet-te-zhvillojne-profesionistet-e-jo-amatoret\/#breadcrumb\"},\"inLanguage\":\"en-US\",\"potentialAction\":[{\"@type\":\"ReadAction\",\"target\":[\"https:\/\/www.visit-ulcinj.com\/blog\/2011\/11\/16\/kulturen-shqiptare-ne-ulqin-duhet-te-zhvillojne-profesionistet-e-jo-amatoret\/\"]}]},{\"@type\":\"BreadcrumbList\",\"@id\":\"https:\/\/www.visit-ulcinj.com\/blog\/2011\/11\/16\/kulturen-shqiptare-ne-ulqin-duhet-te-zhvillojne-profesionistet-e-jo-amatoret\/#breadcrumb\",\"itemListElement\":[{\"@type\":\"ListItem\",\"position\":1,\"name\":\"Kultur\u00ebn shqiptare n\u00eb Ulqin duhet t\u00eb zhvillojn\u00eb profesionist\u00ebt e jo amator\u00ebt\"}]},{\"@type\":\"Person\",\"@id\":\"https:\/\/www.visit-ulcinj.com\/blog\/#\/schema\/person\/dcab619c614d3038751c63bc2aadc06d\",\"name\":\"ulqini\",\"sameAs\":[\"http:\/\/www.visit-ulcinj.com\"],\"url\":\"https:\/\/www.visit-ulcinj.com\/blog\/author\/admin\/\"}]}<\/script>\n<!-- \/ Yoast SEO plugin. -->","yoast_head_json":{"title":"Kultur\u00ebn shqiptare n\u00eb Ulqin duhet t\u00eb zhvillojn\u00eb profesionist\u00ebt e jo amator\u00ebt - Lajme nga Ulqini","description":"Ulqini, si kryeqend\u00ebr e shqiptar\u00ebve n\u00eb Malin e Zi, nd\u00ebr t\u00eb tjera, ka p\u00ebrgjegj\u00ebsi edhe p\u00ebr zhvillimin e kultur\u00ebs shqiptare n\u00eb k\u00ebt\u00eb shtet dhe rolin kryesor","robots":{"index":"index","follow":"follow","max-snippet":"max-snippet:-1","max-image-preview":"max-image-preview:large","max-video-preview":"max-video-preview:-1"},"canonical":"https:\/\/www.visit-ulcinj.com\/blog\/2011\/11\/16\/kulturen-shqiptare-ne-ulqin-duhet-te-zhvillojne-profesionistet-e-jo-amatoret\/","og_locale":"en_US","og_type":"article","og_title":"Kultur\u00ebn shqiptare n\u00eb Ulqin duhet t\u00eb zhvillojn\u00eb profesionist\u00ebt e jo amator\u00ebt - Lajme nga Ulqini","og_description":"Ulqini, si kryeqend\u00ebr e shqiptar\u00ebve n\u00eb Malin e Zi, nd\u00ebr t\u00eb tjera, ka p\u00ebrgjegj\u00ebsi edhe p\u00ebr zhvillimin e kultur\u00ebs shqiptare n\u00eb k\u00ebt\u00eb shtet dhe rolin kryesor","og_url":"https:\/\/www.visit-ulcinj.com\/blog\/2011\/11\/16\/kulturen-shqiptare-ne-ulqin-duhet-te-zhvillojne-profesionistet-e-jo-amatoret\/","og_site_name":"Lajme nga Ulqini","article_published_time":"2011-11-16T09:23:04+00:00","article_modified_time":"2011-11-16T09:32:27+00:00","og_image":[{"url":"http:\/\/www.visit-ulcinj.com\/blog\/wp-content\/uploads\/2011\/11\/Nail-Draga.jpg"}],"twitter_misc":{"Written by":"ulqini"},"schema":{"@context":"https:\/\/schema.org","@graph":[{"@type":"WebSite","@id":"https:\/\/www.visit-ulcinj.com\/blog\/#website","url":"https:\/\/www.visit-ulcinj.com\/blog\/","name":"Lajme nga Ulqini","description":"Lajme,Vijesti,Ulqini,Ulqin,Crna Gora,Mali i Zi","potentialAction":[{"@type":"SearchAction","target":{"@type":"EntryPoint","urlTemplate":"https:\/\/www.visit-ulcinj.com\/blog\/?s={search_term_string}"},"query-input":"required name=search_term_string"}],"inLanguage":"en-US"},{"@type":"ImageObject","inLanguage":"en-US","@id":"https:\/\/www.visit-ulcinj.com\/blog\/2011\/11\/16\/kulturen-shqiptare-ne-ulqin-duhet-te-zhvillojne-profesionistet-e-jo-amatoret\/#primaryimage","url":"https:\/\/www.visit-ulcinj.com\/blog\/wp-content\/uploads\/2011\/11\/Nail-Draga.jpg","contentUrl":"https:\/\/www.visit-ulcinj.com\/blog\/wp-content\/uploads\/2011\/11\/Nail-Draga.jpg","width":"960","height":"723"},{"@type":"WebPage","@id":"https:\/\/www.visit-ulcinj.com\/blog\/2011\/11\/16\/kulturen-shqiptare-ne-ulqin-duhet-te-zhvillojne-profesionistet-e-jo-amatoret\/#webpage","url":"https:\/\/www.visit-ulcinj.com\/blog\/2011\/11\/16\/kulturen-shqiptare-ne-ulqin-duhet-te-zhvillojne-profesionistet-e-jo-amatoret\/","name":"Kultur\u00ebn shqiptare n\u00eb Ulqin duhet t\u00eb zhvillojn\u00eb profesionist\u00ebt e jo amator\u00ebt - Lajme nga Ulqini","isPartOf":{"@id":"https:\/\/www.visit-ulcinj.com\/blog\/#website"},"primaryImageOfPage":{"@id":"https:\/\/www.visit-ulcinj.com\/blog\/2011\/11\/16\/kulturen-shqiptare-ne-ulqin-duhet-te-zhvillojne-profesionistet-e-jo-amatoret\/#primaryimage"},"datePublished":"2011-11-16T09:23:04+00:00","dateModified":"2011-11-16T09:32:27+00:00","author":{"@id":"https:\/\/www.visit-ulcinj.com\/blog\/#\/schema\/person\/dcab619c614d3038751c63bc2aadc06d"},"description":"Ulqini, si kryeqend\u00ebr e shqiptar\u00ebve n\u00eb Malin e Zi, nd\u00ebr t\u00eb tjera, ka p\u00ebrgjegj\u00ebsi edhe p\u00ebr zhvillimin e kultur\u00ebs shqiptare n\u00eb k\u00ebt\u00eb shtet dhe rolin kryesor","breadcrumb":{"@id":"https:\/\/www.visit-ulcinj.com\/blog\/2011\/11\/16\/kulturen-shqiptare-ne-ulqin-duhet-te-zhvillojne-profesionistet-e-jo-amatoret\/#breadcrumb"},"inLanguage":"en-US","potentialAction":[{"@type":"ReadAction","target":["https:\/\/www.visit-ulcinj.com\/blog\/2011\/11\/16\/kulturen-shqiptare-ne-ulqin-duhet-te-zhvillojne-profesionistet-e-jo-amatoret\/"]}]},{"@type":"BreadcrumbList","@id":"https:\/\/www.visit-ulcinj.com\/blog\/2011\/11\/16\/kulturen-shqiptare-ne-ulqin-duhet-te-zhvillojne-profesionistet-e-jo-amatoret\/#breadcrumb","itemListElement":[{"@type":"ListItem","position":1,"name":"Kultur\u00ebn shqiptare n\u00eb Ulqin duhet t\u00eb zhvillojn\u00eb profesionist\u00ebt e jo amator\u00ebt"}]},{"@type":"Person","@id":"https:\/\/www.visit-ulcinj.com\/blog\/#\/schema\/person\/dcab619c614d3038751c63bc2aadc06d","name":"ulqini","sameAs":["http:\/\/www.visit-ulcinj.com"],"url":"https:\/\/www.visit-ulcinj.com\/blog\/author\/admin\/"}]}},"jetpack_featured_media_url":"","jetpack_sharing_enabled":true,"jetpack_shortlink":"https:\/\/wp.me\/pe6lTn-dRY","_links":{"self":[{"href":"https:\/\/www.visit-ulcinj.com\/blog\/wp-json\/wp\/v2\/posts\/53318"}],"collection":[{"href":"https:\/\/www.visit-ulcinj.com\/blog\/wp-json\/wp\/v2\/posts"}],"about":[{"href":"https:\/\/www.visit-ulcinj.com\/blog\/wp-json\/wp\/v2\/types\/post"}],"author":[{"embeddable":true,"href":"https:\/\/www.visit-ulcinj.com\/blog\/wp-json\/wp\/v2\/users\/1"}],"replies":[{"embeddable":true,"href":"https:\/\/www.visit-ulcinj.com\/blog\/wp-json\/wp\/v2\/comments?post=53318"}],"version-history":[{"count":3,"href":"https:\/\/www.visit-ulcinj.com\/blog\/wp-json\/wp\/v2\/posts\/53318\/revisions"}],"predecessor-version":[{"id":53322,"href":"https:\/\/www.visit-ulcinj.com\/blog\/wp-json\/wp\/v2\/posts\/53318\/revisions\/53322"}],"wp:attachment":[{"href":"https:\/\/www.visit-ulcinj.com\/blog\/wp-json\/wp\/v2\/media?parent=53318"}],"wp:term":[{"taxonomy":"category","embeddable":true,"href":"https:\/\/www.visit-ulcinj.com\/blog\/wp-json\/wp\/v2\/categories?post=53318"},{"taxonomy":"post_tag","embeddable":true,"href":"https:\/\/www.visit-ulcinj.com\/blog\/wp-json\/wp\/v2\/tags?post=53318"}],"curies":[{"name":"wp","href":"https:\/\/api.w.org\/{rel}","templated":true}]}}