{"id":53324,"date":"2011-11-16T11:15:45","date_gmt":"2011-11-16T10:15:45","guid":{"rendered":"http:\/\/www.visit-ulcinj.com\/blog\/?p=53324"},"modified":"2011-11-16T11:44:07","modified_gmt":"2011-11-16T10:44:07","slug":"dinosa-nece-otici-bez-odgovora-video-tv-in","status":"publish","type":"post","link":"https:\/\/www.visit-ulcinj.com\/blog\/2011\/11\/16\/dinosa-nece-otici-bez-odgovora-video-tv-in\/","title":{"rendered":"Dino\u0161a ne\u0107e oti\u0107i bez odgovora &#8211; Video TV IN"},"content":{"rendered":"<p><a href=\"http:\/\/www.visit-ulcinj.com\/blog\/wp-content\/uploads\/2011\/11\/Ferhat-Dinosa.jpg\"><img loading=\"lazy\" class=\"alignleft size-full wp-image-53325\" title=\"Ferhat Dinosa\" src=\"http:\/\/www.visit-ulcinj.com\/blog\/wp-content\/uploads\/2011\/11\/Ferhat-Dinosa.jpg\" alt=\"\" width=\"350\" height=\"450\" \/><\/a>Ministar za ljudska i manjinska prava <strong>Ferhat Dino\u0161a<\/strong> priprema se da politi\u010dku karijeru nastavi kao ambasador Crne Gore u Albaniji.<\/p>\n<p>Predstavnici albanskih partija su ga kritikovali da on vi\u0161e brine o svojim nego o interesima Albanaca, dok se NVO sektor obru\u0161io na njega zbog toga \u0161to nije podr\u017eavao LGBT populaciju.<\/p>\n<p>\u201cKritike koje su stigle iz civilnog sektora zasnovane su na nedovoljnoj informisanosti o svemu \u0161to smo uradili na za\u0161titi svih koji druga\u010dije razmi\u0161ljaju, koji su u bilo \u010demu razli\u010diti od te ve\u0107ine. Nadam se da \u0107e i to vrlo brzo biti shva\u0107eno\u201d, rekao je Dino\u0161a za Dnevne novine.<\/p>\n<p>Prema njegovim rije\u010dima \u0161to se ti\u010de u\u010dinka na politi\u010dkoj sceni Crne Gore i u\u010dinka u demokratskim procesima u Crnoj Gori, \u201emislim da su najbolji odgovor davali i nastavi\u0107e da daju gra\u0111ani koji podr\u017eavaju Demokratsku uniju Albanaca DUA\u201c.<\/p>\n<p>&#8220;\u010cinjenica je da je ta stranka najja\u010da albanska stranka u Crnoj Gori. \u010cinjenica je da projekti, koji su odra\u0111ivani u korist Albanaca u Crnoj Gori, jesu odra\u0111ivani na inicijativu DUA u saradnji sa Demokratskom partijom socijalista DPS\u201d, rekao je izme\u0111u ostalog Dino\u0161a za Dnevne novine.<br \/>\n<a href=\"http:\/\/www.cafemontenegro.com\/index.php?group=23&amp;news=211499\" target=\"_blank\"><strong><br \/>\nIzvor: Dnevne novine<\/strong><\/a><br \/>\nCDM<br \/>\n[flv]http:\/\/a31.video2.blip.tv\/11780008840674\/Politikanstvo-FerhatDinoaUEmisijiIvaIstinaNaTVIN24Juna2011529.flv[\/flv]<\/p>\n","protected":false},"excerpt":{"rendered":"<p>Ministar za ljudska i manjinska prava Ferhat Dino\u0161a priprema se da politi\u010dku karijeru nastavi kao ambasador Crne Gore u Albaniji. Predstavnici albanskih partija su ga kritikovali da on vi\u0161e brine o svojim nego o interesima Albanaca, dok se NVO sektor obru\u0161io na njega zbog toga \u0161to nije podr\u017eavao LGBT populaciju. \u201cKritike koje su stigle iz [&hellip;]<\/p>\n","protected":false},"author":1,"featured_media":0,"comment_status":"open","ping_status":"closed","sticky":false,"template":"","format":"standard","meta":{"spay_email":"","jetpack_publicize_message":"","jetpack_is_tweetstorm":false,"jetpack_publicize_feature_enabled":true},"categories":[8337],"tags":[20,88,19455,12254],"jetpack_publicize_connections":[],"yoast_head":"<!-- This site is optimized with the Yoast SEO plugin v19.1 - https:\/\/yoast.com\/wordpress\/plugins\/seo\/ -->\n<title>Dino\u0161a ne\u0107e oti\u0107i bez odgovora - Video TV IN - Lajme nga Ulqini<\/title>\n<meta name=\"description\" content=\"Ministar za ljudska i manjinska prava Ferhat Dino\u0161a priprema se da politi\u010dku karijeru nastavi kao ambasador Crne Gore u Albaniji. Predstavnici albanskih\" \/>\n<meta name=\"robots\" content=\"index, follow, max-snippet:-1, max-image-preview:large, max-video-preview:-1\" \/>\n<link rel=\"canonical\" href=\"https:\/\/www.visit-ulcinj.com\/blog\/2011\/11\/16\/dinosa-nece-otici-bez-odgovora-video-tv-in\/\" \/>\n<meta property=\"og:locale\" content=\"en_US\" \/>\n<meta property=\"og:type\" content=\"article\" \/>\n<meta property=\"og:title\" content=\"Dino\u0161a ne\u0107e oti\u0107i bez odgovora - Video TV IN - Lajme nga Ulqini\" \/>\n<meta property=\"og:description\" content=\"Ministar za ljudska i manjinska prava Ferhat Dino\u0161a priprema se da politi\u010dku karijeru nastavi kao ambasador Crne Gore u Albaniji. Predstavnici albanskih\" \/>\n<meta property=\"og:url\" content=\"https:\/\/www.visit-ulcinj.com\/blog\/2011\/11\/16\/dinosa-nece-otici-bez-odgovora-video-tv-in\/\" \/>\n<meta property=\"og:site_name\" content=\"Lajme nga Ulqini\" \/>\n<meta property=\"article:published_time\" content=\"2011-11-16T10:15:45+00:00\" \/>\n<meta property=\"article:modified_time\" content=\"2011-11-16T10:44:07+00:00\" \/>\n<meta property=\"og:image\" content=\"http:\/\/www.visit-ulcinj.com\/blog\/wp-content\/uploads\/2011\/11\/Ferhat-Dinosa.jpg\" \/>\n<meta name=\"twitter:label1\" content=\"Written by\" \/>\n\t<meta name=\"twitter:data1\" content=\"ulqini\" \/>\n\t<meta name=\"twitter:label2\" content=\"Est. reading time\" \/>\n\t<meta name=\"twitter:data2\" content=\"1 minute\" \/>\n<script type=\"application\/ld+json\" class=\"yoast-schema-graph\">{\"@context\":\"https:\/\/schema.org\",\"@graph\":[{\"@type\":\"WebSite\",\"@id\":\"https:\/\/www.visit-ulcinj.com\/blog\/#website\",\"url\":\"https:\/\/www.visit-ulcinj.com\/blog\/\",\"name\":\"Lajme nga Ulqini\",\"description\":\"Lajme,Vijesti,Ulqini,Ulqin,Crna Gora,Mali i Zi\",\"potentialAction\":[{\"@type\":\"SearchAction\",\"target\":{\"@type\":\"EntryPoint\",\"urlTemplate\":\"https:\/\/www.visit-ulcinj.com\/blog\/?s={search_term_string}\"},\"query-input\":\"required name=search_term_string\"}],\"inLanguage\":\"en-US\"},{\"@type\":\"ImageObject\",\"inLanguage\":\"en-US\",\"@id\":\"https:\/\/www.visit-ulcinj.com\/blog\/2011\/11\/16\/dinosa-nece-otici-bez-odgovora-video-tv-in\/#primaryimage\",\"url\":\"https:\/\/www.visit-ulcinj.com\/blog\/wp-content\/uploads\/2011\/11\/Ferhat-Dinosa.jpg\",\"contentUrl\":\"https:\/\/www.visit-ulcinj.com\/blog\/wp-content\/uploads\/2011\/11\/Ferhat-Dinosa.jpg\",\"width\":\"548\",\"height\":\"646\"},{\"@type\":\"WebPage\",\"@id\":\"https:\/\/www.visit-ulcinj.com\/blog\/2011\/11\/16\/dinosa-nece-otici-bez-odgovora-video-tv-in\/#webpage\",\"url\":\"https:\/\/www.visit-ulcinj.com\/blog\/2011\/11\/16\/dinosa-nece-otici-bez-odgovora-video-tv-in\/\",\"name\":\"Dino\u0161a ne\u0107e oti\u0107i bez odgovora - Video TV IN - Lajme nga Ulqini\",\"isPartOf\":{\"@id\":\"https:\/\/www.visit-ulcinj.com\/blog\/#website\"},\"primaryImageOfPage\":{\"@id\":\"https:\/\/www.visit-ulcinj.com\/blog\/2011\/11\/16\/dinosa-nece-otici-bez-odgovora-video-tv-in\/#primaryimage\"},\"datePublished\":\"2011-11-16T10:15:45+00:00\",\"dateModified\":\"2011-11-16T10:44:07+00:00\",\"author\":{\"@id\":\"https:\/\/www.visit-ulcinj.com\/blog\/#\/schema\/person\/dcab619c614d3038751c63bc2aadc06d\"},\"description\":\"Ministar za ljudska i manjinska prava Ferhat Dino\u0161a priprema se da politi\u010dku karijeru nastavi kao ambasador Crne Gore u Albaniji. Predstavnici albanskih\",\"breadcrumb\":{\"@id\":\"https:\/\/www.visit-ulcinj.com\/blog\/2011\/11\/16\/dinosa-nece-otici-bez-odgovora-video-tv-in\/#breadcrumb\"},\"inLanguage\":\"en-US\",\"potentialAction\":[{\"@type\":\"ReadAction\",\"target\":[\"https:\/\/www.visit-ulcinj.com\/blog\/2011\/11\/16\/dinosa-nece-otici-bez-odgovora-video-tv-in\/\"]}]},{\"@type\":\"BreadcrumbList\",\"@id\":\"https:\/\/www.visit-ulcinj.com\/blog\/2011\/11\/16\/dinosa-nece-otici-bez-odgovora-video-tv-in\/#breadcrumb\",\"itemListElement\":[{\"@type\":\"ListItem\",\"position\":1,\"name\":\"Dino\u0161a ne\u0107e oti\u0107i bez odgovora &#8211; Video TV IN\"}]},{\"@type\":\"Person\",\"@id\":\"https:\/\/www.visit-ulcinj.com\/blog\/#\/schema\/person\/dcab619c614d3038751c63bc2aadc06d\",\"name\":\"ulqini\",\"sameAs\":[\"http:\/\/www.visit-ulcinj.com\"],\"url\":\"https:\/\/www.visit-ulcinj.com\/blog\/author\/admin\/\"}]}<\/script>\n<!-- \/ Yoast SEO plugin. -->","yoast_head_json":{"title":"Dino\u0161a ne\u0107e oti\u0107i bez odgovora - Video TV IN - Lajme nga Ulqini","description":"Ministar za ljudska i manjinska prava Ferhat Dino\u0161a priprema se da politi\u010dku karijeru nastavi kao ambasador Crne Gore u Albaniji. Predstavnici albanskih","robots":{"index":"index","follow":"follow","max-snippet":"max-snippet:-1","max-image-preview":"max-image-preview:large","max-video-preview":"max-video-preview:-1"},"canonical":"https:\/\/www.visit-ulcinj.com\/blog\/2011\/11\/16\/dinosa-nece-otici-bez-odgovora-video-tv-in\/","og_locale":"en_US","og_type":"article","og_title":"Dino\u0161a ne\u0107e oti\u0107i bez odgovora - Video TV IN - Lajme nga Ulqini","og_description":"Ministar za ljudska i manjinska prava Ferhat Dino\u0161a priprema se da politi\u010dku karijeru nastavi kao ambasador Crne Gore u Albaniji. Predstavnici albanskih","og_url":"https:\/\/www.visit-ulcinj.com\/blog\/2011\/11\/16\/dinosa-nece-otici-bez-odgovora-video-tv-in\/","og_site_name":"Lajme nga Ulqini","article_published_time":"2011-11-16T10:15:45+00:00","article_modified_time":"2011-11-16T10:44:07+00:00","og_image":[{"url":"http:\/\/www.visit-ulcinj.com\/blog\/wp-content\/uploads\/2011\/11\/Ferhat-Dinosa.jpg"}],"twitter_misc":{"Written by":"ulqini","Est. reading time":"1 minute"},"schema":{"@context":"https:\/\/schema.org","@graph":[{"@type":"WebSite","@id":"https:\/\/www.visit-ulcinj.com\/blog\/#website","url":"https:\/\/www.visit-ulcinj.com\/blog\/","name":"Lajme nga Ulqini","description":"Lajme,Vijesti,Ulqini,Ulqin,Crna Gora,Mali i Zi","potentialAction":[{"@type":"SearchAction","target":{"@type":"EntryPoint","urlTemplate":"https:\/\/www.visit-ulcinj.com\/blog\/?s={search_term_string}"},"query-input":"required name=search_term_string"}],"inLanguage":"en-US"},{"@type":"ImageObject","inLanguage":"en-US","@id":"https:\/\/www.visit-ulcinj.com\/blog\/2011\/11\/16\/dinosa-nece-otici-bez-odgovora-video-tv-in\/#primaryimage","url":"https:\/\/www.visit-ulcinj.com\/blog\/wp-content\/uploads\/2011\/11\/Ferhat-Dinosa.jpg","contentUrl":"https:\/\/www.visit-ulcinj.com\/blog\/wp-content\/uploads\/2011\/11\/Ferhat-Dinosa.jpg","width":"548","height":"646"},{"@type":"WebPage","@id":"https:\/\/www.visit-ulcinj.com\/blog\/2011\/11\/16\/dinosa-nece-otici-bez-odgovora-video-tv-in\/#webpage","url":"https:\/\/www.visit-ulcinj.com\/blog\/2011\/11\/16\/dinosa-nece-otici-bez-odgovora-video-tv-in\/","name":"Dino\u0161a ne\u0107e oti\u0107i bez odgovora - Video TV IN - Lajme nga Ulqini","isPartOf":{"@id":"https:\/\/www.visit-ulcinj.com\/blog\/#website"},"primaryImageOfPage":{"@id":"https:\/\/www.visit-ulcinj.com\/blog\/2011\/11\/16\/dinosa-nece-otici-bez-odgovora-video-tv-in\/#primaryimage"},"datePublished":"2011-11-16T10:15:45+00:00","dateModified":"2011-11-16T10:44:07+00:00","author":{"@id":"https:\/\/www.visit-ulcinj.com\/blog\/#\/schema\/person\/dcab619c614d3038751c63bc2aadc06d"},"description":"Ministar za ljudska i manjinska prava Ferhat Dino\u0161a priprema se da politi\u010dku karijeru nastavi kao ambasador Crne Gore u Albaniji. Predstavnici albanskih","breadcrumb":{"@id":"https:\/\/www.visit-ulcinj.com\/blog\/2011\/11\/16\/dinosa-nece-otici-bez-odgovora-video-tv-in\/#breadcrumb"},"inLanguage":"en-US","potentialAction":[{"@type":"ReadAction","target":["https:\/\/www.visit-ulcinj.com\/blog\/2011\/11\/16\/dinosa-nece-otici-bez-odgovora-video-tv-in\/"]}]},{"@type":"BreadcrumbList","@id":"https:\/\/www.visit-ulcinj.com\/blog\/2011\/11\/16\/dinosa-nece-otici-bez-odgovora-video-tv-in\/#breadcrumb","itemListElement":[{"@type":"ListItem","position":1,"name":"Dino\u0161a ne\u0107e oti\u0107i bez odgovora &#8211; Video TV IN"}]},{"@type":"Person","@id":"https:\/\/www.visit-ulcinj.com\/blog\/#\/schema\/person\/dcab619c614d3038751c63bc2aadc06d","name":"ulqini","sameAs":["http:\/\/www.visit-ulcinj.com"],"url":"https:\/\/www.visit-ulcinj.com\/blog\/author\/admin\/"}]}},"jetpack_featured_media_url":"","jetpack_sharing_enabled":true,"jetpack_shortlink":"https:\/\/wp.me\/pe6lTn-dS4","_links":{"self":[{"href":"https:\/\/www.visit-ulcinj.com\/blog\/wp-json\/wp\/v2\/posts\/53324"}],"collection":[{"href":"https:\/\/www.visit-ulcinj.com\/blog\/wp-json\/wp\/v2\/posts"}],"about":[{"href":"https:\/\/www.visit-ulcinj.com\/blog\/wp-json\/wp\/v2\/types\/post"}],"author":[{"embeddable":true,"href":"https:\/\/www.visit-ulcinj.com\/blog\/wp-json\/wp\/v2\/users\/1"}],"replies":[{"embeddable":true,"href":"https:\/\/www.visit-ulcinj.com\/blog\/wp-json\/wp\/v2\/comments?post=53324"}],"version-history":[{"count":2,"href":"https:\/\/www.visit-ulcinj.com\/blog\/wp-json\/wp\/v2\/posts\/53324\/revisions"}],"predecessor-version":[{"id":53330,"href":"https:\/\/www.visit-ulcinj.com\/blog\/wp-json\/wp\/v2\/posts\/53324\/revisions\/53330"}],"wp:attachment":[{"href":"https:\/\/www.visit-ulcinj.com\/blog\/wp-json\/wp\/v2\/media?parent=53324"}],"wp:term":[{"taxonomy":"category","embeddable":true,"href":"https:\/\/www.visit-ulcinj.com\/blog\/wp-json\/wp\/v2\/categories?post=53324"},{"taxonomy":"post_tag","embeddable":true,"href":"https:\/\/www.visit-ulcinj.com\/blog\/wp-json\/wp\/v2\/tags?post=53324"}],"curies":[{"name":"wp","href":"https:\/\/api.w.org\/{rel}","templated":true}]}}