{"id":53327,"date":"2011-11-16T11:41:25","date_gmt":"2011-11-16T10:41:25","guid":{"rendered":"http:\/\/www.visit-ulcinj.com\/blog\/?p=53327"},"modified":"2011-11-16T11:41:25","modified_gmt":"2011-11-16T10:41:25","slug":"formira-se-jos-jedna-albanska-stranka","status":"publish","type":"post","link":"https:\/\/www.visit-ulcinj.com\/blog\/2011\/11\/16\/formira-se-jos-jedna-albanska-stranka\/","title":{"rendered":"Formira se jo\u0161 jedna albanska stranka"},"content":{"rendered":"<p><a href=\"http:\/\/www.visit-ulcinj.com\/blog\/wp-content\/uploads\/2011\/11\/Formira-se-jos-jedna-albanska-stranka-u-Crnu-Goru.jpg\"><img loading=\"lazy\" class=\"alignleft size-full wp-image-53328\" title=\"Formira se jos jedna albanska stranka u Crnu Goru\" src=\"http:\/\/www.visit-ulcinj.com\/blog\/wp-content\/uploads\/2011\/11\/Formira-se-jos-jedna-albanska-stranka-u-Crnu-Goru.jpg\" alt=\"\" width=\"340\" height=\"323\" \/><\/a>U Crnoj Gori bi trebalo ubrzo da se formira jo\u0161 jedna albanska partija, saznaju Dnevne novine.<\/p>\n<p>U toku su pregovori o stvaranju nove partije otcijepljenog krila Demokratske unije Albanaca &#8211; Fatmira \u0110eke, Partije demokratskog prosperiteta \u010diji je lider Ali Red\u017ea i Perspektive, na \u010dijem je \u010delu Amir Holaj.<\/p>\n<p>Nova partija nosi\u0107e naziv Demokratska stranka, a ve\u0107 je, kako saznaje list, napravljen i za\u0161titni znak partije.<\/p>\n<p>Pri kraju su dogovori o raspodjeli \u010delnih funkcija. Lider partije bi\u0107e Fatmir \u0110eka, politi\u010dar koji je doprinio stvaranju nove lokalne vlasti u najju\u017enijoj crnogorskoj op\u0161tini.<\/p>\n<p>Mada je za formiranje nacionalne partije predvi\u0111eno 200 potpisa, od pokreta\u010da ove inicijative Dnevne novine saznaju da su za pristupnicu ve\u0107 prikupili vi\u0161e od 1.000 potpisa gra\u0111ana.<br \/>\n<strong><br \/>\n<a href=\"http:\/\/www.cafemontenegro.com\/index.php?group=23&amp;news=211508\" target=\"_blank\">Izvor: Dnevne novine<br \/>\nCDM <\/a><\/strong><\/p>\n","protected":false},"excerpt":{"rendered":"<p>U Crnoj Gori bi trebalo ubrzo da se formira jo\u0161 jedna albanska partija, saznaju Dnevne novine. U toku su pregovori o stvaranju nove partije otcijepljenog krila Demokratske unije Albanaca &#8211; Fatmira \u0110eke, Partije demokratskog prosperiteta \u010diji je lider Ali Red\u017ea i Perspektive, na \u010dijem je \u010delu Amir Holaj. Nova partija nosi\u0107e naziv Demokratska stranka, a [&hellip;]<\/p>\n","protected":false},"author":1,"featured_media":0,"comment_status":"open","ping_status":"closed","sticky":false,"template":"","format":"standard","meta":{"spay_email":"","jetpack_publicize_message":"","jetpack_is_tweetstorm":false,"jetpack_publicize_feature_enabled":true},"categories":[8337],"tags":[19089,20,19],"jetpack_publicize_connections":[],"yoast_head":"<!-- This site is optimized with the Yoast SEO plugin v19.1 - https:\/\/yoast.com\/wordpress\/plugins\/seo\/ -->\n<title>Formira se jo\u0161 jedna albanska stranka - Lajme nga Ulqini<\/title>\n<meta name=\"description\" content=\"U Crnoj Gori bi trebalo ubrzo da se formira jo\u0161 jedna albanska partija, saznaju Dnevne novine. U toku su pregovori o stvaranju nove partije otcijepljenog\" \/>\n<meta name=\"robots\" content=\"index, follow, max-snippet:-1, max-image-preview:large, max-video-preview:-1\" \/>\n<link rel=\"canonical\" href=\"https:\/\/www.visit-ulcinj.com\/blog\/2011\/11\/16\/formira-se-jos-jedna-albanska-stranka\/\" \/>\n<meta property=\"og:locale\" content=\"en_US\" \/>\n<meta property=\"og:type\" content=\"article\" \/>\n<meta property=\"og:title\" content=\"Formira se jo\u0161 jedna albanska stranka - Lajme nga Ulqini\" \/>\n<meta property=\"og:description\" content=\"U Crnoj Gori bi trebalo ubrzo da se formira jo\u0161 jedna albanska partija, saznaju Dnevne novine. U toku su pregovori o stvaranju nove partije otcijepljenog\" \/>\n<meta property=\"og:url\" content=\"https:\/\/www.visit-ulcinj.com\/blog\/2011\/11\/16\/formira-se-jos-jedna-albanska-stranka\/\" \/>\n<meta property=\"og:site_name\" content=\"Lajme nga Ulqini\" \/>\n<meta property=\"article:published_time\" content=\"2011-11-16T10:41:25+00:00\" \/>\n<meta property=\"og:image\" content=\"http:\/\/www.visit-ulcinj.com\/blog\/wp-content\/uploads\/2011\/11\/Formira-se-jos-jedna-albanska-stranka-u-Crnu-Goru.jpg\" \/>\n<meta name=\"twitter:label1\" content=\"Written by\" \/>\n\t<meta name=\"twitter:data1\" content=\"ulqini\" \/>\n\t<meta name=\"twitter:label2\" content=\"Est. reading time\" \/>\n\t<meta name=\"twitter:data2\" content=\"1 minute\" \/>\n<script type=\"application\/ld+json\" class=\"yoast-schema-graph\">{\"@context\":\"https:\/\/schema.org\",\"@graph\":[{\"@type\":\"WebSite\",\"@id\":\"https:\/\/www.visit-ulcinj.com\/blog\/#website\",\"url\":\"https:\/\/www.visit-ulcinj.com\/blog\/\",\"name\":\"Lajme nga Ulqini\",\"description\":\"Lajme,Vijesti,Ulqini,Ulqin,Crna Gora,Mali i Zi\",\"potentialAction\":[{\"@type\":\"SearchAction\",\"target\":{\"@type\":\"EntryPoint\",\"urlTemplate\":\"https:\/\/www.visit-ulcinj.com\/blog\/?s={search_term_string}\"},\"query-input\":\"required name=search_term_string\"}],\"inLanguage\":\"en-US\"},{\"@type\":\"ImageObject\",\"inLanguage\":\"en-US\",\"@id\":\"https:\/\/www.visit-ulcinj.com\/blog\/2011\/11\/16\/formira-se-jos-jedna-albanska-stranka\/#primaryimage\",\"url\":\"https:\/\/www.visit-ulcinj.com\/blog\/wp-content\/uploads\/2011\/11\/Formira-se-jos-jedna-albanska-stranka-u-Crnu-Goru.jpg\",\"contentUrl\":\"https:\/\/www.visit-ulcinj.com\/blog\/wp-content\/uploads\/2011\/11\/Formira-se-jos-jedna-albanska-stranka-u-Crnu-Goru.jpg\",\"width\":\"399\",\"height\":\"323\"},{\"@type\":\"WebPage\",\"@id\":\"https:\/\/www.visit-ulcinj.com\/blog\/2011\/11\/16\/formira-se-jos-jedna-albanska-stranka\/#webpage\",\"url\":\"https:\/\/www.visit-ulcinj.com\/blog\/2011\/11\/16\/formira-se-jos-jedna-albanska-stranka\/\",\"name\":\"Formira se jo\u0161 jedna albanska stranka - Lajme nga Ulqini\",\"isPartOf\":{\"@id\":\"https:\/\/www.visit-ulcinj.com\/blog\/#website\"},\"primaryImageOfPage\":{\"@id\":\"https:\/\/www.visit-ulcinj.com\/blog\/2011\/11\/16\/formira-se-jos-jedna-albanska-stranka\/#primaryimage\"},\"datePublished\":\"2011-11-16T10:41:25+00:00\",\"dateModified\":\"2011-11-16T10:41:25+00:00\",\"author\":{\"@id\":\"https:\/\/www.visit-ulcinj.com\/blog\/#\/schema\/person\/dcab619c614d3038751c63bc2aadc06d\"},\"description\":\"U Crnoj Gori bi trebalo ubrzo da se formira jo\u0161 jedna albanska partija, saznaju Dnevne novine. U toku su pregovori o stvaranju nove partije otcijepljenog\",\"breadcrumb\":{\"@id\":\"https:\/\/www.visit-ulcinj.com\/blog\/2011\/11\/16\/formira-se-jos-jedna-albanska-stranka\/#breadcrumb\"},\"inLanguage\":\"en-US\",\"potentialAction\":[{\"@type\":\"ReadAction\",\"target\":[\"https:\/\/www.visit-ulcinj.com\/blog\/2011\/11\/16\/formira-se-jos-jedna-albanska-stranka\/\"]}]},{\"@type\":\"BreadcrumbList\",\"@id\":\"https:\/\/www.visit-ulcinj.com\/blog\/2011\/11\/16\/formira-se-jos-jedna-albanska-stranka\/#breadcrumb\",\"itemListElement\":[{\"@type\":\"ListItem\",\"position\":1,\"name\":\"Formira se jo\u0161 jedna albanska stranka\"}]},{\"@type\":\"Person\",\"@id\":\"https:\/\/www.visit-ulcinj.com\/blog\/#\/schema\/person\/dcab619c614d3038751c63bc2aadc06d\",\"name\":\"ulqini\",\"sameAs\":[\"http:\/\/www.visit-ulcinj.com\"],\"url\":\"https:\/\/www.visit-ulcinj.com\/blog\/author\/admin\/\"}]}<\/script>\n<!-- \/ Yoast SEO plugin. -->","yoast_head_json":{"title":"Formira se jo\u0161 jedna albanska stranka - Lajme nga Ulqini","description":"U Crnoj Gori bi trebalo ubrzo da se formira jo\u0161 jedna albanska partija, saznaju Dnevne novine. U toku su pregovori o stvaranju nove partije otcijepljenog","robots":{"index":"index","follow":"follow","max-snippet":"max-snippet:-1","max-image-preview":"max-image-preview:large","max-video-preview":"max-video-preview:-1"},"canonical":"https:\/\/www.visit-ulcinj.com\/blog\/2011\/11\/16\/formira-se-jos-jedna-albanska-stranka\/","og_locale":"en_US","og_type":"article","og_title":"Formira se jo\u0161 jedna albanska stranka - Lajme nga Ulqini","og_description":"U Crnoj Gori bi trebalo ubrzo da se formira jo\u0161 jedna albanska partija, saznaju Dnevne novine. U toku su pregovori o stvaranju nove partije otcijepljenog","og_url":"https:\/\/www.visit-ulcinj.com\/blog\/2011\/11\/16\/formira-se-jos-jedna-albanska-stranka\/","og_site_name":"Lajme nga Ulqini","article_published_time":"2011-11-16T10:41:25+00:00","og_image":[{"url":"http:\/\/www.visit-ulcinj.com\/blog\/wp-content\/uploads\/2011\/11\/Formira-se-jos-jedna-albanska-stranka-u-Crnu-Goru.jpg"}],"twitter_misc":{"Written by":"ulqini","Est. reading time":"1 minute"},"schema":{"@context":"https:\/\/schema.org","@graph":[{"@type":"WebSite","@id":"https:\/\/www.visit-ulcinj.com\/blog\/#website","url":"https:\/\/www.visit-ulcinj.com\/blog\/","name":"Lajme nga Ulqini","description":"Lajme,Vijesti,Ulqini,Ulqin,Crna Gora,Mali i Zi","potentialAction":[{"@type":"SearchAction","target":{"@type":"EntryPoint","urlTemplate":"https:\/\/www.visit-ulcinj.com\/blog\/?s={search_term_string}"},"query-input":"required name=search_term_string"}],"inLanguage":"en-US"},{"@type":"ImageObject","inLanguage":"en-US","@id":"https:\/\/www.visit-ulcinj.com\/blog\/2011\/11\/16\/formira-se-jos-jedna-albanska-stranka\/#primaryimage","url":"https:\/\/www.visit-ulcinj.com\/blog\/wp-content\/uploads\/2011\/11\/Formira-se-jos-jedna-albanska-stranka-u-Crnu-Goru.jpg","contentUrl":"https:\/\/www.visit-ulcinj.com\/blog\/wp-content\/uploads\/2011\/11\/Formira-se-jos-jedna-albanska-stranka-u-Crnu-Goru.jpg","width":"399","height":"323"},{"@type":"WebPage","@id":"https:\/\/www.visit-ulcinj.com\/blog\/2011\/11\/16\/formira-se-jos-jedna-albanska-stranka\/#webpage","url":"https:\/\/www.visit-ulcinj.com\/blog\/2011\/11\/16\/formira-se-jos-jedna-albanska-stranka\/","name":"Formira se jo\u0161 jedna albanska stranka - Lajme nga Ulqini","isPartOf":{"@id":"https:\/\/www.visit-ulcinj.com\/blog\/#website"},"primaryImageOfPage":{"@id":"https:\/\/www.visit-ulcinj.com\/blog\/2011\/11\/16\/formira-se-jos-jedna-albanska-stranka\/#primaryimage"},"datePublished":"2011-11-16T10:41:25+00:00","dateModified":"2011-11-16T10:41:25+00:00","author":{"@id":"https:\/\/www.visit-ulcinj.com\/blog\/#\/schema\/person\/dcab619c614d3038751c63bc2aadc06d"},"description":"U Crnoj Gori bi trebalo ubrzo da se formira jo\u0161 jedna albanska partija, saznaju Dnevne novine. U toku su pregovori o stvaranju nove partije otcijepljenog","breadcrumb":{"@id":"https:\/\/www.visit-ulcinj.com\/blog\/2011\/11\/16\/formira-se-jos-jedna-albanska-stranka\/#breadcrumb"},"inLanguage":"en-US","potentialAction":[{"@type":"ReadAction","target":["https:\/\/www.visit-ulcinj.com\/blog\/2011\/11\/16\/formira-se-jos-jedna-albanska-stranka\/"]}]},{"@type":"BreadcrumbList","@id":"https:\/\/www.visit-ulcinj.com\/blog\/2011\/11\/16\/formira-se-jos-jedna-albanska-stranka\/#breadcrumb","itemListElement":[{"@type":"ListItem","position":1,"name":"Formira se jo\u0161 jedna albanska stranka"}]},{"@type":"Person","@id":"https:\/\/www.visit-ulcinj.com\/blog\/#\/schema\/person\/dcab619c614d3038751c63bc2aadc06d","name":"ulqini","sameAs":["http:\/\/www.visit-ulcinj.com"],"url":"https:\/\/www.visit-ulcinj.com\/blog\/author\/admin\/"}]}},"jetpack_featured_media_url":"","jetpack_sharing_enabled":true,"jetpack_shortlink":"https:\/\/wp.me\/pe6lTn-dS7","_links":{"self":[{"href":"https:\/\/www.visit-ulcinj.com\/blog\/wp-json\/wp\/v2\/posts\/53327"}],"collection":[{"href":"https:\/\/www.visit-ulcinj.com\/blog\/wp-json\/wp\/v2\/posts"}],"about":[{"href":"https:\/\/www.visit-ulcinj.com\/blog\/wp-json\/wp\/v2\/types\/post"}],"author":[{"embeddable":true,"href":"https:\/\/www.visit-ulcinj.com\/blog\/wp-json\/wp\/v2\/users\/1"}],"replies":[{"embeddable":true,"href":"https:\/\/www.visit-ulcinj.com\/blog\/wp-json\/wp\/v2\/comments?post=53327"}],"version-history":[{"count":1,"href":"https:\/\/www.visit-ulcinj.com\/blog\/wp-json\/wp\/v2\/posts\/53327\/revisions"}],"predecessor-version":[{"id":53329,"href":"https:\/\/www.visit-ulcinj.com\/blog\/wp-json\/wp\/v2\/posts\/53327\/revisions\/53329"}],"wp:attachment":[{"href":"https:\/\/www.visit-ulcinj.com\/blog\/wp-json\/wp\/v2\/media?parent=53327"}],"wp:term":[{"taxonomy":"category","embeddable":true,"href":"https:\/\/www.visit-ulcinj.com\/blog\/wp-json\/wp\/v2\/categories?post=53327"},{"taxonomy":"post_tag","embeddable":true,"href":"https:\/\/www.visit-ulcinj.com\/blog\/wp-json\/wp\/v2\/tags?post=53327"}],"curies":[{"name":"wp","href":"https:\/\/api.w.org\/{rel}","templated":true}]}}