{"id":53331,"date":"2011-11-16T13:52:29","date_gmt":"2011-11-16T12:52:29","guid":{"rendered":"http:\/\/www.visit-ulcinj.com\/blog\/?p=53331"},"modified":"2011-11-19T18:25:04","modified_gmt":"2011-11-19T17:25:04","slug":"partia-demokratikeparti-e-re-politike-shqiptare-ne-mal-te-zi","status":"publish","type":"post","link":"https:\/\/www.visit-ulcinj.com\/blog\/2011\/11\/16\/partia-demokratikeparti-e-re-politike-shqiptare-ne-mal-te-zi\/","title":{"rendered":"Partia Demokratike,parti e re politike shqiptare n\u00eb Mal t\u00eb Zi"},"content":{"rendered":"<p><a href=\"http:\/\/www.visit-ulcinj.com\/blog\/wp-content\/uploads\/2011\/11\/Partia-Demokratike_Ana-Malit_Ulqin_Mali-i-Zi.jpg\"><img loading=\"lazy\" class=\"alignleft size-full wp-image-53332\" title=\"Partia Demokratike_Ana Malit_Ulqin_Mali i Zi\" src=\"http:\/\/www.visit-ulcinj.com\/blog\/wp-content\/uploads\/2011\/11\/Partia-Demokratike_Ana-Malit_Ulqin_Mali-i-Zi.jpg\" alt=\"\" width=\"350\" height=\"300\" \/><\/a>N\u00eb sken\u00ebn politike n\u00eb Mal t\u00eb Zi flitet se n\u00eb themelim e sip\u00ebr \u00ebsht\u00eb edhe nj\u00eb parti e re politike shqiptare, e cila do t\u00eb quhet Partia Demokratike, b\u00ebn t\u00eb ditur Ulqini Online.<\/p>\n<p>Negociatat p\u00ebr k\u00ebt\u00eb jan\u00eb duke u zhvilluar n\u00eb mes t\u00eb krahut t\u00eb shk\u00ebputur nga UDSH, Partis\u00eb s\u00eb Prosperitet Demokratik dhe L\u00ebvizjes Perspektiva, shkruan Dnevne Novine.<br \/>\nPartia e re do t\u00eb ket\u00eb emrin\u00a0 Partia Demokratike.<\/p>\n<p>K\u00ebt\u00eb ide e nuk e kan konfirmuar, por as mohuar njeri prej zyrtar\u00ebve t\u00eb lart\u00eb t\u00eb Partis\u00eb s\u00eb Prosperitetit Demokratik ,PPD,Ali Rexha, as ato t\u00eb krahut t\u00eb shk\u00ebputur nga UDSH-ja,Fatmir Gjeka,dhe as nga L\u00ebvizja Perspektiva,Amir Hollaj.<\/p>\n<p>N\u00eb fund jan\u00eb edhe bisedimet rreth ndarjes t\u00eb funksioneve t\u00eb cil\u00ebt do t\u00eb udh\u00ebheqin k\u00ebt\u00eb parti. Si\u00e7 m\u00ebson gazeta n\u00eb fjale, pritet q\u00eb lider i k\u00ebsaj partie te jet\u00eb Fatmir Gjeka.<\/p>\n<p>Edhe pse p\u00ebr formimin e nj\u00eb partie n\u00eb nivel shtet\u00ebror duhen 2000 n\u00ebnshkrime, nga nism\u00ebtaret e k\u00ebsaj nisme m\u00ebsohet se tashm\u00eb jan\u00eb mbledhur mbi 1000 firma.<strong><\/strong><\/p>\n<p>K\u00ebshilli drejtues i PPD ende nuk ka dalur n\u00eb opinion, por vet\u00eb fakti se dit\u00ebn e zyrtarizimit para gazetar\u00ebve, ishin t\u00eb pranish\u00ebm edhe shumic\u00eb e an\u00ebtar\u00ebve t\u00eb K\u00ebshillit drejtues,q\u00eb tregon qart\u00eb se kend p\u00ebrkrah PPD.<\/p>\n","protected":false},"excerpt":{"rendered":"<p>N\u00eb sken\u00ebn politike n\u00eb Mal t\u00eb Zi flitet se n\u00eb themelim e sip\u00ebr \u00ebsht\u00eb edhe nj\u00eb parti e re politike shqiptare, e cila do t\u00eb quhet Partia Demokratike, b\u00ebn t\u00eb ditur Ulqini Online. Negociatat p\u00ebr k\u00ebt\u00eb jan\u00eb duke u zhvilluar n\u00eb mes t\u00eb krahut t\u00eb shk\u00ebputur nga UDSH, Partis\u00eb s\u00eb Prosperitet Demokratik dhe L\u00ebvizjes Perspektiva, [&hellip;]<\/p>\n","protected":false},"author":1,"featured_media":0,"comment_status":"open","ping_status":"closed","sticky":false,"template":"","format":"standard","meta":{"spay_email":"","jetpack_publicize_message":"","jetpack_is_tweetstorm":false,"jetpack_publicize_feature_enabled":true},"categories":[6,11],"tags":[95,19456,11584,200,18],"jetpack_publicize_connections":[],"yoast_head":"<!-- This site is optimized with the Yoast SEO plugin v19.1 - https:\/\/yoast.com\/wordpress\/plugins\/seo\/ -->\n<title>Partia Demokratike,parti e re politike shqiptare n\u00eb Mal t\u00eb Zi - Lajme nga Ulqini<\/title>\n<meta name=\"description\" content=\"N\u00eb sken\u00ebn politike n\u00eb Mal t\u00eb Zi flitet se n\u00eb themelim e sip\u00ebr \u00ebsht\u00eb edhe nj\u00eb parti e re politike shqiptare, e cila do t\u00eb quhet Partia Demokratike, b\u00ebn t\u00eb\" \/>\n<meta name=\"robots\" content=\"index, follow, max-snippet:-1, max-image-preview:large, max-video-preview:-1\" \/>\n<link rel=\"canonical\" href=\"https:\/\/www.visit-ulcinj.com\/blog\/2011\/11\/16\/partia-demokratikeparti-e-re-politike-shqiptare-ne-mal-te-zi\/\" \/>\n<meta property=\"og:locale\" content=\"en_US\" \/>\n<meta property=\"og:type\" content=\"article\" \/>\n<meta property=\"og:title\" content=\"Partia Demokratike,parti e re politike shqiptare n\u00eb Mal t\u00eb Zi - Lajme nga Ulqini\" \/>\n<meta property=\"og:description\" content=\"N\u00eb sken\u00ebn politike n\u00eb Mal t\u00eb Zi flitet se n\u00eb themelim e sip\u00ebr \u00ebsht\u00eb edhe nj\u00eb parti e re politike shqiptare, e cila do t\u00eb quhet Partia Demokratike, b\u00ebn t\u00eb\" \/>\n<meta property=\"og:url\" content=\"https:\/\/www.visit-ulcinj.com\/blog\/2011\/11\/16\/partia-demokratikeparti-e-re-politike-shqiptare-ne-mal-te-zi\/\" \/>\n<meta property=\"og:site_name\" content=\"Lajme nga Ulqini\" \/>\n<meta property=\"article:published_time\" content=\"2011-11-16T12:52:29+00:00\" \/>\n<meta property=\"article:modified_time\" content=\"2011-11-19T17:25:04+00:00\" \/>\n<meta property=\"og:image\" content=\"http:\/\/www.visit-ulcinj.com\/blog\/wp-content\/uploads\/2011\/11\/Partia-Demokratike_Ana-Malit_Ulqin_Mali-i-Zi.jpg\" \/>\n<meta name=\"twitter:label1\" content=\"Written by\" \/>\n\t<meta name=\"twitter:data1\" content=\"ulqini\" \/>\n\t<meta name=\"twitter:label2\" content=\"Est. reading time\" \/>\n\t<meta name=\"twitter:data2\" content=\"1 minute\" \/>\n<script type=\"application\/ld+json\" class=\"yoast-schema-graph\">{\"@context\":\"https:\/\/schema.org\",\"@graph\":[{\"@type\":\"WebSite\",\"@id\":\"https:\/\/www.visit-ulcinj.com\/blog\/#website\",\"url\":\"https:\/\/www.visit-ulcinj.com\/blog\/\",\"name\":\"Lajme nga Ulqini\",\"description\":\"Lajme,Vijesti,Ulqini,Ulqin,Crna Gora,Mali i Zi\",\"potentialAction\":[{\"@type\":\"SearchAction\",\"target\":{\"@type\":\"EntryPoint\",\"urlTemplate\":\"https:\/\/www.visit-ulcinj.com\/blog\/?s={search_term_string}\"},\"query-input\":\"required name=search_term_string\"}],\"inLanguage\":\"en-US\"},{\"@type\":\"ImageObject\",\"inLanguage\":\"en-US\",\"@id\":\"https:\/\/www.visit-ulcinj.com\/blog\/2011\/11\/16\/partia-demokratikeparti-e-re-politike-shqiptare-ne-mal-te-zi\/#primaryimage\",\"url\":\"https:\/\/www.visit-ulcinj.com\/blog\/wp-content\/uploads\/2011\/11\/Partia-Demokratike_Ana-Malit_Ulqin_Mali-i-Zi.jpg\",\"contentUrl\":\"https:\/\/www.visit-ulcinj.com\/blog\/wp-content\/uploads\/2011\/11\/Partia-Demokratike_Ana-Malit_Ulqin_Mali-i-Zi.jpg\",\"width\":\"493\",\"height\":\"313\"},{\"@type\":\"WebPage\",\"@id\":\"https:\/\/www.visit-ulcinj.com\/blog\/2011\/11\/16\/partia-demokratikeparti-e-re-politike-shqiptare-ne-mal-te-zi\/#webpage\",\"url\":\"https:\/\/www.visit-ulcinj.com\/blog\/2011\/11\/16\/partia-demokratikeparti-e-re-politike-shqiptare-ne-mal-te-zi\/\",\"name\":\"Partia Demokratike,parti e re politike shqiptare n\u00eb Mal t\u00eb Zi - Lajme nga Ulqini\",\"isPartOf\":{\"@id\":\"https:\/\/www.visit-ulcinj.com\/blog\/#website\"},\"primaryImageOfPage\":{\"@id\":\"https:\/\/www.visit-ulcinj.com\/blog\/2011\/11\/16\/partia-demokratikeparti-e-re-politike-shqiptare-ne-mal-te-zi\/#primaryimage\"},\"datePublished\":\"2011-11-16T12:52:29+00:00\",\"dateModified\":\"2011-11-19T17:25:04+00:00\",\"author\":{\"@id\":\"https:\/\/www.visit-ulcinj.com\/blog\/#\/schema\/person\/dcab619c614d3038751c63bc2aadc06d\"},\"description\":\"N\u00eb sken\u00ebn politike n\u00eb Mal t\u00eb Zi flitet se n\u00eb themelim e sip\u00ebr \u00ebsht\u00eb edhe nj\u00eb parti e re politike shqiptare, e cila do t\u00eb quhet Partia Demokratike, b\u00ebn t\u00eb\",\"breadcrumb\":{\"@id\":\"https:\/\/www.visit-ulcinj.com\/blog\/2011\/11\/16\/partia-demokratikeparti-e-re-politike-shqiptare-ne-mal-te-zi\/#breadcrumb\"},\"inLanguage\":\"en-US\",\"potentialAction\":[{\"@type\":\"ReadAction\",\"target\":[\"https:\/\/www.visit-ulcinj.com\/blog\/2011\/11\/16\/partia-demokratikeparti-e-re-politike-shqiptare-ne-mal-te-zi\/\"]}]},{\"@type\":\"BreadcrumbList\",\"@id\":\"https:\/\/www.visit-ulcinj.com\/blog\/2011\/11\/16\/partia-demokratikeparti-e-re-politike-shqiptare-ne-mal-te-zi\/#breadcrumb\",\"itemListElement\":[{\"@type\":\"ListItem\",\"position\":1,\"name\":\"Partia Demokratike,parti e re politike shqiptare n\u00eb Mal t\u00eb Zi\"}]},{\"@type\":\"Person\",\"@id\":\"https:\/\/www.visit-ulcinj.com\/blog\/#\/schema\/person\/dcab619c614d3038751c63bc2aadc06d\",\"name\":\"ulqini\",\"sameAs\":[\"http:\/\/www.visit-ulcinj.com\"],\"url\":\"https:\/\/www.visit-ulcinj.com\/blog\/author\/admin\/\"}]}<\/script>\n<!-- \/ Yoast SEO plugin. -->","yoast_head_json":{"title":"Partia Demokratike,parti e re politike shqiptare n\u00eb Mal t\u00eb Zi - Lajme nga Ulqini","description":"N\u00eb sken\u00ebn politike n\u00eb Mal t\u00eb Zi flitet se n\u00eb themelim e sip\u00ebr \u00ebsht\u00eb edhe nj\u00eb parti e re politike shqiptare, e cila do t\u00eb quhet Partia Demokratike, b\u00ebn t\u00eb","robots":{"index":"index","follow":"follow","max-snippet":"max-snippet:-1","max-image-preview":"max-image-preview:large","max-video-preview":"max-video-preview:-1"},"canonical":"https:\/\/www.visit-ulcinj.com\/blog\/2011\/11\/16\/partia-demokratikeparti-e-re-politike-shqiptare-ne-mal-te-zi\/","og_locale":"en_US","og_type":"article","og_title":"Partia Demokratike,parti e re politike shqiptare n\u00eb Mal t\u00eb Zi - Lajme nga Ulqini","og_description":"N\u00eb sken\u00ebn politike n\u00eb Mal t\u00eb Zi flitet se n\u00eb themelim e sip\u00ebr \u00ebsht\u00eb edhe nj\u00eb parti e re politike shqiptare, e cila do t\u00eb quhet Partia Demokratike, b\u00ebn t\u00eb","og_url":"https:\/\/www.visit-ulcinj.com\/blog\/2011\/11\/16\/partia-demokratikeparti-e-re-politike-shqiptare-ne-mal-te-zi\/","og_site_name":"Lajme nga Ulqini","article_published_time":"2011-11-16T12:52:29+00:00","article_modified_time":"2011-11-19T17:25:04+00:00","og_image":[{"url":"http:\/\/www.visit-ulcinj.com\/blog\/wp-content\/uploads\/2011\/11\/Partia-Demokratike_Ana-Malit_Ulqin_Mali-i-Zi.jpg"}],"twitter_misc":{"Written by":"ulqini","Est. reading time":"1 minute"},"schema":{"@context":"https:\/\/schema.org","@graph":[{"@type":"WebSite","@id":"https:\/\/www.visit-ulcinj.com\/blog\/#website","url":"https:\/\/www.visit-ulcinj.com\/blog\/","name":"Lajme nga Ulqini","description":"Lajme,Vijesti,Ulqini,Ulqin,Crna Gora,Mali i Zi","potentialAction":[{"@type":"SearchAction","target":{"@type":"EntryPoint","urlTemplate":"https:\/\/www.visit-ulcinj.com\/blog\/?s={search_term_string}"},"query-input":"required name=search_term_string"}],"inLanguage":"en-US"},{"@type":"ImageObject","inLanguage":"en-US","@id":"https:\/\/www.visit-ulcinj.com\/blog\/2011\/11\/16\/partia-demokratikeparti-e-re-politike-shqiptare-ne-mal-te-zi\/#primaryimage","url":"https:\/\/www.visit-ulcinj.com\/blog\/wp-content\/uploads\/2011\/11\/Partia-Demokratike_Ana-Malit_Ulqin_Mali-i-Zi.jpg","contentUrl":"https:\/\/www.visit-ulcinj.com\/blog\/wp-content\/uploads\/2011\/11\/Partia-Demokratike_Ana-Malit_Ulqin_Mali-i-Zi.jpg","width":"493","height":"313"},{"@type":"WebPage","@id":"https:\/\/www.visit-ulcinj.com\/blog\/2011\/11\/16\/partia-demokratikeparti-e-re-politike-shqiptare-ne-mal-te-zi\/#webpage","url":"https:\/\/www.visit-ulcinj.com\/blog\/2011\/11\/16\/partia-demokratikeparti-e-re-politike-shqiptare-ne-mal-te-zi\/","name":"Partia Demokratike,parti e re politike shqiptare n\u00eb Mal t\u00eb Zi - Lajme nga Ulqini","isPartOf":{"@id":"https:\/\/www.visit-ulcinj.com\/blog\/#website"},"primaryImageOfPage":{"@id":"https:\/\/www.visit-ulcinj.com\/blog\/2011\/11\/16\/partia-demokratikeparti-e-re-politike-shqiptare-ne-mal-te-zi\/#primaryimage"},"datePublished":"2011-11-16T12:52:29+00:00","dateModified":"2011-11-19T17:25:04+00:00","author":{"@id":"https:\/\/www.visit-ulcinj.com\/blog\/#\/schema\/person\/dcab619c614d3038751c63bc2aadc06d"},"description":"N\u00eb sken\u00ebn politike n\u00eb Mal t\u00eb Zi flitet se n\u00eb themelim e sip\u00ebr \u00ebsht\u00eb edhe nj\u00eb parti e re politike shqiptare, e cila do t\u00eb quhet Partia Demokratike, b\u00ebn t\u00eb","breadcrumb":{"@id":"https:\/\/www.visit-ulcinj.com\/blog\/2011\/11\/16\/partia-demokratikeparti-e-re-politike-shqiptare-ne-mal-te-zi\/#breadcrumb"},"inLanguage":"en-US","potentialAction":[{"@type":"ReadAction","target":["https:\/\/www.visit-ulcinj.com\/blog\/2011\/11\/16\/partia-demokratikeparti-e-re-politike-shqiptare-ne-mal-te-zi\/"]}]},{"@type":"BreadcrumbList","@id":"https:\/\/www.visit-ulcinj.com\/blog\/2011\/11\/16\/partia-demokratikeparti-e-re-politike-shqiptare-ne-mal-te-zi\/#breadcrumb","itemListElement":[{"@type":"ListItem","position":1,"name":"Partia Demokratike,parti e re politike shqiptare n\u00eb Mal t\u00eb Zi"}]},{"@type":"Person","@id":"https:\/\/www.visit-ulcinj.com\/blog\/#\/schema\/person\/dcab619c614d3038751c63bc2aadc06d","name":"ulqini","sameAs":["http:\/\/www.visit-ulcinj.com"],"url":"https:\/\/www.visit-ulcinj.com\/blog\/author\/admin\/"}]}},"jetpack_featured_media_url":"","jetpack_sharing_enabled":true,"jetpack_shortlink":"https:\/\/wp.me\/pe6lTn-dSb","_links":{"self":[{"href":"https:\/\/www.visit-ulcinj.com\/blog\/wp-json\/wp\/v2\/posts\/53331"}],"collection":[{"href":"https:\/\/www.visit-ulcinj.com\/blog\/wp-json\/wp\/v2\/posts"}],"about":[{"href":"https:\/\/www.visit-ulcinj.com\/blog\/wp-json\/wp\/v2\/types\/post"}],"author":[{"embeddable":true,"href":"https:\/\/www.visit-ulcinj.com\/blog\/wp-json\/wp\/v2\/users\/1"}],"replies":[{"embeddable":true,"href":"https:\/\/www.visit-ulcinj.com\/blog\/wp-json\/wp\/v2\/comments?post=53331"}],"version-history":[{"count":5,"href":"https:\/\/www.visit-ulcinj.com\/blog\/wp-json\/wp\/v2\/posts\/53331\/revisions"}],"predecessor-version":[{"id":53490,"href":"https:\/\/www.visit-ulcinj.com\/blog\/wp-json\/wp\/v2\/posts\/53331\/revisions\/53490"}],"wp:attachment":[{"href":"https:\/\/www.visit-ulcinj.com\/blog\/wp-json\/wp\/v2\/media?parent=53331"}],"wp:term":[{"taxonomy":"category","embeddable":true,"href":"https:\/\/www.visit-ulcinj.com\/blog\/wp-json\/wp\/v2\/categories?post=53331"},{"taxonomy":"post_tag","embeddable":true,"href":"https:\/\/www.visit-ulcinj.com\/blog\/wp-json\/wp\/v2\/tags?post=53331"}],"curies":[{"name":"wp","href":"https:\/\/api.w.org\/{rel}","templated":true}]}}