{"id":5337,"date":"2008-11-03T07:34:54","date_gmt":"2008-11-03T12:34:54","guid":{"rendered":"http:\/\/www.visit-ulcinj.com\/blog\/?p=5337"},"modified":"2008-11-03T07:39:31","modified_gmt":"2008-11-03T12:39:31","slug":"artan-zenuni-nenkampion-i-ballkanit","status":"publish","type":"post","link":"https:\/\/www.visit-ulcinj.com\/blog\/2008\/11\/03\/artan-zenuni-nenkampion-i-ballkanit\/","title":{"rendered":"Artan Zenuni n\u00ebnkampion i Ballkanit"},"content":{"rendered":"<p><a href=\"http:\/\/www.visit-ulcinj.com\/blog\/wp-content\/uploads\/2008\/11\/artan-zenuni_arjeta-zatoviq.jpg\"><img loading=\"lazy\" class=\"alignleft size-medium wp-image-5338\" title=\"artan-zenuni_arjeta-zatoviq\" src=\"http:\/\/www.visit-ulcinj.com\/blog\/wp-content\/uploads\/2008\/11\/artan-zenuni_arjeta-zatoviq.jpg\" alt=\"\" width=\"290\" height=\"218\" \/><\/a><strong>N\u00eb Bukuresht u mbajt kampionati ballkanik n\u00eb taekwondo<\/strong><br \/>\nMedaljet e fituara n\u00eb k\u00ebt\u00eb kampionat p\u00ebrb\u00ebjn\u00eb suksesin e radh\u00ebs p\u00ebr KT &#8220;Ulqini&#8221; dhe e \u00e7ojn\u00eb n\u00eb gjasht\u00eb numrin e medaljeve t\u00eb fituara nga garuesit e k\u00ebtij klubi n\u00eb aren\u00ebn nd\u00ebrkomb\u00ebtare vet\u00ebm n\u00eb tri jav\u00ebt e fundit.<br \/>\nGaruesi i Klubit t\u00eb Taekwondo-s\u00eb &#8220;Ulqini&#8221;, Artan Zenuni, u shpall n\u00ebnkampion i Ballkanit, nd\u00ebrsa garuesja tjet\u00ebr e k\u00ebtij klubi Arjeta Zatoviq fitoi medaljen e bronzt\u00eb n\u00eb Kampionatin Ballkanik n\u00eb Taekwondo i cili u mbajt n\u00eb fundjav\u00eb n\u00eb Bukuresht t\u00eb Rumanis\u00eb.<br \/>\nK\u00ebto ishin n\u00eb fakt dy medaljet e vetme q\u00eb i fitoi P\u00ebrfaq\u00ebsuesja e Malit t\u00eb Zi n\u00eb k\u00ebt\u00eb kampionat.<br \/>\nP\u00ebrve\u00e7 Zenunit dhe Zatoviqit, n\u00eb mesin e tet\u00eb garuesve q\u00eb mbrojt\u00ebn ngjyrat e P\u00ebrfaq\u00ebsueses s\u00eb Malit t\u00eb Zi ishin edhe dy garues t\u00eb tjer\u00eb t\u00eb KT &#8220;Ulqini&#8221;, Arben Kollari dhe Besnik Shata.<br \/>\nN\u00eb Kampionatin Ballkanik mor\u00ebn pjes\u00eb n\u00ebnt\u00eb skuadra p\u00ebrfaq\u00ebsuese.<br \/>\nMedaljet e fituara n\u00eb k\u00ebt\u00eb kampionat p\u00ebrb\u00ebjn\u00eb suksesin e radh\u00ebs p\u00ebr KT &#8220;Ulqini&#8221; dhe e \u00e7ojn\u00eb n\u00eb gjasht\u00eb numrin e medaljeve t\u00eb fituara nga garuesit e k\u00ebtij klubi n\u00eb aren\u00ebn nd\u00ebrkomb\u00ebtare vet\u00ebm n\u00eb tri jav\u00ebt e fundit.<br \/>\nTrajneri i KT &#8220;Ulqini&#8221; Fikret Dushku p\u00ebrg\u00ebzon garuesit e tij t\u00eb cil\u00ebt u shp\u00ebrblyen me medalje p\u00ebr prezantimin e denj\u00eb, por edhe garuesit e tjer\u00eb t\u00eb P\u00ebrfaq\u00ebsueses s\u00eb Malit t\u00eb Zi.<br \/>\n&#8220;Medaljet e fituara p\u00ebrb\u00ebjn\u00eb nj\u00eb sukses t\u00eb madh si p\u00ebr klubin ashtu edhe p\u00ebr qytetin ton\u00eb. Vet\u00eb suksesi i arritur tregon se jemi n\u00eb rrug\u00eb t\u00eb mbar\u00eb sportive&#8221;, shprehet ai.<br \/>\nGaruesit e KT &#8220;Ulqini&#8221; jan\u00eb duke u p\u00ebrgatitur p\u00ebr t\u00eb marr\u00eb pjes\u00eb n\u00eb Turneun Bot\u00ebror, i cili \u00ebsht\u00eb n\u00eb rangun m\u00eb t\u00eb lart\u00eb t\u00eb kategoris\u00eb superiore apo kategoria &#8220;A&#8221; class, i cili do t\u00eb mbahet m\u00eb 15-16 n\u00ebntor n\u00eb Zagreb t\u00eb Kroacis\u00eb.<br \/>\n<strong>(Kohapress)<\/strong><\/p>\n<!--YouTube Error: bad URL entered-->\n","protected":false},"excerpt":{"rendered":"<p>N\u00eb Bukuresht u mbajt kampionati ballkanik n\u00eb taekwondo Medaljet e fituara n\u00eb k\u00ebt\u00eb kampionat p\u00ebrb\u00ebjn\u00eb suksesin e radh\u00ebs p\u00ebr KT &#8220;Ulqini&#8221; dhe e \u00e7ojn\u00eb n\u00eb gjasht\u00eb numrin e medaljeve t\u00eb fituara nga garuesit e k\u00ebtij klubi n\u00eb aren\u00ebn nd\u00ebrkomb\u00ebtare vet\u00ebm n\u00eb tri jav\u00ebt e fundit. Garuesi i Klubit t\u00eb Taekwondo-s\u00eb &#8220;Ulqini&#8221;, Artan Zenuni, u shpall [&hellip;]<\/p>\n","protected":false},"author":1,"featured_media":0,"comment_status":"open","ping_status":"closed","sticky":false,"template":"","format":"standard","meta":{"spay_email":"","jetpack_publicize_message":"","jetpack_is_tweetstorm":false,"jetpack_publicize_feature_enabled":true},"categories":[3],"tags":[4877,2970,95,200,18],"jetpack_publicize_connections":[],"yoast_head":"<!-- This site is optimized with the Yoast SEO plugin v19.1 - https:\/\/yoast.com\/wordpress\/plugins\/seo\/ -->\n<title>Artan Zenuni n\u00ebnkampion i Ballkanit - Lajme nga Ulqini<\/title>\n<meta name=\"description\" content=\"N\u00eb Bukuresht u mbajt kampionati ballkanik n\u00eb taekwondo Medaljet e fituara n\u00eb k\u00ebt\u00eb kampionat p\u00ebrb\u00ebjn\u00eb suksesin e radh\u00ebs p\u00ebr KT &quot;Ulqini&quot; dhe e \u00e7ojn\u00eb n\u00eb\" \/>\n<meta name=\"robots\" content=\"index, follow, max-snippet:-1, max-image-preview:large, max-video-preview:-1\" \/>\n<link rel=\"canonical\" href=\"https:\/\/www.visit-ulcinj.com\/blog\/2008\/11\/03\/artan-zenuni-nenkampion-i-ballkanit\/\" \/>\n<meta property=\"og:locale\" content=\"en_US\" \/>\n<meta property=\"og:type\" content=\"article\" \/>\n<meta property=\"og:title\" content=\"Artan Zenuni n\u00ebnkampion i Ballkanit - Lajme nga Ulqini\" \/>\n<meta property=\"og:description\" content=\"N\u00eb Bukuresht u mbajt kampionati ballkanik n\u00eb taekwondo Medaljet e fituara n\u00eb k\u00ebt\u00eb kampionat p\u00ebrb\u00ebjn\u00eb suksesin e radh\u00ebs p\u00ebr KT &quot;Ulqini&quot; dhe e \u00e7ojn\u00eb n\u00eb\" \/>\n<meta property=\"og:url\" content=\"https:\/\/www.visit-ulcinj.com\/blog\/2008\/11\/03\/artan-zenuni-nenkampion-i-ballkanit\/\" \/>\n<meta property=\"og:site_name\" content=\"Lajme nga Ulqini\" \/>\n<meta property=\"article:published_time\" content=\"2008-11-03T12:34:54+00:00\" \/>\n<meta property=\"article:modified_time\" content=\"2008-11-03T12:39:31+00:00\" \/>\n<meta property=\"og:image\" content=\"http:\/\/www.visit-ulcinj.com\/blog\/wp-content\/uploads\/2008\/11\/artan-zenuni_arjeta-zatoviq.jpg\" \/>\n<meta name=\"twitter:label1\" content=\"Written by\" \/>\n\t<meta name=\"twitter:data1\" content=\"ulqini\" \/>\n\t<meta name=\"twitter:label2\" content=\"Est. reading time\" \/>\n\t<meta name=\"twitter:data2\" content=\"2 minutes\" \/>\n<script type=\"application\/ld+json\" class=\"yoast-schema-graph\">{\"@context\":\"https:\/\/schema.org\",\"@graph\":[{\"@type\":\"WebSite\",\"@id\":\"https:\/\/www.visit-ulcinj.com\/blog\/#website\",\"url\":\"https:\/\/www.visit-ulcinj.com\/blog\/\",\"name\":\"Lajme nga Ulqini\",\"description\":\"Lajme,Vijesti,Ulqini,Ulqin,Crna Gora,Mali i Zi\",\"potentialAction\":[{\"@type\":\"SearchAction\",\"target\":{\"@type\":\"EntryPoint\",\"urlTemplate\":\"https:\/\/www.visit-ulcinj.com\/blog\/?s={search_term_string}\"},\"query-input\":\"required name=search_term_string\"}],\"inLanguage\":\"en-US\"},{\"@type\":\"ImageObject\",\"inLanguage\":\"en-US\",\"@id\":\"https:\/\/www.visit-ulcinj.com\/blog\/2008\/11\/03\/artan-zenuni-nenkampion-i-ballkanit\/#primaryimage\",\"url\":\"http:\/\/www.visit-ulcinj.com\/blog\/wp-content\/uploads\/2008\/11\/artan-zenuni_arjeta-zatoviq.jpg\",\"contentUrl\":\"http:\/\/www.visit-ulcinj.com\/blog\/wp-content\/uploads\/2008\/11\/artan-zenuni_arjeta-zatoviq.jpg\"},{\"@type\":\"WebPage\",\"@id\":\"https:\/\/www.visit-ulcinj.com\/blog\/2008\/11\/03\/artan-zenuni-nenkampion-i-ballkanit\/#webpage\",\"url\":\"https:\/\/www.visit-ulcinj.com\/blog\/2008\/11\/03\/artan-zenuni-nenkampion-i-ballkanit\/\",\"name\":\"Artan Zenuni n\u00ebnkampion i Ballkanit - Lajme nga Ulqini\",\"isPartOf\":{\"@id\":\"https:\/\/www.visit-ulcinj.com\/blog\/#website\"},\"primaryImageOfPage\":{\"@id\":\"https:\/\/www.visit-ulcinj.com\/blog\/2008\/11\/03\/artan-zenuni-nenkampion-i-ballkanit\/#primaryimage\"},\"datePublished\":\"2008-11-03T12:34:54+00:00\",\"dateModified\":\"2008-11-03T12:39:31+00:00\",\"author\":{\"@id\":\"https:\/\/www.visit-ulcinj.com\/blog\/#\/schema\/person\/dcab619c614d3038751c63bc2aadc06d\"},\"description\":\"N\u00eb Bukuresht u mbajt kampionati ballkanik n\u00eb taekwondo Medaljet e fituara n\u00eb k\u00ebt\u00eb kampionat p\u00ebrb\u00ebjn\u00eb suksesin e radh\u00ebs p\u00ebr KT \\\"Ulqini\\\" dhe e \u00e7ojn\u00eb n\u00eb\",\"breadcrumb\":{\"@id\":\"https:\/\/www.visit-ulcinj.com\/blog\/2008\/11\/03\/artan-zenuni-nenkampion-i-ballkanit\/#breadcrumb\"},\"inLanguage\":\"en-US\",\"potentialAction\":[{\"@type\":\"ReadAction\",\"target\":[\"https:\/\/www.visit-ulcinj.com\/blog\/2008\/11\/03\/artan-zenuni-nenkampion-i-ballkanit\/\"]}]},{\"@type\":\"BreadcrumbList\",\"@id\":\"https:\/\/www.visit-ulcinj.com\/blog\/2008\/11\/03\/artan-zenuni-nenkampion-i-ballkanit\/#breadcrumb\",\"itemListElement\":[{\"@type\":\"ListItem\",\"position\":1,\"name\":\"Artan Zenuni n\u00ebnkampion i Ballkanit\"}]},{\"@type\":\"Person\",\"@id\":\"https:\/\/www.visit-ulcinj.com\/blog\/#\/schema\/person\/dcab619c614d3038751c63bc2aadc06d\",\"name\":\"ulqini\",\"sameAs\":[\"http:\/\/www.visit-ulcinj.com\"],\"url\":\"https:\/\/www.visit-ulcinj.com\/blog\/author\/admin\/\"}]}<\/script>\n<!-- \/ Yoast SEO plugin. -->","yoast_head_json":{"title":"Artan Zenuni n\u00ebnkampion i Ballkanit - Lajme nga Ulqini","description":"N\u00eb Bukuresht u mbajt kampionati ballkanik n\u00eb taekwondo Medaljet e fituara n\u00eb k\u00ebt\u00eb kampionat p\u00ebrb\u00ebjn\u00eb suksesin e radh\u00ebs p\u00ebr KT \"Ulqini\" dhe e \u00e7ojn\u00eb n\u00eb","robots":{"index":"index","follow":"follow","max-snippet":"max-snippet:-1","max-image-preview":"max-image-preview:large","max-video-preview":"max-video-preview:-1"},"canonical":"https:\/\/www.visit-ulcinj.com\/blog\/2008\/11\/03\/artan-zenuni-nenkampion-i-ballkanit\/","og_locale":"en_US","og_type":"article","og_title":"Artan Zenuni n\u00ebnkampion i Ballkanit - Lajme nga Ulqini","og_description":"N\u00eb Bukuresht u mbajt kampionati ballkanik n\u00eb taekwondo Medaljet e fituara n\u00eb k\u00ebt\u00eb kampionat p\u00ebrb\u00ebjn\u00eb suksesin e radh\u00ebs p\u00ebr KT \"Ulqini\" dhe e \u00e7ojn\u00eb n\u00eb","og_url":"https:\/\/www.visit-ulcinj.com\/blog\/2008\/11\/03\/artan-zenuni-nenkampion-i-ballkanit\/","og_site_name":"Lajme nga Ulqini","article_published_time":"2008-11-03T12:34:54+00:00","article_modified_time":"2008-11-03T12:39:31+00:00","og_image":[{"url":"http:\/\/www.visit-ulcinj.com\/blog\/wp-content\/uploads\/2008\/11\/artan-zenuni_arjeta-zatoviq.jpg"}],"twitter_misc":{"Written by":"ulqini","Est. reading time":"2 minutes"},"schema":{"@context":"https:\/\/schema.org","@graph":[{"@type":"WebSite","@id":"https:\/\/www.visit-ulcinj.com\/blog\/#website","url":"https:\/\/www.visit-ulcinj.com\/blog\/","name":"Lajme nga Ulqini","description":"Lajme,Vijesti,Ulqini,Ulqin,Crna Gora,Mali i Zi","potentialAction":[{"@type":"SearchAction","target":{"@type":"EntryPoint","urlTemplate":"https:\/\/www.visit-ulcinj.com\/blog\/?s={search_term_string}"},"query-input":"required name=search_term_string"}],"inLanguage":"en-US"},{"@type":"ImageObject","inLanguage":"en-US","@id":"https:\/\/www.visit-ulcinj.com\/blog\/2008\/11\/03\/artan-zenuni-nenkampion-i-ballkanit\/#primaryimage","url":"http:\/\/www.visit-ulcinj.com\/blog\/wp-content\/uploads\/2008\/11\/artan-zenuni_arjeta-zatoviq.jpg","contentUrl":"http:\/\/www.visit-ulcinj.com\/blog\/wp-content\/uploads\/2008\/11\/artan-zenuni_arjeta-zatoviq.jpg"},{"@type":"WebPage","@id":"https:\/\/www.visit-ulcinj.com\/blog\/2008\/11\/03\/artan-zenuni-nenkampion-i-ballkanit\/#webpage","url":"https:\/\/www.visit-ulcinj.com\/blog\/2008\/11\/03\/artan-zenuni-nenkampion-i-ballkanit\/","name":"Artan Zenuni n\u00ebnkampion i Ballkanit - Lajme nga Ulqini","isPartOf":{"@id":"https:\/\/www.visit-ulcinj.com\/blog\/#website"},"primaryImageOfPage":{"@id":"https:\/\/www.visit-ulcinj.com\/blog\/2008\/11\/03\/artan-zenuni-nenkampion-i-ballkanit\/#primaryimage"},"datePublished":"2008-11-03T12:34:54+00:00","dateModified":"2008-11-03T12:39:31+00:00","author":{"@id":"https:\/\/www.visit-ulcinj.com\/blog\/#\/schema\/person\/dcab619c614d3038751c63bc2aadc06d"},"description":"N\u00eb Bukuresht u mbajt kampionati ballkanik n\u00eb taekwondo Medaljet e fituara n\u00eb k\u00ebt\u00eb kampionat p\u00ebrb\u00ebjn\u00eb suksesin e radh\u00ebs p\u00ebr KT \"Ulqini\" dhe e \u00e7ojn\u00eb n\u00eb","breadcrumb":{"@id":"https:\/\/www.visit-ulcinj.com\/blog\/2008\/11\/03\/artan-zenuni-nenkampion-i-ballkanit\/#breadcrumb"},"inLanguage":"en-US","potentialAction":[{"@type":"ReadAction","target":["https:\/\/www.visit-ulcinj.com\/blog\/2008\/11\/03\/artan-zenuni-nenkampion-i-ballkanit\/"]}]},{"@type":"BreadcrumbList","@id":"https:\/\/www.visit-ulcinj.com\/blog\/2008\/11\/03\/artan-zenuni-nenkampion-i-ballkanit\/#breadcrumb","itemListElement":[{"@type":"ListItem","position":1,"name":"Artan Zenuni n\u00ebnkampion i Ballkanit"}]},{"@type":"Person","@id":"https:\/\/www.visit-ulcinj.com\/blog\/#\/schema\/person\/dcab619c614d3038751c63bc2aadc06d","name":"ulqini","sameAs":["http:\/\/www.visit-ulcinj.com"],"url":"https:\/\/www.visit-ulcinj.com\/blog\/author\/admin\/"}]}},"jetpack_featured_media_url":"","jetpack_sharing_enabled":true,"jetpack_shortlink":"https:\/\/wp.me\/pe6lTn-1o5","_links":{"self":[{"href":"https:\/\/www.visit-ulcinj.com\/blog\/wp-json\/wp\/v2\/posts\/5337"}],"collection":[{"href":"https:\/\/www.visit-ulcinj.com\/blog\/wp-json\/wp\/v2\/posts"}],"about":[{"href":"https:\/\/www.visit-ulcinj.com\/blog\/wp-json\/wp\/v2\/types\/post"}],"author":[{"embeddable":true,"href":"https:\/\/www.visit-ulcinj.com\/blog\/wp-json\/wp\/v2\/users\/1"}],"replies":[{"embeddable":true,"href":"https:\/\/www.visit-ulcinj.com\/blog\/wp-json\/wp\/v2\/comments?post=5337"}],"version-history":[{"count":0,"href":"https:\/\/www.visit-ulcinj.com\/blog\/wp-json\/wp\/v2\/posts\/5337\/revisions"}],"wp:attachment":[{"href":"https:\/\/www.visit-ulcinj.com\/blog\/wp-json\/wp\/v2\/media?parent=5337"}],"wp:term":[{"taxonomy":"category","embeddable":true,"href":"https:\/\/www.visit-ulcinj.com\/blog\/wp-json\/wp\/v2\/categories?post=5337"},{"taxonomy":"post_tag","embeddable":true,"href":"https:\/\/www.visit-ulcinj.com\/blog\/wp-json\/wp\/v2\/tags?post=5337"}],"curies":[{"name":"wp","href":"https:\/\/api.w.org\/{rel}","templated":true}]}}