{"id":53374,"date":"2011-11-16T20:48:24","date_gmt":"2011-11-16T19:48:24","guid":{"rendered":"http:\/\/www.visit-ulcinj.com\/blog\/?p=53374"},"modified":"2011-11-16T20:48:24","modified_gmt":"2011-11-16T19:48:24","slug":"leonora-vjedh-kenge-nga-serbet-video","status":"publish","type":"post","link":"https:\/\/www.visit-ulcinj.com\/blog\/2011\/11\/16\/leonora-vjedh-kenge-nga-serbet-video\/","title":{"rendered":"Leonora vjedh k\u00ebng\u00eb nga serb\u00ebt? &#8211; Video"},"content":{"rendered":"<p><a href=\"http:\/\/www.visit-ulcinj.com\/blog\/wp-content\/uploads\/2011\/11\/Leonora-Jakupi.jpg\"><img loading=\"lazy\" class=\"alignleft size-full wp-image-53375\" title=\"Leonora Jakupi\" src=\"http:\/\/www.visit-ulcinj.com\/blog\/wp-content\/uploads\/2011\/11\/Leonora-Jakupi.jpg\" alt=\"\" width=\"508\" height=\"380\" \/><\/a>K\u00ebng\u00ebtarja e njohur kosovare Leonora Jakupi ka vjedhur melodin\u00eb e k\u00ebng\u00ebs \u201cK\u00ebng\u00eb e pa k\u00ebnduar\u201d nga k\u00ebng\u00ebtarja serbe Jelena Tomasevic.<\/p>\n<p>Leonora po me k\u00ebt\u00eb k\u00ebng\u00eb \u00ebsht\u00eb duke konkurruar n\u00eb festivalin \u201cK\u00ebnga Magjike\u201d ku dhe ka hyr\u00eb n\u00eb gjysm\u00eb finale.<\/p>\n<p>Jelena Tomasevic me k\u00ebng\u00ebn \u201cOro\u201d kishte konkurruar n\u00eb Eurovizion n\u00eb vitin 2008.<\/p>\n<p>M\u00eb posht\u00eb sjellim dy versionet e k\u00ebng\u00ebve, nga Leonora Jakupi dhe k\u00ebng\u00ebtarja serbe Jelena Tomasevic.<\/p>\n<p><strong><a href=\"http:\/\/www.kosova.info\/\">Kosova Info<\/a><\/strong><\/p>\n<p><strong>Krahasoni k\u00ebng\u00ebt e m\u00ebposhtme :<br \/>\n<!--YouTube Error: bad URL entered--><br \/>\n<strong>Krahasoni k\u00ebng\u00ebt e m\u00ebposhtme :<br \/>\n<!--YouTube Error: bad URL entered--><\/strong><\/p>\n<p><\/strong><\/p>\n","protected":false},"excerpt":{"rendered":"<p>K\u00ebng\u00ebtarja e njohur kosovare Leonora Jakupi ka vjedhur melodin\u00eb e k\u00ebng\u00ebs \u201cK\u00ebng\u00eb e pa k\u00ebnduar\u201d nga k\u00ebng\u00ebtarja serbe Jelena Tomasevic. Leonora po me k\u00ebt\u00eb k\u00ebng\u00eb \u00ebsht\u00eb duke konkurruar n\u00eb festivalin \u201cK\u00ebnga Magjike\u201d ku dhe ka hyr\u00eb n\u00eb gjysm\u00eb finale. Jelena Tomasevic me k\u00ebng\u00ebn \u201cOro\u201d kishte konkurruar n\u00eb Eurovizion n\u00eb vitin 2008. M\u00eb posht\u00eb sjellim dy [&hellip;]<\/p>\n","protected":false},"author":1,"featured_media":0,"comment_status":"open","ping_status":"closed","sticky":false,"template":"","format":"standard","meta":{"spay_email":"","jetpack_publicize_message":"","jetpack_is_tweetstorm":false,"jetpack_publicize_feature_enabled":true},"categories":[1],"tags":[5051],"jetpack_publicize_connections":[],"yoast_head":"<!-- This site is optimized with the Yoast SEO plugin v19.1 - https:\/\/yoast.com\/wordpress\/plugins\/seo\/ -->\n<title>Leonora vjedh k\u00ebng\u00eb nga serb\u00ebt? - Video - Lajme nga Ulqini<\/title>\n<meta name=\"description\" content=\"K\u00ebng\u00ebtarja e njohur kosovare Leonora Jakupi ka vjedhur melodin\u00eb e k\u00ebng\u00ebs \u201cK\u00ebng\u00eb e pa k\u00ebnduar\u201d nga k\u00ebng\u00ebtarja serbe Jelena Tomasevic. Leonora po me k\u00ebt\u00eb\" \/>\n<meta name=\"robots\" content=\"index, follow, max-snippet:-1, max-image-preview:large, max-video-preview:-1\" \/>\n<link rel=\"canonical\" href=\"https:\/\/www.visit-ulcinj.com\/blog\/2011\/11\/16\/leonora-vjedh-kenge-nga-serbet-video\/\" \/>\n<meta property=\"og:locale\" content=\"en_US\" \/>\n<meta property=\"og:type\" content=\"article\" \/>\n<meta property=\"og:title\" content=\"Leonora vjedh k\u00ebng\u00eb nga serb\u00ebt? - Video - Lajme nga Ulqini\" \/>\n<meta property=\"og:description\" content=\"K\u00ebng\u00ebtarja e njohur kosovare Leonora Jakupi ka vjedhur melodin\u00eb e k\u00ebng\u00ebs \u201cK\u00ebng\u00eb e pa k\u00ebnduar\u201d nga k\u00ebng\u00ebtarja serbe Jelena Tomasevic. Leonora po me k\u00ebt\u00eb\" \/>\n<meta property=\"og:url\" content=\"https:\/\/www.visit-ulcinj.com\/blog\/2011\/11\/16\/leonora-vjedh-kenge-nga-serbet-video\/\" \/>\n<meta property=\"og:site_name\" content=\"Lajme nga Ulqini\" \/>\n<meta property=\"article:published_time\" content=\"2011-11-16T19:48:24+00:00\" \/>\n<meta property=\"og:image\" content=\"http:\/\/www.visit-ulcinj.com\/blog\/wp-content\/uploads\/2011\/11\/Leonora-Jakupi.jpg\" \/>\n<meta name=\"twitter:label1\" content=\"Written by\" \/>\n\t<meta name=\"twitter:data1\" content=\"ulqini\" \/>\n\t<meta name=\"twitter:label2\" content=\"Est. reading time\" \/>\n\t<meta name=\"twitter:data2\" content=\"1 minute\" \/>\n<script type=\"application\/ld+json\" class=\"yoast-schema-graph\">{\"@context\":\"https:\/\/schema.org\",\"@graph\":[{\"@type\":\"WebSite\",\"@id\":\"https:\/\/www.visit-ulcinj.com\/blog\/#website\",\"url\":\"https:\/\/www.visit-ulcinj.com\/blog\/\",\"name\":\"Lajme nga Ulqini\",\"description\":\"Lajme,Vijesti,Ulqini,Ulqin,Crna Gora,Mali i Zi\",\"potentialAction\":[{\"@type\":\"SearchAction\",\"target\":{\"@type\":\"EntryPoint\",\"urlTemplate\":\"https:\/\/www.visit-ulcinj.com\/blog\/?s={search_term_string}\"},\"query-input\":\"required name=search_term_string\"}],\"inLanguage\":\"en-US\"},{\"@type\":\"ImageObject\",\"inLanguage\":\"en-US\",\"@id\":\"https:\/\/www.visit-ulcinj.com\/blog\/2011\/11\/16\/leonora-vjedh-kenge-nga-serbet-video\/#primaryimage\",\"url\":\"http:\/\/www.visit-ulcinj.com\/blog\/wp-content\/uploads\/2011\/11\/Leonora-Jakupi.jpg\",\"contentUrl\":\"http:\/\/www.visit-ulcinj.com\/blog\/wp-content\/uploads\/2011\/11\/Leonora-Jakupi.jpg\"},{\"@type\":\"WebPage\",\"@id\":\"https:\/\/www.visit-ulcinj.com\/blog\/2011\/11\/16\/leonora-vjedh-kenge-nga-serbet-video\/#webpage\",\"url\":\"https:\/\/www.visit-ulcinj.com\/blog\/2011\/11\/16\/leonora-vjedh-kenge-nga-serbet-video\/\",\"name\":\"Leonora vjedh k\u00ebng\u00eb nga serb\u00ebt? - Video - Lajme nga Ulqini\",\"isPartOf\":{\"@id\":\"https:\/\/www.visit-ulcinj.com\/blog\/#website\"},\"primaryImageOfPage\":{\"@id\":\"https:\/\/www.visit-ulcinj.com\/blog\/2011\/11\/16\/leonora-vjedh-kenge-nga-serbet-video\/#primaryimage\"},\"datePublished\":\"2011-11-16T19:48:24+00:00\",\"dateModified\":\"2011-11-16T19:48:24+00:00\",\"author\":{\"@id\":\"https:\/\/www.visit-ulcinj.com\/blog\/#\/schema\/person\/dcab619c614d3038751c63bc2aadc06d\"},\"description\":\"K\u00ebng\u00ebtarja e njohur kosovare Leonora Jakupi ka vjedhur melodin\u00eb e k\u00ebng\u00ebs \u201cK\u00ebng\u00eb e pa k\u00ebnduar\u201d nga k\u00ebng\u00ebtarja serbe Jelena Tomasevic. Leonora po me k\u00ebt\u00eb\",\"breadcrumb\":{\"@id\":\"https:\/\/www.visit-ulcinj.com\/blog\/2011\/11\/16\/leonora-vjedh-kenge-nga-serbet-video\/#breadcrumb\"},\"inLanguage\":\"en-US\",\"potentialAction\":[{\"@type\":\"ReadAction\",\"target\":[\"https:\/\/www.visit-ulcinj.com\/blog\/2011\/11\/16\/leonora-vjedh-kenge-nga-serbet-video\/\"]}]},{\"@type\":\"BreadcrumbList\",\"@id\":\"https:\/\/www.visit-ulcinj.com\/blog\/2011\/11\/16\/leonora-vjedh-kenge-nga-serbet-video\/#breadcrumb\",\"itemListElement\":[{\"@type\":\"ListItem\",\"position\":1,\"name\":\"Leonora vjedh k\u00ebng\u00eb nga serb\u00ebt? &#8211; Video\"}]},{\"@type\":\"Person\",\"@id\":\"https:\/\/www.visit-ulcinj.com\/blog\/#\/schema\/person\/dcab619c614d3038751c63bc2aadc06d\",\"name\":\"ulqini\",\"sameAs\":[\"http:\/\/www.visit-ulcinj.com\"],\"url\":\"https:\/\/www.visit-ulcinj.com\/blog\/author\/admin\/\"}]}<\/script>\n<!-- \/ Yoast SEO plugin. -->","yoast_head_json":{"title":"Leonora vjedh k\u00ebng\u00eb nga serb\u00ebt? - Video - Lajme nga Ulqini","description":"K\u00ebng\u00ebtarja e njohur kosovare Leonora Jakupi ka vjedhur melodin\u00eb e k\u00ebng\u00ebs \u201cK\u00ebng\u00eb e pa k\u00ebnduar\u201d nga k\u00ebng\u00ebtarja serbe Jelena Tomasevic. Leonora po me k\u00ebt\u00eb","robots":{"index":"index","follow":"follow","max-snippet":"max-snippet:-1","max-image-preview":"max-image-preview:large","max-video-preview":"max-video-preview:-1"},"canonical":"https:\/\/www.visit-ulcinj.com\/blog\/2011\/11\/16\/leonora-vjedh-kenge-nga-serbet-video\/","og_locale":"en_US","og_type":"article","og_title":"Leonora vjedh k\u00ebng\u00eb nga serb\u00ebt? - Video - Lajme nga Ulqini","og_description":"K\u00ebng\u00ebtarja e njohur kosovare Leonora Jakupi ka vjedhur melodin\u00eb e k\u00ebng\u00ebs \u201cK\u00ebng\u00eb e pa k\u00ebnduar\u201d nga k\u00ebng\u00ebtarja serbe Jelena Tomasevic. Leonora po me k\u00ebt\u00eb","og_url":"https:\/\/www.visit-ulcinj.com\/blog\/2011\/11\/16\/leonora-vjedh-kenge-nga-serbet-video\/","og_site_name":"Lajme nga Ulqini","article_published_time":"2011-11-16T19:48:24+00:00","og_image":[{"url":"http:\/\/www.visit-ulcinj.com\/blog\/wp-content\/uploads\/2011\/11\/Leonora-Jakupi.jpg"}],"twitter_misc":{"Written by":"ulqini","Est. reading time":"1 minute"},"schema":{"@context":"https:\/\/schema.org","@graph":[{"@type":"WebSite","@id":"https:\/\/www.visit-ulcinj.com\/blog\/#website","url":"https:\/\/www.visit-ulcinj.com\/blog\/","name":"Lajme nga Ulqini","description":"Lajme,Vijesti,Ulqini,Ulqin,Crna Gora,Mali i Zi","potentialAction":[{"@type":"SearchAction","target":{"@type":"EntryPoint","urlTemplate":"https:\/\/www.visit-ulcinj.com\/blog\/?s={search_term_string}"},"query-input":"required name=search_term_string"}],"inLanguage":"en-US"},{"@type":"ImageObject","inLanguage":"en-US","@id":"https:\/\/www.visit-ulcinj.com\/blog\/2011\/11\/16\/leonora-vjedh-kenge-nga-serbet-video\/#primaryimage","url":"http:\/\/www.visit-ulcinj.com\/blog\/wp-content\/uploads\/2011\/11\/Leonora-Jakupi.jpg","contentUrl":"http:\/\/www.visit-ulcinj.com\/blog\/wp-content\/uploads\/2011\/11\/Leonora-Jakupi.jpg"},{"@type":"WebPage","@id":"https:\/\/www.visit-ulcinj.com\/blog\/2011\/11\/16\/leonora-vjedh-kenge-nga-serbet-video\/#webpage","url":"https:\/\/www.visit-ulcinj.com\/blog\/2011\/11\/16\/leonora-vjedh-kenge-nga-serbet-video\/","name":"Leonora vjedh k\u00ebng\u00eb nga serb\u00ebt? - Video - Lajme nga Ulqini","isPartOf":{"@id":"https:\/\/www.visit-ulcinj.com\/blog\/#website"},"primaryImageOfPage":{"@id":"https:\/\/www.visit-ulcinj.com\/blog\/2011\/11\/16\/leonora-vjedh-kenge-nga-serbet-video\/#primaryimage"},"datePublished":"2011-11-16T19:48:24+00:00","dateModified":"2011-11-16T19:48:24+00:00","author":{"@id":"https:\/\/www.visit-ulcinj.com\/blog\/#\/schema\/person\/dcab619c614d3038751c63bc2aadc06d"},"description":"K\u00ebng\u00ebtarja e njohur kosovare Leonora Jakupi ka vjedhur melodin\u00eb e k\u00ebng\u00ebs \u201cK\u00ebng\u00eb e pa k\u00ebnduar\u201d nga k\u00ebng\u00ebtarja serbe Jelena Tomasevic. Leonora po me k\u00ebt\u00eb","breadcrumb":{"@id":"https:\/\/www.visit-ulcinj.com\/blog\/2011\/11\/16\/leonora-vjedh-kenge-nga-serbet-video\/#breadcrumb"},"inLanguage":"en-US","potentialAction":[{"@type":"ReadAction","target":["https:\/\/www.visit-ulcinj.com\/blog\/2011\/11\/16\/leonora-vjedh-kenge-nga-serbet-video\/"]}]},{"@type":"BreadcrumbList","@id":"https:\/\/www.visit-ulcinj.com\/blog\/2011\/11\/16\/leonora-vjedh-kenge-nga-serbet-video\/#breadcrumb","itemListElement":[{"@type":"ListItem","position":1,"name":"Leonora vjedh k\u00ebng\u00eb nga serb\u00ebt? &#8211; Video"}]},{"@type":"Person","@id":"https:\/\/www.visit-ulcinj.com\/blog\/#\/schema\/person\/dcab619c614d3038751c63bc2aadc06d","name":"ulqini","sameAs":["http:\/\/www.visit-ulcinj.com"],"url":"https:\/\/www.visit-ulcinj.com\/blog\/author\/admin\/"}]}},"jetpack_featured_media_url":"","jetpack_sharing_enabled":true,"jetpack_shortlink":"https:\/\/wp.me\/pe6lTn-dSS","_links":{"self":[{"href":"https:\/\/www.visit-ulcinj.com\/blog\/wp-json\/wp\/v2\/posts\/53374"}],"collection":[{"href":"https:\/\/www.visit-ulcinj.com\/blog\/wp-json\/wp\/v2\/posts"}],"about":[{"href":"https:\/\/www.visit-ulcinj.com\/blog\/wp-json\/wp\/v2\/types\/post"}],"author":[{"embeddable":true,"href":"https:\/\/www.visit-ulcinj.com\/blog\/wp-json\/wp\/v2\/users\/1"}],"replies":[{"embeddable":true,"href":"https:\/\/www.visit-ulcinj.com\/blog\/wp-json\/wp\/v2\/comments?post=53374"}],"version-history":[{"count":1,"href":"https:\/\/www.visit-ulcinj.com\/blog\/wp-json\/wp\/v2\/posts\/53374\/revisions"}],"predecessor-version":[{"id":53376,"href":"https:\/\/www.visit-ulcinj.com\/blog\/wp-json\/wp\/v2\/posts\/53374\/revisions\/53376"}],"wp:attachment":[{"href":"https:\/\/www.visit-ulcinj.com\/blog\/wp-json\/wp\/v2\/media?parent=53374"}],"wp:term":[{"taxonomy":"category","embeddable":true,"href":"https:\/\/www.visit-ulcinj.com\/blog\/wp-json\/wp\/v2\/categories?post=53374"},{"taxonomy":"post_tag","embeddable":true,"href":"https:\/\/www.visit-ulcinj.com\/blog\/wp-json\/wp\/v2\/tags?post=53374"}],"curies":[{"name":"wp","href":"https:\/\/api.w.org\/{rel}","templated":true}]}}