{"id":53391,"date":"2011-11-16T21:53:52","date_gmt":"2011-11-16T20:53:52","guid":{"rendered":"http:\/\/www.visit-ulcinj.com\/blog\/?p=53391"},"modified":"2011-11-16T21:53:52","modified_gmt":"2011-11-16T20:53:52","slug":"adelina-berisha-kam-shume-oferta-nga-meshkujt","status":"publish","type":"post","link":"https:\/\/www.visit-ulcinj.com\/blog\/2011\/11\/16\/adelina-berisha-kam-shume-oferta-nga-meshkujt\/","title":{"rendered":"Adelina Berisha: Kam shum\u00eb oferta nga meshkujt"},"content":{"rendered":"<p><a href=\"http:\/\/www.visit-ulcinj.com\/blog\/wp-content\/uploads\/2011\/11\/Adelina-Berisha.2.jpg\"><img loading=\"lazy\" class=\"alignleft size-full wp-image-53393\" title=\"Adelina Berisha.2\" src=\"http:\/\/www.visit-ulcinj.com\/blog\/wp-content\/uploads\/2011\/11\/Adelina-Berisha.2.jpg\" alt=\"\" width=\"508\" height=\"380\" \/><\/a>P\u00ebr k\u00ebng\u00ebtaren simpatike nga Kosova, prej koh\u00ebsh \u00ebsht\u00eb shkruar se \u00ebsht\u00eb p\u00ebrfshir\u00eb n\u00eb nj\u00eb romanc\u00eb me k\u00ebng\u00ebtarin nga Tirana \u00a0Stine, edhe pse k\u00ebt\u00eb gj\u00eb asnj\u00eb prej tyre nuk e ka pranuar asnj\u00ebher\u00eb. Bukuroshja e hitit \u201cSa larg je\u201d, s\u00eb fundmi \u00ebsht\u00eb shprehur se ka shum\u00eb oferta nga meshkujt, edhe pse \u201czemr\u00ebn nuk e jep kollaj\u201d.<\/p>\n<p>Normal q\u00eb ka oferta, \u00ebsht\u00eb nj\u00eb fem\u00ebr e bukur, p\u00ebr m\u00eb tep\u00ebr personazh publik, por zakonisht VIP-at nuk shprehen me t\u00eb tilla terma, madje preferojn\u00eb t\u2019i anashkalojn\u00eb t\u00eb tilla \u00e7\u00ebshtje! E pyetur n\u00eb lidhje me k\u00ebt\u00eb, ajo thjesht ka pohuar: \u201cT\u00eb them t\u00eb v\u00ebrtet\u00ebn apo jo?!\u00a0 Ja, do t\u2019ua them, \u00ebsht\u00eb shum\u00eb e v\u00ebrtet\u00eb q\u00eb kam oferta nga meshkujt\u201d.<\/p>\n<p>Por gjith\u00e7ka ka mbetur me kaq, sepse 22-vje\u00e7arja nuk do t\u00eb tregoj\u00eb asgj\u00eb m\u00eb tep\u00ebr p\u00ebr jet\u00ebn e saj personale, t\u00eb cil\u00ebn e ruan me fanatiz\u00ebm. \u201cJet\u00ebn time personale dua ta ruaj me fanatiz\u00ebm, ajo \u00ebsht\u00eb e imja, m\u00eb p\u00ebrket mua\u201d, \u2013 ka th\u00ebn\u00eb Adelina, kur \u00ebsht\u00eb v\u00ebn\u00eb p\u00ebrball\u00eb pyetjes se a ka apo jo nj\u00eb t\u00eb dashur.<\/p>\n<p><strong>Standard<br \/>\n<\/strong><br \/>\n<!--YouTube Error: bad URL entered--><\/p>\n","protected":false},"excerpt":{"rendered":"<p>P\u00ebr k\u00ebng\u00ebtaren simpatike nga Kosova, prej koh\u00ebsh \u00ebsht\u00eb shkruar se \u00ebsht\u00eb p\u00ebrfshir\u00eb n\u00eb nj\u00eb romanc\u00eb me k\u00ebng\u00ebtarin nga Tirana \u00a0Stine, edhe pse k\u00ebt\u00eb gj\u00eb asnj\u00eb prej tyre nuk e ka pranuar asnj\u00ebher\u00eb. Bukuroshja e hitit \u201cSa larg je\u201d, s\u00eb fundmi \u00ebsht\u00eb shprehur se ka shum\u00eb oferta nga meshkujt, edhe pse \u201czemr\u00ebn nuk e jep kollaj\u201d. [&hellip;]<\/p>\n","protected":false},"author":1,"featured_media":0,"comment_status":"open","ping_status":"closed","sticky":false,"template":"","format":"standard","meta":{"spay_email":"","jetpack_publicize_message":"","jetpack_is_tweetstorm":false,"jetpack_publicize_feature_enabled":true},"categories":[1],"tags":[19458,16036,19459,6693,19460],"jetpack_publicize_connections":[],"yoast_head":"<!-- This site is optimized with the Yoast SEO plugin v19.1 - https:\/\/yoast.com\/wordpress\/plugins\/seo\/ -->\n<title>Adelina Berisha: Kam shum\u00eb oferta nga meshkujt - Lajme nga Ulqini<\/title>\n<meta name=\"description\" content=\"P\u00ebr k\u00ebng\u00ebtaren simpatike nga Kosova, prej koh\u00ebsh \u00ebsht\u00eb shkruar se \u00ebsht\u00eb p\u00ebrfshir\u00eb n\u00eb nj\u00eb romanc\u00eb me k\u00ebng\u00ebtarin nga Tirana \u00a0Stine, edhe pse k\u00ebt\u00eb gj\u00eb asnj\u00eb\" \/>\n<meta name=\"robots\" content=\"index, follow, max-snippet:-1, max-image-preview:large, max-video-preview:-1\" \/>\n<link rel=\"canonical\" href=\"https:\/\/www.visit-ulcinj.com\/blog\/2011\/11\/16\/adelina-berisha-kam-shume-oferta-nga-meshkujt\/\" \/>\n<meta property=\"og:locale\" content=\"en_US\" \/>\n<meta property=\"og:type\" content=\"article\" \/>\n<meta property=\"og:title\" content=\"Adelina Berisha: Kam shum\u00eb oferta nga meshkujt - Lajme nga Ulqini\" \/>\n<meta property=\"og:description\" content=\"P\u00ebr k\u00ebng\u00ebtaren simpatike nga Kosova, prej koh\u00ebsh \u00ebsht\u00eb shkruar se \u00ebsht\u00eb p\u00ebrfshir\u00eb n\u00eb nj\u00eb romanc\u00eb me k\u00ebng\u00ebtarin nga Tirana \u00a0Stine, edhe pse k\u00ebt\u00eb gj\u00eb asnj\u00eb\" \/>\n<meta property=\"og:url\" content=\"https:\/\/www.visit-ulcinj.com\/blog\/2011\/11\/16\/adelina-berisha-kam-shume-oferta-nga-meshkujt\/\" \/>\n<meta property=\"og:site_name\" content=\"Lajme nga Ulqini\" \/>\n<meta property=\"article:published_time\" content=\"2011-11-16T20:53:52+00:00\" \/>\n<meta property=\"og:image\" content=\"https:\/\/www.visit-ulcinj.com\/blog\/wp-content\/uploads\/2011\/11\/Adelina-Berisha.1-150x150.jpg\" \/>\n<meta name=\"twitter:label1\" content=\"Written by\" \/>\n\t<meta name=\"twitter:data1\" content=\"ulqini\" \/>\n\t<meta name=\"twitter:label2\" content=\"Est. reading time\" \/>\n\t<meta name=\"twitter:data2\" content=\"1 minute\" \/>\n<script type=\"application\/ld+json\" class=\"yoast-schema-graph\">{\"@context\":\"https:\/\/schema.org\",\"@graph\":[{\"@type\":\"WebSite\",\"@id\":\"https:\/\/www.visit-ulcinj.com\/blog\/#website\",\"url\":\"https:\/\/www.visit-ulcinj.com\/blog\/\",\"name\":\"Lajme nga Ulqini\",\"description\":\"Lajme,Vijesti,Ulqini,Ulqin,Crna Gora,Mali i Zi\",\"potentialAction\":[{\"@type\":\"SearchAction\",\"target\":{\"@type\":\"EntryPoint\",\"urlTemplate\":\"https:\/\/www.visit-ulcinj.com\/blog\/?s={search_term_string}\"},\"query-input\":\"required name=search_term_string\"}],\"inLanguage\":\"en-US\"},{\"@type\":\"ImageObject\",\"inLanguage\":\"en-US\",\"@id\":\"https:\/\/www.visit-ulcinj.com\/blog\/2011\/11\/16\/adelina-berisha-kam-shume-oferta-nga-meshkujt\/#primaryimage\",\"url\":\"http:\/\/www.visit-ulcinj.com\/blog\/wp-content\/uploads\/2011\/11\/Adelina-Berisha.2.jpg\",\"contentUrl\":\"http:\/\/www.visit-ulcinj.com\/blog\/wp-content\/uploads\/2011\/11\/Adelina-Berisha.2.jpg\"},{\"@type\":\"WebPage\",\"@id\":\"https:\/\/www.visit-ulcinj.com\/blog\/2011\/11\/16\/adelina-berisha-kam-shume-oferta-nga-meshkujt\/#webpage\",\"url\":\"https:\/\/www.visit-ulcinj.com\/blog\/2011\/11\/16\/adelina-berisha-kam-shume-oferta-nga-meshkujt\/\",\"name\":\"Adelina Berisha: Kam shum\u00eb oferta nga meshkujt - Lajme nga Ulqini\",\"isPartOf\":{\"@id\":\"https:\/\/www.visit-ulcinj.com\/blog\/#website\"},\"primaryImageOfPage\":{\"@id\":\"https:\/\/www.visit-ulcinj.com\/blog\/2011\/11\/16\/adelina-berisha-kam-shume-oferta-nga-meshkujt\/#primaryimage\"},\"datePublished\":\"2011-11-16T20:53:52+00:00\",\"dateModified\":\"2011-11-16T20:53:52+00:00\",\"author\":{\"@id\":\"https:\/\/www.visit-ulcinj.com\/blog\/#\/schema\/person\/dcab619c614d3038751c63bc2aadc06d\"},\"description\":\"P\u00ebr k\u00ebng\u00ebtaren simpatike nga Kosova, prej koh\u00ebsh \u00ebsht\u00eb shkruar se \u00ebsht\u00eb p\u00ebrfshir\u00eb n\u00eb nj\u00eb romanc\u00eb me k\u00ebng\u00ebtarin nga Tirana \u00a0Stine, edhe pse k\u00ebt\u00eb gj\u00eb asnj\u00eb\",\"breadcrumb\":{\"@id\":\"https:\/\/www.visit-ulcinj.com\/blog\/2011\/11\/16\/adelina-berisha-kam-shume-oferta-nga-meshkujt\/#breadcrumb\"},\"inLanguage\":\"en-US\",\"potentialAction\":[{\"@type\":\"ReadAction\",\"target\":[\"https:\/\/www.visit-ulcinj.com\/blog\/2011\/11\/16\/adelina-berisha-kam-shume-oferta-nga-meshkujt\/\"]}]},{\"@type\":\"BreadcrumbList\",\"@id\":\"https:\/\/www.visit-ulcinj.com\/blog\/2011\/11\/16\/adelina-berisha-kam-shume-oferta-nga-meshkujt\/#breadcrumb\",\"itemListElement\":[{\"@type\":\"ListItem\",\"position\":1,\"name\":\"Adelina Berisha: Kam shum\u00eb oferta nga meshkujt\"}]},{\"@type\":\"Person\",\"@id\":\"https:\/\/www.visit-ulcinj.com\/blog\/#\/schema\/person\/dcab619c614d3038751c63bc2aadc06d\",\"name\":\"ulqini\",\"sameAs\":[\"http:\/\/www.visit-ulcinj.com\"],\"url\":\"https:\/\/www.visit-ulcinj.com\/blog\/author\/admin\/\"}]}<\/script>\n<!-- \/ Yoast SEO plugin. -->","yoast_head_json":{"title":"Adelina Berisha: Kam shum\u00eb oferta nga meshkujt - Lajme nga Ulqini","description":"P\u00ebr k\u00ebng\u00ebtaren simpatike nga Kosova, prej koh\u00ebsh \u00ebsht\u00eb shkruar se \u00ebsht\u00eb p\u00ebrfshir\u00eb n\u00eb nj\u00eb romanc\u00eb me k\u00ebng\u00ebtarin nga Tirana \u00a0Stine, edhe pse k\u00ebt\u00eb gj\u00eb asnj\u00eb","robots":{"index":"index","follow":"follow","max-snippet":"max-snippet:-1","max-image-preview":"max-image-preview:large","max-video-preview":"max-video-preview:-1"},"canonical":"https:\/\/www.visit-ulcinj.com\/blog\/2011\/11\/16\/adelina-berisha-kam-shume-oferta-nga-meshkujt\/","og_locale":"en_US","og_type":"article","og_title":"Adelina Berisha: Kam shum\u00eb oferta nga meshkujt - Lajme nga Ulqini","og_description":"P\u00ebr k\u00ebng\u00ebtaren simpatike nga Kosova, prej koh\u00ebsh \u00ebsht\u00eb shkruar se \u00ebsht\u00eb p\u00ebrfshir\u00eb n\u00eb nj\u00eb romanc\u00eb me k\u00ebng\u00ebtarin nga Tirana \u00a0Stine, edhe pse k\u00ebt\u00eb gj\u00eb asnj\u00eb","og_url":"https:\/\/www.visit-ulcinj.com\/blog\/2011\/11\/16\/adelina-berisha-kam-shume-oferta-nga-meshkujt\/","og_site_name":"Lajme nga Ulqini","article_published_time":"2011-11-16T20:53:52+00:00","og_image":[{"url":"https:\/\/www.visit-ulcinj.com\/blog\/wp-content\/uploads\/2011\/11\/Adelina-Berisha.1-150x150.jpg"}],"twitter_misc":{"Written by":"ulqini","Est. reading time":"1 minute"},"schema":{"@context":"https:\/\/schema.org","@graph":[{"@type":"WebSite","@id":"https:\/\/www.visit-ulcinj.com\/blog\/#website","url":"https:\/\/www.visit-ulcinj.com\/blog\/","name":"Lajme nga Ulqini","description":"Lajme,Vijesti,Ulqini,Ulqin,Crna Gora,Mali i Zi","potentialAction":[{"@type":"SearchAction","target":{"@type":"EntryPoint","urlTemplate":"https:\/\/www.visit-ulcinj.com\/blog\/?s={search_term_string}"},"query-input":"required name=search_term_string"}],"inLanguage":"en-US"},{"@type":"ImageObject","inLanguage":"en-US","@id":"https:\/\/www.visit-ulcinj.com\/blog\/2011\/11\/16\/adelina-berisha-kam-shume-oferta-nga-meshkujt\/#primaryimage","url":"http:\/\/www.visit-ulcinj.com\/blog\/wp-content\/uploads\/2011\/11\/Adelina-Berisha.2.jpg","contentUrl":"http:\/\/www.visit-ulcinj.com\/blog\/wp-content\/uploads\/2011\/11\/Adelina-Berisha.2.jpg"},{"@type":"WebPage","@id":"https:\/\/www.visit-ulcinj.com\/blog\/2011\/11\/16\/adelina-berisha-kam-shume-oferta-nga-meshkujt\/#webpage","url":"https:\/\/www.visit-ulcinj.com\/blog\/2011\/11\/16\/adelina-berisha-kam-shume-oferta-nga-meshkujt\/","name":"Adelina Berisha: Kam shum\u00eb oferta nga meshkujt - Lajme nga Ulqini","isPartOf":{"@id":"https:\/\/www.visit-ulcinj.com\/blog\/#website"},"primaryImageOfPage":{"@id":"https:\/\/www.visit-ulcinj.com\/blog\/2011\/11\/16\/adelina-berisha-kam-shume-oferta-nga-meshkujt\/#primaryimage"},"datePublished":"2011-11-16T20:53:52+00:00","dateModified":"2011-11-16T20:53:52+00:00","author":{"@id":"https:\/\/www.visit-ulcinj.com\/blog\/#\/schema\/person\/dcab619c614d3038751c63bc2aadc06d"},"description":"P\u00ebr k\u00ebng\u00ebtaren simpatike nga Kosova, prej koh\u00ebsh \u00ebsht\u00eb shkruar se \u00ebsht\u00eb p\u00ebrfshir\u00eb n\u00eb nj\u00eb romanc\u00eb me k\u00ebng\u00ebtarin nga Tirana \u00a0Stine, edhe pse k\u00ebt\u00eb gj\u00eb asnj\u00eb","breadcrumb":{"@id":"https:\/\/www.visit-ulcinj.com\/blog\/2011\/11\/16\/adelina-berisha-kam-shume-oferta-nga-meshkujt\/#breadcrumb"},"inLanguage":"en-US","potentialAction":[{"@type":"ReadAction","target":["https:\/\/www.visit-ulcinj.com\/blog\/2011\/11\/16\/adelina-berisha-kam-shume-oferta-nga-meshkujt\/"]}]},{"@type":"BreadcrumbList","@id":"https:\/\/www.visit-ulcinj.com\/blog\/2011\/11\/16\/adelina-berisha-kam-shume-oferta-nga-meshkujt\/#breadcrumb","itemListElement":[{"@type":"ListItem","position":1,"name":"Adelina Berisha: Kam shum\u00eb oferta nga meshkujt"}]},{"@type":"Person","@id":"https:\/\/www.visit-ulcinj.com\/blog\/#\/schema\/person\/dcab619c614d3038751c63bc2aadc06d","name":"ulqini","sameAs":["http:\/\/www.visit-ulcinj.com"],"url":"https:\/\/www.visit-ulcinj.com\/blog\/author\/admin\/"}]}},"jetpack_featured_media_url":"","jetpack_sharing_enabled":true,"jetpack_shortlink":"https:\/\/wp.me\/pe6lTn-dT9","_links":{"self":[{"href":"https:\/\/www.visit-ulcinj.com\/blog\/wp-json\/wp\/v2\/posts\/53391"}],"collection":[{"href":"https:\/\/www.visit-ulcinj.com\/blog\/wp-json\/wp\/v2\/posts"}],"about":[{"href":"https:\/\/www.visit-ulcinj.com\/blog\/wp-json\/wp\/v2\/types\/post"}],"author":[{"embeddable":true,"href":"https:\/\/www.visit-ulcinj.com\/blog\/wp-json\/wp\/v2\/users\/1"}],"replies":[{"embeddable":true,"href":"https:\/\/www.visit-ulcinj.com\/blog\/wp-json\/wp\/v2\/comments?post=53391"}],"version-history":[{"count":1,"href":"https:\/\/www.visit-ulcinj.com\/blog\/wp-json\/wp\/v2\/posts\/53391\/revisions"}],"predecessor-version":[{"id":53395,"href":"https:\/\/www.visit-ulcinj.com\/blog\/wp-json\/wp\/v2\/posts\/53391\/revisions\/53395"}],"wp:attachment":[{"href":"https:\/\/www.visit-ulcinj.com\/blog\/wp-json\/wp\/v2\/media?parent=53391"}],"wp:term":[{"taxonomy":"category","embeddable":true,"href":"https:\/\/www.visit-ulcinj.com\/blog\/wp-json\/wp\/v2\/categories?post=53391"},{"taxonomy":"post_tag","embeddable":true,"href":"https:\/\/www.visit-ulcinj.com\/blog\/wp-json\/wp\/v2\/tags?post=53391"}],"curies":[{"name":"wp","href":"https:\/\/api.w.org\/{rel}","templated":true}]}}