{"id":534,"date":"2008-02-15T16:29:29","date_gmt":"2008-02-15T21:29:29","guid":{"rendered":"http:\/\/www.visit-ulcinj.com\/blog\/2008\/02\/15\/das-kosovo-will-unabhangigkeit-erklaren\/"},"modified":"2008-02-16T13:42:41","modified_gmt":"2008-02-16T18:42:41","slug":"das-kosovo-will-unabhangigkeit-erklaren","status":"publish","type":"post","link":"https:\/\/www.visit-ulcinj.com\/blog\/2008\/02\/15\/das-kosovo-will-unabhangigkeit-erklaren\/","title":{"rendered":"Das Kosovo will Unabh\u00e4ngigkeit erkl\u00e4ren"},"content":{"rendered":"<p class=\"headline\"><a href=\"http:\/\/www.euronews.net\/index.php?page=info&amp;article=470307&amp;lng=3&amp;option=1\"><img loading=\"lazy\" border=\"0\" align=\"left\" width=\"129\" src=\"http:\/\/www.euronews.net\/images_news\/W130px_1502-soir-Inde.jpg\" height=\"110\" \/><img border=\"0\" src=\"http:\/\/www.euronews.net\/images\/ge\/lien_video.gif\" \/><\/a><span><a href=\"http:\/\/www.euronews.net\/index.php?page=info&amp;article=470307&amp;lng=3\"> <strong>Das Kosovo will Unabh\u00e4ngigkeit erkl\u00e4ren<\/strong><\/a><\/span><\/p>\n<p class=\"headline\"><span><\/span><\/p>\n<p class=\"headline\"><span><\/span><\/p>\n<p class=\"headline\"><a href=\"http:\/\/www.euronews.net\/index.php?page=info&amp;article=470289&amp;lng=3&amp;option=1\"><strong><img border=\"0\" src=\"http:\/\/www.euronews.net\/images\/ge\/lien_video.gif\" \/><\/strong><\/a><a href=\"http:\/\/www.euronews.net\/index.php?page=info&amp;article=470289&amp;lng=3\"><strong> Taci: &#8220;Wir haben unseren eigenen Zeitplan&#8221;<\/strong><\/a><\/p>\n<p class=\"toolbar\">Seit fast neun Jahren wird das Kosovo nun von den Vereinten Nationen verwaltet, ohne dass sich eine einvernehmliche L\u00f6sung hat finden lassen. Der Staat, zu dem diese Provinz immer noch geh\u00f6rt, ist in diesen Jahren kleiner geworden. Montenegro ist heute ein unabh\u00e4ngiger Staat. Warum nicht auch wir? &#8211; fragen die Kosovaren. Die Karte zeigt gr\u00fcn die Bef\u00fcrworter der Unabh\u00e4ngigkeit in Europa &#8211;<br \/>\nrot die Gegner. Das sind vor allem Staaten wie Spanien, Zypern, Griechen, die im eigenen Land mit seperatistischen Bestrebungen zu k\u00e4mpfen haben.<\/p>\n<p>Gegen die Unabh\u00e4ngigkeit seiner s\u00fcdlichen Provinz ist vor allem Serbien &#8211; und zwar quer durch alle Parteien. Auch der gerade wiedergew\u00e4hle west-orientierte Pr\u00e4sident Boris Tadic macht da keine Ausnahme. Dabei weiss er Russland als starken B\u00fcndnispartner an seiner Seite. Die russische Haltung ist dabei leicht zu erkl\u00e4ren. Pr\u00e4sident Putin f\u00fcrchtet den Beispiel-Effekt mit Blick auf seine aufm\u00fcpfigen Tschetschenen. So spricht er von negativen Konsequenzen f\u00fcr den Balkan wie f\u00fcr die Welt. Mit Blick auf die Schwierigkeiten, die Bosnien-Herogowina mit seiner &#8220;Republika Srpska&#8221; hat, ist das durchaus nachzuvollziehen. Beispiele f\u00fcr Unruhe durch Abspaltungstendenzen lassen sich von der georgischen Region Abchasien \u00fcber das winzige Transnistrien zwischen Russland und Moldawien bis hin zum rum\u00e4nischen Transsylvanien finden.<\/p>\n<p>Der Konflikt zwische Serben und Albanern im Kosovo begann mit dem Zerfall des Osmanischen Reiches und der darauf folgenen Bildung von Nationalstaaten vor rund hundert Jahren.<br \/>\nDie muslimischen Albaner finden sich heute \u00fcber mehrere Staaten verstreut wieder. Sie leben nicht nur in Albanien und dem Kosovo &#8211; sondern auch in Mazedonien, in Montenegro und im Presevo-Tal im S\u00fcden Serbiens. Was soll aus den inzwischen weniger als 200.000 Serben werden, die noch im Kosovo leben? Zieht der n\u00e4chste Fl\u00fcchtlingstreck los?<\/p>\n","protected":false},"excerpt":{"rendered":"<p><img loading=\"lazy\" border=\"0\" align=\"left\" width=\"140\" src=\"http:\/\/www.euronews.net\/images_news\/W130px_1502-soir-Inde.jpg\" height=\"140\"\/><\/p>\n","protected":false},"author":1,"featured_media":0,"comment_status":"open","ping_status":"closed","sticky":false,"template":"","format":"standard","meta":{"spay_email":"","jetpack_publicize_message":"","jetpack_is_tweetstorm":false,"jetpack_publicize_feature_enabled":true},"categories":[12],"tags":[1544,1425,926,1543,1547,788,79,1546,1542,262,1316,1545,1315,1314],"jetpack_publicize_connections":[],"yoast_head":"<!-- This site is optimized with the Yoast SEO plugin v19.1 - https:\/\/yoast.com\/wordpress\/plugins\/seo\/ -->\n<title>Das Kosovo will Unabh\u00e4ngigkeit erkl\u00e4ren - Lajme nga Ulqini<\/title>\n<meta name=\"robots\" content=\"index, follow, max-snippet:-1, max-image-preview:large, max-video-preview:-1\" \/>\n<link rel=\"canonical\" href=\"https:\/\/www.visit-ulcinj.com\/blog\/2008\/02\/15\/das-kosovo-will-unabhangigkeit-erklaren\/\" \/>\n<meta property=\"og:locale\" content=\"en_US\" \/>\n<meta property=\"og:type\" content=\"article\" \/>\n<meta property=\"og:title\" content=\"Das Kosovo will Unabh\u00e4ngigkeit erkl\u00e4ren - Lajme nga Ulqini\" \/>\n<meta property=\"og:url\" content=\"https:\/\/www.visit-ulcinj.com\/blog\/2008\/02\/15\/das-kosovo-will-unabhangigkeit-erklaren\/\" \/>\n<meta property=\"og:site_name\" content=\"Lajme nga Ulqini\" \/>\n<meta property=\"article:published_time\" content=\"2008-02-15T21:29:29+00:00\" \/>\n<meta property=\"article:modified_time\" content=\"2008-02-16T18:42:41+00:00\" \/>\n<meta property=\"og:image\" content=\"http:\/\/www.euronews.net\/images_news\/W130px_1502-soir-Inde.jpg\" \/>\n<meta name=\"twitter:label1\" content=\"Written by\" \/>\n\t<meta name=\"twitter:data1\" content=\"ulqini\" \/>\n\t<meta name=\"twitter:label2\" content=\"Est. reading time\" \/>\n\t<meta name=\"twitter:data2\" content=\"2 minutes\" \/>\n<script type=\"application\/ld+json\" class=\"yoast-schema-graph\">{\"@context\":\"https:\/\/schema.org\",\"@graph\":[{\"@type\":\"WebSite\",\"@id\":\"https:\/\/www.visit-ulcinj.com\/blog\/#website\",\"url\":\"https:\/\/www.visit-ulcinj.com\/blog\/\",\"name\":\"Lajme nga Ulqini\",\"description\":\"Lajme,Vijesti,Ulqini,Ulqin,Crna Gora,Mali i Zi\",\"potentialAction\":[{\"@type\":\"SearchAction\",\"target\":{\"@type\":\"EntryPoint\",\"urlTemplate\":\"https:\/\/www.visit-ulcinj.com\/blog\/?s={search_term_string}\"},\"query-input\":\"required name=search_term_string\"}],\"inLanguage\":\"en-US\"},{\"@type\":\"ImageObject\",\"inLanguage\":\"en-US\",\"@id\":\"https:\/\/www.visit-ulcinj.com\/blog\/2008\/02\/15\/das-kosovo-will-unabhangigkeit-erklaren\/#primaryimage\",\"url\":\"http:\/\/www.euronews.net\/images_news\/W130px_1502-soir-Inde.jpg\",\"contentUrl\":\"http:\/\/www.euronews.net\/images_news\/W130px_1502-soir-Inde.jpg\"},{\"@type\":\"WebPage\",\"@id\":\"https:\/\/www.visit-ulcinj.com\/blog\/2008\/02\/15\/das-kosovo-will-unabhangigkeit-erklaren\/#webpage\",\"url\":\"https:\/\/www.visit-ulcinj.com\/blog\/2008\/02\/15\/das-kosovo-will-unabhangigkeit-erklaren\/\",\"name\":\"Das Kosovo will Unabh\u00e4ngigkeit erkl\u00e4ren - Lajme nga Ulqini\",\"isPartOf\":{\"@id\":\"https:\/\/www.visit-ulcinj.com\/blog\/#website\"},\"primaryImageOfPage\":{\"@id\":\"https:\/\/www.visit-ulcinj.com\/blog\/2008\/02\/15\/das-kosovo-will-unabhangigkeit-erklaren\/#primaryimage\"},\"datePublished\":\"2008-02-15T21:29:29+00:00\",\"dateModified\":\"2008-02-16T18:42:41+00:00\",\"author\":{\"@id\":\"https:\/\/www.visit-ulcinj.com\/blog\/#\/schema\/person\/dcab619c614d3038751c63bc2aadc06d\"},\"breadcrumb\":{\"@id\":\"https:\/\/www.visit-ulcinj.com\/blog\/2008\/02\/15\/das-kosovo-will-unabhangigkeit-erklaren\/#breadcrumb\"},\"inLanguage\":\"en-US\",\"potentialAction\":[{\"@type\":\"ReadAction\",\"target\":[\"https:\/\/www.visit-ulcinj.com\/blog\/2008\/02\/15\/das-kosovo-will-unabhangigkeit-erklaren\/\"]}]},{\"@type\":\"BreadcrumbList\",\"@id\":\"https:\/\/www.visit-ulcinj.com\/blog\/2008\/02\/15\/das-kosovo-will-unabhangigkeit-erklaren\/#breadcrumb\",\"itemListElement\":[{\"@type\":\"ListItem\",\"position\":1,\"name\":\"Das Kosovo will Unabh\u00e4ngigkeit erkl\u00e4ren\"}]},{\"@type\":\"Person\",\"@id\":\"https:\/\/www.visit-ulcinj.com\/blog\/#\/schema\/person\/dcab619c614d3038751c63bc2aadc06d\",\"name\":\"ulqini\",\"sameAs\":[\"http:\/\/www.visit-ulcinj.com\"],\"url\":\"https:\/\/www.visit-ulcinj.com\/blog\/author\/admin\/\"}]}<\/script>\n<!-- \/ Yoast SEO plugin. -->","yoast_head_json":{"title":"Das Kosovo will Unabh\u00e4ngigkeit erkl\u00e4ren - Lajme nga Ulqini","robots":{"index":"index","follow":"follow","max-snippet":"max-snippet:-1","max-image-preview":"max-image-preview:large","max-video-preview":"max-video-preview:-1"},"canonical":"https:\/\/www.visit-ulcinj.com\/blog\/2008\/02\/15\/das-kosovo-will-unabhangigkeit-erklaren\/","og_locale":"en_US","og_type":"article","og_title":"Das Kosovo will Unabh\u00e4ngigkeit erkl\u00e4ren - Lajme nga Ulqini","og_url":"https:\/\/www.visit-ulcinj.com\/blog\/2008\/02\/15\/das-kosovo-will-unabhangigkeit-erklaren\/","og_site_name":"Lajme nga Ulqini","article_published_time":"2008-02-15T21:29:29+00:00","article_modified_time":"2008-02-16T18:42:41+00:00","og_image":[{"url":"http:\/\/www.euronews.net\/images_news\/W130px_1502-soir-Inde.jpg"}],"twitter_misc":{"Written by":"ulqini","Est. reading time":"2 minutes"},"schema":{"@context":"https:\/\/schema.org","@graph":[{"@type":"WebSite","@id":"https:\/\/www.visit-ulcinj.com\/blog\/#website","url":"https:\/\/www.visit-ulcinj.com\/blog\/","name":"Lajme nga Ulqini","description":"Lajme,Vijesti,Ulqini,Ulqin,Crna Gora,Mali i Zi","potentialAction":[{"@type":"SearchAction","target":{"@type":"EntryPoint","urlTemplate":"https:\/\/www.visit-ulcinj.com\/blog\/?s={search_term_string}"},"query-input":"required name=search_term_string"}],"inLanguage":"en-US"},{"@type":"ImageObject","inLanguage":"en-US","@id":"https:\/\/www.visit-ulcinj.com\/blog\/2008\/02\/15\/das-kosovo-will-unabhangigkeit-erklaren\/#primaryimage","url":"http:\/\/www.euronews.net\/images_news\/W130px_1502-soir-Inde.jpg","contentUrl":"http:\/\/www.euronews.net\/images_news\/W130px_1502-soir-Inde.jpg"},{"@type":"WebPage","@id":"https:\/\/www.visit-ulcinj.com\/blog\/2008\/02\/15\/das-kosovo-will-unabhangigkeit-erklaren\/#webpage","url":"https:\/\/www.visit-ulcinj.com\/blog\/2008\/02\/15\/das-kosovo-will-unabhangigkeit-erklaren\/","name":"Das Kosovo will Unabh\u00e4ngigkeit erkl\u00e4ren - Lajme nga Ulqini","isPartOf":{"@id":"https:\/\/www.visit-ulcinj.com\/blog\/#website"},"primaryImageOfPage":{"@id":"https:\/\/www.visit-ulcinj.com\/blog\/2008\/02\/15\/das-kosovo-will-unabhangigkeit-erklaren\/#primaryimage"},"datePublished":"2008-02-15T21:29:29+00:00","dateModified":"2008-02-16T18:42:41+00:00","author":{"@id":"https:\/\/www.visit-ulcinj.com\/blog\/#\/schema\/person\/dcab619c614d3038751c63bc2aadc06d"},"breadcrumb":{"@id":"https:\/\/www.visit-ulcinj.com\/blog\/2008\/02\/15\/das-kosovo-will-unabhangigkeit-erklaren\/#breadcrumb"},"inLanguage":"en-US","potentialAction":[{"@type":"ReadAction","target":["https:\/\/www.visit-ulcinj.com\/blog\/2008\/02\/15\/das-kosovo-will-unabhangigkeit-erklaren\/"]}]},{"@type":"BreadcrumbList","@id":"https:\/\/www.visit-ulcinj.com\/blog\/2008\/02\/15\/das-kosovo-will-unabhangigkeit-erklaren\/#breadcrumb","itemListElement":[{"@type":"ListItem","position":1,"name":"Das Kosovo will Unabh\u00e4ngigkeit erkl\u00e4ren"}]},{"@type":"Person","@id":"https:\/\/www.visit-ulcinj.com\/blog\/#\/schema\/person\/dcab619c614d3038751c63bc2aadc06d","name":"ulqini","sameAs":["http:\/\/www.visit-ulcinj.com"],"url":"https:\/\/www.visit-ulcinj.com\/blog\/author\/admin\/"}]}},"jetpack_featured_media_url":"","jetpack_sharing_enabled":true,"jetpack_shortlink":"https:\/\/wp.me\/pe6lTn-8C","_links":{"self":[{"href":"https:\/\/www.visit-ulcinj.com\/blog\/wp-json\/wp\/v2\/posts\/534"}],"collection":[{"href":"https:\/\/www.visit-ulcinj.com\/blog\/wp-json\/wp\/v2\/posts"}],"about":[{"href":"https:\/\/www.visit-ulcinj.com\/blog\/wp-json\/wp\/v2\/types\/post"}],"author":[{"embeddable":true,"href":"https:\/\/www.visit-ulcinj.com\/blog\/wp-json\/wp\/v2\/users\/1"}],"replies":[{"embeddable":true,"href":"https:\/\/www.visit-ulcinj.com\/blog\/wp-json\/wp\/v2\/comments?post=534"}],"version-history":[{"count":0,"href":"https:\/\/www.visit-ulcinj.com\/blog\/wp-json\/wp\/v2\/posts\/534\/revisions"}],"wp:attachment":[{"href":"https:\/\/www.visit-ulcinj.com\/blog\/wp-json\/wp\/v2\/media?parent=534"}],"wp:term":[{"taxonomy":"category","embeddable":true,"href":"https:\/\/www.visit-ulcinj.com\/blog\/wp-json\/wp\/v2\/categories?post=534"},{"taxonomy":"post_tag","embeddable":true,"href":"https:\/\/www.visit-ulcinj.com\/blog\/wp-json\/wp\/v2\/tags?post=534"}],"curies":[{"name":"wp","href":"https:\/\/api.w.org\/{rel}","templated":true}]}}