{"id":53413,"date":"2011-11-17T14:04:40","date_gmt":"2011-11-17T13:04:40","guid":{"rendered":"http:\/\/www.visit-ulcinj.com\/blog\/?p=53413"},"modified":"2011-11-21T19:31:26","modified_gmt":"2011-11-21T18:31:26","slug":"beci-gatishmeri-per-thellimin-e-bashkepunimit-nderkufitar-me-ulqinin","status":"publish","type":"post","link":"https:\/\/www.visit-ulcinj.com\/blog\/2011\/11\/17\/beci-gatishmeri-per-thellimin-e-bashkepunimit-nderkufitar-me-ulqinin\/","title":{"rendered":"Beci: Gatishm\u00ebri p\u00ebr thellimin e bashk\u00ebpunimit nd\u00ebrkufitar me Ulqinin"},"content":{"rendered":"<p><a href=\"http:\/\/www.visit-ulcinj.com\/blog\/wp-content\/uploads\/2011\/11\/Tonin-Beci-vizitoj-Ulqinin.jpg\"><img loading=\"lazy\" class=\"alignleft size-full wp-image-53414\" title=\"Tonin Beci vizitoj Ulqinin\" src=\"http:\/\/www.visit-ulcinj.com\/blog\/wp-content\/uploads\/2011\/11\/Tonin-Beci-vizitoj-Ulqinin.jpg\" alt=\"\" width=\"508\" height=\"380\" srcset=\"https:\/\/www.visit-ulcinj.com\/blog\/wp-content\/uploads\/2011\/11\/Tonin-Beci-vizitoj-Ulqinin.jpg 599w, https:\/\/www.visit-ulcinj.com\/blog\/wp-content\/uploads\/2011\/11\/Tonin-Beci-vizitoj-Ulqinin-300x224.jpg 300w\" sizes=\"(max-width: 508px) 100vw, 508px\" \/><\/a>Ambasadori i Republik\u00ebs s\u00eb Shqip\u00ebris\u00eb, Tonin Beci vizitoi Ulqinin edhe u takua me kryetarin e k\u00ebsak komune, Nazif Cungu, i cili e informoi diplomatin shqiptar me gjendjen gjendjen aktuale ekonomike dhe politike, njofton KosovaLive.<\/p>\n<p><a href=\"http:\/\/www.kosovalive.com\/?cid=1,2,78474\" target=\"_blank\"><strong><img title=\"Kultur\u00ebn shqiptare n\u00eb Ulqin duhet t\u00eb zhvillojn\u00eb profesionist\u00ebt e jo amator\u00ebt\" src=\"data:image\/png;base64,iVBORw0KGgoAAAANSUhEUgAAAB8AAAALCAIAAAAIi8HjAAAALUlEQVQ4jWP4T0vAMLxMP5PGcCaNgTwuAdOpaDS66dQ1mr5up7oFwyxFUhEAACMXs3cnyGo2AAAAAElFTkSuQmCC\" alt=\" Kultur\u00ebn shqiptare n\u00eb Ulqin duhet t\u00eb zhvillojn\u00eb profesionist\u00ebt e jo amator\u00ebt\" \/>KosovaLive <img title=\"Kultur\u00ebn shqiptare n\u00eb Ulqin duhet t\u00eb zhvillojn\u00eb profesionist\u00ebt e jo amator\u00ebt\" src=\"data:image\/png;base64,iVBORw0KGgoAAAANSUhEUgAAAB8AAAALCAIAAAAIi8HjAAAALUlEQVQ4jWP4T0vAMLxMP5PGcCaNgTwuAdOpaDS66dQ1mr5up7oFwyxFUhEAACMXs3cnyGo2AAAAAElFTkSuQmCC\" alt=\" Kultur\u00ebn shqiptare n\u00eb Ulqin duhet t\u00eb zhvillojn\u00eb profesionist\u00ebt e jo amator\u00ebt\" \/><\/strong><\/a><\/p>\n","protected":false},"excerpt":{"rendered":"<p>Ambasadori i Republik\u00ebs s\u00eb Shqip\u00ebris\u00eb, Tonin Beci vizitoi Ulqinin edhe u takua me kryetarin e k\u00ebsak komune, Nazif Cungu, i cili e informoi diplomatin shqiptar me gjendjen gjendjen aktuale ekonomike dhe politike, njofton KosovaLive. KosovaLive<\/p>\n","protected":false},"author":1,"featured_media":0,"comment_status":"open","ping_status":"closed","sticky":false,"template":"","format":"standard","meta":{"spay_email":"","jetpack_publicize_message":"","jetpack_is_tweetstorm":false,"jetpack_publicize_feature_enabled":true},"categories":[8],"tags":[5188,297,118,200,18],"jetpack_publicize_connections":[],"yoast_head":"<!-- This site is optimized with the Yoast SEO plugin v19.1 - https:\/\/yoast.com\/wordpress\/plugins\/seo\/ -->\n<title>Beci: Gatishm\u00ebri p\u00ebr thellimin e bashk\u00ebpunimit nd\u00ebrkufitar me Ulqinin - Lajme nga Ulqini<\/title>\n<meta name=\"description\" content=\"Ambasadori i Republik\u00ebs s\u00eb Shqip\u00ebris\u00eb, Tonin Beci vizitoi Ulqinin edhe u takua me kryetarin e k\u00ebsak komune, Nazif Cungu, i cili e informoi diplomatin\" \/>\n<meta name=\"robots\" content=\"index, follow, max-snippet:-1, max-image-preview:large, max-video-preview:-1\" \/>\n<link rel=\"canonical\" href=\"https:\/\/www.visit-ulcinj.com\/blog\/2011\/11\/17\/beci-gatishmeri-per-thellimin-e-bashkepunimit-nderkufitar-me-ulqinin\/\" \/>\n<meta property=\"og:locale\" content=\"en_US\" \/>\n<meta property=\"og:type\" content=\"article\" \/>\n<meta property=\"og:title\" content=\"Beci: Gatishm\u00ebri p\u00ebr thellimin e bashk\u00ebpunimit nd\u00ebrkufitar me Ulqinin - Lajme nga Ulqini\" \/>\n<meta property=\"og:description\" content=\"Ambasadori i Republik\u00ebs s\u00eb Shqip\u00ebris\u00eb, Tonin Beci vizitoi Ulqinin edhe u takua me kryetarin e k\u00ebsak komune, Nazif Cungu, i cili e informoi diplomatin\" \/>\n<meta property=\"og:url\" content=\"https:\/\/www.visit-ulcinj.com\/blog\/2011\/11\/17\/beci-gatishmeri-per-thellimin-e-bashkepunimit-nderkufitar-me-ulqinin\/\" \/>\n<meta property=\"og:site_name\" content=\"Lajme nga Ulqini\" \/>\n<meta property=\"article:published_time\" content=\"2011-11-17T13:04:40+00:00\" \/>\n<meta property=\"article:modified_time\" content=\"2011-11-21T18:31:26+00:00\" \/>\n<meta property=\"og:image\" content=\"http:\/\/www.visit-ulcinj.com\/blog\/wp-content\/uploads\/2011\/11\/Tonin-Beci-vizitoj-Ulqinin.jpg\" \/>\n<meta name=\"twitter:label1\" content=\"Written by\" \/>\n\t<meta name=\"twitter:data1\" content=\"ulqini\" \/>\n<script type=\"application\/ld+json\" class=\"yoast-schema-graph\">{\"@context\":\"https:\/\/schema.org\",\"@graph\":[{\"@type\":\"WebSite\",\"@id\":\"https:\/\/www.visit-ulcinj.com\/blog\/#website\",\"url\":\"https:\/\/www.visit-ulcinj.com\/blog\/\",\"name\":\"Lajme nga Ulqini\",\"description\":\"Lajme,Vijesti,Ulqini,Ulqin,Crna Gora,Mali i Zi\",\"potentialAction\":[{\"@type\":\"SearchAction\",\"target\":{\"@type\":\"EntryPoint\",\"urlTemplate\":\"https:\/\/www.visit-ulcinj.com\/blog\/?s={search_term_string}\"},\"query-input\":\"required name=search_term_string\"}],\"inLanguage\":\"en-US\"},{\"@type\":\"ImageObject\",\"inLanguage\":\"en-US\",\"@id\":\"https:\/\/www.visit-ulcinj.com\/blog\/2011\/11\/17\/beci-gatishmeri-per-thellimin-e-bashkepunimit-nderkufitar-me-ulqinin\/#primaryimage\",\"url\":\"https:\/\/www.visit-ulcinj.com\/blog\/wp-content\/uploads\/2011\/11\/Tonin-Beci-vizitoj-Ulqinin.jpg\",\"contentUrl\":\"https:\/\/www.visit-ulcinj.com\/blog\/wp-content\/uploads\/2011\/11\/Tonin-Beci-vizitoj-Ulqinin.jpg\",\"width\":\"599\",\"height\":\"449\"},{\"@type\":\"WebPage\",\"@id\":\"https:\/\/www.visit-ulcinj.com\/blog\/2011\/11\/17\/beci-gatishmeri-per-thellimin-e-bashkepunimit-nderkufitar-me-ulqinin\/#webpage\",\"url\":\"https:\/\/www.visit-ulcinj.com\/blog\/2011\/11\/17\/beci-gatishmeri-per-thellimin-e-bashkepunimit-nderkufitar-me-ulqinin\/\",\"name\":\"Beci: Gatishm\u00ebri p\u00ebr thellimin e bashk\u00ebpunimit nd\u00ebrkufitar me Ulqinin - Lajme nga Ulqini\",\"isPartOf\":{\"@id\":\"https:\/\/www.visit-ulcinj.com\/blog\/#website\"},\"primaryImageOfPage\":{\"@id\":\"https:\/\/www.visit-ulcinj.com\/blog\/2011\/11\/17\/beci-gatishmeri-per-thellimin-e-bashkepunimit-nderkufitar-me-ulqinin\/#primaryimage\"},\"datePublished\":\"2011-11-17T13:04:40+00:00\",\"dateModified\":\"2011-11-21T18:31:26+00:00\",\"author\":{\"@id\":\"https:\/\/www.visit-ulcinj.com\/blog\/#\/schema\/person\/dcab619c614d3038751c63bc2aadc06d\"},\"description\":\"Ambasadori i Republik\u00ebs s\u00eb Shqip\u00ebris\u00eb, Tonin Beci vizitoi Ulqinin edhe u takua me kryetarin e k\u00ebsak komune, Nazif Cungu, i cili e informoi diplomatin\",\"breadcrumb\":{\"@id\":\"https:\/\/www.visit-ulcinj.com\/blog\/2011\/11\/17\/beci-gatishmeri-per-thellimin-e-bashkepunimit-nderkufitar-me-ulqinin\/#breadcrumb\"},\"inLanguage\":\"en-US\",\"potentialAction\":[{\"@type\":\"ReadAction\",\"target\":[\"https:\/\/www.visit-ulcinj.com\/blog\/2011\/11\/17\/beci-gatishmeri-per-thellimin-e-bashkepunimit-nderkufitar-me-ulqinin\/\"]}]},{\"@type\":\"BreadcrumbList\",\"@id\":\"https:\/\/www.visit-ulcinj.com\/blog\/2011\/11\/17\/beci-gatishmeri-per-thellimin-e-bashkepunimit-nderkufitar-me-ulqinin\/#breadcrumb\",\"itemListElement\":[{\"@type\":\"ListItem\",\"position\":1,\"name\":\"Beci: Gatishm\u00ebri p\u00ebr thellimin e bashk\u00ebpunimit nd\u00ebrkufitar me Ulqinin\"}]},{\"@type\":\"Person\",\"@id\":\"https:\/\/www.visit-ulcinj.com\/blog\/#\/schema\/person\/dcab619c614d3038751c63bc2aadc06d\",\"name\":\"ulqini\",\"sameAs\":[\"http:\/\/www.visit-ulcinj.com\"],\"url\":\"https:\/\/www.visit-ulcinj.com\/blog\/author\/admin\/\"}]}<\/script>\n<!-- \/ Yoast SEO plugin. -->","yoast_head_json":{"title":"Beci: Gatishm\u00ebri p\u00ebr thellimin e bashk\u00ebpunimit nd\u00ebrkufitar me Ulqinin - Lajme nga Ulqini","description":"Ambasadori i Republik\u00ebs s\u00eb Shqip\u00ebris\u00eb, Tonin Beci vizitoi Ulqinin edhe u takua me kryetarin e k\u00ebsak komune, Nazif Cungu, i cili e informoi diplomatin","robots":{"index":"index","follow":"follow","max-snippet":"max-snippet:-1","max-image-preview":"max-image-preview:large","max-video-preview":"max-video-preview:-1"},"canonical":"https:\/\/www.visit-ulcinj.com\/blog\/2011\/11\/17\/beci-gatishmeri-per-thellimin-e-bashkepunimit-nderkufitar-me-ulqinin\/","og_locale":"en_US","og_type":"article","og_title":"Beci: Gatishm\u00ebri p\u00ebr thellimin e bashk\u00ebpunimit nd\u00ebrkufitar me Ulqinin - Lajme nga Ulqini","og_description":"Ambasadori i Republik\u00ebs s\u00eb Shqip\u00ebris\u00eb, Tonin Beci vizitoi Ulqinin edhe u takua me kryetarin e k\u00ebsak komune, Nazif Cungu, i cili e informoi diplomatin","og_url":"https:\/\/www.visit-ulcinj.com\/blog\/2011\/11\/17\/beci-gatishmeri-per-thellimin-e-bashkepunimit-nderkufitar-me-ulqinin\/","og_site_name":"Lajme nga Ulqini","article_published_time":"2011-11-17T13:04:40+00:00","article_modified_time":"2011-11-21T18:31:26+00:00","og_image":[{"url":"http:\/\/www.visit-ulcinj.com\/blog\/wp-content\/uploads\/2011\/11\/Tonin-Beci-vizitoj-Ulqinin.jpg"}],"twitter_misc":{"Written by":"ulqini"},"schema":{"@context":"https:\/\/schema.org","@graph":[{"@type":"WebSite","@id":"https:\/\/www.visit-ulcinj.com\/blog\/#website","url":"https:\/\/www.visit-ulcinj.com\/blog\/","name":"Lajme nga Ulqini","description":"Lajme,Vijesti,Ulqini,Ulqin,Crna Gora,Mali i Zi","potentialAction":[{"@type":"SearchAction","target":{"@type":"EntryPoint","urlTemplate":"https:\/\/www.visit-ulcinj.com\/blog\/?s={search_term_string}"},"query-input":"required name=search_term_string"}],"inLanguage":"en-US"},{"@type":"ImageObject","inLanguage":"en-US","@id":"https:\/\/www.visit-ulcinj.com\/blog\/2011\/11\/17\/beci-gatishmeri-per-thellimin-e-bashkepunimit-nderkufitar-me-ulqinin\/#primaryimage","url":"https:\/\/www.visit-ulcinj.com\/blog\/wp-content\/uploads\/2011\/11\/Tonin-Beci-vizitoj-Ulqinin.jpg","contentUrl":"https:\/\/www.visit-ulcinj.com\/blog\/wp-content\/uploads\/2011\/11\/Tonin-Beci-vizitoj-Ulqinin.jpg","width":"599","height":"449"},{"@type":"WebPage","@id":"https:\/\/www.visit-ulcinj.com\/blog\/2011\/11\/17\/beci-gatishmeri-per-thellimin-e-bashkepunimit-nderkufitar-me-ulqinin\/#webpage","url":"https:\/\/www.visit-ulcinj.com\/blog\/2011\/11\/17\/beci-gatishmeri-per-thellimin-e-bashkepunimit-nderkufitar-me-ulqinin\/","name":"Beci: Gatishm\u00ebri p\u00ebr thellimin e bashk\u00ebpunimit nd\u00ebrkufitar me Ulqinin - Lajme nga Ulqini","isPartOf":{"@id":"https:\/\/www.visit-ulcinj.com\/blog\/#website"},"primaryImageOfPage":{"@id":"https:\/\/www.visit-ulcinj.com\/blog\/2011\/11\/17\/beci-gatishmeri-per-thellimin-e-bashkepunimit-nderkufitar-me-ulqinin\/#primaryimage"},"datePublished":"2011-11-17T13:04:40+00:00","dateModified":"2011-11-21T18:31:26+00:00","author":{"@id":"https:\/\/www.visit-ulcinj.com\/blog\/#\/schema\/person\/dcab619c614d3038751c63bc2aadc06d"},"description":"Ambasadori i Republik\u00ebs s\u00eb Shqip\u00ebris\u00eb, Tonin Beci vizitoi Ulqinin edhe u takua me kryetarin e k\u00ebsak komune, Nazif Cungu, i cili e informoi diplomatin","breadcrumb":{"@id":"https:\/\/www.visit-ulcinj.com\/blog\/2011\/11\/17\/beci-gatishmeri-per-thellimin-e-bashkepunimit-nderkufitar-me-ulqinin\/#breadcrumb"},"inLanguage":"en-US","potentialAction":[{"@type":"ReadAction","target":["https:\/\/www.visit-ulcinj.com\/blog\/2011\/11\/17\/beci-gatishmeri-per-thellimin-e-bashkepunimit-nderkufitar-me-ulqinin\/"]}]},{"@type":"BreadcrumbList","@id":"https:\/\/www.visit-ulcinj.com\/blog\/2011\/11\/17\/beci-gatishmeri-per-thellimin-e-bashkepunimit-nderkufitar-me-ulqinin\/#breadcrumb","itemListElement":[{"@type":"ListItem","position":1,"name":"Beci: Gatishm\u00ebri p\u00ebr thellimin e bashk\u00ebpunimit nd\u00ebrkufitar me Ulqinin"}]},{"@type":"Person","@id":"https:\/\/www.visit-ulcinj.com\/blog\/#\/schema\/person\/dcab619c614d3038751c63bc2aadc06d","name":"ulqini","sameAs":["http:\/\/www.visit-ulcinj.com"],"url":"https:\/\/www.visit-ulcinj.com\/blog\/author\/admin\/"}]}},"jetpack_featured_media_url":"","jetpack_sharing_enabled":true,"jetpack_shortlink":"https:\/\/wp.me\/pe6lTn-dTv","_links":{"self":[{"href":"https:\/\/www.visit-ulcinj.com\/blog\/wp-json\/wp\/v2\/posts\/53413"}],"collection":[{"href":"https:\/\/www.visit-ulcinj.com\/blog\/wp-json\/wp\/v2\/posts"}],"about":[{"href":"https:\/\/www.visit-ulcinj.com\/blog\/wp-json\/wp\/v2\/types\/post"}],"author":[{"embeddable":true,"href":"https:\/\/www.visit-ulcinj.com\/blog\/wp-json\/wp\/v2\/users\/1"}],"replies":[{"embeddable":true,"href":"https:\/\/www.visit-ulcinj.com\/blog\/wp-json\/wp\/v2\/comments?post=53413"}],"version-history":[{"count":5,"href":"https:\/\/www.visit-ulcinj.com\/blog\/wp-json\/wp\/v2\/posts\/53413\/revisions"}],"predecessor-version":[{"id":53489,"href":"https:\/\/www.visit-ulcinj.com\/blog\/wp-json\/wp\/v2\/posts\/53413\/revisions\/53489"}],"wp:attachment":[{"href":"https:\/\/www.visit-ulcinj.com\/blog\/wp-json\/wp\/v2\/media?parent=53413"}],"wp:term":[{"taxonomy":"category","embeddable":true,"href":"https:\/\/www.visit-ulcinj.com\/blog\/wp-json\/wp\/v2\/categories?post=53413"},{"taxonomy":"post_tag","embeddable":true,"href":"https:\/\/www.visit-ulcinj.com\/blog\/wp-json\/wp\/v2\/tags?post=53413"}],"curies":[{"name":"wp","href":"https:\/\/api.w.org\/{rel}","templated":true}]}}