{"id":53416,"date":"2011-11-17T14:13:15","date_gmt":"2011-11-17T13:13:15","guid":{"rendered":"http:\/\/www.visit-ulcinj.com\/blog\/?p=53416"},"modified":"2011-11-17T14:13:15","modified_gmt":"2011-11-17T13:13:15","slug":"smijenjen-luid-skrelja","status":"publish","type":"post","link":"https:\/\/www.visit-ulcinj.com\/blog\/2011\/11\/17\/smijenjen-luid-skrelja\/","title":{"rendered":"Smijenjen Lui\u0111 \u0160krelja"},"content":{"rendered":"<p><strong><a href=\"http:\/\/www.visit-ulcinj.com\/blog\/wp-content\/uploads\/2011\/11\/Loro-Nrekic-menja-luidj-Skrelu.jpg\"><img loading=\"lazy\" class=\"alignleft size-full wp-image-53417\" title=\"Loro-Nrekic menja luidj Skrelu\" src=\"http:\/\/www.visit-ulcinj.com\/blog\/wp-content\/uploads\/2011\/11\/Loro-Nrekic-menja-luidj-Skrelu.jpg\" alt=\"\" width=\"508\" height=\"380\" \/><\/a>Promjene na \u010delu Ulcinjskog DPS<\/strong><\/p>\n<p>Predsjednik op\u0161tinskog odbora DPS Ulcinj Lui\u0111 \u0160krelja nije dobio podr\u0161ku predsjedni\u0161tva partije da i dalje vodi taj odbor, pa \u0107e ga na toj funkciji uskoro zamijeniti Ljoro Nreki\u0107, saznaje \u201eDan\u201d iz izvora bliskih toj partiji. Nreki\u0107, ina\u010de jedan od tri \u010dlana GO stranke iz Ulcinja, ve\u0107 neko vrijeme va\u017eio kao najozbiljniji kandidat za mjesto prvog \u010dovjeka DPS.<br \/>\nDugogodi\u0161nji je direktor Elektrodistribucije a u partijskim krugovima poznat kao \u010dovjek dobrih organizatorskih sposobnosti.<br \/>\nSa druge strane odlaze\u0107em predsjedniku zamjera se da je previ\u0161e solirao u vo\u0111enju ulcinjskog ogranka, te da je dijelom odgovoran za nedavni gubitak vlasti koju su socijalisti Mila \u0110ukanovi\u0107a u najju\u017enijoj op\u0161tini dijelili sa Demokratskom unijom Albanaca i Partijom demokratskog prosperiteta. \u0160krelji se stavlja na du\u0161u i odluka da ne prihvati postizbornu ponudu za formiranje vlasti sa Forcom, najja\u010dom strankom u Ulcinju, \u0161to, ispostavi\u0107e se, nije bila dobra ra\u010dunica jer se DPS u me\u0111uvremenu preselio u opoziciju. U skladu sa planom aktivnosti organa partije do 25. novembra bi\u0107e odr\u017eana sjednica na kojoj \u0107e se birati novi IO i ozvani\u010diti Nreki\u0107ev izbor.<\/p>\n<p><a href=\"http:\/\/www.dan.co.me\/?nivo=3&amp;rubrika=Politika&amp;datum=2011-11-16&amp;clanak=306740\" target=\"_blank\"><strong>M.K.<\/strong><br \/>\n<strong> Izvor: DAN<\/strong><\/a><\/p>\n","protected":false},"excerpt":{"rendered":"<p>Promjene na \u010delu Ulcinjskog DPS Predsjednik op\u0161tinskog odbora DPS Ulcinj Lui\u0111 \u0160krelja nije dobio podr\u0161ku predsjedni\u0161tva partije da i dalje vodi taj odbor, pa \u0107e ga na toj funkciji uskoro zamijeniti Ljoro Nreki\u0107, saznaje \u201eDan\u201d iz izvora bliskih toj partiji. Nreki\u0107, ina\u010de jedan od tri \u010dlana GO stranke iz Ulcinja, ve\u0107 neko vrijeme va\u017eio kao [&hellip;]<\/p>\n","protected":false},"author":1,"featured_media":0,"comment_status":"open","ping_status":"closed","sticky":false,"template":"","format":"standard","meta":{"spay_email":"","jetpack_publicize_message":"","jetpack_is_tweetstorm":false,"jetpack_publicize_feature_enabled":true},"categories":[8337],"tags":[14736,19],"jetpack_publicize_connections":[],"yoast_head":"<!-- This site is optimized with the Yoast SEO plugin v19.1 - https:\/\/yoast.com\/wordpress\/plugins\/seo\/ -->\n<title>Smijenjen Lui\u0111 \u0160krelja - Lajme nga Ulqini<\/title>\n<meta name=\"description\" content=\"Promjene na \u010delu Ulcinjskog DPS Predsjednik op\u0161tinskog odbora DPS Ulcinj Lui\u0111 \u0160krelja nije dobio podr\u0161ku predsjedni\u0161tva partije da i dalje vodi taj odbor,\" \/>\n<meta name=\"robots\" content=\"index, follow, max-snippet:-1, max-image-preview:large, max-video-preview:-1\" \/>\n<link rel=\"canonical\" href=\"https:\/\/www.visit-ulcinj.com\/blog\/2011\/11\/17\/smijenjen-luid-skrelja\/\" \/>\n<meta property=\"og:locale\" content=\"en_US\" \/>\n<meta property=\"og:type\" content=\"article\" \/>\n<meta property=\"og:title\" content=\"Smijenjen Lui\u0111 \u0160krelja - Lajme nga Ulqini\" \/>\n<meta property=\"og:description\" content=\"Promjene na \u010delu Ulcinjskog DPS Predsjednik op\u0161tinskog odbora DPS Ulcinj Lui\u0111 \u0160krelja nije dobio podr\u0161ku predsjedni\u0161tva partije da i dalje vodi taj odbor,\" \/>\n<meta property=\"og:url\" content=\"https:\/\/www.visit-ulcinj.com\/blog\/2011\/11\/17\/smijenjen-luid-skrelja\/\" \/>\n<meta property=\"og:site_name\" content=\"Lajme nga Ulqini\" \/>\n<meta property=\"article:published_time\" content=\"2011-11-17T13:13:15+00:00\" \/>\n<meta property=\"og:image\" content=\"http:\/\/www.visit-ulcinj.com\/blog\/wp-content\/uploads\/2011\/11\/Loro-Nrekic-menja-luidj-Skrelu.jpg\" \/>\n<meta name=\"twitter:label1\" content=\"Written by\" \/>\n\t<meta name=\"twitter:data1\" content=\"ulqini\" \/>\n\t<meta name=\"twitter:label2\" content=\"Est. reading time\" \/>\n\t<meta name=\"twitter:data2\" content=\"1 minute\" \/>\n<script type=\"application\/ld+json\" class=\"yoast-schema-graph\">{\"@context\":\"https:\/\/schema.org\",\"@graph\":[{\"@type\":\"WebSite\",\"@id\":\"https:\/\/www.visit-ulcinj.com\/blog\/#website\",\"url\":\"https:\/\/www.visit-ulcinj.com\/blog\/\",\"name\":\"Lajme nga Ulqini\",\"description\":\"Lajme,Vijesti,Ulqini,Ulqin,Crna Gora,Mali i Zi\",\"potentialAction\":[{\"@type\":\"SearchAction\",\"target\":{\"@type\":\"EntryPoint\",\"urlTemplate\":\"https:\/\/www.visit-ulcinj.com\/blog\/?s={search_term_string}\"},\"query-input\":\"required name=search_term_string\"}],\"inLanguage\":\"en-US\"},{\"@type\":\"ImageObject\",\"inLanguage\":\"en-US\",\"@id\":\"https:\/\/www.visit-ulcinj.com\/blog\/2011\/11\/17\/smijenjen-luid-skrelja\/#primaryimage\",\"url\":\"https:\/\/www.visit-ulcinj.com\/blog\/wp-content\/uploads\/2011\/11\/Loro-Nrekic-menja-luidj-Skrelu.jpg\",\"contentUrl\":\"https:\/\/www.visit-ulcinj.com\/blog\/wp-content\/uploads\/2011\/11\/Loro-Nrekic-menja-luidj-Skrelu.jpg\",\"width\":\"719\",\"height\":\"479\"},{\"@type\":\"WebPage\",\"@id\":\"https:\/\/www.visit-ulcinj.com\/blog\/2011\/11\/17\/smijenjen-luid-skrelja\/#webpage\",\"url\":\"https:\/\/www.visit-ulcinj.com\/blog\/2011\/11\/17\/smijenjen-luid-skrelja\/\",\"name\":\"Smijenjen Lui\u0111 \u0160krelja - Lajme nga Ulqini\",\"isPartOf\":{\"@id\":\"https:\/\/www.visit-ulcinj.com\/blog\/#website\"},\"primaryImageOfPage\":{\"@id\":\"https:\/\/www.visit-ulcinj.com\/blog\/2011\/11\/17\/smijenjen-luid-skrelja\/#primaryimage\"},\"datePublished\":\"2011-11-17T13:13:15+00:00\",\"dateModified\":\"2011-11-17T13:13:15+00:00\",\"author\":{\"@id\":\"https:\/\/www.visit-ulcinj.com\/blog\/#\/schema\/person\/dcab619c614d3038751c63bc2aadc06d\"},\"description\":\"Promjene na \u010delu Ulcinjskog DPS Predsjednik op\u0161tinskog odbora DPS Ulcinj Lui\u0111 \u0160krelja nije dobio podr\u0161ku predsjedni\u0161tva partije da i dalje vodi taj odbor,\",\"breadcrumb\":{\"@id\":\"https:\/\/www.visit-ulcinj.com\/blog\/2011\/11\/17\/smijenjen-luid-skrelja\/#breadcrumb\"},\"inLanguage\":\"en-US\",\"potentialAction\":[{\"@type\":\"ReadAction\",\"target\":[\"https:\/\/www.visit-ulcinj.com\/blog\/2011\/11\/17\/smijenjen-luid-skrelja\/\"]}]},{\"@type\":\"BreadcrumbList\",\"@id\":\"https:\/\/www.visit-ulcinj.com\/blog\/2011\/11\/17\/smijenjen-luid-skrelja\/#breadcrumb\",\"itemListElement\":[{\"@type\":\"ListItem\",\"position\":1,\"name\":\"Smijenjen Lui\u0111 \u0160krelja\"}]},{\"@type\":\"Person\",\"@id\":\"https:\/\/www.visit-ulcinj.com\/blog\/#\/schema\/person\/dcab619c614d3038751c63bc2aadc06d\",\"name\":\"ulqini\",\"sameAs\":[\"http:\/\/www.visit-ulcinj.com\"],\"url\":\"https:\/\/www.visit-ulcinj.com\/blog\/author\/admin\/\"}]}<\/script>\n<!-- \/ Yoast SEO plugin. -->","yoast_head_json":{"title":"Smijenjen Lui\u0111 \u0160krelja - Lajme nga Ulqini","description":"Promjene na \u010delu Ulcinjskog DPS Predsjednik op\u0161tinskog odbora DPS Ulcinj Lui\u0111 \u0160krelja nije dobio podr\u0161ku predsjedni\u0161tva partije da i dalje vodi taj odbor,","robots":{"index":"index","follow":"follow","max-snippet":"max-snippet:-1","max-image-preview":"max-image-preview:large","max-video-preview":"max-video-preview:-1"},"canonical":"https:\/\/www.visit-ulcinj.com\/blog\/2011\/11\/17\/smijenjen-luid-skrelja\/","og_locale":"en_US","og_type":"article","og_title":"Smijenjen Lui\u0111 \u0160krelja - Lajme nga Ulqini","og_description":"Promjene na \u010delu Ulcinjskog DPS Predsjednik op\u0161tinskog odbora DPS Ulcinj Lui\u0111 \u0160krelja nije dobio podr\u0161ku predsjedni\u0161tva partije da i dalje vodi taj odbor,","og_url":"https:\/\/www.visit-ulcinj.com\/blog\/2011\/11\/17\/smijenjen-luid-skrelja\/","og_site_name":"Lajme nga Ulqini","article_published_time":"2011-11-17T13:13:15+00:00","og_image":[{"url":"http:\/\/www.visit-ulcinj.com\/blog\/wp-content\/uploads\/2011\/11\/Loro-Nrekic-menja-luidj-Skrelu.jpg"}],"twitter_misc":{"Written by":"ulqini","Est. reading time":"1 minute"},"schema":{"@context":"https:\/\/schema.org","@graph":[{"@type":"WebSite","@id":"https:\/\/www.visit-ulcinj.com\/blog\/#website","url":"https:\/\/www.visit-ulcinj.com\/blog\/","name":"Lajme nga Ulqini","description":"Lajme,Vijesti,Ulqini,Ulqin,Crna Gora,Mali i Zi","potentialAction":[{"@type":"SearchAction","target":{"@type":"EntryPoint","urlTemplate":"https:\/\/www.visit-ulcinj.com\/blog\/?s={search_term_string}"},"query-input":"required name=search_term_string"}],"inLanguage":"en-US"},{"@type":"ImageObject","inLanguage":"en-US","@id":"https:\/\/www.visit-ulcinj.com\/blog\/2011\/11\/17\/smijenjen-luid-skrelja\/#primaryimage","url":"https:\/\/www.visit-ulcinj.com\/blog\/wp-content\/uploads\/2011\/11\/Loro-Nrekic-menja-luidj-Skrelu.jpg","contentUrl":"https:\/\/www.visit-ulcinj.com\/blog\/wp-content\/uploads\/2011\/11\/Loro-Nrekic-menja-luidj-Skrelu.jpg","width":"719","height":"479"},{"@type":"WebPage","@id":"https:\/\/www.visit-ulcinj.com\/blog\/2011\/11\/17\/smijenjen-luid-skrelja\/#webpage","url":"https:\/\/www.visit-ulcinj.com\/blog\/2011\/11\/17\/smijenjen-luid-skrelja\/","name":"Smijenjen Lui\u0111 \u0160krelja - Lajme nga Ulqini","isPartOf":{"@id":"https:\/\/www.visit-ulcinj.com\/blog\/#website"},"primaryImageOfPage":{"@id":"https:\/\/www.visit-ulcinj.com\/blog\/2011\/11\/17\/smijenjen-luid-skrelja\/#primaryimage"},"datePublished":"2011-11-17T13:13:15+00:00","dateModified":"2011-11-17T13:13:15+00:00","author":{"@id":"https:\/\/www.visit-ulcinj.com\/blog\/#\/schema\/person\/dcab619c614d3038751c63bc2aadc06d"},"description":"Promjene na \u010delu Ulcinjskog DPS Predsjednik op\u0161tinskog odbora DPS Ulcinj Lui\u0111 \u0160krelja nije dobio podr\u0161ku predsjedni\u0161tva partije da i dalje vodi taj odbor,","breadcrumb":{"@id":"https:\/\/www.visit-ulcinj.com\/blog\/2011\/11\/17\/smijenjen-luid-skrelja\/#breadcrumb"},"inLanguage":"en-US","potentialAction":[{"@type":"ReadAction","target":["https:\/\/www.visit-ulcinj.com\/blog\/2011\/11\/17\/smijenjen-luid-skrelja\/"]}]},{"@type":"BreadcrumbList","@id":"https:\/\/www.visit-ulcinj.com\/blog\/2011\/11\/17\/smijenjen-luid-skrelja\/#breadcrumb","itemListElement":[{"@type":"ListItem","position":1,"name":"Smijenjen Lui\u0111 \u0160krelja"}]},{"@type":"Person","@id":"https:\/\/www.visit-ulcinj.com\/blog\/#\/schema\/person\/dcab619c614d3038751c63bc2aadc06d","name":"ulqini","sameAs":["http:\/\/www.visit-ulcinj.com"],"url":"https:\/\/www.visit-ulcinj.com\/blog\/author\/admin\/"}]}},"jetpack_featured_media_url":"","jetpack_sharing_enabled":true,"jetpack_shortlink":"https:\/\/wp.me\/pe6lTn-dTy","_links":{"self":[{"href":"https:\/\/www.visit-ulcinj.com\/blog\/wp-json\/wp\/v2\/posts\/53416"}],"collection":[{"href":"https:\/\/www.visit-ulcinj.com\/blog\/wp-json\/wp\/v2\/posts"}],"about":[{"href":"https:\/\/www.visit-ulcinj.com\/blog\/wp-json\/wp\/v2\/types\/post"}],"author":[{"embeddable":true,"href":"https:\/\/www.visit-ulcinj.com\/blog\/wp-json\/wp\/v2\/users\/1"}],"replies":[{"embeddable":true,"href":"https:\/\/www.visit-ulcinj.com\/blog\/wp-json\/wp\/v2\/comments?post=53416"}],"version-history":[{"count":1,"href":"https:\/\/www.visit-ulcinj.com\/blog\/wp-json\/wp\/v2\/posts\/53416\/revisions"}],"predecessor-version":[{"id":53418,"href":"https:\/\/www.visit-ulcinj.com\/blog\/wp-json\/wp\/v2\/posts\/53416\/revisions\/53418"}],"wp:attachment":[{"href":"https:\/\/www.visit-ulcinj.com\/blog\/wp-json\/wp\/v2\/media?parent=53416"}],"wp:term":[{"taxonomy":"category","embeddable":true,"href":"https:\/\/www.visit-ulcinj.com\/blog\/wp-json\/wp\/v2\/categories?post=53416"},{"taxonomy":"post_tag","embeddable":true,"href":"https:\/\/www.visit-ulcinj.com\/blog\/wp-json\/wp\/v2\/tags?post=53416"}],"curies":[{"name":"wp","href":"https:\/\/api.w.org\/{rel}","templated":true}]}}