{"id":5343,"date":"2008-11-03T12:06:52","date_gmt":"2008-11-03T17:06:52","guid":{"rendered":"http:\/\/www.visit-ulcinj.com\/blog\/?p=5343"},"modified":"2008-11-03T13:24:14","modified_gmt":"2008-11-03T18:24:14","slug":"dorela-hysa-kurorezohet-si-supermodelja-shqiptare-video","status":"publish","type":"post","link":"https:\/\/www.visit-ulcinj.com\/blog\/2008\/11\/03\/dorela-hysa-kurorezohet-si-supermodelja-shqiptare-video\/","title":{"rendered":"Dorela Hysa kurorezohet si supermodelja shqiptare + Video"},"content":{"rendered":"<div id=\"attachment_5345\" style=\"width: 211px\" class=\"wp-caption alignleft\"><a href=\"http:\/\/www.visit-ulcinj.com\/blog\/wp-content\/uploads\/2008\/11\/dorela-hysa-2.jpg\"><img aria-describedby=\"caption-attachment-5345\" loading=\"lazy\" class=\"size-medium wp-image-5345\" title=\"dorela-hysa-2\" src=\"http:\/\/www.visit-ulcinj.com\/blog\/wp-content\/uploads\/2008\/11\/dorela-hysa-2-201x300.jpg\" alt=\"Dorela Hysa\" width=\"201\" height=\"300\" srcset=\"https:\/\/www.visit-ulcinj.com\/blog\/wp-content\/uploads\/2008\/11\/dorela-hysa-2-201x300.jpg 201w, https:\/\/www.visit-ulcinj.com\/blog\/wp-content\/uploads\/2008\/11\/dorela-hysa-2.jpg 400w\" sizes=\"(max-width: 201px) 100vw, 201px\" \/><\/a><p id=\"caption-attachment-5345\" class=\"wp-caption-text\">Dorela Hysa<\/p><\/div>\n<p>Nj\u00eb 15-vje\u00e7are \u00ebsht\u00eb fituesja e edicionit t\u00eb kat\u00ebrt t\u00eb spektaklit \u201cSupermodel of the World Albania\u201d. Dorela Hysa, vajza nga Tirana, \u00ebsht\u00eb p\u00ebrzgjedhur mes 15 konkurrenteve t\u00eb tjera, n\u00eb nj\u00eb spektak\u00ebl madh\u00ebshtor t\u00eb organizuar mbr\u00ebmjen e s\u00eb shtun\u00ebs nga \u201cTop Channel\u201d. Pas k\u00ebsaj fitoreje, p\u00ebr Dorela Hys\u00ebn nis rruga e \u00ebndrr\u00ebs s\u00eb saj drejt pasarelave t\u00eb m\u00ebdha bot\u00ebrore t\u00eb mod\u00ebs. Vajza \u00ebsht\u00eb zgjedhur mes konkurrenteve t\u00eb tjera nga p\u00ebrfaq\u00ebsuesja e Ford Agency, Melissa Flores, e cila ka qen\u00eb n\u00eb Shqip\u00ebri, p\u00ebr t\u00eb ndjekur nga af\u00ebr modelet. Dorela do t\u00eb jet\u00eb vajza q\u00eb do t\u00eb p\u00ebrfaq\u00ebsoj\u00eb Shqip\u00ebrin\u00eb n\u00eb \u201cSupermodel of the World\u201d, nj\u00eb konkurs q\u00eb k\u00ebt\u00eb vit zhvendoset nga Amerika n\u00eb Budva t\u00eb Malit t\u00eb Zi. Hysa do t\u00eb p\u00ebrfaq\u00ebsoj\u00eb Shqip\u00ebrin\u00eb, n\u00eb nj\u00eb konkurrim mes 50 vajzave t\u00eb tjera q\u00eb vijn\u00eb nga vende t\u00eb ndryshme t\u00eb bot\u00ebs, n\u00eb nj\u00eb spektak\u00ebl q\u00eb do t\u00eb organizohet n\u00eb janar t\u00eb vitit 2009. \u201cNe do t\u00eb d\u00ebshironim t\u00eb fitonim, por, gjithsesi, e r\u00ebnd\u00ebsishme \u00ebsht\u00eb q\u00eb bukuria shqiptare p\u00ebrfaq\u00ebsohet n\u00eb nj\u00eb konkurs nd\u00ebrkomb\u00ebtar t\u00eb mod\u00ebs. K\u00ebt\u00eb vit \u201cSupermodel of the World\u201d organizohet af\u00ebr Shqip\u00ebris\u00eb, n\u00eb Budva t\u00eb Malit t\u00eb Zi dhe nj\u00eb pjes\u00eb e mir\u00eb kan\u00eb mund\u00ebsi t\u00eb udh\u00ebtojn\u00eb p\u00ebr ta par\u00eb nga af\u00ebr\u201d, shprehet producenti Fadil Berisha, i cili edhe k\u00ebt\u00eb vit ka mb\u00ebrritur n\u00eb Tiran\u00eb p\u00ebr t\u00eb b\u00ebr\u00eb setet fotografike me vajzat pjes\u00ebmarr\u00ebse. Konkurrentet, t\u00eb cilat e shohin k\u00ebt\u00eb aktivitet si nj\u00eb trampolin\u00eb drejt bot\u00ebs s\u00eb mod\u00ebs, kan\u00eb qen\u00eb nga mosha 14 &#8211; 19-vje\u00e7are dhe vinin kryesisht nga kryeqyteti. N\u00eb ndryshim nga edicionet e m\u00ebparshme, k\u00ebt\u00eb vit spektakli ka mbajtur t\u00ebr\u00ebsisht firm\u00ebn shqiptare. I gjith\u00eb stafi realizues i k\u00ebtij konkursi prestigjioz, ka qen\u00eb shqiptar. P\u00ebrvoja e fituar nga vitet e m\u00ebparshme, i ka lejuar t\u00eb sjellin nj\u00eb spektak\u00ebl n\u00eb parametrat bashk\u00ebkohor\u00eb. Regjia i \u00ebsht\u00eb besuar Bojken Lakos, i cili tashm\u00eb ka disa eksperienca n\u00eb organizimet e spektakleve n\u00eb \u201cTop Channel\u201d, prezantimi Arbana Osmanit, stiliste ka qen\u00eb Rovena Agolli, me grimin e Lili Ismailit. Nd\u00ebrsa ajo q\u00eb \u00ebsht\u00eb p\u00ebrkujdesur p\u00ebr paraqitjen skenike t\u00eb vajzave, m\u00ebnyr\u00ebn se si t\u00eb ecin n\u00eb pasarel\u00eb e p\u00ebr gjith\u00eb koreografin\u00eb, ka qen\u00eb Zana Krasniqi, supermodelja e par\u00eb shqiptare. Tre vite m\u00eb par\u00eb, ajo do t\u00eb provonte p\u00ebr s\u00eb pari emocionet e k\u00ebsaj pasarele, dhe tashm\u00eb, me eksperienc\u00ebn e fituar, \u00ebsht\u00eb munduar t\u00eb krijoj\u00eb nj\u00eb koreografi q\u00eb ajo e quan \u201ct\u00eb thjesht\u00eb, por edhe spektakolare\u201d.<\/p>\n\n\t\t<style type=\"text\/css\">\n\t\t\t#gallery-1 {\n\t\t\t\tmargin: auto;\n\t\t\t}\n\t\t\t#gallery-1 .gallery-item {\n\t\t\t\tfloat: left;\n\t\t\t\tmargin-top: 10px;\n\t\t\t\ttext-align: center;\n\t\t\t\twidth: 33%;\n\t\t\t}\n\t\t\t#gallery-1 img {\n\t\t\t\tborder: 2px solid #cfcfcf;\n\t\t\t}\n\t\t\t#gallery-1 .gallery-caption {\n\t\t\t\tmargin-left: 0;\n\t\t\t}\n\t\t\t\/* see gallery_shortcode() in wp-includes\/media.php *\/\n\t\t<\/style>\n\t\t<div id='gallery-1' class='gallery galleryid-5343 gallery-columns-3 gallery-size-thumbnail'><dl class='gallery-item'>\n\t\t\t<dt class='gallery-icon portrait'>\n\t\t\t\t<a href='https:\/\/www.visit-ulcinj.com\/blog\/2008\/11\/03\/dorela-hysa-kurorezohet-si-supermodelja-shqiptare-video\/dorela-hysa-4\/'><img width=\"150\" height=\"150\" src=\"https:\/\/www.visit-ulcinj.com\/blog\/wp-content\/uploads\/2008\/11\/dorela-hysa-4-150x150.jpg\" class=\"attachment-thumbnail size-thumbnail\" alt=\"\" loading=\"lazy\" aria-describedby=\"gallery-1-5347\" \/><\/a>\n\t\t\t<\/dt>\n\t\t\t\t<dd class='wp-caption-text gallery-caption' id='gallery-1-5347'>\n\t\t\t\tDorela Hysa \n\t\t\t\t<\/dd><\/dl><dl class='gallery-item'>\n\t\t\t<dt class='gallery-icon portrait'>\n\t\t\t\t<a href='https:\/\/www.visit-ulcinj.com\/blog\/2008\/11\/03\/dorela-hysa-kurorezohet-si-supermodelja-shqiptare-video\/dorela-hysa-2\/'><img width=\"150\" height=\"150\" src=\"https:\/\/www.visit-ulcinj.com\/blog\/wp-content\/uploads\/2008\/11\/dorela-hysa-2-150x150.jpg\" class=\"attachment-thumbnail size-thumbnail\" alt=\"\" loading=\"lazy\" aria-describedby=\"gallery-1-5345\" \/><\/a>\n\t\t\t<\/dt>\n\t\t\t\t<dd class='wp-caption-text gallery-caption' id='gallery-1-5345'>\n\t\t\t\tDorela Hysa\n\t\t\t\t<\/dd><\/dl><dl class='gallery-item'>\n\t\t\t<dt class='gallery-icon portrait'>\n\t\t\t\t<a href='https:\/\/www.visit-ulcinj.com\/blog\/2008\/11\/03\/dorela-hysa-kurorezohet-si-supermodelja-shqiptare-video\/dorela-hysa-3\/'><img width=\"150\" height=\"150\" src=\"https:\/\/www.visit-ulcinj.com\/blog\/wp-content\/uploads\/2008\/11\/dorela-hysa-3-150x150.jpg\" class=\"attachment-thumbnail size-thumbnail\" alt=\"\" loading=\"lazy\" aria-describedby=\"gallery-1-5346\" \/><\/a>\n\t\t\t<\/dt>\n\t\t\t\t<dd class='wp-caption-text gallery-caption' id='gallery-1-5346'>\n\t\t\t\tDorela Hysa\n\t\t\t\t<\/dd><\/dl><br style=\"clear: both\" \/><dl class='gallery-item'>\n\t\t\t<dt class='gallery-icon landscape'>\n\t\t\t\t<a href='https:\/\/www.visit-ulcinj.com\/blog\/2008\/11\/03\/dorela-hysa-kurorezohet-si-supermodelja-shqiptare-video\/supermodel3\/'><img width=\"150\" height=\"150\" src=\"https:\/\/www.visit-ulcinj.com\/blog\/wp-content\/uploads\/2008\/11\/supermodel3-150x150.jpg\" class=\"attachment-thumbnail size-thumbnail\" alt=\"\" loading=\"lazy\" aria-describedby=\"gallery-1-5357\" \/><\/a>\n\t\t\t<\/dt>\n\t\t\t\t<dd class='wp-caption-text gallery-caption' id='gallery-1-5357'>\n\t\t\t\tDorela Hysa\n\t\t\t\t<\/dd><\/dl>\n\t\t\t<br style='clear: both' \/>\n\t\t<\/div>\n\n<p>\u201cQ\u00eb n\u00eb fillim, menduam q\u00eb ky edicion t\u00eb vinte me nj\u00eb staf t\u00ebr\u00ebsisht shqiptar. Pas tre vitesh eksperienc\u00eb t\u00eb fituar nga profesionist\u00eb t\u00eb huaj, stafi shqiptar ishte gati t\u00eb realizonte nj\u00eb show t\u00eb standardeve per\u00ebndimore\u201d, thekson regjisori Bojken Lako. T\u00eb rejave n\u00eb organizimin e k\u00ebtij edicioni i \u00ebsht\u00eb shtuar edhe p\u00ebrzgjedhja e vendit, ku u realizua ky edicion i kat\u00ebrt. Nuk ka qen\u00eb nj\u00eb sall\u00eb e mbyllur, por nj\u00eb pasarel\u00eb e ngritur p\u00ebr k\u00ebt\u00eb rast n\u00eb nj\u00eb qend\u00ebr tregtare. Dhe jo pa q\u00ebllim. Aty gjith\u00e7ka ka qen\u00eb m\u00eb e prekshme. Publiku i pranish\u00ebm, n\u00eb radh\u00ebn e par\u00eb t\u00eb s\u00eb cilit ishin vendosur personazhe VIP t\u00eb ftuar, mundi t\u00eb shihte nga af\u00ebr veshje q\u00eb nuk jan\u00eb prodhuar vet\u00ebm p\u00ebr t\u00eb sfiluar n\u00eb pasarela. P\u00ebr Lakon, kjo zgjedhje do t\u00eb tregoj\u00eb edhe nj\u00eb an\u00eb tjet\u00ebr t\u00eb Shqip\u00ebris\u00eb, at\u00eb t\u00eb zhvillimit tregtar t\u00eb saj. Nd\u00ebrsa n\u00eb k\u00ebt\u00eb ambient, vajzat jan\u00eb ndjer\u00eb edhe m\u00eb sportive. \u201cIdeja q\u00eb spektakli t\u00eb b\u00ebhej n\u00eb nj\u00eb vend me standarde evropiane, si\u00e7 ishte qendra tregtare, lindi p\u00ebr ta b\u00ebr\u00eb gjith\u00e7ka m\u00eb t\u00eb prekshme dhe m\u00eb af\u00ebr publikut. Modelet sfiluan me veshje q\u00eb mund t\u2018i blesh n\u00eb dyqane shqiptare t\u00eb prekshme p\u00ebr t\u00eb gjith\u00eb\u201d, thekson Arbana Osmani, e cila edhe k\u00ebt\u00eb vit ka prezantuar evenimentin e vet\u00ebm t\u00eb k\u00ebtij lloji q\u00eb organizohet n\u00eb Shqip\u00ebri nga \u201cTop Channel\u201d. E gatshme t\u2018i jap\u00eb gjall\u00ebrin\u00eb e duhur nj\u00eb spektakli t\u00eb k\u00ebtyre niveleve, ajo ka zot\u00ebruar gjith\u00eb atmosfer\u00ebn e k\u00ebsaj nate. Pes\u00ebmb\u00ebdhjet\u00eb vajzat konkurrente kan\u00eb parakaluar n\u00eb tri sfilata me veshje t\u00eb ndryshme, n\u00eb nj\u00eb skenografi t\u00eb realizuar me teknologjin\u00eb m\u00eb t\u00eb lart\u00eb. Gjat\u00eb spektaklit t\u00eb mbr\u00ebmjes s\u00eb djeshme jan\u00eb shfaqur edhe tre montazhe me momente nga provat q\u00eb vajzat konkurrente kan\u00eb zhvilluar para se t\u00eb ngjiteshin n\u00eb sken\u00ebn e madhe, plot efekte dritash, n\u00eb pritje q\u00eb t\u00eb zgjidhej m\u00eb e mira.<\/p>\n<p>Por puna p\u00ebr t\u00eb mb\u00ebrritur n\u00eb nat\u00ebn finale ka nisur muaj m\u00eb par\u00eb. N\u00eb faz\u00ebn e par\u00eb, stafi organizator ka p\u00ebrzgjedhur mes 150 vajzave, q\u00eb k\u00ebt\u00eb vit jan\u00eb regjistruar p\u00ebr t\u2018u b\u00ebr\u00eb pjes\u00eb e \u00ebndrr\u00ebs s\u00eb madhe t\u00eb mod\u00ebs, vet\u00ebm 15 prej tyre. Nd\u00ebrsa publiku ka pasur mund\u00ebsi t\u00eb njihet me to p\u00ebrmes programit \u201cWaiting for Supermodel\u201d (Duke pritur supermodelen), q\u00eb \u00ebsht\u00eb transmetuar p\u00ebrgjat\u00eb ver\u00ebs n\u00eb \u201cTop Channel\u201d. Secila prej konkurrenteve e ka ndjer\u00eb veten pak modele, n\u00eb p\u00ebrgatitjet p\u00ebr t\u2018u ngjitur n\u00eb sken\u00eb, n\u00eb setet profesionale fotografike, apo edhe n\u00eb parakalimet n\u00eb pasarel\u00ebn e ngritur enkas p\u00ebr to. Por fati i ka buz\u00ebqeshur vet\u00ebm nj\u00ebr\u00ebs prej tyre. Dorela Hysa do t\u00eb vazhdoj\u00eb \u00ebndrr\u00ebn e saj. N\u00eb janar t\u00eb 2009-\u00ebs e pret nj\u00eb tjet\u00ebr konkurrim i madh, n\u00eb p\u00ebrpjekje p\u00ebr t\u00eb fituar nj\u00eb kontrat\u00eb miliona dollar\u00ebsh. P\u00ebr t\u00eb tjerat rruga mbetet e hapur p\u00ebrmes \u201cTop Channel\u201d.<\/p>\n<p>Dorela do t\u00eb jet\u00eb vajza q\u00eb do t\u00eb p\u00ebrfaq\u00ebsoj\u00eb Shqip\u00ebrin\u00eb n\u00eb \u201cSupermodel of the World\u201d, nj\u00eb konkurs q\u00eb k\u00ebt\u00eb vit zhvendoset nga Amerika n\u00eb Budva t\u00eb Malit t\u00eb Zi<\/p>\n<p>N\u00eb ndryshim nga edicionet e m\u00ebparshme, k\u00ebt\u00eb vit spektakli ka mbajtur t\u00ebr\u00ebsisht firm\u00ebn shqiptare. I gjith\u00eb stafi realizues i k\u00ebtij konkursi prestigjioz, ka qen\u00eb shqiptar<\/p>\n<p>N\u00eb faz\u00ebn e par\u00eb, stafi organizator ka p\u00ebrzgjedhur mes 150 vajzave, q\u00eb k\u00ebt\u00eb vit jan\u00eb regjistruar p\u00ebr t\u2018u b\u00ebr\u00eb pjes\u00eb e \u00ebndrr\u00ebs s\u00eb madhe t\u00eb mod\u00ebs, vet\u00ebm 15 prej tyre<\/p>\n<p><strong>Burimi \/ Gazeta Shqip<\/strong><\/p>\n<!--YouTube Error: bad URL entered-->\n","protected":false},"excerpt":{"rendered":"<p>Nj\u00eb 15-vje\u00e7are \u00ebsht\u00eb fituesja e edicionit t\u00eb kat\u00ebrt t\u00eb spektaklit \u201cSupermodel of the World Albania\u201d. Dorela Hysa, vajza nga Tirana, \u00ebsht\u00eb p\u00ebrzgjedhur mes 15 konkurrenteve t\u00eb tjera, n\u00eb nj\u00eb spektak\u00ebl madh\u00ebshtor t\u00eb organizuar mbr\u00ebmjen e s\u00eb shtun\u00ebs nga \u201cTop Channel\u201d. Pas k\u00ebsaj fitoreje, p\u00ebr Dorela Hys\u00ebn nis rruga e \u00ebndrr\u00ebs s\u00eb saj drejt pasarelave t\u00eb [&hellip;]<\/p>\n","protected":false},"author":1,"featured_media":0,"comment_status":"open","ping_status":"closed","sticky":false,"template":"","format":"standard","meta":{"spay_email":"","jetpack_publicize_message":"","jetpack_is_tweetstorm":false,"jetpack_publicize_feature_enabled":true},"categories":[1],"tags":[1667,786,4879,4878,4880,4885,4883,3976,4686,4886,4882,4884],"jetpack_publicize_connections":[],"yoast_head":"<!-- This site is optimized with the Yoast SEO plugin v19.1 - https:\/\/yoast.com\/wordpress\/plugins\/seo\/ -->\n<title>Dorela Hysa kurorezohet si supermodelja shqiptare + Video - Lajme nga Ulqini<\/title>\n<meta name=\"description\" content=\"Nj\u00eb 15-vje\u00e7are \u00ebsht\u00eb fituesja e edicionit t\u00eb kat\u00ebrt t\u00eb spektaklit \u201cSupermodel of the World Albania\u201d. Dorela Hysa, vajza nga Tirana, \u00ebsht\u00eb p\u00ebrzgjedhur mes\" \/>\n<meta name=\"robots\" content=\"index, follow, max-snippet:-1, max-image-preview:large, max-video-preview:-1\" \/>\n<link rel=\"canonical\" href=\"https:\/\/www.visit-ulcinj.com\/blog\/2008\/11\/03\/dorela-hysa-kurorezohet-si-supermodelja-shqiptare-video\/\" \/>\n<meta property=\"og:locale\" content=\"en_US\" \/>\n<meta property=\"og:type\" content=\"article\" \/>\n<meta property=\"og:title\" content=\"Dorela Hysa kurorezohet si supermodelja shqiptare + Video - Lajme nga Ulqini\" \/>\n<meta property=\"og:description\" content=\"Nj\u00eb 15-vje\u00e7are \u00ebsht\u00eb fituesja e edicionit t\u00eb kat\u00ebrt t\u00eb spektaklit \u201cSupermodel of the World Albania\u201d. Dorela Hysa, vajza nga Tirana, \u00ebsht\u00eb p\u00ebrzgjedhur mes\" \/>\n<meta property=\"og:url\" content=\"https:\/\/www.visit-ulcinj.com\/blog\/2008\/11\/03\/dorela-hysa-kurorezohet-si-supermodelja-shqiptare-video\/\" \/>\n<meta property=\"og:site_name\" content=\"Lajme nga Ulqini\" \/>\n<meta property=\"article:published_time\" content=\"2008-11-03T17:06:52+00:00\" \/>\n<meta property=\"article:modified_time\" content=\"2008-11-03T18:24:14+00:00\" \/>\n<meta property=\"og:image\" content=\"https:\/\/www.visit-ulcinj.com\/blog\/wp-content\/uploads\/2008\/11\/supermodel0-150x150.jpg\" \/>\n<meta name=\"twitter:label1\" content=\"Written by\" \/>\n\t<meta name=\"twitter:data1\" content=\"ulqini\" \/>\n\t<meta name=\"twitter:label2\" content=\"Est. reading time\" \/>\n\t<meta name=\"twitter:data2\" content=\"5 minutes\" \/>\n<script type=\"application\/ld+json\" class=\"yoast-schema-graph\">{\"@context\":\"https:\/\/schema.org\",\"@graph\":[{\"@type\":\"WebSite\",\"@id\":\"https:\/\/www.visit-ulcinj.com\/blog\/#website\",\"url\":\"https:\/\/www.visit-ulcinj.com\/blog\/\",\"name\":\"Lajme nga Ulqini\",\"description\":\"Lajme,Vijesti,Ulqini,Ulqin,Crna Gora,Mali i Zi\",\"potentialAction\":[{\"@type\":\"SearchAction\",\"target\":{\"@type\":\"EntryPoint\",\"urlTemplate\":\"https:\/\/www.visit-ulcinj.com\/blog\/?s={search_term_string}\"},\"query-input\":\"required name=search_term_string\"}],\"inLanguage\":\"en-US\"},{\"@type\":\"ImageObject\",\"inLanguage\":\"en-US\",\"@id\":\"https:\/\/www.visit-ulcinj.com\/blog\/2008\/11\/03\/dorela-hysa-kurorezohet-si-supermodelja-shqiptare-video\/#primaryimage\",\"url\":\"http:\/\/www.visit-ulcinj.com\/blog\/wp-content\/uploads\/2008\/11\/dorela-hysa-2-201x300.jpg\",\"contentUrl\":\"http:\/\/www.visit-ulcinj.com\/blog\/wp-content\/uploads\/2008\/11\/dorela-hysa-2-201x300.jpg\"},{\"@type\":\"WebPage\",\"@id\":\"https:\/\/www.visit-ulcinj.com\/blog\/2008\/11\/03\/dorela-hysa-kurorezohet-si-supermodelja-shqiptare-video\/#webpage\",\"url\":\"https:\/\/www.visit-ulcinj.com\/blog\/2008\/11\/03\/dorela-hysa-kurorezohet-si-supermodelja-shqiptare-video\/\",\"name\":\"Dorela Hysa kurorezohet si supermodelja shqiptare + Video - Lajme nga Ulqini\",\"isPartOf\":{\"@id\":\"https:\/\/www.visit-ulcinj.com\/blog\/#website\"},\"primaryImageOfPage\":{\"@id\":\"https:\/\/www.visit-ulcinj.com\/blog\/2008\/11\/03\/dorela-hysa-kurorezohet-si-supermodelja-shqiptare-video\/#primaryimage\"},\"datePublished\":\"2008-11-03T17:06:52+00:00\",\"dateModified\":\"2008-11-03T18:24:14+00:00\",\"author\":{\"@id\":\"https:\/\/www.visit-ulcinj.com\/blog\/#\/schema\/person\/dcab619c614d3038751c63bc2aadc06d\"},\"description\":\"Nj\u00eb 15-vje\u00e7are \u00ebsht\u00eb fituesja e edicionit t\u00eb kat\u00ebrt t\u00eb spektaklit \u201cSupermodel of the World Albania\u201d. Dorela Hysa, vajza nga Tirana, \u00ebsht\u00eb p\u00ebrzgjedhur mes\",\"breadcrumb\":{\"@id\":\"https:\/\/www.visit-ulcinj.com\/blog\/2008\/11\/03\/dorela-hysa-kurorezohet-si-supermodelja-shqiptare-video\/#breadcrumb\"},\"inLanguage\":\"en-US\",\"potentialAction\":[{\"@type\":\"ReadAction\",\"target\":[\"https:\/\/www.visit-ulcinj.com\/blog\/2008\/11\/03\/dorela-hysa-kurorezohet-si-supermodelja-shqiptare-video\/\"]}]},{\"@type\":\"BreadcrumbList\",\"@id\":\"https:\/\/www.visit-ulcinj.com\/blog\/2008\/11\/03\/dorela-hysa-kurorezohet-si-supermodelja-shqiptare-video\/#breadcrumb\",\"itemListElement\":[{\"@type\":\"ListItem\",\"position\":1,\"name\":\"Dorela Hysa kurorezohet si supermodelja shqiptare + Video\"}]},{\"@type\":\"Person\",\"@id\":\"https:\/\/www.visit-ulcinj.com\/blog\/#\/schema\/person\/dcab619c614d3038751c63bc2aadc06d\",\"name\":\"ulqini\",\"sameAs\":[\"http:\/\/www.visit-ulcinj.com\"],\"url\":\"https:\/\/www.visit-ulcinj.com\/blog\/author\/admin\/\"}]}<\/script>\n<!-- \/ Yoast SEO plugin. -->","yoast_head_json":{"title":"Dorela Hysa kurorezohet si supermodelja shqiptare + Video - Lajme nga Ulqini","description":"Nj\u00eb 15-vje\u00e7are \u00ebsht\u00eb fituesja e edicionit t\u00eb kat\u00ebrt t\u00eb spektaklit \u201cSupermodel of the World Albania\u201d. Dorela Hysa, vajza nga Tirana, \u00ebsht\u00eb p\u00ebrzgjedhur mes","robots":{"index":"index","follow":"follow","max-snippet":"max-snippet:-1","max-image-preview":"max-image-preview:large","max-video-preview":"max-video-preview:-1"},"canonical":"https:\/\/www.visit-ulcinj.com\/blog\/2008\/11\/03\/dorela-hysa-kurorezohet-si-supermodelja-shqiptare-video\/","og_locale":"en_US","og_type":"article","og_title":"Dorela Hysa kurorezohet si supermodelja shqiptare + Video - Lajme nga Ulqini","og_description":"Nj\u00eb 15-vje\u00e7are \u00ebsht\u00eb fituesja e edicionit t\u00eb kat\u00ebrt t\u00eb spektaklit \u201cSupermodel of the World Albania\u201d. Dorela Hysa, vajza nga Tirana, \u00ebsht\u00eb p\u00ebrzgjedhur mes","og_url":"https:\/\/www.visit-ulcinj.com\/blog\/2008\/11\/03\/dorela-hysa-kurorezohet-si-supermodelja-shqiptare-video\/","og_site_name":"Lajme nga Ulqini","article_published_time":"2008-11-03T17:06:52+00:00","article_modified_time":"2008-11-03T18:24:14+00:00","og_image":[{"url":"https:\/\/www.visit-ulcinj.com\/blog\/wp-content\/uploads\/2008\/11\/supermodel0-150x150.jpg"}],"twitter_misc":{"Written by":"ulqini","Est. reading time":"5 minutes"},"schema":{"@context":"https:\/\/schema.org","@graph":[{"@type":"WebSite","@id":"https:\/\/www.visit-ulcinj.com\/blog\/#website","url":"https:\/\/www.visit-ulcinj.com\/blog\/","name":"Lajme nga Ulqini","description":"Lajme,Vijesti,Ulqini,Ulqin,Crna Gora,Mali i Zi","potentialAction":[{"@type":"SearchAction","target":{"@type":"EntryPoint","urlTemplate":"https:\/\/www.visit-ulcinj.com\/blog\/?s={search_term_string}"},"query-input":"required name=search_term_string"}],"inLanguage":"en-US"},{"@type":"ImageObject","inLanguage":"en-US","@id":"https:\/\/www.visit-ulcinj.com\/blog\/2008\/11\/03\/dorela-hysa-kurorezohet-si-supermodelja-shqiptare-video\/#primaryimage","url":"http:\/\/www.visit-ulcinj.com\/blog\/wp-content\/uploads\/2008\/11\/dorela-hysa-2-201x300.jpg","contentUrl":"http:\/\/www.visit-ulcinj.com\/blog\/wp-content\/uploads\/2008\/11\/dorela-hysa-2-201x300.jpg"},{"@type":"WebPage","@id":"https:\/\/www.visit-ulcinj.com\/blog\/2008\/11\/03\/dorela-hysa-kurorezohet-si-supermodelja-shqiptare-video\/#webpage","url":"https:\/\/www.visit-ulcinj.com\/blog\/2008\/11\/03\/dorela-hysa-kurorezohet-si-supermodelja-shqiptare-video\/","name":"Dorela Hysa kurorezohet si supermodelja shqiptare + Video - Lajme nga Ulqini","isPartOf":{"@id":"https:\/\/www.visit-ulcinj.com\/blog\/#website"},"primaryImageOfPage":{"@id":"https:\/\/www.visit-ulcinj.com\/blog\/2008\/11\/03\/dorela-hysa-kurorezohet-si-supermodelja-shqiptare-video\/#primaryimage"},"datePublished":"2008-11-03T17:06:52+00:00","dateModified":"2008-11-03T18:24:14+00:00","author":{"@id":"https:\/\/www.visit-ulcinj.com\/blog\/#\/schema\/person\/dcab619c614d3038751c63bc2aadc06d"},"description":"Nj\u00eb 15-vje\u00e7are \u00ebsht\u00eb fituesja e edicionit t\u00eb kat\u00ebrt t\u00eb spektaklit \u201cSupermodel of the World Albania\u201d. Dorela Hysa, vajza nga Tirana, \u00ebsht\u00eb p\u00ebrzgjedhur mes","breadcrumb":{"@id":"https:\/\/www.visit-ulcinj.com\/blog\/2008\/11\/03\/dorela-hysa-kurorezohet-si-supermodelja-shqiptare-video\/#breadcrumb"},"inLanguage":"en-US","potentialAction":[{"@type":"ReadAction","target":["https:\/\/www.visit-ulcinj.com\/blog\/2008\/11\/03\/dorela-hysa-kurorezohet-si-supermodelja-shqiptare-video\/"]}]},{"@type":"BreadcrumbList","@id":"https:\/\/www.visit-ulcinj.com\/blog\/2008\/11\/03\/dorela-hysa-kurorezohet-si-supermodelja-shqiptare-video\/#breadcrumb","itemListElement":[{"@type":"ListItem","position":1,"name":"Dorela Hysa kurorezohet si supermodelja shqiptare + Video"}]},{"@type":"Person","@id":"https:\/\/www.visit-ulcinj.com\/blog\/#\/schema\/person\/dcab619c614d3038751c63bc2aadc06d","name":"ulqini","sameAs":["http:\/\/www.visit-ulcinj.com"],"url":"https:\/\/www.visit-ulcinj.com\/blog\/author\/admin\/"}]}},"jetpack_featured_media_url":"","jetpack_sharing_enabled":true,"jetpack_shortlink":"https:\/\/wp.me\/pe6lTn-1ob","_links":{"self":[{"href":"https:\/\/www.visit-ulcinj.com\/blog\/wp-json\/wp\/v2\/posts\/5343"}],"collection":[{"href":"https:\/\/www.visit-ulcinj.com\/blog\/wp-json\/wp\/v2\/posts"}],"about":[{"href":"https:\/\/www.visit-ulcinj.com\/blog\/wp-json\/wp\/v2\/types\/post"}],"author":[{"embeddable":true,"href":"https:\/\/www.visit-ulcinj.com\/blog\/wp-json\/wp\/v2\/users\/1"}],"replies":[{"embeddable":true,"href":"https:\/\/www.visit-ulcinj.com\/blog\/wp-json\/wp\/v2\/comments?post=5343"}],"version-history":[{"count":0,"href":"https:\/\/www.visit-ulcinj.com\/blog\/wp-json\/wp\/v2\/posts\/5343\/revisions"}],"wp:attachment":[{"href":"https:\/\/www.visit-ulcinj.com\/blog\/wp-json\/wp\/v2\/media?parent=5343"}],"wp:term":[{"taxonomy":"category","embeddable":true,"href":"https:\/\/www.visit-ulcinj.com\/blog\/wp-json\/wp\/v2\/categories?post=5343"},{"taxonomy":"post_tag","embeddable":true,"href":"https:\/\/www.visit-ulcinj.com\/blog\/wp-json\/wp\/v2\/tags?post=5343"}],"curies":[{"name":"wp","href":"https:\/\/api.w.org\/{rel}","templated":true}]}}