{"id":53433,"date":"2011-11-18T22:02:41","date_gmt":"2011-11-18T21:02:41","guid":{"rendered":"http:\/\/www.visit-ulcinj.com\/blog\/?p=53433"},"modified":"2011-11-18T22:02:41","modified_gmt":"2011-11-18T21:02:41","slug":"milosevic-i-mediu-regulacija-bojane-zajednicki-problem","status":"publish","type":"post","link":"https:\/\/www.visit-ulcinj.com\/blog\/2011\/11\/18\/milosevic-i-mediu-regulacija-bojane-zajednicki-problem\/","title":{"rendered":"Milo\u0161evi\u0107 i Mediu: Regulacija Bojane zajedni\u010dki problem"},"content":{"rendered":"<p><a href=\"http:\/\/www.visit-ulcinj.com\/blog\/wp-content\/uploads\/2011\/11\/Milosevic-i-Mediu_Regulacija-Bojane.jpg\"><img loading=\"lazy\" class=\"alignleft size-full wp-image-53434\" title=\"Milosevic i Mediu_Regulacija Bojane\" src=\"http:\/\/www.visit-ulcinj.com\/blog\/wp-content\/uploads\/2011\/11\/Milosevic-i-Mediu_Regulacija-Bojane.jpg\" alt=\"\" width=\"490\" height=\"352\" \/><\/a>Poplave poput pro\u0161logodi\u0161njih ne bi trebalo da se ponove, makar kada je po srijedi rijeka Bojana. U toku je postavljanje nasipa u na\u0161em i albanskom dijelu korita. O regulaciji Bojane i Skadarskog jezera razgovarali su danas ministri Tarzan Milo\u0161evi\u0107 i njegov albanski kolega Fatmir Mediu.<\/p>\n<p>Iako su nas meteorolo\u0161ke prilike za ovo doba godine prijatno iznenadile, mje\u0161tani u blizini rijeke Bojane zasigurno strahuju da prve ve\u0107e ki\u0161e ne donesu i poplave sli\u010dne pro\u0161logodi\u0161njim.<\/p>\n<p>Ministar poljoprivrede i ruralnog razvoja Tarzan Milo\u0161evi\u0107 i njegov albanski kolega Fatmir Mediu inicirali su projekat postavljanja nasipa kako u na\u0161em dijelu Bojane tako i u Albanskom. Ta prva faza realizacije hitnih mjera regulacije Bojane i Skadarskog jezera\u00a0 po\u010dela je kasno, ali \u0107e se zavr\u0161iti do kraja godine, kazao je Milo\u0161evi\u0107, prenosi radio Antena M.<\/p>\n<p>&#8220;Trenutno se radi na potezu oko Sukobina i mi o\u010dekujemo da \u0107emo taj dio zavr\u0161iti. \u010cetiri i po kilometra imamo za nasipe i mi \u0107emo to revitalizovati, ali \u0107emo popraviti i one nasipe koji su pro\u0161le godine stradali. &#8221;<\/p>\n<p>Milo\u0161evi\u0107 je naglasio da \u0107e nasipi koristiti i stanovnicima Zete i Golubovaca, jer bi trebalo da sprije\u010de prelivanje Skadarskog jezera.<\/p>\n<p>&#8220;Ako mi na kvalitetan na\u010din rije\u0161imo oticanje rijeke Bojane i podignemo nasipe jer nivo Bojane mo\u017ee biti i ve\u0107i, onda ne\u0107e do\u0107i do prelivanja Skadarskg jezera u tom obimu i povratka vode, tako da \u0107emo na taj na\u010din regulisati oticanje vode iz jezera.&#8221;<\/p>\n<p>Ministar \u017eivotne sredine, \u0161umarstva i vodoprivrede\u00a0 Albanije Fatmir Mediu podr\u017eao je zajedni\u010dke projekte i istakao da vjeruje da bi mogli da budu uklju\u010deni i projekti regulacije drugih rijeka, koje tako\u0111e mogu stvarati probleme.<br \/>\n<a href=\"http:\/\/www.visit-ulcinj.com\/blog\/wp-content\/uploads\/2011\/11\/poplave-_bojana_-ulcinj.jpg\"><img loading=\"lazy\" class=\"alignleft size-full wp-image-53435\" title=\"poplave-_bojana_-ulcinj\" src=\"http:\/\/www.visit-ulcinj.com\/blog\/wp-content\/uploads\/2011\/11\/poplave-_bojana_-ulcinj.jpg\" alt=\"\" width=\"508\" height=\"300\" \/><\/a><br \/>\n&#8220;Mi smo zaklju\u010dili da ne trebamo posmatrati pitanje Bojane kao odvojeno pitanje ve\u0107 i kao cijelinu sa drugim rijekama kao \u0161to su Mora\u010da, Drim i druge.&#8221;<\/p>\n<p>Prva faza regulacije ko\u0161ta\u0107e 250 hiljada eura. Druga, koja odrazumijeva i \u010di\u0161\u0107enje korita bi\u0107e skuplja, ali je neophodna, saop\u0161tio je minitar Milo\u0161evi\u0107.<\/p>\n<p><a href=\"http:\/\/www.portalanalitika.me\/ekonomija\/vijesti\/42982-miloevi-i-mediu-regulacija-bojane-zajedniki-problem.html\" target=\"_blank\"><strong>Analitika &#8211; Informativni Portal<\/strong><\/a><\/p>\n<!--YouTube Error: bad URL entered-->\n","protected":false},"excerpt":{"rendered":"<p>Poplave poput pro\u0161logodi\u0161njih ne bi trebalo da se ponove, makar kada je po srijedi rijeka Bojana. U toku je postavljanje nasipa u na\u0161em i albanskom dijelu korita. O regulaciji Bojane i Skadarskog jezera razgovarali su danas ministri Tarzan Milo\u0161evi\u0107 i njegov albanski kolega Fatmir Mediu. Iako su nas meteorolo\u0161ke prilike za ovo doba godine prijatno [&hellip;]<\/p>\n","protected":false},"author":1,"featured_media":0,"comment_status":"open","ping_status":"closed","sticky":false,"template":"","format":"standard","meta":{"spay_email":"","jetpack_publicize_message":"","jetpack_is_tweetstorm":false,"jetpack_publicize_feature_enabled":true},"categories":[8337],"tags":[3536,19467,19466,19],"jetpack_publicize_connections":[],"yoast_head":"<!-- This site is optimized with the Yoast SEO plugin v19.1 - https:\/\/yoast.com\/wordpress\/plugins\/seo\/ -->\n<title>Milo\u0161evi\u0107 i Mediu: Regulacija Bojane zajedni\u010dki problem - Lajme nga Ulqini<\/title>\n<meta name=\"description\" content=\"Poplave poput pro\u0161logodi\u0161njih ne bi trebalo da se ponove, makar kada je po srijedi rijeka Bojana. U toku je postavljanje nasipa u na\u0161em i albanskom dijelu\" \/>\n<meta name=\"robots\" content=\"index, follow, max-snippet:-1, max-image-preview:large, max-video-preview:-1\" \/>\n<link rel=\"canonical\" href=\"https:\/\/www.visit-ulcinj.com\/blog\/2011\/11\/18\/milosevic-i-mediu-regulacija-bojane-zajednicki-problem\/\" \/>\n<meta property=\"og:locale\" content=\"en_US\" \/>\n<meta property=\"og:type\" content=\"article\" \/>\n<meta property=\"og:title\" content=\"Milo\u0161evi\u0107 i Mediu: Regulacija Bojane zajedni\u010dki problem - Lajme nga Ulqini\" \/>\n<meta property=\"og:description\" content=\"Poplave poput pro\u0161logodi\u0161njih ne bi trebalo da se ponove, makar kada je po srijedi rijeka Bojana. U toku je postavljanje nasipa u na\u0161em i albanskom dijelu\" \/>\n<meta property=\"og:url\" content=\"https:\/\/www.visit-ulcinj.com\/blog\/2011\/11\/18\/milosevic-i-mediu-regulacija-bojane-zajednicki-problem\/\" \/>\n<meta property=\"og:site_name\" content=\"Lajme nga Ulqini\" \/>\n<meta property=\"article:published_time\" content=\"2011-11-18T21:02:41+00:00\" \/>\n<meta property=\"og:image\" content=\"http:\/\/www.visit-ulcinj.com\/blog\/wp-content\/uploads\/2011\/11\/Milosevic-i-Mediu_Regulacija-Bojane.jpg\" \/>\n<meta name=\"twitter:label1\" content=\"Written by\" \/>\n\t<meta name=\"twitter:data1\" content=\"ulqini\" \/>\n\t<meta name=\"twitter:label2\" content=\"Est. reading time\" \/>\n\t<meta name=\"twitter:data2\" content=\"2 minutes\" \/>\n<script type=\"application\/ld+json\" class=\"yoast-schema-graph\">{\"@context\":\"https:\/\/schema.org\",\"@graph\":[{\"@type\":\"WebSite\",\"@id\":\"https:\/\/www.visit-ulcinj.com\/blog\/#website\",\"url\":\"https:\/\/www.visit-ulcinj.com\/blog\/\",\"name\":\"Lajme nga Ulqini\",\"description\":\"Lajme,Vijesti,Ulqini,Ulqin,Crna Gora,Mali i Zi\",\"potentialAction\":[{\"@type\":\"SearchAction\",\"target\":{\"@type\":\"EntryPoint\",\"urlTemplate\":\"https:\/\/www.visit-ulcinj.com\/blog\/?s={search_term_string}\"},\"query-input\":\"required name=search_term_string\"}],\"inLanguage\":\"en-US\"},{\"@type\":\"ImageObject\",\"inLanguage\":\"en-US\",\"@id\":\"https:\/\/www.visit-ulcinj.com\/blog\/2011\/11\/18\/milosevic-i-mediu-regulacija-bojane-zajednicki-problem\/#primaryimage\",\"url\":\"https:\/\/www.visit-ulcinj.com\/blog\/wp-content\/uploads\/2011\/11\/Milosevic-i-Mediu_Regulacija-Bojane.jpg\",\"contentUrl\":\"https:\/\/www.visit-ulcinj.com\/blog\/wp-content\/uploads\/2011\/11\/Milosevic-i-Mediu_Regulacija-Bojane.jpg\",\"width\":\"470\",\"height\":\"352\"},{\"@type\":\"WebPage\",\"@id\":\"https:\/\/www.visit-ulcinj.com\/blog\/2011\/11\/18\/milosevic-i-mediu-regulacija-bojane-zajednicki-problem\/#webpage\",\"url\":\"https:\/\/www.visit-ulcinj.com\/blog\/2011\/11\/18\/milosevic-i-mediu-regulacija-bojane-zajednicki-problem\/\",\"name\":\"Milo\u0161evi\u0107 i Mediu: Regulacija Bojane zajedni\u010dki problem - Lajme nga Ulqini\",\"isPartOf\":{\"@id\":\"https:\/\/www.visit-ulcinj.com\/blog\/#website\"},\"primaryImageOfPage\":{\"@id\":\"https:\/\/www.visit-ulcinj.com\/blog\/2011\/11\/18\/milosevic-i-mediu-regulacija-bojane-zajednicki-problem\/#primaryimage\"},\"datePublished\":\"2011-11-18T21:02:41+00:00\",\"dateModified\":\"2011-11-18T21:02:41+00:00\",\"author\":{\"@id\":\"https:\/\/www.visit-ulcinj.com\/blog\/#\/schema\/person\/dcab619c614d3038751c63bc2aadc06d\"},\"description\":\"Poplave poput pro\u0161logodi\u0161njih ne bi trebalo da se ponove, makar kada je po srijedi rijeka Bojana. U toku je postavljanje nasipa u na\u0161em i albanskom dijelu\",\"breadcrumb\":{\"@id\":\"https:\/\/www.visit-ulcinj.com\/blog\/2011\/11\/18\/milosevic-i-mediu-regulacija-bojane-zajednicki-problem\/#breadcrumb\"},\"inLanguage\":\"en-US\",\"potentialAction\":[{\"@type\":\"ReadAction\",\"target\":[\"https:\/\/www.visit-ulcinj.com\/blog\/2011\/11\/18\/milosevic-i-mediu-regulacija-bojane-zajednicki-problem\/\"]}]},{\"@type\":\"BreadcrumbList\",\"@id\":\"https:\/\/www.visit-ulcinj.com\/blog\/2011\/11\/18\/milosevic-i-mediu-regulacija-bojane-zajednicki-problem\/#breadcrumb\",\"itemListElement\":[{\"@type\":\"ListItem\",\"position\":1,\"name\":\"Milo\u0161evi\u0107 i Mediu: Regulacija Bojane zajedni\u010dki problem\"}]},{\"@type\":\"Person\",\"@id\":\"https:\/\/www.visit-ulcinj.com\/blog\/#\/schema\/person\/dcab619c614d3038751c63bc2aadc06d\",\"name\":\"ulqini\",\"sameAs\":[\"http:\/\/www.visit-ulcinj.com\"],\"url\":\"https:\/\/www.visit-ulcinj.com\/blog\/author\/admin\/\"}]}<\/script>\n<!-- \/ Yoast SEO plugin. -->","yoast_head_json":{"title":"Milo\u0161evi\u0107 i Mediu: Regulacija Bojane zajedni\u010dki problem - Lajme nga Ulqini","description":"Poplave poput pro\u0161logodi\u0161njih ne bi trebalo da se ponove, makar kada je po srijedi rijeka Bojana. U toku je postavljanje nasipa u na\u0161em i albanskom dijelu","robots":{"index":"index","follow":"follow","max-snippet":"max-snippet:-1","max-image-preview":"max-image-preview:large","max-video-preview":"max-video-preview:-1"},"canonical":"https:\/\/www.visit-ulcinj.com\/blog\/2011\/11\/18\/milosevic-i-mediu-regulacija-bojane-zajednicki-problem\/","og_locale":"en_US","og_type":"article","og_title":"Milo\u0161evi\u0107 i Mediu: Regulacija Bojane zajedni\u010dki problem - Lajme nga Ulqini","og_description":"Poplave poput pro\u0161logodi\u0161njih ne bi trebalo da se ponove, makar kada je po srijedi rijeka Bojana. U toku je postavljanje nasipa u na\u0161em i albanskom dijelu","og_url":"https:\/\/www.visit-ulcinj.com\/blog\/2011\/11\/18\/milosevic-i-mediu-regulacija-bojane-zajednicki-problem\/","og_site_name":"Lajme nga Ulqini","article_published_time":"2011-11-18T21:02:41+00:00","og_image":[{"url":"http:\/\/www.visit-ulcinj.com\/blog\/wp-content\/uploads\/2011\/11\/Milosevic-i-Mediu_Regulacija-Bojane.jpg"}],"twitter_misc":{"Written by":"ulqini","Est. reading time":"2 minutes"},"schema":{"@context":"https:\/\/schema.org","@graph":[{"@type":"WebSite","@id":"https:\/\/www.visit-ulcinj.com\/blog\/#website","url":"https:\/\/www.visit-ulcinj.com\/blog\/","name":"Lajme nga Ulqini","description":"Lajme,Vijesti,Ulqini,Ulqin,Crna Gora,Mali i Zi","potentialAction":[{"@type":"SearchAction","target":{"@type":"EntryPoint","urlTemplate":"https:\/\/www.visit-ulcinj.com\/blog\/?s={search_term_string}"},"query-input":"required name=search_term_string"}],"inLanguage":"en-US"},{"@type":"ImageObject","inLanguage":"en-US","@id":"https:\/\/www.visit-ulcinj.com\/blog\/2011\/11\/18\/milosevic-i-mediu-regulacija-bojane-zajednicki-problem\/#primaryimage","url":"https:\/\/www.visit-ulcinj.com\/blog\/wp-content\/uploads\/2011\/11\/Milosevic-i-Mediu_Regulacija-Bojane.jpg","contentUrl":"https:\/\/www.visit-ulcinj.com\/blog\/wp-content\/uploads\/2011\/11\/Milosevic-i-Mediu_Regulacija-Bojane.jpg","width":"470","height":"352"},{"@type":"WebPage","@id":"https:\/\/www.visit-ulcinj.com\/blog\/2011\/11\/18\/milosevic-i-mediu-regulacija-bojane-zajednicki-problem\/#webpage","url":"https:\/\/www.visit-ulcinj.com\/blog\/2011\/11\/18\/milosevic-i-mediu-regulacija-bojane-zajednicki-problem\/","name":"Milo\u0161evi\u0107 i Mediu: Regulacija Bojane zajedni\u010dki problem - Lajme nga Ulqini","isPartOf":{"@id":"https:\/\/www.visit-ulcinj.com\/blog\/#website"},"primaryImageOfPage":{"@id":"https:\/\/www.visit-ulcinj.com\/blog\/2011\/11\/18\/milosevic-i-mediu-regulacija-bojane-zajednicki-problem\/#primaryimage"},"datePublished":"2011-11-18T21:02:41+00:00","dateModified":"2011-11-18T21:02:41+00:00","author":{"@id":"https:\/\/www.visit-ulcinj.com\/blog\/#\/schema\/person\/dcab619c614d3038751c63bc2aadc06d"},"description":"Poplave poput pro\u0161logodi\u0161njih ne bi trebalo da se ponove, makar kada je po srijedi rijeka Bojana. U toku je postavljanje nasipa u na\u0161em i albanskom dijelu","breadcrumb":{"@id":"https:\/\/www.visit-ulcinj.com\/blog\/2011\/11\/18\/milosevic-i-mediu-regulacija-bojane-zajednicki-problem\/#breadcrumb"},"inLanguage":"en-US","potentialAction":[{"@type":"ReadAction","target":["https:\/\/www.visit-ulcinj.com\/blog\/2011\/11\/18\/milosevic-i-mediu-regulacija-bojane-zajednicki-problem\/"]}]},{"@type":"BreadcrumbList","@id":"https:\/\/www.visit-ulcinj.com\/blog\/2011\/11\/18\/milosevic-i-mediu-regulacija-bojane-zajednicki-problem\/#breadcrumb","itemListElement":[{"@type":"ListItem","position":1,"name":"Milo\u0161evi\u0107 i Mediu: Regulacija Bojane zajedni\u010dki problem"}]},{"@type":"Person","@id":"https:\/\/www.visit-ulcinj.com\/blog\/#\/schema\/person\/dcab619c614d3038751c63bc2aadc06d","name":"ulqini","sameAs":["http:\/\/www.visit-ulcinj.com"],"url":"https:\/\/www.visit-ulcinj.com\/blog\/author\/admin\/"}]}},"jetpack_featured_media_url":"","jetpack_sharing_enabled":true,"jetpack_shortlink":"https:\/\/wp.me\/pe6lTn-dTP","_links":{"self":[{"href":"https:\/\/www.visit-ulcinj.com\/blog\/wp-json\/wp\/v2\/posts\/53433"}],"collection":[{"href":"https:\/\/www.visit-ulcinj.com\/blog\/wp-json\/wp\/v2\/posts"}],"about":[{"href":"https:\/\/www.visit-ulcinj.com\/blog\/wp-json\/wp\/v2\/types\/post"}],"author":[{"embeddable":true,"href":"https:\/\/www.visit-ulcinj.com\/blog\/wp-json\/wp\/v2\/users\/1"}],"replies":[{"embeddable":true,"href":"https:\/\/www.visit-ulcinj.com\/blog\/wp-json\/wp\/v2\/comments?post=53433"}],"version-history":[{"count":1,"href":"https:\/\/www.visit-ulcinj.com\/blog\/wp-json\/wp\/v2\/posts\/53433\/revisions"}],"predecessor-version":[{"id":53436,"href":"https:\/\/www.visit-ulcinj.com\/blog\/wp-json\/wp\/v2\/posts\/53433\/revisions\/53436"}],"wp:attachment":[{"href":"https:\/\/www.visit-ulcinj.com\/blog\/wp-json\/wp\/v2\/media?parent=53433"}],"wp:term":[{"taxonomy":"category","embeddable":true,"href":"https:\/\/www.visit-ulcinj.com\/blog\/wp-json\/wp\/v2\/categories?post=53433"},{"taxonomy":"post_tag","embeddable":true,"href":"https:\/\/www.visit-ulcinj.com\/blog\/wp-json\/wp\/v2\/tags?post=53433"}],"curies":[{"name":"wp","href":"https:\/\/api.w.org\/{rel}","templated":true}]}}