{"id":53437,"date":"2011-11-18T22:30:55","date_gmt":"2011-11-18T21:30:55","guid":{"rendered":"http:\/\/www.visit-ulcinj.com\/blog\/?p=53437"},"modified":"2011-11-18T22:34:24","modified_gmt":"2011-11-18T21:34:24","slug":"argjinatura-ne-bune-do-te-perfundoje-deri-ne-fund-te-vitit","status":"publish","type":"post","link":"https:\/\/www.visit-ulcinj.com\/blog\/2011\/11\/18\/argjinatura-ne-bune-do-te-perfundoje-deri-ne-fund-te-vitit\/","title":{"rendered":"Argjinatura n\u00eb Bun\u00eb do t\u00eb p\u00ebrfundoj\u00eb deri n\u00eb fund t\u00eb vitit"},"content":{"rendered":"<p><a href=\"http:\/\/www.visit-ulcinj.com\/blog\/wp-content\/uploads\/2011\/11\/T.Milosheviq_Fatmir-Mediu_Argjinatura-n%C3%AB-lumin-Buna.jpg\"><img loading=\"lazy\" class=\"alignleft size-full wp-image-53439\" title=\"T.Milosheviq_Fatmir Mediu_Argjinatura n\u00eb lumin Buna\" src=\"http:\/\/www.visit-ulcinj.com\/blog\/wp-content\/uploads\/2011\/11\/T.Milosheviq_Fatmir-Mediu_Argjinatura-n%C3%AB-lumin-Buna.jpg\" alt=\"\" width=\"490\" height=\"352\" \/><\/a>Argjinatura n\u00eb lumin Buna do t\u00eb jet\u00eb m\u00eb kualitative dhe nuk do t\u00eb shp\u00ebrthej\u00eb n\u00ebse niveli i ujit n\u00eb k\u00ebt\u00eb lum do t\u00eb jet\u00eb si n\u00eb vitin e kaluar , ka vler\u00ebsuar ministri i bujq\u00ebsis\u00eb dhe zhvillimit rural t\u00eb Malit t\u00eb Zi Tarzan Millosheviq.<\/p>\n<p>Ai sot bisedoi me kolegun nga Shqip\u00ebria Fatmir Mediu p\u00ebr realizimin e masave urgjente n\u00eb rregullimin e lumit Buna t\u00eb Liqenit t\u00eb Shkodr\u00ebs.<\/p>\n<p>Millosheviq theksoi se ka filluar rivitalizimi i argjinatur\u00ebs n\u00eb an\u00ebn malazeze dhe theksoi se gjat\u00eb k\u00ebtij viti do t\u00eb p\u00ebrmir\u00ebsohen 5 kilometra dhe se t\u00eb nj\u00ebjt\u00ebn gj\u00eb e realizon edhe pala shqiptare.<\/p>\n<p>Millosheviq theksoi se n\u00eb vazhdim jan\u00eb punimet n\u00eb aksin Re\u00e7-Sh\u00ebn Nikolla dhe n\u00eb rajonin e Sukobin\u00ebs .<\/p>\n<p>Ministri shqiptar Mediu theksoi se \u00ebsht\u00eb n\u00ebnshkruar memorandum p\u00ebr bashk\u00ebpunim, \u00ebsht\u00eb grumbulluar ekspertiza e duhur dhe se investimet e ardhshme do t\u00eb garantojn\u00eb sigurin\u00eb e banor\u00ebve.<\/p>\n<p>Ai p\u00ebrkujtoi se jan\u00eb b\u00ebr\u00eb investime edhe n\u00eb brigjet e Liqenit t\u00eb Shkodr\u00ebs duke u nd\u00ebrtuar nj\u00eb kanal i cili do t\u00eb normalizoj\u00eb rrjedh\u00ebn e lumit Buna duke penguar k\u00ebshtu p\u00ebrmbytjet. Sipas fjal\u00ebve t\u00eb tij faza e dyt\u00eb n\u00ebnkupton thellimin e rrjedh\u00ebs s\u00eb lumit Buna .<\/p>\n<p><strong>TVCG<br \/>\n<!--YouTube Error: bad URL entered--><br \/>\n<\/strong><\/p>\n","protected":false},"excerpt":{"rendered":"<p>Argjinatura n\u00eb lumin Buna do t\u00eb jet\u00eb m\u00eb kualitative dhe nuk do t\u00eb shp\u00ebrthej\u00eb n\u00ebse niveli i ujit n\u00eb k\u00ebt\u00eb lum do t\u00eb jet\u00eb si n\u00eb vitin e kaluar , ka vler\u00ebsuar ministri i bujq\u00ebsis\u00eb dhe zhvillimit rural t\u00eb Malit t\u00eb Zi Tarzan Millosheviq. Ai sot bisedoi me kolegun nga Shqip\u00ebria Fatmir Mediu p\u00ebr realizimin [&hellip;]<\/p>\n","protected":false},"author":1,"featured_media":0,"comment_status":"open","ping_status":"closed","sticky":false,"template":"","format":"standard","meta":{"spay_email":"","jetpack_publicize_message":"","jetpack_is_tweetstorm":false,"jetpack_publicize_feature_enabled":true},"categories":[14],"tags":[509,17121,11648,17123,200,18],"jetpack_publicize_connections":[],"yoast_head":"<!-- This site is optimized with the Yoast SEO plugin v19.1 - https:\/\/yoast.com\/wordpress\/plugins\/seo\/ -->\n<title>Argjinatura n\u00eb Bun\u00eb do t\u00eb p\u00ebrfundoj\u00eb deri n\u00eb fund t\u00eb vitit - Lajme nga Ulqini<\/title>\n<meta name=\"description\" content=\"Argjinatura n\u00eb lumin Buna do t\u00eb jet\u00eb m\u00eb kualitative dhe nuk do t\u00eb shp\u00ebrthej\u00eb n\u00ebse niveli i ujit n\u00eb k\u00ebt\u00eb lum do t\u00eb jet\u00eb si n\u00eb vitin e kaluar , ka vler\u00ebsuar\" \/>\n<meta name=\"robots\" content=\"index, follow, max-snippet:-1, max-image-preview:large, max-video-preview:-1\" \/>\n<link rel=\"canonical\" href=\"https:\/\/www.visit-ulcinj.com\/blog\/2011\/11\/18\/argjinatura-ne-bune-do-te-perfundoje-deri-ne-fund-te-vitit\/\" \/>\n<meta property=\"og:locale\" content=\"en_US\" \/>\n<meta property=\"og:type\" content=\"article\" \/>\n<meta property=\"og:title\" content=\"Argjinatura n\u00eb Bun\u00eb do t\u00eb p\u00ebrfundoj\u00eb deri n\u00eb fund t\u00eb vitit - Lajme nga Ulqini\" \/>\n<meta property=\"og:description\" content=\"Argjinatura n\u00eb lumin Buna do t\u00eb jet\u00eb m\u00eb kualitative dhe nuk do t\u00eb shp\u00ebrthej\u00eb n\u00ebse niveli i ujit n\u00eb k\u00ebt\u00eb lum do t\u00eb jet\u00eb si n\u00eb vitin e kaluar , ka vler\u00ebsuar\" \/>\n<meta property=\"og:url\" content=\"https:\/\/www.visit-ulcinj.com\/blog\/2011\/11\/18\/argjinatura-ne-bune-do-te-perfundoje-deri-ne-fund-te-vitit\/\" \/>\n<meta property=\"og:site_name\" content=\"Lajme nga Ulqini\" \/>\n<meta property=\"article:published_time\" content=\"2011-11-18T21:30:55+00:00\" \/>\n<meta property=\"article:modified_time\" content=\"2011-11-18T21:34:24+00:00\" \/>\n<meta property=\"og:image\" content=\"http:\/\/www.visit-ulcinj.com\/blog\/wp-content\/uploads\/2011\/11\/T.Milosheviq_Fatmir-Mediu_Argjinatura-n%C3%AB-lumin-Buna.jpg\" \/>\n<meta name=\"twitter:label1\" content=\"Written by\" \/>\n\t<meta name=\"twitter:data1\" content=\"ulqini\" \/>\n\t<meta name=\"twitter:label2\" content=\"Est. reading time\" \/>\n\t<meta name=\"twitter:data2\" content=\"1 minute\" \/>\n<script type=\"application\/ld+json\" class=\"yoast-schema-graph\">{\"@context\":\"https:\/\/schema.org\",\"@graph\":[{\"@type\":\"WebSite\",\"@id\":\"https:\/\/www.visit-ulcinj.com\/blog\/#website\",\"url\":\"https:\/\/www.visit-ulcinj.com\/blog\/\",\"name\":\"Lajme nga Ulqini\",\"description\":\"Lajme,Vijesti,Ulqini,Ulqin,Crna Gora,Mali i Zi\",\"potentialAction\":[{\"@type\":\"SearchAction\",\"target\":{\"@type\":\"EntryPoint\",\"urlTemplate\":\"https:\/\/www.visit-ulcinj.com\/blog\/?s={search_term_string}\"},\"query-input\":\"required name=search_term_string\"}],\"inLanguage\":\"en-US\"},{\"@type\":\"ImageObject\",\"inLanguage\":\"en-US\",\"@id\":\"https:\/\/www.visit-ulcinj.com\/blog\/2011\/11\/18\/argjinatura-ne-bune-do-te-perfundoje-deri-ne-fund-te-vitit\/#primaryimage\",\"url\":\"http:\/\/www.visit-ulcinj.com\/blog\/wp-content\/uploads\/2011\/11\/T.Milosheviq_Fatmir-Mediu_Argjinatura-n%C3%AB-lumin-Buna.jpg\",\"contentUrl\":\"http:\/\/www.visit-ulcinj.com\/blog\/wp-content\/uploads\/2011\/11\/T.Milosheviq_Fatmir-Mediu_Argjinatura-n%C3%AB-lumin-Buna.jpg\"},{\"@type\":\"WebPage\",\"@id\":\"https:\/\/www.visit-ulcinj.com\/blog\/2011\/11\/18\/argjinatura-ne-bune-do-te-perfundoje-deri-ne-fund-te-vitit\/#webpage\",\"url\":\"https:\/\/www.visit-ulcinj.com\/blog\/2011\/11\/18\/argjinatura-ne-bune-do-te-perfundoje-deri-ne-fund-te-vitit\/\",\"name\":\"Argjinatura n\u00eb Bun\u00eb do t\u00eb p\u00ebrfundoj\u00eb deri n\u00eb fund t\u00eb vitit - Lajme nga Ulqini\",\"isPartOf\":{\"@id\":\"https:\/\/www.visit-ulcinj.com\/blog\/#website\"},\"primaryImageOfPage\":{\"@id\":\"https:\/\/www.visit-ulcinj.com\/blog\/2011\/11\/18\/argjinatura-ne-bune-do-te-perfundoje-deri-ne-fund-te-vitit\/#primaryimage\"},\"datePublished\":\"2011-11-18T21:30:55+00:00\",\"dateModified\":\"2011-11-18T21:34:24+00:00\",\"author\":{\"@id\":\"https:\/\/www.visit-ulcinj.com\/blog\/#\/schema\/person\/dcab619c614d3038751c63bc2aadc06d\"},\"description\":\"Argjinatura n\u00eb lumin Buna do t\u00eb jet\u00eb m\u00eb kualitative dhe nuk do t\u00eb shp\u00ebrthej\u00eb n\u00ebse niveli i ujit n\u00eb k\u00ebt\u00eb lum do t\u00eb jet\u00eb si n\u00eb vitin e kaluar , ka vler\u00ebsuar\",\"breadcrumb\":{\"@id\":\"https:\/\/www.visit-ulcinj.com\/blog\/2011\/11\/18\/argjinatura-ne-bune-do-te-perfundoje-deri-ne-fund-te-vitit\/#breadcrumb\"},\"inLanguage\":\"en-US\",\"potentialAction\":[{\"@type\":\"ReadAction\",\"target\":[\"https:\/\/www.visit-ulcinj.com\/blog\/2011\/11\/18\/argjinatura-ne-bune-do-te-perfundoje-deri-ne-fund-te-vitit\/\"]}]},{\"@type\":\"BreadcrumbList\",\"@id\":\"https:\/\/www.visit-ulcinj.com\/blog\/2011\/11\/18\/argjinatura-ne-bune-do-te-perfundoje-deri-ne-fund-te-vitit\/#breadcrumb\",\"itemListElement\":[{\"@type\":\"ListItem\",\"position\":1,\"name\":\"Argjinatura n\u00eb Bun\u00eb do t\u00eb p\u00ebrfundoj\u00eb deri n\u00eb fund t\u00eb vitit\"}]},{\"@type\":\"Person\",\"@id\":\"https:\/\/www.visit-ulcinj.com\/blog\/#\/schema\/person\/dcab619c614d3038751c63bc2aadc06d\",\"name\":\"ulqini\",\"sameAs\":[\"http:\/\/www.visit-ulcinj.com\"],\"url\":\"https:\/\/www.visit-ulcinj.com\/blog\/author\/admin\/\"}]}<\/script>\n<!-- \/ Yoast SEO plugin. -->","yoast_head_json":{"title":"Argjinatura n\u00eb Bun\u00eb do t\u00eb p\u00ebrfundoj\u00eb deri n\u00eb fund t\u00eb vitit - Lajme nga Ulqini","description":"Argjinatura n\u00eb lumin Buna do t\u00eb jet\u00eb m\u00eb kualitative dhe nuk do t\u00eb shp\u00ebrthej\u00eb n\u00ebse niveli i ujit n\u00eb k\u00ebt\u00eb lum do t\u00eb jet\u00eb si n\u00eb vitin e kaluar , ka vler\u00ebsuar","robots":{"index":"index","follow":"follow","max-snippet":"max-snippet:-1","max-image-preview":"max-image-preview:large","max-video-preview":"max-video-preview:-1"},"canonical":"https:\/\/www.visit-ulcinj.com\/blog\/2011\/11\/18\/argjinatura-ne-bune-do-te-perfundoje-deri-ne-fund-te-vitit\/","og_locale":"en_US","og_type":"article","og_title":"Argjinatura n\u00eb Bun\u00eb do t\u00eb p\u00ebrfundoj\u00eb deri n\u00eb fund t\u00eb vitit - Lajme nga Ulqini","og_description":"Argjinatura n\u00eb lumin Buna do t\u00eb jet\u00eb m\u00eb kualitative dhe nuk do t\u00eb shp\u00ebrthej\u00eb n\u00ebse niveli i ujit n\u00eb k\u00ebt\u00eb lum do t\u00eb jet\u00eb si n\u00eb vitin e kaluar , ka vler\u00ebsuar","og_url":"https:\/\/www.visit-ulcinj.com\/blog\/2011\/11\/18\/argjinatura-ne-bune-do-te-perfundoje-deri-ne-fund-te-vitit\/","og_site_name":"Lajme nga Ulqini","article_published_time":"2011-11-18T21:30:55+00:00","article_modified_time":"2011-11-18T21:34:24+00:00","og_image":[{"url":"http:\/\/www.visit-ulcinj.com\/blog\/wp-content\/uploads\/2011\/11\/T.Milosheviq_Fatmir-Mediu_Argjinatura-n%C3%AB-lumin-Buna.jpg"}],"twitter_misc":{"Written by":"ulqini","Est. reading time":"1 minute"},"schema":{"@context":"https:\/\/schema.org","@graph":[{"@type":"WebSite","@id":"https:\/\/www.visit-ulcinj.com\/blog\/#website","url":"https:\/\/www.visit-ulcinj.com\/blog\/","name":"Lajme nga Ulqini","description":"Lajme,Vijesti,Ulqini,Ulqin,Crna Gora,Mali i Zi","potentialAction":[{"@type":"SearchAction","target":{"@type":"EntryPoint","urlTemplate":"https:\/\/www.visit-ulcinj.com\/blog\/?s={search_term_string}"},"query-input":"required name=search_term_string"}],"inLanguage":"en-US"},{"@type":"ImageObject","inLanguage":"en-US","@id":"https:\/\/www.visit-ulcinj.com\/blog\/2011\/11\/18\/argjinatura-ne-bune-do-te-perfundoje-deri-ne-fund-te-vitit\/#primaryimage","url":"http:\/\/www.visit-ulcinj.com\/blog\/wp-content\/uploads\/2011\/11\/T.Milosheviq_Fatmir-Mediu_Argjinatura-n%C3%AB-lumin-Buna.jpg","contentUrl":"http:\/\/www.visit-ulcinj.com\/blog\/wp-content\/uploads\/2011\/11\/T.Milosheviq_Fatmir-Mediu_Argjinatura-n%C3%AB-lumin-Buna.jpg"},{"@type":"WebPage","@id":"https:\/\/www.visit-ulcinj.com\/blog\/2011\/11\/18\/argjinatura-ne-bune-do-te-perfundoje-deri-ne-fund-te-vitit\/#webpage","url":"https:\/\/www.visit-ulcinj.com\/blog\/2011\/11\/18\/argjinatura-ne-bune-do-te-perfundoje-deri-ne-fund-te-vitit\/","name":"Argjinatura n\u00eb Bun\u00eb do t\u00eb p\u00ebrfundoj\u00eb deri n\u00eb fund t\u00eb vitit - Lajme nga Ulqini","isPartOf":{"@id":"https:\/\/www.visit-ulcinj.com\/blog\/#website"},"primaryImageOfPage":{"@id":"https:\/\/www.visit-ulcinj.com\/blog\/2011\/11\/18\/argjinatura-ne-bune-do-te-perfundoje-deri-ne-fund-te-vitit\/#primaryimage"},"datePublished":"2011-11-18T21:30:55+00:00","dateModified":"2011-11-18T21:34:24+00:00","author":{"@id":"https:\/\/www.visit-ulcinj.com\/blog\/#\/schema\/person\/dcab619c614d3038751c63bc2aadc06d"},"description":"Argjinatura n\u00eb lumin Buna do t\u00eb jet\u00eb m\u00eb kualitative dhe nuk do t\u00eb shp\u00ebrthej\u00eb n\u00ebse niveli i ujit n\u00eb k\u00ebt\u00eb lum do t\u00eb jet\u00eb si n\u00eb vitin e kaluar , ka vler\u00ebsuar","breadcrumb":{"@id":"https:\/\/www.visit-ulcinj.com\/blog\/2011\/11\/18\/argjinatura-ne-bune-do-te-perfundoje-deri-ne-fund-te-vitit\/#breadcrumb"},"inLanguage":"en-US","potentialAction":[{"@type":"ReadAction","target":["https:\/\/www.visit-ulcinj.com\/blog\/2011\/11\/18\/argjinatura-ne-bune-do-te-perfundoje-deri-ne-fund-te-vitit\/"]}]},{"@type":"BreadcrumbList","@id":"https:\/\/www.visit-ulcinj.com\/blog\/2011\/11\/18\/argjinatura-ne-bune-do-te-perfundoje-deri-ne-fund-te-vitit\/#breadcrumb","itemListElement":[{"@type":"ListItem","position":1,"name":"Argjinatura n\u00eb Bun\u00eb do t\u00eb p\u00ebrfundoj\u00eb deri n\u00eb fund t\u00eb vitit"}]},{"@type":"Person","@id":"https:\/\/www.visit-ulcinj.com\/blog\/#\/schema\/person\/dcab619c614d3038751c63bc2aadc06d","name":"ulqini","sameAs":["http:\/\/www.visit-ulcinj.com"],"url":"https:\/\/www.visit-ulcinj.com\/blog\/author\/admin\/"}]}},"jetpack_featured_media_url":"","jetpack_sharing_enabled":true,"jetpack_shortlink":"https:\/\/wp.me\/pe6lTn-dTT","_links":{"self":[{"href":"https:\/\/www.visit-ulcinj.com\/blog\/wp-json\/wp\/v2\/posts\/53437"}],"collection":[{"href":"https:\/\/www.visit-ulcinj.com\/blog\/wp-json\/wp\/v2\/posts"}],"about":[{"href":"https:\/\/www.visit-ulcinj.com\/blog\/wp-json\/wp\/v2\/types\/post"}],"author":[{"embeddable":true,"href":"https:\/\/www.visit-ulcinj.com\/blog\/wp-json\/wp\/v2\/users\/1"}],"replies":[{"embeddable":true,"href":"https:\/\/www.visit-ulcinj.com\/blog\/wp-json\/wp\/v2\/comments?post=53437"}],"version-history":[{"count":3,"href":"https:\/\/www.visit-ulcinj.com\/blog\/wp-json\/wp\/v2\/posts\/53437\/revisions"}],"predecessor-version":[{"id":53442,"href":"https:\/\/www.visit-ulcinj.com\/blog\/wp-json\/wp\/v2\/posts\/53437\/revisions\/53442"}],"wp:attachment":[{"href":"https:\/\/www.visit-ulcinj.com\/blog\/wp-json\/wp\/v2\/media?parent=53437"}],"wp:term":[{"taxonomy":"category","embeddable":true,"href":"https:\/\/www.visit-ulcinj.com\/blog\/wp-json\/wp\/v2\/categories?post=53437"},{"taxonomy":"post_tag","embeddable":true,"href":"https:\/\/www.visit-ulcinj.com\/blog\/wp-json\/wp\/v2\/tags?post=53437"}],"curies":[{"name":"wp","href":"https:\/\/api.w.org\/{rel}","templated":true}]}}