{"id":53474,"date":"2011-11-19T17:26:49","date_gmt":"2011-11-19T16:26:49","guid":{"rendered":"http:\/\/www.visit-ulcinj.com\/blog\/?p=53474"},"modified":"2011-11-19T17:26:49","modified_gmt":"2011-11-19T16:26:49","slug":"novopazarci-u-ulcinju-na-pripremama","status":"publish","type":"post","link":"https:\/\/www.visit-ulcinj.com\/blog\/2011\/11\/19\/novopazarci-u-ulcinju-na-pripremama\/","title":{"rendered":"Novopazarci u Ulcinju na pripremama"},"content":{"rendered":"<p><a href=\"http:\/\/www.visit-ulcinj.com\/blog\/wp-content\/uploads\/2011\/11\/prvakinja-Evrope-Amela-Terzic_ulcinj.jpg\"><img loading=\"lazy\" class=\"alignleft size-full wp-image-53475\" title=\"prvakinja Evrope Amela Terzic_ulcinj\" src=\"http:\/\/www.visit-ulcinj.com\/blog\/wp-content\/uploads\/2011\/11\/prvakinja-Evrope-Amela-Terzic_ulcinj.jpg\" alt=\"\" width=\"490\" height=\"270\" \/><\/a>\u010clanica Novog Pazara i dvostruka juniorska prvakinja Evrope <strong>Amela Terzi\u0107<\/strong> o\u010dekuje da \u0107e najuspe\u0161niju sezonu u karijeri zavr\u0161iti osvajanjem medalje na Prvenstvu Evrope u krosu.<\/p>\n<p>\u2013 <strong>Pro\u0161le godine sam u portugalskoj Albufeiri osvojila srebrnu juniorsku medalju na kontinentalnom prvenstvu u krosu, a s obzirom na to da sam sada za godinu dana iskusnija o\u010dekujem da ponovim sli\u010dan rezulat i osvojim jo\u0161 jedno odli\u010dje <\/strong>\u2013 rekla je <strong>Terzi\u0107eva<\/strong>.<\/p>\n<p><strong>Terzi\u0107eva<\/strong> je, zajedno sa jo\u0161 \u010detvoro reprezentativaca iz Novog Pazara, trenerom i klupskim direktorom, otputovala u Ulcinj, gde \u0107e se u naredne dve nedelje pripremati za takmi\u010denje, koje \u0107e se odr\u017eati 11. decembra u slovena\u010dkom Velenju.<\/p>\n<p>\u2013 <strong>Na\u0161 klub \u010dini okosnicu reprezentacije Srbije, po\u0161to \u0107e u Velenju, osim Terzi\u0107eve, nastupiti i junior Nenad Radanovi\u0107, juniorka Teodora Simovi\u0107, kao i mla\u0111i seniori Jasmin Ljaji\u0107 i Muamer Hasanovi\u0107. U Ulcinju \u0107e trenirati i talentovana Ilda Dautovi\u0107 i Kemal Zorni\u0107<\/strong> \u2013 rekao je sportski direktor novopazarskog kluba <strong>Edin Zukovi\u0107<\/strong>.<\/p>\n<p>Trener <strong>Rifat Zilki\u0107<\/strong>, koga su kolege nedavno proglasile najboljim u Srbiji u konkurenciji starijih juniora, rekao je da o\u010dekuje da <strong>Amela Terzi\u0107<\/strong> trijumfalno okon\u010da juniorsku karijeru i da sa uspesima nastavi i kao seniorka.<\/p>\n<p>\u2013 <strong>Amela je vrhunska takmi\u010darka i zvani\u010dno \u0161esta atleti\u010darka u Evropi u juniorskoj konkurenciji. Cilj nam je medalja u Velenju, kao i slede\u0107e godine na Svetkom juniorskom prvenstvu, a poku\u0161a\u0107emo da do\u0111emo i do norme za Olimpijske igre u Londonu 2012. godine<\/strong> \u2013 rekao je <strong>Zilki\u0107<\/strong>.<\/p>\n<p>On je dodao da njegovi takmi\u010dari i dalje treniraju u te\u0161kim uslovima u Novom Pazaru.<\/p>\n<p>\u2013 <strong>Staza na Bori\u0107ima je izgorela u po\u017earu, a staza u Rekreacionom centru je uni\u0161tena gra\u0111evinskim radovima, pa nam je trasa prakti\u010dno prekinuta. Imamo podsr\u0161ku lokalnog Sportskog saveza, ali ne i Sportskog centra. Pozivam sve koji odlu\u010duju o sportu u ovom gradu da nam omogu\u0107e da treniramo u normalnim uslovima<\/strong> \u2013 apelovao je <strong>Zilki\u0107<\/strong>.<\/p>\n<p><a href=\"http:\/\/www.zurnal.rs\/2011\/11\/17\/novopazarci-u-ulcinju-na-pripremama\/index.html?lang=lat\" target=\"_blank\"><strong>Izvor: Zurnal.rs<\/strong><\/a><\/p>\n<!--YouTube Error: bad URL entered-->\n","protected":false},"excerpt":{"rendered":"<p>\u010clanica Novog Pazara i dvostruka juniorska prvakinja Evrope Amela Terzi\u0107 o\u010dekuje da \u0107e najuspe\u0161niju sezonu u karijeri zavr\u0161iti osvajanjem medalje na Prvenstvu Evrope u krosu. \u2013 Pro\u0161le godine sam u portugalskoj Albufeiri osvojila srebrnu juniorsku medalju na kontinentalnom prvenstvu u krosu, a s obzirom na to da sam sada za godinu dana iskusnija o\u010dekujem da [&hellip;]<\/p>\n","protected":false},"author":1,"featured_media":0,"comment_status":"open","ping_status":"closed","sticky":false,"template":"","format":"standard","meta":{"spay_email":"","jetpack_publicize_message":"","jetpack_is_tweetstorm":false,"jetpack_publicize_feature_enabled":true},"categories":[8337],"tags":[17028,19473,19],"jetpack_publicize_connections":[],"yoast_head":"<!-- This site is optimized with the Yoast SEO plugin v19.1 - https:\/\/yoast.com\/wordpress\/plugins\/seo\/ -->\n<title>Novopazarci u Ulcinju na pripremama - Lajme nga Ulqini<\/title>\n<meta name=\"description\" content=\"\u010clanica Novog Pazara i dvostruka juniorska prvakinja Evrope Amela Terzi\u0107 o\u010dekuje da \u0107e najuspe\u0161niju sezonu u karijeri zavr\u0161iti osvajanjem medalje na\" \/>\n<meta name=\"robots\" content=\"index, follow, max-snippet:-1, max-image-preview:large, max-video-preview:-1\" \/>\n<link rel=\"canonical\" href=\"https:\/\/www.visit-ulcinj.com\/blog\/2011\/11\/19\/novopazarci-u-ulcinju-na-pripremama\/\" \/>\n<meta property=\"og:locale\" content=\"en_US\" \/>\n<meta property=\"og:type\" content=\"article\" \/>\n<meta property=\"og:title\" content=\"Novopazarci u Ulcinju na pripremama - Lajme nga Ulqini\" \/>\n<meta property=\"og:description\" content=\"\u010clanica Novog Pazara i dvostruka juniorska prvakinja Evrope Amela Terzi\u0107 o\u010dekuje da \u0107e najuspe\u0161niju sezonu u karijeri zavr\u0161iti osvajanjem medalje na\" \/>\n<meta property=\"og:url\" content=\"https:\/\/www.visit-ulcinj.com\/blog\/2011\/11\/19\/novopazarci-u-ulcinju-na-pripremama\/\" \/>\n<meta property=\"og:site_name\" content=\"Lajme nga Ulqini\" \/>\n<meta property=\"article:published_time\" content=\"2011-11-19T16:26:49+00:00\" \/>\n<meta property=\"og:image\" content=\"http:\/\/www.visit-ulcinj.com\/blog\/wp-content\/uploads\/2011\/11\/prvakinja-Evrope-Amela-Terzic_ulcinj.jpg\" \/>\n<meta name=\"twitter:label1\" content=\"Written by\" \/>\n\t<meta name=\"twitter:data1\" content=\"ulqini\" \/>\n\t<meta name=\"twitter:label2\" content=\"Est. reading time\" \/>\n\t<meta name=\"twitter:data2\" content=\"2 minutes\" \/>\n<script type=\"application\/ld+json\" class=\"yoast-schema-graph\">{\"@context\":\"https:\/\/schema.org\",\"@graph\":[{\"@type\":\"WebSite\",\"@id\":\"https:\/\/www.visit-ulcinj.com\/blog\/#website\",\"url\":\"https:\/\/www.visit-ulcinj.com\/blog\/\",\"name\":\"Lajme nga Ulqini\",\"description\":\"Lajme,Vijesti,Ulqini,Ulqin,Crna Gora,Mali i Zi\",\"potentialAction\":[{\"@type\":\"SearchAction\",\"target\":{\"@type\":\"EntryPoint\",\"urlTemplate\":\"https:\/\/www.visit-ulcinj.com\/blog\/?s={search_term_string}\"},\"query-input\":\"required name=search_term_string\"}],\"inLanguage\":\"en-US\"},{\"@type\":\"ImageObject\",\"inLanguage\":\"en-US\",\"@id\":\"https:\/\/www.visit-ulcinj.com\/blog\/2011\/11\/19\/novopazarci-u-ulcinju-na-pripremama\/#primaryimage\",\"url\":\"http:\/\/www.visit-ulcinj.com\/blog\/wp-content\/uploads\/2011\/11\/prvakinja-Evrope-Amela-Terzic_ulcinj.jpg\",\"contentUrl\":\"http:\/\/www.visit-ulcinj.com\/blog\/wp-content\/uploads\/2011\/11\/prvakinja-Evrope-Amela-Terzic_ulcinj.jpg\"},{\"@type\":\"WebPage\",\"@id\":\"https:\/\/www.visit-ulcinj.com\/blog\/2011\/11\/19\/novopazarci-u-ulcinju-na-pripremama\/#webpage\",\"url\":\"https:\/\/www.visit-ulcinj.com\/blog\/2011\/11\/19\/novopazarci-u-ulcinju-na-pripremama\/\",\"name\":\"Novopazarci u Ulcinju na pripremama - Lajme nga Ulqini\",\"isPartOf\":{\"@id\":\"https:\/\/www.visit-ulcinj.com\/blog\/#website\"},\"primaryImageOfPage\":{\"@id\":\"https:\/\/www.visit-ulcinj.com\/blog\/2011\/11\/19\/novopazarci-u-ulcinju-na-pripremama\/#primaryimage\"},\"datePublished\":\"2011-11-19T16:26:49+00:00\",\"dateModified\":\"2011-11-19T16:26:49+00:00\",\"author\":{\"@id\":\"https:\/\/www.visit-ulcinj.com\/blog\/#\/schema\/person\/dcab619c614d3038751c63bc2aadc06d\"},\"description\":\"\u010clanica Novog Pazara i dvostruka juniorska prvakinja Evrope Amela Terzi\u0107 o\u010dekuje da \u0107e najuspe\u0161niju sezonu u karijeri zavr\u0161iti osvajanjem medalje na\",\"breadcrumb\":{\"@id\":\"https:\/\/www.visit-ulcinj.com\/blog\/2011\/11\/19\/novopazarci-u-ulcinju-na-pripremama\/#breadcrumb\"},\"inLanguage\":\"en-US\",\"potentialAction\":[{\"@type\":\"ReadAction\",\"target\":[\"https:\/\/www.visit-ulcinj.com\/blog\/2011\/11\/19\/novopazarci-u-ulcinju-na-pripremama\/\"]}]},{\"@type\":\"BreadcrumbList\",\"@id\":\"https:\/\/www.visit-ulcinj.com\/blog\/2011\/11\/19\/novopazarci-u-ulcinju-na-pripremama\/#breadcrumb\",\"itemListElement\":[{\"@type\":\"ListItem\",\"position\":1,\"name\":\"Novopazarci u Ulcinju na pripremama\"}]},{\"@type\":\"Person\",\"@id\":\"https:\/\/www.visit-ulcinj.com\/blog\/#\/schema\/person\/dcab619c614d3038751c63bc2aadc06d\",\"name\":\"ulqini\",\"sameAs\":[\"http:\/\/www.visit-ulcinj.com\"],\"url\":\"https:\/\/www.visit-ulcinj.com\/blog\/author\/admin\/\"}]}<\/script>\n<!-- \/ Yoast SEO plugin. -->","yoast_head_json":{"title":"Novopazarci u Ulcinju na pripremama - Lajme nga Ulqini","description":"\u010clanica Novog Pazara i dvostruka juniorska prvakinja Evrope Amela Terzi\u0107 o\u010dekuje da \u0107e najuspe\u0161niju sezonu u karijeri zavr\u0161iti osvajanjem medalje na","robots":{"index":"index","follow":"follow","max-snippet":"max-snippet:-1","max-image-preview":"max-image-preview:large","max-video-preview":"max-video-preview:-1"},"canonical":"https:\/\/www.visit-ulcinj.com\/blog\/2011\/11\/19\/novopazarci-u-ulcinju-na-pripremama\/","og_locale":"en_US","og_type":"article","og_title":"Novopazarci u Ulcinju na pripremama - Lajme nga Ulqini","og_description":"\u010clanica Novog Pazara i dvostruka juniorska prvakinja Evrope Amela Terzi\u0107 o\u010dekuje da \u0107e najuspe\u0161niju sezonu u karijeri zavr\u0161iti osvajanjem medalje na","og_url":"https:\/\/www.visit-ulcinj.com\/blog\/2011\/11\/19\/novopazarci-u-ulcinju-na-pripremama\/","og_site_name":"Lajme nga Ulqini","article_published_time":"2011-11-19T16:26:49+00:00","og_image":[{"url":"http:\/\/www.visit-ulcinj.com\/blog\/wp-content\/uploads\/2011\/11\/prvakinja-Evrope-Amela-Terzic_ulcinj.jpg"}],"twitter_misc":{"Written by":"ulqini","Est. reading time":"2 minutes"},"schema":{"@context":"https:\/\/schema.org","@graph":[{"@type":"WebSite","@id":"https:\/\/www.visit-ulcinj.com\/blog\/#website","url":"https:\/\/www.visit-ulcinj.com\/blog\/","name":"Lajme nga Ulqini","description":"Lajme,Vijesti,Ulqini,Ulqin,Crna Gora,Mali i Zi","potentialAction":[{"@type":"SearchAction","target":{"@type":"EntryPoint","urlTemplate":"https:\/\/www.visit-ulcinj.com\/blog\/?s={search_term_string}"},"query-input":"required name=search_term_string"}],"inLanguage":"en-US"},{"@type":"ImageObject","inLanguage":"en-US","@id":"https:\/\/www.visit-ulcinj.com\/blog\/2011\/11\/19\/novopazarci-u-ulcinju-na-pripremama\/#primaryimage","url":"http:\/\/www.visit-ulcinj.com\/blog\/wp-content\/uploads\/2011\/11\/prvakinja-Evrope-Amela-Terzic_ulcinj.jpg","contentUrl":"http:\/\/www.visit-ulcinj.com\/blog\/wp-content\/uploads\/2011\/11\/prvakinja-Evrope-Amela-Terzic_ulcinj.jpg"},{"@type":"WebPage","@id":"https:\/\/www.visit-ulcinj.com\/blog\/2011\/11\/19\/novopazarci-u-ulcinju-na-pripremama\/#webpage","url":"https:\/\/www.visit-ulcinj.com\/blog\/2011\/11\/19\/novopazarci-u-ulcinju-na-pripremama\/","name":"Novopazarci u Ulcinju na pripremama - Lajme nga Ulqini","isPartOf":{"@id":"https:\/\/www.visit-ulcinj.com\/blog\/#website"},"primaryImageOfPage":{"@id":"https:\/\/www.visit-ulcinj.com\/blog\/2011\/11\/19\/novopazarci-u-ulcinju-na-pripremama\/#primaryimage"},"datePublished":"2011-11-19T16:26:49+00:00","dateModified":"2011-11-19T16:26:49+00:00","author":{"@id":"https:\/\/www.visit-ulcinj.com\/blog\/#\/schema\/person\/dcab619c614d3038751c63bc2aadc06d"},"description":"\u010clanica Novog Pazara i dvostruka juniorska prvakinja Evrope Amela Terzi\u0107 o\u010dekuje da \u0107e najuspe\u0161niju sezonu u karijeri zavr\u0161iti osvajanjem medalje na","breadcrumb":{"@id":"https:\/\/www.visit-ulcinj.com\/blog\/2011\/11\/19\/novopazarci-u-ulcinju-na-pripremama\/#breadcrumb"},"inLanguage":"en-US","potentialAction":[{"@type":"ReadAction","target":["https:\/\/www.visit-ulcinj.com\/blog\/2011\/11\/19\/novopazarci-u-ulcinju-na-pripremama\/"]}]},{"@type":"BreadcrumbList","@id":"https:\/\/www.visit-ulcinj.com\/blog\/2011\/11\/19\/novopazarci-u-ulcinju-na-pripremama\/#breadcrumb","itemListElement":[{"@type":"ListItem","position":1,"name":"Novopazarci u Ulcinju na pripremama"}]},{"@type":"Person","@id":"https:\/\/www.visit-ulcinj.com\/blog\/#\/schema\/person\/dcab619c614d3038751c63bc2aadc06d","name":"ulqini","sameAs":["http:\/\/www.visit-ulcinj.com"],"url":"https:\/\/www.visit-ulcinj.com\/blog\/author\/admin\/"}]}},"jetpack_featured_media_url":"","jetpack_sharing_enabled":true,"jetpack_shortlink":"https:\/\/wp.me\/pe6lTn-dUu","_links":{"self":[{"href":"https:\/\/www.visit-ulcinj.com\/blog\/wp-json\/wp\/v2\/posts\/53474"}],"collection":[{"href":"https:\/\/www.visit-ulcinj.com\/blog\/wp-json\/wp\/v2\/posts"}],"about":[{"href":"https:\/\/www.visit-ulcinj.com\/blog\/wp-json\/wp\/v2\/types\/post"}],"author":[{"embeddable":true,"href":"https:\/\/www.visit-ulcinj.com\/blog\/wp-json\/wp\/v2\/users\/1"}],"replies":[{"embeddable":true,"href":"https:\/\/www.visit-ulcinj.com\/blog\/wp-json\/wp\/v2\/comments?post=53474"}],"version-history":[{"count":1,"href":"https:\/\/www.visit-ulcinj.com\/blog\/wp-json\/wp\/v2\/posts\/53474\/revisions"}],"predecessor-version":[{"id":53476,"href":"https:\/\/www.visit-ulcinj.com\/blog\/wp-json\/wp\/v2\/posts\/53474\/revisions\/53476"}],"wp:attachment":[{"href":"https:\/\/www.visit-ulcinj.com\/blog\/wp-json\/wp\/v2\/media?parent=53474"}],"wp:term":[{"taxonomy":"category","embeddable":true,"href":"https:\/\/www.visit-ulcinj.com\/blog\/wp-json\/wp\/v2\/categories?post=53474"},{"taxonomy":"post_tag","embeddable":true,"href":"https:\/\/www.visit-ulcinj.com\/blog\/wp-json\/wp\/v2\/tags?post=53474"}],"curies":[{"name":"wp","href":"https:\/\/api.w.org\/{rel}","templated":true}]}}