{"id":53477,"date":"2011-11-19T17:43:11","date_gmt":"2011-11-19T16:43:11","guid":{"rendered":"http:\/\/www.visit-ulcinj.com\/blog\/?p=53477"},"modified":"2011-11-19T17:43:11","modified_gmt":"2011-11-19T16:43:11","slug":"nvo-%e2%80%9ezeleni-korak%e2%80%9c-predlaze-potpisivanje-memoranduma-o-saradnji-sa-%e2%80%9emorskim-dobrom%e2%80%9d","status":"publish","type":"post","link":"https:\/\/www.visit-ulcinj.com\/blog\/2011\/11\/19\/nvo-%e2%80%9ezeleni-korak%e2%80%9c-predlaze-potpisivanje-memoranduma-o-saradnji-sa-%e2%80%9emorskim-dobrom%e2%80%9d\/","title":{"rendered":"NVO \u201eZeleni Korak\u201c predla\u017ee potpisivanje memoranduma o saradnji sa \u201eMorskim Dobrom\u201d"},"content":{"rendered":"<p><strong><a href=\"http:\/\/www.visit-ulcinj.com\/blog\/wp-content\/uploads\/2011\/11\/DZELAL-HODZIC_ULCINJ.jpg\"><img loading=\"lazy\" class=\"alignleft size-full wp-image-53478\" title=\"DZELAL-HODZIC_ULCINJ\" src=\"http:\/\/www.visit-ulcinj.com\/blog\/wp-content\/uploads\/2011\/11\/DZELAL-HODZIC_ULCINJ.jpg\" alt=\"\" width=\"501\" height=\"376\" srcset=\"https:\/\/www.visit-ulcinj.com\/blog\/wp-content\/uploads\/2011\/11\/DZELAL-HODZIC_ULCINJ.jpg 501w, https:\/\/www.visit-ulcinj.com\/blog\/wp-content\/uploads\/2011\/11\/DZELAL-HODZIC_ULCINJ-300x225.jpg 300w\" sizes=\"(max-width: 501px) 100vw, 501px\" \/><\/a>Reaktivirati ekolo\u0161ke patrole na obali<\/strong><br \/>\nNevladina organizacija \u201eZeleni korak\u201c predlo\u017eila je JP za upravljanje morskim dobrom potpisivanje memoranduma o saradnji na \u010duvanju obale u najju\u017enijoj op\u0161tini, od rijeke Bojane do uvale Kru\u010de s morske i kopnene strane.<br \/>\n\u2013 NVO \u201cZeleni korak\u201d je spremna da reaktivira ekolo\u0161ku patrolu zajedno s NVO \u201eBojana\u201d. Potrebno je obezbijediti odre\u0111ena sredstva za tu akciju, za pokrivanje tro\u0161kova za 2012. godinu. Po tom pitanju nudimo vam potpisivanje memoranduma o saradnji koji bi logisti\u010dki i, eventualno, finansijski podr\u017eala Op\u0161tina Ulcinj, kao i turisti\u010dka privreda grada i druge institucije. Molimo Vas da nas obavijestite o Va\u0161em mi\u0161ljenju i nov\u010danom iznosu kojim biste eventualno podr\u017eali ovu akciju \u2013 navodi se u pismu upu\u0107enom JPMD.<br \/>\n\u201eZeleni\u201d podsje\u0107aju na veoma uspje\u0161nu akciju \u010di\u0161\u0107enja divljih deponija u Ulcinju.<br \/>\n\u2013 \u010ci\u0161\u0107enje je sredinom oktobra organizovala Op\u0161tina Ulcinj, uz finansijsku i logisti\u010dku pomo\u0107 brojnih donatora, me\u0111u kojima je bilo i \u201eMorsko dobro\u201d, a poseban naglasak bio je stavljen na lokalitete koji su u ingerenciji JPMD. Nakon pomenute akcije, potrebno je pra\u0107enje stanja u narednom periodu, kako bi se blagovremeno sprije\u010dilo ponovno stvaranje deponija \u2013 konstatuje se u pismu koje je potpisao izvr\u0161ni direktor te NVO D\u017eeljal Hod\u017ei\u0107.<\/p>\n<p><a href=\"http:\/\/www.dan.co.me\/?nivo=3&amp;rubrika=Regioni&amp;datum=2011-11-18&amp;clanak=307129\" target=\"_blank\"><strong>Izvor: DAN<\/strong><\/a><\/p>\n<!--YouTube Error: bad URL entered-->\n","protected":false},"excerpt":{"rendered":"<p>Reaktivirati ekolo\u0161ke patrole na obali Nevladina organizacija \u201eZeleni korak\u201c predlo\u017eila je JP za upravljanje morskim dobrom potpisivanje memoranduma o saradnji na \u010duvanju obale u najju\u017enijoj op\u0161tini, od rijeke Bojane do uvale Kru\u010de s morske i kopnene strane. \u2013 NVO \u201cZeleni korak\u201d je spremna da reaktivira ekolo\u0161ku patrolu zajedno s NVO \u201eBojana\u201d. Potrebno je obezbijediti odre\u0111ena [&hellip;]<\/p>\n","protected":false},"author":1,"featured_media":0,"comment_status":"open","ping_status":"closed","sticky":false,"template":"","format":"standard","meta":{"spay_email":"","jetpack_publicize_message":"","jetpack_is_tweetstorm":false,"jetpack_publicize_feature_enabled":true},"categories":[8337],"tags":[10780,19474,264],"jetpack_publicize_connections":[],"yoast_head":"<!-- This site is optimized with the Yoast SEO plugin v19.1 - https:\/\/yoast.com\/wordpress\/plugins\/seo\/ -->\n<title>NVO \u201eZeleni Korak\u201c predla\u017ee potpisivanje memoranduma o saradnji sa \u201eMorskim Dobrom\u201d - Lajme nga Ulqini<\/title>\n<meta name=\"description\" content=\"Reaktivirati ekolo\u0161ke patrole na obali Nevladina organizacija \u201eZeleni korak\u201c predlo\u017eila je JP za upravljanje morskim dobrom potpisivanje memoranduma o\" \/>\n<meta name=\"robots\" content=\"index, follow, max-snippet:-1, max-image-preview:large, max-video-preview:-1\" \/>\n<link rel=\"canonical\" href=\"https:\/\/www.visit-ulcinj.com\/blog\/2011\/11\/19\/nvo-\u201ezeleni-korak\u201c-predlaze-potpisivanje-memoranduma-o-saradnji-sa-\u201emorskim-dobrom\u201d\/\" \/>\n<meta property=\"og:locale\" content=\"en_US\" \/>\n<meta property=\"og:type\" content=\"article\" \/>\n<meta property=\"og:title\" content=\"NVO \u201eZeleni Korak\u201c predla\u017ee potpisivanje memoranduma o saradnji sa \u201eMorskim Dobrom\u201d - Lajme nga Ulqini\" \/>\n<meta property=\"og:description\" content=\"Reaktivirati ekolo\u0161ke patrole na obali Nevladina organizacija \u201eZeleni korak\u201c predlo\u017eila je JP za upravljanje morskim dobrom potpisivanje memoranduma o\" \/>\n<meta property=\"og:url\" content=\"https:\/\/www.visit-ulcinj.com\/blog\/2011\/11\/19\/nvo-\u201ezeleni-korak\u201c-predlaze-potpisivanje-memoranduma-o-saradnji-sa-\u201emorskim-dobrom\u201d\/\" \/>\n<meta property=\"og:site_name\" content=\"Lajme nga Ulqini\" \/>\n<meta property=\"article:published_time\" content=\"2011-11-19T16:43:11+00:00\" \/>\n<meta property=\"og:image\" content=\"http:\/\/www.visit-ulcinj.com\/blog\/wp-content\/uploads\/2011\/11\/DZELAL-HODZIC_ULCINJ.jpg\" \/>\n<meta name=\"twitter:label1\" content=\"Written by\" \/>\n\t<meta name=\"twitter:data1\" content=\"ulqini\" \/>\n\t<meta name=\"twitter:label2\" content=\"Est. reading time\" \/>\n\t<meta name=\"twitter:data2\" content=\"1 minute\" \/>\n<script type=\"application\/ld+json\" class=\"yoast-schema-graph\">{\"@context\":\"https:\/\/schema.org\",\"@graph\":[{\"@type\":\"WebSite\",\"@id\":\"https:\/\/www.visit-ulcinj.com\/blog\/#website\",\"url\":\"https:\/\/www.visit-ulcinj.com\/blog\/\",\"name\":\"Lajme nga Ulqini\",\"description\":\"Lajme,Vijesti,Ulqini,Ulqin,Crna Gora,Mali i Zi\",\"potentialAction\":[{\"@type\":\"SearchAction\",\"target\":{\"@type\":\"EntryPoint\",\"urlTemplate\":\"https:\/\/www.visit-ulcinj.com\/blog\/?s={search_term_string}\"},\"query-input\":\"required name=search_term_string\"}],\"inLanguage\":\"en-US\"},{\"@type\":\"ImageObject\",\"inLanguage\":\"en-US\",\"@id\":\"https:\/\/www.visit-ulcinj.com\/blog\/2011\/11\/19\/nvo-%e2%80%9ezeleni-korak%e2%80%9c-predlaze-potpisivanje-memoranduma-o-saradnji-sa-%e2%80%9emorskim-dobrom%e2%80%9d\/#primaryimage\",\"url\":\"https:\/\/www.visit-ulcinj.com\/blog\/wp-content\/uploads\/2011\/11\/DZELAL-HODZIC_ULCINJ.jpg\",\"contentUrl\":\"https:\/\/www.visit-ulcinj.com\/blog\/wp-content\/uploads\/2011\/11\/DZELAL-HODZIC_ULCINJ.jpg\",\"width\":\"501\",\"height\":\"376\"},{\"@type\":\"WebPage\",\"@id\":\"https:\/\/www.visit-ulcinj.com\/blog\/2011\/11\/19\/nvo-%e2%80%9ezeleni-korak%e2%80%9c-predlaze-potpisivanje-memoranduma-o-saradnji-sa-%e2%80%9emorskim-dobrom%e2%80%9d\/#webpage\",\"url\":\"https:\/\/www.visit-ulcinj.com\/blog\/2011\/11\/19\/nvo-%e2%80%9ezeleni-korak%e2%80%9c-predlaze-potpisivanje-memoranduma-o-saradnji-sa-%e2%80%9emorskim-dobrom%e2%80%9d\/\",\"name\":\"NVO \u201eZeleni Korak\u201c predla\u017ee potpisivanje memoranduma o saradnji sa \u201eMorskim Dobrom\u201d - Lajme nga Ulqini\",\"isPartOf\":{\"@id\":\"https:\/\/www.visit-ulcinj.com\/blog\/#website\"},\"primaryImageOfPage\":{\"@id\":\"https:\/\/www.visit-ulcinj.com\/blog\/2011\/11\/19\/nvo-%e2%80%9ezeleni-korak%e2%80%9c-predlaze-potpisivanje-memoranduma-o-saradnji-sa-%e2%80%9emorskim-dobrom%e2%80%9d\/#primaryimage\"},\"datePublished\":\"2011-11-19T16:43:11+00:00\",\"dateModified\":\"2011-11-19T16:43:11+00:00\",\"author\":{\"@id\":\"https:\/\/www.visit-ulcinj.com\/blog\/#\/schema\/person\/dcab619c614d3038751c63bc2aadc06d\"},\"description\":\"Reaktivirati ekolo\u0161ke patrole na obali Nevladina organizacija \u201eZeleni korak\u201c predlo\u017eila je JP za upravljanje morskim dobrom potpisivanje memoranduma o\",\"breadcrumb\":{\"@id\":\"https:\/\/www.visit-ulcinj.com\/blog\/2011\/11\/19\/nvo-%e2%80%9ezeleni-korak%e2%80%9c-predlaze-potpisivanje-memoranduma-o-saradnji-sa-%e2%80%9emorskim-dobrom%e2%80%9d\/#breadcrumb\"},\"inLanguage\":\"en-US\",\"potentialAction\":[{\"@type\":\"ReadAction\",\"target\":[\"https:\/\/www.visit-ulcinj.com\/blog\/2011\/11\/19\/nvo-%e2%80%9ezeleni-korak%e2%80%9c-predlaze-potpisivanje-memoranduma-o-saradnji-sa-%e2%80%9emorskim-dobrom%e2%80%9d\/\"]}]},{\"@type\":\"BreadcrumbList\",\"@id\":\"https:\/\/www.visit-ulcinj.com\/blog\/2011\/11\/19\/nvo-%e2%80%9ezeleni-korak%e2%80%9c-predlaze-potpisivanje-memoranduma-o-saradnji-sa-%e2%80%9emorskim-dobrom%e2%80%9d\/#breadcrumb\",\"itemListElement\":[{\"@type\":\"ListItem\",\"position\":1,\"name\":\"NVO \u201eZeleni Korak\u201c predla\u017ee potpisivanje memoranduma o saradnji sa \u201eMorskim Dobrom\u201d\"}]},{\"@type\":\"Person\",\"@id\":\"https:\/\/www.visit-ulcinj.com\/blog\/#\/schema\/person\/dcab619c614d3038751c63bc2aadc06d\",\"name\":\"ulqini\",\"sameAs\":[\"http:\/\/www.visit-ulcinj.com\"],\"url\":\"https:\/\/www.visit-ulcinj.com\/blog\/author\/admin\/\"}]}<\/script>\n<!-- \/ Yoast SEO plugin. -->","yoast_head_json":{"title":"NVO \u201eZeleni Korak\u201c predla\u017ee potpisivanje memoranduma o saradnji sa \u201eMorskim Dobrom\u201d - Lajme nga Ulqini","description":"Reaktivirati ekolo\u0161ke patrole na obali Nevladina organizacija \u201eZeleni korak\u201c predlo\u017eila je JP za upravljanje morskim dobrom potpisivanje memoranduma o","robots":{"index":"index","follow":"follow","max-snippet":"max-snippet:-1","max-image-preview":"max-image-preview:large","max-video-preview":"max-video-preview:-1"},"canonical":"https:\/\/www.visit-ulcinj.com\/blog\/2011\/11\/19\/nvo-\u201ezeleni-korak\u201c-predlaze-potpisivanje-memoranduma-o-saradnji-sa-\u201emorskim-dobrom\u201d\/","og_locale":"en_US","og_type":"article","og_title":"NVO \u201eZeleni Korak\u201c predla\u017ee potpisivanje memoranduma o saradnji sa \u201eMorskim Dobrom\u201d - Lajme nga Ulqini","og_description":"Reaktivirati ekolo\u0161ke patrole na obali Nevladina organizacija \u201eZeleni korak\u201c predlo\u017eila je JP za upravljanje morskim dobrom potpisivanje memoranduma o","og_url":"https:\/\/www.visit-ulcinj.com\/blog\/2011\/11\/19\/nvo-\u201ezeleni-korak\u201c-predlaze-potpisivanje-memoranduma-o-saradnji-sa-\u201emorskim-dobrom\u201d\/","og_site_name":"Lajme nga Ulqini","article_published_time":"2011-11-19T16:43:11+00:00","og_image":[{"url":"http:\/\/www.visit-ulcinj.com\/blog\/wp-content\/uploads\/2011\/11\/DZELAL-HODZIC_ULCINJ.jpg"}],"twitter_misc":{"Written by":"ulqini","Est. reading time":"1 minute"},"schema":{"@context":"https:\/\/schema.org","@graph":[{"@type":"WebSite","@id":"https:\/\/www.visit-ulcinj.com\/blog\/#website","url":"https:\/\/www.visit-ulcinj.com\/blog\/","name":"Lajme nga Ulqini","description":"Lajme,Vijesti,Ulqini,Ulqin,Crna Gora,Mali i Zi","potentialAction":[{"@type":"SearchAction","target":{"@type":"EntryPoint","urlTemplate":"https:\/\/www.visit-ulcinj.com\/blog\/?s={search_term_string}"},"query-input":"required name=search_term_string"}],"inLanguage":"en-US"},{"@type":"ImageObject","inLanguage":"en-US","@id":"https:\/\/www.visit-ulcinj.com\/blog\/2011\/11\/19\/nvo-%e2%80%9ezeleni-korak%e2%80%9c-predlaze-potpisivanje-memoranduma-o-saradnji-sa-%e2%80%9emorskim-dobrom%e2%80%9d\/#primaryimage","url":"https:\/\/www.visit-ulcinj.com\/blog\/wp-content\/uploads\/2011\/11\/DZELAL-HODZIC_ULCINJ.jpg","contentUrl":"https:\/\/www.visit-ulcinj.com\/blog\/wp-content\/uploads\/2011\/11\/DZELAL-HODZIC_ULCINJ.jpg","width":"501","height":"376"},{"@type":"WebPage","@id":"https:\/\/www.visit-ulcinj.com\/blog\/2011\/11\/19\/nvo-%e2%80%9ezeleni-korak%e2%80%9c-predlaze-potpisivanje-memoranduma-o-saradnji-sa-%e2%80%9emorskim-dobrom%e2%80%9d\/#webpage","url":"https:\/\/www.visit-ulcinj.com\/blog\/2011\/11\/19\/nvo-%e2%80%9ezeleni-korak%e2%80%9c-predlaze-potpisivanje-memoranduma-o-saradnji-sa-%e2%80%9emorskim-dobrom%e2%80%9d\/","name":"NVO \u201eZeleni Korak\u201c predla\u017ee potpisivanje memoranduma o saradnji sa \u201eMorskim Dobrom\u201d - Lajme nga Ulqini","isPartOf":{"@id":"https:\/\/www.visit-ulcinj.com\/blog\/#website"},"primaryImageOfPage":{"@id":"https:\/\/www.visit-ulcinj.com\/blog\/2011\/11\/19\/nvo-%e2%80%9ezeleni-korak%e2%80%9c-predlaze-potpisivanje-memoranduma-o-saradnji-sa-%e2%80%9emorskim-dobrom%e2%80%9d\/#primaryimage"},"datePublished":"2011-11-19T16:43:11+00:00","dateModified":"2011-11-19T16:43:11+00:00","author":{"@id":"https:\/\/www.visit-ulcinj.com\/blog\/#\/schema\/person\/dcab619c614d3038751c63bc2aadc06d"},"description":"Reaktivirati ekolo\u0161ke patrole na obali Nevladina organizacija \u201eZeleni korak\u201c predlo\u017eila je JP za upravljanje morskim dobrom potpisivanje memoranduma o","breadcrumb":{"@id":"https:\/\/www.visit-ulcinj.com\/blog\/2011\/11\/19\/nvo-%e2%80%9ezeleni-korak%e2%80%9c-predlaze-potpisivanje-memoranduma-o-saradnji-sa-%e2%80%9emorskim-dobrom%e2%80%9d\/#breadcrumb"},"inLanguage":"en-US","potentialAction":[{"@type":"ReadAction","target":["https:\/\/www.visit-ulcinj.com\/blog\/2011\/11\/19\/nvo-%e2%80%9ezeleni-korak%e2%80%9c-predlaze-potpisivanje-memoranduma-o-saradnji-sa-%e2%80%9emorskim-dobrom%e2%80%9d\/"]}]},{"@type":"BreadcrumbList","@id":"https:\/\/www.visit-ulcinj.com\/blog\/2011\/11\/19\/nvo-%e2%80%9ezeleni-korak%e2%80%9c-predlaze-potpisivanje-memoranduma-o-saradnji-sa-%e2%80%9emorskim-dobrom%e2%80%9d\/#breadcrumb","itemListElement":[{"@type":"ListItem","position":1,"name":"NVO \u201eZeleni Korak\u201c predla\u017ee potpisivanje memoranduma o saradnji sa \u201eMorskim Dobrom\u201d"}]},{"@type":"Person","@id":"https:\/\/www.visit-ulcinj.com\/blog\/#\/schema\/person\/dcab619c614d3038751c63bc2aadc06d","name":"ulqini","sameAs":["http:\/\/www.visit-ulcinj.com"],"url":"https:\/\/www.visit-ulcinj.com\/blog\/author\/admin\/"}]}},"jetpack_featured_media_url":"","jetpack_sharing_enabled":true,"jetpack_shortlink":"https:\/\/wp.me\/pe6lTn-dUx","_links":{"self":[{"href":"https:\/\/www.visit-ulcinj.com\/blog\/wp-json\/wp\/v2\/posts\/53477"}],"collection":[{"href":"https:\/\/www.visit-ulcinj.com\/blog\/wp-json\/wp\/v2\/posts"}],"about":[{"href":"https:\/\/www.visit-ulcinj.com\/blog\/wp-json\/wp\/v2\/types\/post"}],"author":[{"embeddable":true,"href":"https:\/\/www.visit-ulcinj.com\/blog\/wp-json\/wp\/v2\/users\/1"}],"replies":[{"embeddable":true,"href":"https:\/\/www.visit-ulcinj.com\/blog\/wp-json\/wp\/v2\/comments?post=53477"}],"version-history":[{"count":2,"href":"https:\/\/www.visit-ulcinj.com\/blog\/wp-json\/wp\/v2\/posts\/53477\/revisions"}],"predecessor-version":[{"id":53481,"href":"https:\/\/www.visit-ulcinj.com\/blog\/wp-json\/wp\/v2\/posts\/53477\/revisions\/53481"}],"wp:attachment":[{"href":"https:\/\/www.visit-ulcinj.com\/blog\/wp-json\/wp\/v2\/media?parent=53477"}],"wp:term":[{"taxonomy":"category","embeddable":true,"href":"https:\/\/www.visit-ulcinj.com\/blog\/wp-json\/wp\/v2\/categories?post=53477"},{"taxonomy":"post_tag","embeddable":true,"href":"https:\/\/www.visit-ulcinj.com\/blog\/wp-json\/wp\/v2\/tags?post=53477"}],"curies":[{"name":"wp","href":"https:\/\/api.w.org\/{rel}","templated":true}]}}