{"id":53482,"date":"2011-11-19T18:18:52","date_gmt":"2011-11-19T17:18:52","guid":{"rendered":"http:\/\/www.visit-ulcinj.com\/blog\/?p=53482"},"modified":"2011-11-19T18:18:52","modified_gmt":"2011-11-19T17:18:52","slug":"spektri-politik-shqiptar-ne-mal-te-zi-kunder-formimit-te-edhe-nje-partie-shqiptare","status":"publish","type":"post","link":"https:\/\/www.visit-ulcinj.com\/blog\/2011\/11\/19\/spektri-politik-shqiptar-ne-mal-te-zi-kunder-formimit-te-edhe-nje-partie-shqiptare\/","title":{"rendered":"Spektri politik shqiptar n\u00eb Mal t\u00eb Zi kund\u00ebr formimit t\u00eb edhe nj\u00eb partie shqiptare"},"content":{"rendered":"<p><a href=\"http:\/\/www.forca.me\/files\/Rezultatet_2010.pdf\" target=\"_blank\"><img loading=\"lazy\" class=\"alignleft size-full wp-image-53483\" title=\"zgjedhjet-lokale-ulqin-_-2010\" src=\"http:\/\/www.visit-ulcinj.com\/blog\/wp-content\/uploads\/2011\/11\/zgjedhjet-lokale-ulqin-_-2010.jpg\" alt=\"\" width=\"490\" height=\"295\" srcset=\"https:\/\/www.visit-ulcinj.com\/blog\/wp-content\/uploads\/2011\/11\/zgjedhjet-lokale-ulqin-_-2010.jpg 490w, https:\/\/www.visit-ulcinj.com\/blog\/wp-content\/uploads\/2011\/11\/zgjedhjet-lokale-ulqin-_-2010-300x180.jpg 300w\" sizes=\"(max-width: 490px) 100vw, 490px\" \/><\/a>Njoftimi p\u00ebr formimin edhe t\u00eb nj\u00eb partie politike shqiptare\u00a0 n\u00eb Mal t\u00eb Zi, Partis\u00eb demokratike, nuk ka gjet\u00eb mb\u00ebshtetje tek partit\u00eb politik\u00eb shqiptare q\u00eb momentalisht veprojn\u00eb k\u00ebtu. Dit\u00eb m\u00eb par\u00eb mediat e shkruara dhe ata elektronike kan\u00eb shkruar se shum\u00eb shpejt n\u00eb Mal t\u00eb Zi pritet q\u00eb t\u00eb formohet edhe nj\u00eb partie e re shqiptare, e cila do t\u00eb p\u00ebrb\u00ebhej nga an\u00ebtar\u00ebt e deg\u00ebs s\u00eb shk\u00ebputur t\u00eb UDSH-s\u00eb nga nga Ana e Malit, nj\u00eb pjes\u00eb e Partis\u00eb s\u00eb Prosperiteti Demokratik dhe t\u00eb L\u00ebvizjes Perpektiva.<\/p>\n<p>Deputeti i Perspektiv\u00ebs n\u00eb parlamentin e Malit t\u00eb Zi Vasel Sinishtaj, thot\u00eb se nuk \u00ebsht\u00eb aspak i k\u00ebnaqur me formimin edhe t\u00eb nj\u00eb partie shqiptare. Ai deklaroi p\u00ebr t\u00eb p\u00ebrditshmen DN se me z. Hollaj kan\u00eb nj\u00eb marr\u00ebveshtje politke shume t\u00eb qart\u00eb.<br \/>\n\u201cNd\u00ebr t\u00eb tjera, nj\u00eb nga pik\u00ebt e marr\u00ebveshtjes son\u00eb \u00ebsht\u00eb edhe ajo q\u00eb ne do t\u00eb mundohemi me t\u00eb gjitha fuqit\u00eb tona q\u00eb shqiptaret t\u00eb bashkohen n\u00eb nj\u00eb parti sipas mund\u00ebsis\u00eb\u201c, u shpreh Sinishtaj.<\/p>\n<h3><a href=\"http:\/\/www.ulqini-online.com\/index.php?option=com_content&amp;view=article&amp;id=1150:spektri-politik-shqiptar-ne-mal-te-zi-kunder-formimit-te-edhe-nje-partie-shqiptare&amp;catid=44:politika&amp;Itemid=70#comments\" target=\"_blank\"><strong>Lexo m\u00eb tep\u00ebr n\u00eb &gt;&gt; Ulqini-Online &lt;&lt;<\/strong><\/a><\/h3>\n","protected":false},"excerpt":{"rendered":"<p>Njoftimi p\u00ebr formimin edhe t\u00eb nj\u00eb partie politike shqiptare\u00a0 n\u00eb Mal t\u00eb Zi, Partis\u00eb demokratike, nuk ka gjet\u00eb mb\u00ebshtetje tek partit\u00eb politik\u00eb shqiptare q\u00eb momentalisht veprojn\u00eb k\u00ebtu. Dit\u00eb m\u00eb par\u00eb mediat e shkruara dhe ata elektronike kan\u00eb shkruar se shum\u00eb shpejt n\u00eb Mal t\u00eb Zi pritet q\u00eb t\u00eb formohet edhe nj\u00eb partie e re shqiptare, [&hellip;]<\/p>\n","protected":false},"author":1,"featured_media":0,"comment_status":"open","ping_status":"closed","sticky":false,"template":"","format":"standard","meta":{"spay_email":"","jetpack_publicize_message":"","jetpack_is_tweetstorm":false,"jetpack_publicize_feature_enabled":true},"categories":[6],"tags":[95,19475,200,18],"jetpack_publicize_connections":[],"yoast_head":"<!-- This site is optimized with the Yoast SEO plugin v19.1 - https:\/\/yoast.com\/wordpress\/plugins\/seo\/ -->\n<title>Spektri politik shqiptar n\u00eb Mal t\u00eb Zi kund\u00ebr formimit t\u00eb edhe nj\u00eb partie shqiptare - Lajme nga Ulqini<\/title>\n<meta name=\"description\" content=\"Njoftimi p\u00ebr formimin edhe t\u00eb nj\u00eb partie politike shqiptare\u00a0 n\u00eb Mal t\u00eb Zi, Partis\u00eb demokratike, nuk ka gjet\u00eb mb\u00ebshtetje tek partit\u00eb politik\u00eb shqiptare q\u00eb\" \/>\n<meta name=\"robots\" content=\"index, follow, max-snippet:-1, max-image-preview:large, max-video-preview:-1\" \/>\n<link rel=\"canonical\" href=\"https:\/\/www.visit-ulcinj.com\/blog\/2011\/11\/19\/spektri-politik-shqiptar-ne-mal-te-zi-kunder-formimit-te-edhe-nje-partie-shqiptare\/\" \/>\n<meta property=\"og:locale\" content=\"en_US\" \/>\n<meta property=\"og:type\" content=\"article\" \/>\n<meta property=\"og:title\" content=\"Spektri politik shqiptar n\u00eb Mal t\u00eb Zi kund\u00ebr formimit t\u00eb edhe nj\u00eb partie shqiptare - Lajme nga Ulqini\" \/>\n<meta property=\"og:description\" content=\"Njoftimi p\u00ebr formimin edhe t\u00eb nj\u00eb partie politike shqiptare\u00a0 n\u00eb Mal t\u00eb Zi, Partis\u00eb demokratike, nuk ka gjet\u00eb mb\u00ebshtetje tek partit\u00eb politik\u00eb shqiptare q\u00eb\" \/>\n<meta property=\"og:url\" content=\"https:\/\/www.visit-ulcinj.com\/blog\/2011\/11\/19\/spektri-politik-shqiptar-ne-mal-te-zi-kunder-formimit-te-edhe-nje-partie-shqiptare\/\" \/>\n<meta property=\"og:site_name\" content=\"Lajme nga Ulqini\" \/>\n<meta property=\"article:published_time\" content=\"2011-11-19T17:18:52+00:00\" \/>\n<meta property=\"og:image\" content=\"http:\/\/www.visit-ulcinj.com\/blog\/wp-content\/uploads\/2011\/11\/zgjedhjet-lokale-ulqin-_-2010.jpg\" \/>\n<meta name=\"twitter:label1\" content=\"Written by\" \/>\n\t<meta name=\"twitter:data1\" content=\"ulqini\" \/>\n\t<meta name=\"twitter:label2\" content=\"Est. reading time\" \/>\n\t<meta name=\"twitter:data2\" content=\"1 minute\" \/>\n<script type=\"application\/ld+json\" class=\"yoast-schema-graph\">{\"@context\":\"https:\/\/schema.org\",\"@graph\":[{\"@type\":\"WebSite\",\"@id\":\"https:\/\/www.visit-ulcinj.com\/blog\/#website\",\"url\":\"https:\/\/www.visit-ulcinj.com\/blog\/\",\"name\":\"Lajme nga Ulqini\",\"description\":\"Lajme,Vijesti,Ulqini,Ulqin,Crna Gora,Mali i Zi\",\"potentialAction\":[{\"@type\":\"SearchAction\",\"target\":{\"@type\":\"EntryPoint\",\"urlTemplate\":\"https:\/\/www.visit-ulcinj.com\/blog\/?s={search_term_string}\"},\"query-input\":\"required name=search_term_string\"}],\"inLanguage\":\"en-US\"},{\"@type\":\"ImageObject\",\"inLanguage\":\"en-US\",\"@id\":\"https:\/\/www.visit-ulcinj.com\/blog\/2011\/11\/19\/spektri-politik-shqiptar-ne-mal-te-zi-kunder-formimit-te-edhe-nje-partie-shqiptare\/#primaryimage\",\"url\":\"https:\/\/www.visit-ulcinj.com\/blog\/wp-content\/uploads\/2011\/11\/zgjedhjet-lokale-ulqin-_-2010.jpg\",\"contentUrl\":\"https:\/\/www.visit-ulcinj.com\/blog\/wp-content\/uploads\/2011\/11\/zgjedhjet-lokale-ulqin-_-2010.jpg\",\"width\":\"490\",\"height\":\"295\"},{\"@type\":\"WebPage\",\"@id\":\"https:\/\/www.visit-ulcinj.com\/blog\/2011\/11\/19\/spektri-politik-shqiptar-ne-mal-te-zi-kunder-formimit-te-edhe-nje-partie-shqiptare\/#webpage\",\"url\":\"https:\/\/www.visit-ulcinj.com\/blog\/2011\/11\/19\/spektri-politik-shqiptar-ne-mal-te-zi-kunder-formimit-te-edhe-nje-partie-shqiptare\/\",\"name\":\"Spektri politik shqiptar n\u00eb Mal t\u00eb Zi kund\u00ebr formimit t\u00eb edhe nj\u00eb partie shqiptare - Lajme nga Ulqini\",\"isPartOf\":{\"@id\":\"https:\/\/www.visit-ulcinj.com\/blog\/#website\"},\"primaryImageOfPage\":{\"@id\":\"https:\/\/www.visit-ulcinj.com\/blog\/2011\/11\/19\/spektri-politik-shqiptar-ne-mal-te-zi-kunder-formimit-te-edhe-nje-partie-shqiptare\/#primaryimage\"},\"datePublished\":\"2011-11-19T17:18:52+00:00\",\"dateModified\":\"2011-11-19T17:18:52+00:00\",\"author\":{\"@id\":\"https:\/\/www.visit-ulcinj.com\/blog\/#\/schema\/person\/dcab619c614d3038751c63bc2aadc06d\"},\"description\":\"Njoftimi p\u00ebr formimin edhe t\u00eb nj\u00eb partie politike shqiptare\u00a0 n\u00eb Mal t\u00eb Zi, Partis\u00eb demokratike, nuk ka gjet\u00eb mb\u00ebshtetje tek partit\u00eb politik\u00eb shqiptare q\u00eb\",\"breadcrumb\":{\"@id\":\"https:\/\/www.visit-ulcinj.com\/blog\/2011\/11\/19\/spektri-politik-shqiptar-ne-mal-te-zi-kunder-formimit-te-edhe-nje-partie-shqiptare\/#breadcrumb\"},\"inLanguage\":\"en-US\",\"potentialAction\":[{\"@type\":\"ReadAction\",\"target\":[\"https:\/\/www.visit-ulcinj.com\/blog\/2011\/11\/19\/spektri-politik-shqiptar-ne-mal-te-zi-kunder-formimit-te-edhe-nje-partie-shqiptare\/\"]}]},{\"@type\":\"BreadcrumbList\",\"@id\":\"https:\/\/www.visit-ulcinj.com\/blog\/2011\/11\/19\/spektri-politik-shqiptar-ne-mal-te-zi-kunder-formimit-te-edhe-nje-partie-shqiptare\/#breadcrumb\",\"itemListElement\":[{\"@type\":\"ListItem\",\"position\":1,\"name\":\"Spektri politik shqiptar n\u00eb Mal t\u00eb Zi kund\u00ebr formimit t\u00eb edhe nj\u00eb partie shqiptare\"}]},{\"@type\":\"Person\",\"@id\":\"https:\/\/www.visit-ulcinj.com\/blog\/#\/schema\/person\/dcab619c614d3038751c63bc2aadc06d\",\"name\":\"ulqini\",\"sameAs\":[\"http:\/\/www.visit-ulcinj.com\"],\"url\":\"https:\/\/www.visit-ulcinj.com\/blog\/author\/admin\/\"}]}<\/script>\n<!-- \/ Yoast SEO plugin. -->","yoast_head_json":{"title":"Spektri politik shqiptar n\u00eb Mal t\u00eb Zi kund\u00ebr formimit t\u00eb edhe nj\u00eb partie shqiptare - Lajme nga Ulqini","description":"Njoftimi p\u00ebr formimin edhe t\u00eb nj\u00eb partie politike shqiptare\u00a0 n\u00eb Mal t\u00eb Zi, Partis\u00eb demokratike, nuk ka gjet\u00eb mb\u00ebshtetje tek partit\u00eb politik\u00eb shqiptare q\u00eb","robots":{"index":"index","follow":"follow","max-snippet":"max-snippet:-1","max-image-preview":"max-image-preview:large","max-video-preview":"max-video-preview:-1"},"canonical":"https:\/\/www.visit-ulcinj.com\/blog\/2011\/11\/19\/spektri-politik-shqiptar-ne-mal-te-zi-kunder-formimit-te-edhe-nje-partie-shqiptare\/","og_locale":"en_US","og_type":"article","og_title":"Spektri politik shqiptar n\u00eb Mal t\u00eb Zi kund\u00ebr formimit t\u00eb edhe nj\u00eb partie shqiptare - Lajme nga Ulqini","og_description":"Njoftimi p\u00ebr formimin edhe t\u00eb nj\u00eb partie politike shqiptare\u00a0 n\u00eb Mal t\u00eb Zi, Partis\u00eb demokratike, nuk ka gjet\u00eb mb\u00ebshtetje tek partit\u00eb politik\u00eb shqiptare q\u00eb","og_url":"https:\/\/www.visit-ulcinj.com\/blog\/2011\/11\/19\/spektri-politik-shqiptar-ne-mal-te-zi-kunder-formimit-te-edhe-nje-partie-shqiptare\/","og_site_name":"Lajme nga Ulqini","article_published_time":"2011-11-19T17:18:52+00:00","og_image":[{"url":"http:\/\/www.visit-ulcinj.com\/blog\/wp-content\/uploads\/2011\/11\/zgjedhjet-lokale-ulqin-_-2010.jpg"}],"twitter_misc":{"Written by":"ulqini","Est. reading time":"1 minute"},"schema":{"@context":"https:\/\/schema.org","@graph":[{"@type":"WebSite","@id":"https:\/\/www.visit-ulcinj.com\/blog\/#website","url":"https:\/\/www.visit-ulcinj.com\/blog\/","name":"Lajme nga Ulqini","description":"Lajme,Vijesti,Ulqini,Ulqin,Crna Gora,Mali i Zi","potentialAction":[{"@type":"SearchAction","target":{"@type":"EntryPoint","urlTemplate":"https:\/\/www.visit-ulcinj.com\/blog\/?s={search_term_string}"},"query-input":"required name=search_term_string"}],"inLanguage":"en-US"},{"@type":"ImageObject","inLanguage":"en-US","@id":"https:\/\/www.visit-ulcinj.com\/blog\/2011\/11\/19\/spektri-politik-shqiptar-ne-mal-te-zi-kunder-formimit-te-edhe-nje-partie-shqiptare\/#primaryimage","url":"https:\/\/www.visit-ulcinj.com\/blog\/wp-content\/uploads\/2011\/11\/zgjedhjet-lokale-ulqin-_-2010.jpg","contentUrl":"https:\/\/www.visit-ulcinj.com\/blog\/wp-content\/uploads\/2011\/11\/zgjedhjet-lokale-ulqin-_-2010.jpg","width":"490","height":"295"},{"@type":"WebPage","@id":"https:\/\/www.visit-ulcinj.com\/blog\/2011\/11\/19\/spektri-politik-shqiptar-ne-mal-te-zi-kunder-formimit-te-edhe-nje-partie-shqiptare\/#webpage","url":"https:\/\/www.visit-ulcinj.com\/blog\/2011\/11\/19\/spektri-politik-shqiptar-ne-mal-te-zi-kunder-formimit-te-edhe-nje-partie-shqiptare\/","name":"Spektri politik shqiptar n\u00eb Mal t\u00eb Zi kund\u00ebr formimit t\u00eb edhe nj\u00eb partie shqiptare - Lajme nga Ulqini","isPartOf":{"@id":"https:\/\/www.visit-ulcinj.com\/blog\/#website"},"primaryImageOfPage":{"@id":"https:\/\/www.visit-ulcinj.com\/blog\/2011\/11\/19\/spektri-politik-shqiptar-ne-mal-te-zi-kunder-formimit-te-edhe-nje-partie-shqiptare\/#primaryimage"},"datePublished":"2011-11-19T17:18:52+00:00","dateModified":"2011-11-19T17:18:52+00:00","author":{"@id":"https:\/\/www.visit-ulcinj.com\/blog\/#\/schema\/person\/dcab619c614d3038751c63bc2aadc06d"},"description":"Njoftimi p\u00ebr formimin edhe t\u00eb nj\u00eb partie politike shqiptare\u00a0 n\u00eb Mal t\u00eb Zi, Partis\u00eb demokratike, nuk ka gjet\u00eb mb\u00ebshtetje tek partit\u00eb politik\u00eb shqiptare q\u00eb","breadcrumb":{"@id":"https:\/\/www.visit-ulcinj.com\/blog\/2011\/11\/19\/spektri-politik-shqiptar-ne-mal-te-zi-kunder-formimit-te-edhe-nje-partie-shqiptare\/#breadcrumb"},"inLanguage":"en-US","potentialAction":[{"@type":"ReadAction","target":["https:\/\/www.visit-ulcinj.com\/blog\/2011\/11\/19\/spektri-politik-shqiptar-ne-mal-te-zi-kunder-formimit-te-edhe-nje-partie-shqiptare\/"]}]},{"@type":"BreadcrumbList","@id":"https:\/\/www.visit-ulcinj.com\/blog\/2011\/11\/19\/spektri-politik-shqiptar-ne-mal-te-zi-kunder-formimit-te-edhe-nje-partie-shqiptare\/#breadcrumb","itemListElement":[{"@type":"ListItem","position":1,"name":"Spektri politik shqiptar n\u00eb Mal t\u00eb Zi kund\u00ebr formimit t\u00eb edhe nj\u00eb partie shqiptare"}]},{"@type":"Person","@id":"https:\/\/www.visit-ulcinj.com\/blog\/#\/schema\/person\/dcab619c614d3038751c63bc2aadc06d","name":"ulqini","sameAs":["http:\/\/www.visit-ulcinj.com"],"url":"https:\/\/www.visit-ulcinj.com\/blog\/author\/admin\/"}]}},"jetpack_featured_media_url":"","jetpack_sharing_enabled":true,"jetpack_shortlink":"https:\/\/wp.me\/pe6lTn-dUC","_links":{"self":[{"href":"https:\/\/www.visit-ulcinj.com\/blog\/wp-json\/wp\/v2\/posts\/53482"}],"collection":[{"href":"https:\/\/www.visit-ulcinj.com\/blog\/wp-json\/wp\/v2\/posts"}],"about":[{"href":"https:\/\/www.visit-ulcinj.com\/blog\/wp-json\/wp\/v2\/types\/post"}],"author":[{"embeddable":true,"href":"https:\/\/www.visit-ulcinj.com\/blog\/wp-json\/wp\/v2\/users\/1"}],"replies":[{"embeddable":true,"href":"https:\/\/www.visit-ulcinj.com\/blog\/wp-json\/wp\/v2\/comments?post=53482"}],"version-history":[{"count":1,"href":"https:\/\/www.visit-ulcinj.com\/blog\/wp-json\/wp\/v2\/posts\/53482\/revisions"}],"predecessor-version":[{"id":53484,"href":"https:\/\/www.visit-ulcinj.com\/blog\/wp-json\/wp\/v2\/posts\/53482\/revisions\/53484"}],"wp:attachment":[{"href":"https:\/\/www.visit-ulcinj.com\/blog\/wp-json\/wp\/v2\/media?parent=53482"}],"wp:term":[{"taxonomy":"category","embeddable":true,"href":"https:\/\/www.visit-ulcinj.com\/blog\/wp-json\/wp\/v2\/categories?post=53482"},{"taxonomy":"post_tag","embeddable":true,"href":"https:\/\/www.visit-ulcinj.com\/blog\/wp-json\/wp\/v2\/tags?post=53482"}],"curies":[{"name":"wp","href":"https:\/\/api.w.org\/{rel}","templated":true}]}}