{"id":53499,"date":"2011-11-19T18:58:21","date_gmt":"2011-11-19T17:58:21","guid":{"rendered":"http:\/\/www.visit-ulcinj.com\/blog\/?p=53499"},"modified":"2011-11-19T18:58:21","modified_gmt":"2011-11-19T17:58:21","slug":"dafina-zeqiri-perfundon-xhirimet-e-%e2%80%9cdg%e2%80%9d","status":"publish","type":"post","link":"https:\/\/www.visit-ulcinj.com\/blog\/2011\/11\/19\/dafina-zeqiri-perfundon-xhirimet-e-%e2%80%9cdg%e2%80%9d\/","title":{"rendered":"Dafina Zeqiri p\u00ebrfundon xhirimet e \u201cD&#038;G\u201d"},"content":{"rendered":"<p><a href=\"http:\/\/www.visit-ulcinj.com\/blog\/wp-content\/uploads\/2011\/11\/Dafina-Zeqiri-p%C3%ABrfundon-xhirimet-e-DG.jpg\"><img loading=\"lazy\" class=\"alignleft size-full wp-image-53500\" title=\"Dafina Zeqiri p\u00ebrfundon xhirimet e D&amp;G\" src=\"http:\/\/www.visit-ulcinj.com\/blog\/wp-content\/uploads\/2011\/11\/Dafina-Zeqiri-p%C3%ABrfundon-xhirimet-e-DG.jpg\" alt=\"\" width=\"508\" height=\"380\" \/><\/a>Dafina Zeqiri ka p\u00ebrfunduar dje xhirimet p\u00ebr videok\u00ebng\u00ebn e re \u201cD&amp;G\u201d e cila mban firm\u00ebn e regjizorit suedez Jay Veesualz.<\/p>\n<p>Duke gjykuar nga disa punime t\u00eb tijat q\u00eb ne patem rastin t\u00eb shohim online, mund t\u00eb shpresojm\u00eb q\u00eb videoja do jet\u00eb cool. M\u00eb\u00a0siper keni dhe nj\u00eb foto marr\u00eb pas p\u00ebrfundimit t\u00eb xhirimeve p\u00ebr \u201cD&amp;G\u201d.<\/p>\n<p><strong>Revista Albaniac<\/strong><\/p>\n<!--YouTube Error: bad URL entered-->\n","protected":false},"excerpt":{"rendered":"<p>Dafina Zeqiri ka p\u00ebrfunduar dje xhirimet p\u00ebr videok\u00ebng\u00ebn e re \u201cD&amp;G\u201d e cila mban firm\u00ebn e regjizorit suedez Jay Veesualz. Duke gjykuar nga disa punime t\u00eb tijat q\u00eb ne patem rastin t\u00eb shohim online, mund t\u00eb shpresojm\u00eb q\u00eb videoja do jet\u00eb cool. M\u00eb\u00a0siper keni dhe nj\u00eb foto marr\u00eb pas p\u00ebrfundimit t\u00eb xhirimeve p\u00ebr \u201cD&amp;G\u201d. Revista [&hellip;]<\/p>\n","protected":false},"author":1,"featured_media":0,"comment_status":"open","ping_status":"closed","sticky":false,"template":"","format":"standard","meta":{"spay_email":"","jetpack_publicize_message":"","jetpack_is_tweetstorm":false,"jetpack_publicize_feature_enabled":true},"categories":[1],"tags":[4926],"jetpack_publicize_connections":[],"yoast_head":"<!-- This site is optimized with the Yoast SEO plugin v19.1 - https:\/\/yoast.com\/wordpress\/plugins\/seo\/ -->\n<title>Dafina Zeqiri p\u00ebrfundon xhirimet e \u201cD&amp;G\u201d - Lajme nga Ulqini<\/title>\n<meta name=\"description\" content=\"Dafina Zeqiri ka p\u00ebrfunduar dje xhirimet p\u00ebr videok\u00ebng\u00ebn e re \u201cD&amp;G\u201d e cila mban firm\u00ebn e regjizorit suedez Jay Veesualz. Duke gjykuar nga disa punime\" \/>\n<meta name=\"robots\" content=\"index, follow, max-snippet:-1, max-image-preview:large, max-video-preview:-1\" \/>\n<link rel=\"canonical\" href=\"https:\/\/www.visit-ulcinj.com\/blog\/2011\/11\/19\/dafina-zeqiri-perfundon-xhirimet-e-\u201cdg\u201d\/\" \/>\n<meta property=\"og:locale\" content=\"en_US\" \/>\n<meta property=\"og:type\" content=\"article\" \/>\n<meta property=\"og:title\" content=\"Dafina Zeqiri p\u00ebrfundon xhirimet e \u201cD&amp;G\u201d - Lajme nga Ulqini\" \/>\n<meta property=\"og:description\" content=\"Dafina Zeqiri ka p\u00ebrfunduar dje xhirimet p\u00ebr videok\u00ebng\u00ebn e re \u201cD&amp;G\u201d e cila mban firm\u00ebn e regjizorit suedez Jay Veesualz. Duke gjykuar nga disa punime\" \/>\n<meta property=\"og:url\" content=\"https:\/\/www.visit-ulcinj.com\/blog\/2011\/11\/19\/dafina-zeqiri-perfundon-xhirimet-e-\u201cdg\u201d\/\" \/>\n<meta property=\"og:site_name\" content=\"Lajme nga Ulqini\" \/>\n<meta property=\"article:published_time\" content=\"2011-11-19T17:58:21+00:00\" \/>\n<meta property=\"og:image\" content=\"http:\/\/www.visit-ulcinj.com\/blog\/wp-content\/uploads\/2011\/11\/Dafina-Zeqiri-p%C3%ABrfundon-xhirimet-e-DG.jpg\" \/>\n<meta name=\"twitter:label1\" content=\"Written by\" \/>\n\t<meta name=\"twitter:data1\" content=\"ulqini\" \/>\n<script type=\"application\/ld+json\" class=\"yoast-schema-graph\">{\"@context\":\"https:\/\/schema.org\",\"@graph\":[{\"@type\":\"WebSite\",\"@id\":\"https:\/\/www.visit-ulcinj.com\/blog\/#website\",\"url\":\"https:\/\/www.visit-ulcinj.com\/blog\/\",\"name\":\"Lajme nga Ulqini\",\"description\":\"Lajme,Vijesti,Ulqini,Ulqin,Crna Gora,Mali i Zi\",\"potentialAction\":[{\"@type\":\"SearchAction\",\"target\":{\"@type\":\"EntryPoint\",\"urlTemplate\":\"https:\/\/www.visit-ulcinj.com\/blog\/?s={search_term_string}\"},\"query-input\":\"required name=search_term_string\"}],\"inLanguage\":\"en-US\"},{\"@type\":\"ImageObject\",\"inLanguage\":\"en-US\",\"@id\":\"https:\/\/www.visit-ulcinj.com\/blog\/2011\/11\/19\/dafina-zeqiri-perfundon-xhirimet-e-%e2%80%9cdg%e2%80%9d\/#primaryimage\",\"url\":\"http:\/\/www.visit-ulcinj.com\/blog\/wp-content\/uploads\/2011\/11\/Dafina-Zeqiri-p%C3%ABrfundon-xhirimet-e-DG.jpg\",\"contentUrl\":\"http:\/\/www.visit-ulcinj.com\/blog\/wp-content\/uploads\/2011\/11\/Dafina-Zeqiri-p%C3%ABrfundon-xhirimet-e-DG.jpg\"},{\"@type\":\"WebPage\",\"@id\":\"https:\/\/www.visit-ulcinj.com\/blog\/2011\/11\/19\/dafina-zeqiri-perfundon-xhirimet-e-%e2%80%9cdg%e2%80%9d\/#webpage\",\"url\":\"https:\/\/www.visit-ulcinj.com\/blog\/2011\/11\/19\/dafina-zeqiri-perfundon-xhirimet-e-%e2%80%9cdg%e2%80%9d\/\",\"name\":\"Dafina Zeqiri p\u00ebrfundon xhirimet e \u201cD&G\u201d - Lajme nga Ulqini\",\"isPartOf\":{\"@id\":\"https:\/\/www.visit-ulcinj.com\/blog\/#website\"},\"primaryImageOfPage\":{\"@id\":\"https:\/\/www.visit-ulcinj.com\/blog\/2011\/11\/19\/dafina-zeqiri-perfundon-xhirimet-e-%e2%80%9cdg%e2%80%9d\/#primaryimage\"},\"datePublished\":\"2011-11-19T17:58:21+00:00\",\"dateModified\":\"2011-11-19T17:58:21+00:00\",\"author\":{\"@id\":\"https:\/\/www.visit-ulcinj.com\/blog\/#\/schema\/person\/dcab619c614d3038751c63bc2aadc06d\"},\"description\":\"Dafina Zeqiri ka p\u00ebrfunduar dje xhirimet p\u00ebr videok\u00ebng\u00ebn e re \u201cD&amp;G\u201d e cila mban firm\u00ebn e regjizorit suedez Jay Veesualz. Duke gjykuar nga disa punime\",\"breadcrumb\":{\"@id\":\"https:\/\/www.visit-ulcinj.com\/blog\/2011\/11\/19\/dafina-zeqiri-perfundon-xhirimet-e-%e2%80%9cdg%e2%80%9d\/#breadcrumb\"},\"inLanguage\":\"en-US\",\"potentialAction\":[{\"@type\":\"ReadAction\",\"target\":[\"https:\/\/www.visit-ulcinj.com\/blog\/2011\/11\/19\/dafina-zeqiri-perfundon-xhirimet-e-%e2%80%9cdg%e2%80%9d\/\"]}]},{\"@type\":\"BreadcrumbList\",\"@id\":\"https:\/\/www.visit-ulcinj.com\/blog\/2011\/11\/19\/dafina-zeqiri-perfundon-xhirimet-e-%e2%80%9cdg%e2%80%9d\/#breadcrumb\",\"itemListElement\":[{\"@type\":\"ListItem\",\"position\":1,\"name\":\"Dafina Zeqiri p\u00ebrfundon xhirimet e \u201cD&#038;G\u201d\"}]},{\"@type\":\"Person\",\"@id\":\"https:\/\/www.visit-ulcinj.com\/blog\/#\/schema\/person\/dcab619c614d3038751c63bc2aadc06d\",\"name\":\"ulqini\",\"sameAs\":[\"http:\/\/www.visit-ulcinj.com\"],\"url\":\"https:\/\/www.visit-ulcinj.com\/blog\/author\/admin\/\"}]}<\/script>\n<!-- \/ Yoast SEO plugin. -->","yoast_head_json":{"title":"Dafina Zeqiri p\u00ebrfundon xhirimet e \u201cD&G\u201d - Lajme nga Ulqini","description":"Dafina Zeqiri ka p\u00ebrfunduar dje xhirimet p\u00ebr videok\u00ebng\u00ebn e re \u201cD&amp;G\u201d e cila mban firm\u00ebn e regjizorit suedez Jay Veesualz. Duke gjykuar nga disa punime","robots":{"index":"index","follow":"follow","max-snippet":"max-snippet:-1","max-image-preview":"max-image-preview:large","max-video-preview":"max-video-preview:-1"},"canonical":"https:\/\/www.visit-ulcinj.com\/blog\/2011\/11\/19\/dafina-zeqiri-perfundon-xhirimet-e-\u201cdg\u201d\/","og_locale":"en_US","og_type":"article","og_title":"Dafina Zeqiri p\u00ebrfundon xhirimet e \u201cD&G\u201d - Lajme nga Ulqini","og_description":"Dafina Zeqiri ka p\u00ebrfunduar dje xhirimet p\u00ebr videok\u00ebng\u00ebn e re \u201cD&amp;G\u201d e cila mban firm\u00ebn e regjizorit suedez Jay Veesualz. Duke gjykuar nga disa punime","og_url":"https:\/\/www.visit-ulcinj.com\/blog\/2011\/11\/19\/dafina-zeqiri-perfundon-xhirimet-e-\u201cdg\u201d\/","og_site_name":"Lajme nga Ulqini","article_published_time":"2011-11-19T17:58:21+00:00","og_image":[{"url":"http:\/\/www.visit-ulcinj.com\/blog\/wp-content\/uploads\/2011\/11\/Dafina-Zeqiri-p%C3%ABrfundon-xhirimet-e-DG.jpg"}],"twitter_misc":{"Written by":"ulqini"},"schema":{"@context":"https:\/\/schema.org","@graph":[{"@type":"WebSite","@id":"https:\/\/www.visit-ulcinj.com\/blog\/#website","url":"https:\/\/www.visit-ulcinj.com\/blog\/","name":"Lajme nga Ulqini","description":"Lajme,Vijesti,Ulqini,Ulqin,Crna Gora,Mali i Zi","potentialAction":[{"@type":"SearchAction","target":{"@type":"EntryPoint","urlTemplate":"https:\/\/www.visit-ulcinj.com\/blog\/?s={search_term_string}"},"query-input":"required name=search_term_string"}],"inLanguage":"en-US"},{"@type":"ImageObject","inLanguage":"en-US","@id":"https:\/\/www.visit-ulcinj.com\/blog\/2011\/11\/19\/dafina-zeqiri-perfundon-xhirimet-e-%e2%80%9cdg%e2%80%9d\/#primaryimage","url":"http:\/\/www.visit-ulcinj.com\/blog\/wp-content\/uploads\/2011\/11\/Dafina-Zeqiri-p%C3%ABrfundon-xhirimet-e-DG.jpg","contentUrl":"http:\/\/www.visit-ulcinj.com\/blog\/wp-content\/uploads\/2011\/11\/Dafina-Zeqiri-p%C3%ABrfundon-xhirimet-e-DG.jpg"},{"@type":"WebPage","@id":"https:\/\/www.visit-ulcinj.com\/blog\/2011\/11\/19\/dafina-zeqiri-perfundon-xhirimet-e-%e2%80%9cdg%e2%80%9d\/#webpage","url":"https:\/\/www.visit-ulcinj.com\/blog\/2011\/11\/19\/dafina-zeqiri-perfundon-xhirimet-e-%e2%80%9cdg%e2%80%9d\/","name":"Dafina Zeqiri p\u00ebrfundon xhirimet e \u201cD&G\u201d - Lajme nga Ulqini","isPartOf":{"@id":"https:\/\/www.visit-ulcinj.com\/blog\/#website"},"primaryImageOfPage":{"@id":"https:\/\/www.visit-ulcinj.com\/blog\/2011\/11\/19\/dafina-zeqiri-perfundon-xhirimet-e-%e2%80%9cdg%e2%80%9d\/#primaryimage"},"datePublished":"2011-11-19T17:58:21+00:00","dateModified":"2011-11-19T17:58:21+00:00","author":{"@id":"https:\/\/www.visit-ulcinj.com\/blog\/#\/schema\/person\/dcab619c614d3038751c63bc2aadc06d"},"description":"Dafina Zeqiri ka p\u00ebrfunduar dje xhirimet p\u00ebr videok\u00ebng\u00ebn e re \u201cD&amp;G\u201d e cila mban firm\u00ebn e regjizorit suedez Jay Veesualz. Duke gjykuar nga disa punime","breadcrumb":{"@id":"https:\/\/www.visit-ulcinj.com\/blog\/2011\/11\/19\/dafina-zeqiri-perfundon-xhirimet-e-%e2%80%9cdg%e2%80%9d\/#breadcrumb"},"inLanguage":"en-US","potentialAction":[{"@type":"ReadAction","target":["https:\/\/www.visit-ulcinj.com\/blog\/2011\/11\/19\/dafina-zeqiri-perfundon-xhirimet-e-%e2%80%9cdg%e2%80%9d\/"]}]},{"@type":"BreadcrumbList","@id":"https:\/\/www.visit-ulcinj.com\/blog\/2011\/11\/19\/dafina-zeqiri-perfundon-xhirimet-e-%e2%80%9cdg%e2%80%9d\/#breadcrumb","itemListElement":[{"@type":"ListItem","position":1,"name":"Dafina Zeqiri p\u00ebrfundon xhirimet e \u201cD&#038;G\u201d"}]},{"@type":"Person","@id":"https:\/\/www.visit-ulcinj.com\/blog\/#\/schema\/person\/dcab619c614d3038751c63bc2aadc06d","name":"ulqini","sameAs":["http:\/\/www.visit-ulcinj.com"],"url":"https:\/\/www.visit-ulcinj.com\/blog\/author\/admin\/"}]}},"jetpack_featured_media_url":"","jetpack_sharing_enabled":true,"jetpack_shortlink":"https:\/\/wp.me\/pe6lTn-dUT","_links":{"self":[{"href":"https:\/\/www.visit-ulcinj.com\/blog\/wp-json\/wp\/v2\/posts\/53499"}],"collection":[{"href":"https:\/\/www.visit-ulcinj.com\/blog\/wp-json\/wp\/v2\/posts"}],"about":[{"href":"https:\/\/www.visit-ulcinj.com\/blog\/wp-json\/wp\/v2\/types\/post"}],"author":[{"embeddable":true,"href":"https:\/\/www.visit-ulcinj.com\/blog\/wp-json\/wp\/v2\/users\/1"}],"replies":[{"embeddable":true,"href":"https:\/\/www.visit-ulcinj.com\/blog\/wp-json\/wp\/v2\/comments?post=53499"}],"version-history":[{"count":1,"href":"https:\/\/www.visit-ulcinj.com\/blog\/wp-json\/wp\/v2\/posts\/53499\/revisions"}],"predecessor-version":[{"id":53501,"href":"https:\/\/www.visit-ulcinj.com\/blog\/wp-json\/wp\/v2\/posts\/53499\/revisions\/53501"}],"wp:attachment":[{"href":"https:\/\/www.visit-ulcinj.com\/blog\/wp-json\/wp\/v2\/media?parent=53499"}],"wp:term":[{"taxonomy":"category","embeddable":true,"href":"https:\/\/www.visit-ulcinj.com\/blog\/wp-json\/wp\/v2\/categories?post=53499"},{"taxonomy":"post_tag","embeddable":true,"href":"https:\/\/www.visit-ulcinj.com\/blog\/wp-json\/wp\/v2\/tags?post=53499"}],"curies":[{"name":"wp","href":"https:\/\/api.w.org\/{rel}","templated":true}]}}