{"id":53502,"date":"2011-11-19T19:15:10","date_gmt":"2011-11-19T18:15:10","guid":{"rendered":"http:\/\/www.visit-ulcinj.com\/blog\/?p=53502"},"modified":"2011-11-19T19:15:10","modified_gmt":"2011-11-19T18:15:10","slug":"kristine-elezaj-bashkepunon-me-ras","status":"publish","type":"post","link":"https:\/\/www.visit-ulcinj.com\/blog\/2011\/11\/19\/kristine-elezaj-bashkepunon-me-ras\/","title":{"rendered":"Kristine Elezaj bashkepunon me Ras"},"content":{"rendered":"<p><a href=\"http:\/\/www.visit-ulcinj.com\/blog\/wp-content\/uploads\/2011\/11\/Kristine-Elezaj.jpg\"><img loading=\"lazy\" class=\"alignleft size-full wp-image-53503\" title=\"Kristine Elezaj\" src=\"http:\/\/www.visit-ulcinj.com\/blog\/wp-content\/uploads\/2011\/11\/Kristine-Elezaj.jpg\" alt=\"\" width=\"490\" height=\"384\" \/><\/a>K\u00ebto muajt e fundit Kristine Elezaj duket sikur ka q\u00ebndruar pak n\u00ebn hije,por n\u00eb t\u00eb v\u00ebrtet\u00eb k\u00ebng\u00ebtarja gjendet n\u00eb studio p\u00ebr t\u00eb regjistruar material t\u00eb ri.<\/p>\n<p>Ne kemi m\u00ebsuar se ajo \u00ebsht\u00eb duke punuar me kompozitorin e njohur amerikan Ras (Nicholas Ras Furlong) i cili ka kompozuar k\u00ebng\u00eb dhe p\u00ebr k\u00ebng\u00ebtar\u00eb t\u00eb till\u00eb si Leona Lewis,Jordin Sparks,Mario,Wynter Gordon etj. Materialet e reja priten t\u00eb jen\u00eb gati nga fillimi i vitit q\u00eb vjen.<\/p>\n<p><strong>Revista Albaniac<\/strong><\/p>\n<!--YouTube Error: bad URL entered-->\n","protected":false},"excerpt":{"rendered":"<p>K\u00ebto muajt e fundit Kristine Elezaj duket sikur ka q\u00ebndruar pak n\u00ebn hije,por n\u00eb t\u00eb v\u00ebrtet\u00eb k\u00ebng\u00ebtarja gjendet n\u00eb studio p\u00ebr t\u00eb regjistruar material t\u00eb ri. Ne kemi m\u00ebsuar se ajo \u00ebsht\u00eb duke punuar me kompozitorin e njohur amerikan Ras (Nicholas Ras Furlong) i cili ka kompozuar k\u00ebng\u00eb dhe p\u00ebr k\u00ebng\u00ebtar\u00eb t\u00eb till\u00eb si Leona [&hellip;]<\/p>\n","protected":false},"author":1,"featured_media":0,"comment_status":"open","ping_status":"closed","sticky":false,"template":"","format":"standard","meta":{"spay_email":"","jetpack_publicize_message":"","jetpack_is_tweetstorm":false,"jetpack_publicize_feature_enabled":true},"categories":[1],"tags":[16636],"jetpack_publicize_connections":[],"yoast_head":"<!-- This site is optimized with the Yoast SEO plugin v19.1 - https:\/\/yoast.com\/wordpress\/plugins\/seo\/ -->\n<title>Kristine Elezaj bashkepunon me Ras - Lajme nga Ulqini<\/title>\n<meta name=\"description\" content=\"K\u00ebto muajt e fundit Kristine Elezaj duket sikur ka q\u00ebndruar pak n\u00ebn hije,por n\u00eb t\u00eb v\u00ebrtet\u00eb k\u00ebng\u00ebtarja gjendet n\u00eb studio p\u00ebr t\u00eb regjistruar material t\u00eb ri.\" \/>\n<meta name=\"robots\" content=\"index, follow, max-snippet:-1, max-image-preview:large, max-video-preview:-1\" \/>\n<link rel=\"canonical\" href=\"https:\/\/www.visit-ulcinj.com\/blog\/2011\/11\/19\/kristine-elezaj-bashkepunon-me-ras\/\" \/>\n<meta property=\"og:locale\" content=\"en_US\" \/>\n<meta property=\"og:type\" content=\"article\" \/>\n<meta property=\"og:title\" content=\"Kristine Elezaj bashkepunon me Ras - Lajme nga Ulqini\" \/>\n<meta property=\"og:description\" content=\"K\u00ebto muajt e fundit Kristine Elezaj duket sikur ka q\u00ebndruar pak n\u00ebn hije,por n\u00eb t\u00eb v\u00ebrtet\u00eb k\u00ebng\u00ebtarja gjendet n\u00eb studio p\u00ebr t\u00eb regjistruar material t\u00eb ri.\" \/>\n<meta property=\"og:url\" content=\"https:\/\/www.visit-ulcinj.com\/blog\/2011\/11\/19\/kristine-elezaj-bashkepunon-me-ras\/\" \/>\n<meta property=\"og:site_name\" content=\"Lajme nga Ulqini\" \/>\n<meta property=\"article:published_time\" content=\"2011-11-19T18:15:10+00:00\" \/>\n<meta property=\"og:image\" content=\"http:\/\/www.visit-ulcinj.com\/blog\/wp-content\/uploads\/2011\/11\/Kristine-Elezaj.jpg\" \/>\n<meta name=\"twitter:label1\" content=\"Written by\" \/>\n\t<meta name=\"twitter:data1\" content=\"ulqini\" \/>\n\t<meta name=\"twitter:label2\" content=\"Est. reading time\" \/>\n\t<meta name=\"twitter:data2\" content=\"1 minute\" \/>\n<script type=\"application\/ld+json\" class=\"yoast-schema-graph\">{\"@context\":\"https:\/\/schema.org\",\"@graph\":[{\"@type\":\"WebSite\",\"@id\":\"https:\/\/www.visit-ulcinj.com\/blog\/#website\",\"url\":\"https:\/\/www.visit-ulcinj.com\/blog\/\",\"name\":\"Lajme nga Ulqini\",\"description\":\"Lajme,Vijesti,Ulqini,Ulqin,Crna Gora,Mali i Zi\",\"potentialAction\":[{\"@type\":\"SearchAction\",\"target\":{\"@type\":\"EntryPoint\",\"urlTemplate\":\"https:\/\/www.visit-ulcinj.com\/blog\/?s={search_term_string}\"},\"query-input\":\"required name=search_term_string\"}],\"inLanguage\":\"en-US\"},{\"@type\":\"ImageObject\",\"inLanguage\":\"en-US\",\"@id\":\"https:\/\/www.visit-ulcinj.com\/blog\/2011\/11\/19\/kristine-elezaj-bashkepunon-me-ras\/#primaryimage\",\"url\":\"http:\/\/www.visit-ulcinj.com\/blog\/wp-content\/uploads\/2011\/11\/Kristine-Elezaj.jpg\",\"contentUrl\":\"http:\/\/www.visit-ulcinj.com\/blog\/wp-content\/uploads\/2011\/11\/Kristine-Elezaj.jpg\"},{\"@type\":\"WebPage\",\"@id\":\"https:\/\/www.visit-ulcinj.com\/blog\/2011\/11\/19\/kristine-elezaj-bashkepunon-me-ras\/#webpage\",\"url\":\"https:\/\/www.visit-ulcinj.com\/blog\/2011\/11\/19\/kristine-elezaj-bashkepunon-me-ras\/\",\"name\":\"Kristine Elezaj bashkepunon me Ras - Lajme nga Ulqini\",\"isPartOf\":{\"@id\":\"https:\/\/www.visit-ulcinj.com\/blog\/#website\"},\"primaryImageOfPage\":{\"@id\":\"https:\/\/www.visit-ulcinj.com\/blog\/2011\/11\/19\/kristine-elezaj-bashkepunon-me-ras\/#primaryimage\"},\"datePublished\":\"2011-11-19T18:15:10+00:00\",\"dateModified\":\"2011-11-19T18:15:10+00:00\",\"author\":{\"@id\":\"https:\/\/www.visit-ulcinj.com\/blog\/#\/schema\/person\/dcab619c614d3038751c63bc2aadc06d\"},\"description\":\"K\u00ebto muajt e fundit Kristine Elezaj duket sikur ka q\u00ebndruar pak n\u00ebn hije,por n\u00eb t\u00eb v\u00ebrtet\u00eb k\u00ebng\u00ebtarja gjendet n\u00eb studio p\u00ebr t\u00eb regjistruar material t\u00eb ri.\",\"breadcrumb\":{\"@id\":\"https:\/\/www.visit-ulcinj.com\/blog\/2011\/11\/19\/kristine-elezaj-bashkepunon-me-ras\/#breadcrumb\"},\"inLanguage\":\"en-US\",\"potentialAction\":[{\"@type\":\"ReadAction\",\"target\":[\"https:\/\/www.visit-ulcinj.com\/blog\/2011\/11\/19\/kristine-elezaj-bashkepunon-me-ras\/\"]}]},{\"@type\":\"BreadcrumbList\",\"@id\":\"https:\/\/www.visit-ulcinj.com\/blog\/2011\/11\/19\/kristine-elezaj-bashkepunon-me-ras\/#breadcrumb\",\"itemListElement\":[{\"@type\":\"ListItem\",\"position\":1,\"name\":\"Kristine Elezaj bashkepunon me Ras\"}]},{\"@type\":\"Person\",\"@id\":\"https:\/\/www.visit-ulcinj.com\/blog\/#\/schema\/person\/dcab619c614d3038751c63bc2aadc06d\",\"name\":\"ulqini\",\"sameAs\":[\"http:\/\/www.visit-ulcinj.com\"],\"url\":\"https:\/\/www.visit-ulcinj.com\/blog\/author\/admin\/\"}]}<\/script>\n<!-- \/ Yoast SEO plugin. -->","yoast_head_json":{"title":"Kristine Elezaj bashkepunon me Ras - Lajme nga Ulqini","description":"K\u00ebto muajt e fundit Kristine Elezaj duket sikur ka q\u00ebndruar pak n\u00ebn hije,por n\u00eb t\u00eb v\u00ebrtet\u00eb k\u00ebng\u00ebtarja gjendet n\u00eb studio p\u00ebr t\u00eb regjistruar material t\u00eb ri.","robots":{"index":"index","follow":"follow","max-snippet":"max-snippet:-1","max-image-preview":"max-image-preview:large","max-video-preview":"max-video-preview:-1"},"canonical":"https:\/\/www.visit-ulcinj.com\/blog\/2011\/11\/19\/kristine-elezaj-bashkepunon-me-ras\/","og_locale":"en_US","og_type":"article","og_title":"Kristine Elezaj bashkepunon me Ras - Lajme nga Ulqini","og_description":"K\u00ebto muajt e fundit Kristine Elezaj duket sikur ka q\u00ebndruar pak n\u00ebn hije,por n\u00eb t\u00eb v\u00ebrtet\u00eb k\u00ebng\u00ebtarja gjendet n\u00eb studio p\u00ebr t\u00eb regjistruar material t\u00eb ri.","og_url":"https:\/\/www.visit-ulcinj.com\/blog\/2011\/11\/19\/kristine-elezaj-bashkepunon-me-ras\/","og_site_name":"Lajme nga Ulqini","article_published_time":"2011-11-19T18:15:10+00:00","og_image":[{"url":"http:\/\/www.visit-ulcinj.com\/blog\/wp-content\/uploads\/2011\/11\/Kristine-Elezaj.jpg"}],"twitter_misc":{"Written by":"ulqini","Est. reading time":"1 minute"},"schema":{"@context":"https:\/\/schema.org","@graph":[{"@type":"WebSite","@id":"https:\/\/www.visit-ulcinj.com\/blog\/#website","url":"https:\/\/www.visit-ulcinj.com\/blog\/","name":"Lajme nga Ulqini","description":"Lajme,Vijesti,Ulqini,Ulqin,Crna Gora,Mali i Zi","potentialAction":[{"@type":"SearchAction","target":{"@type":"EntryPoint","urlTemplate":"https:\/\/www.visit-ulcinj.com\/blog\/?s={search_term_string}"},"query-input":"required name=search_term_string"}],"inLanguage":"en-US"},{"@type":"ImageObject","inLanguage":"en-US","@id":"https:\/\/www.visit-ulcinj.com\/blog\/2011\/11\/19\/kristine-elezaj-bashkepunon-me-ras\/#primaryimage","url":"http:\/\/www.visit-ulcinj.com\/blog\/wp-content\/uploads\/2011\/11\/Kristine-Elezaj.jpg","contentUrl":"http:\/\/www.visit-ulcinj.com\/blog\/wp-content\/uploads\/2011\/11\/Kristine-Elezaj.jpg"},{"@type":"WebPage","@id":"https:\/\/www.visit-ulcinj.com\/blog\/2011\/11\/19\/kristine-elezaj-bashkepunon-me-ras\/#webpage","url":"https:\/\/www.visit-ulcinj.com\/blog\/2011\/11\/19\/kristine-elezaj-bashkepunon-me-ras\/","name":"Kristine Elezaj bashkepunon me Ras - Lajme nga Ulqini","isPartOf":{"@id":"https:\/\/www.visit-ulcinj.com\/blog\/#website"},"primaryImageOfPage":{"@id":"https:\/\/www.visit-ulcinj.com\/blog\/2011\/11\/19\/kristine-elezaj-bashkepunon-me-ras\/#primaryimage"},"datePublished":"2011-11-19T18:15:10+00:00","dateModified":"2011-11-19T18:15:10+00:00","author":{"@id":"https:\/\/www.visit-ulcinj.com\/blog\/#\/schema\/person\/dcab619c614d3038751c63bc2aadc06d"},"description":"K\u00ebto muajt e fundit Kristine Elezaj duket sikur ka q\u00ebndruar pak n\u00ebn hije,por n\u00eb t\u00eb v\u00ebrtet\u00eb k\u00ebng\u00ebtarja gjendet n\u00eb studio p\u00ebr t\u00eb regjistruar material t\u00eb ri.","breadcrumb":{"@id":"https:\/\/www.visit-ulcinj.com\/blog\/2011\/11\/19\/kristine-elezaj-bashkepunon-me-ras\/#breadcrumb"},"inLanguage":"en-US","potentialAction":[{"@type":"ReadAction","target":["https:\/\/www.visit-ulcinj.com\/blog\/2011\/11\/19\/kristine-elezaj-bashkepunon-me-ras\/"]}]},{"@type":"BreadcrumbList","@id":"https:\/\/www.visit-ulcinj.com\/blog\/2011\/11\/19\/kristine-elezaj-bashkepunon-me-ras\/#breadcrumb","itemListElement":[{"@type":"ListItem","position":1,"name":"Kristine Elezaj bashkepunon me Ras"}]},{"@type":"Person","@id":"https:\/\/www.visit-ulcinj.com\/blog\/#\/schema\/person\/dcab619c614d3038751c63bc2aadc06d","name":"ulqini","sameAs":["http:\/\/www.visit-ulcinj.com"],"url":"https:\/\/www.visit-ulcinj.com\/blog\/author\/admin\/"}]}},"jetpack_featured_media_url":"","jetpack_sharing_enabled":true,"jetpack_shortlink":"https:\/\/wp.me\/pe6lTn-dUW","_links":{"self":[{"href":"https:\/\/www.visit-ulcinj.com\/blog\/wp-json\/wp\/v2\/posts\/53502"}],"collection":[{"href":"https:\/\/www.visit-ulcinj.com\/blog\/wp-json\/wp\/v2\/posts"}],"about":[{"href":"https:\/\/www.visit-ulcinj.com\/blog\/wp-json\/wp\/v2\/types\/post"}],"author":[{"embeddable":true,"href":"https:\/\/www.visit-ulcinj.com\/blog\/wp-json\/wp\/v2\/users\/1"}],"replies":[{"embeddable":true,"href":"https:\/\/www.visit-ulcinj.com\/blog\/wp-json\/wp\/v2\/comments?post=53502"}],"version-history":[{"count":1,"href":"https:\/\/www.visit-ulcinj.com\/blog\/wp-json\/wp\/v2\/posts\/53502\/revisions"}],"predecessor-version":[{"id":53504,"href":"https:\/\/www.visit-ulcinj.com\/blog\/wp-json\/wp\/v2\/posts\/53502\/revisions\/53504"}],"wp:attachment":[{"href":"https:\/\/www.visit-ulcinj.com\/blog\/wp-json\/wp\/v2\/media?parent=53502"}],"wp:term":[{"taxonomy":"category","embeddable":true,"href":"https:\/\/www.visit-ulcinj.com\/blog\/wp-json\/wp\/v2\/categories?post=53502"},{"taxonomy":"post_tag","embeddable":true,"href":"https:\/\/www.visit-ulcinj.com\/blog\/wp-json\/wp\/v2\/tags?post=53502"}],"curies":[{"name":"wp","href":"https:\/\/api.w.org\/{rel}","templated":true}]}}