{"id":53511,"date":"2011-11-19T19:34:32","date_gmt":"2011-11-19T18:34:32","guid":{"rendered":"http:\/\/www.visit-ulcinj.com\/blog\/?p=53511"},"modified":"2011-11-19T19:34:32","modified_gmt":"2011-11-19T18:34:32","slug":"adelina-berisha-provokuese-dhe-ne-dimer","status":"publish","type":"post","link":"https:\/\/www.visit-ulcinj.com\/blog\/2011\/11\/19\/adelina-berisha-provokuese-dhe-ne-dimer\/","title":{"rendered":"Adelina Berisha provokuese dhe n\u00eb dim\u00ebr"},"content":{"rendered":"<p><a href=\"http:\/\/www.visit-ulcinj.com\/blog\/wp-content\/uploads\/2011\/11\/Adelina-Berisha1.jpg\"><img loading=\"lazy\" class=\"alignleft size-full wp-image-53512\" title=\"Adelina Berisha\" src=\"http:\/\/www.visit-ulcinj.com\/blog\/wp-content\/uploads\/2011\/11\/Adelina-Berisha1.jpg\" alt=\"\" width=\"508\" height=\"620\" \/><\/a>K\u00ebng\u00ebtarja bukuroshe e cila dit\u00eb m\u00eb par\u00eb p\u00ebr \u201cZhurnal Plus\u201d rr\u00ebfeu se t\u00eb gjith\u00eb djemt\u00eb i thon\u00eb se \u00ebsht\u00eb shum\u00eb seksi, k\u00ebt\u00eb dim\u00ebr sapo ka realizuar nj\u00eb set fotografik shum\u00eb seksi.<\/p>\n<p>S\u00ebrisht \u201cZhurnal Plus\u201d ka kontaktuar me Adelina Berish\u00ebn dhe ka m\u00ebsuar se fotot jan\u00eb t\u00eb realizuar me shum\u00eb mjesht\u00ebri nga fotografi m\u00eb i mir\u00eb shqiptar Veton Osmani, nd\u00ebrsa k\u00ebng\u00ebtarja duket q\u00eb provokon shum\u00eb fort. M\u00ebsuam gjithashtu se Adelina po b\u00ebhet gati t\u00eb jet\u00eb edhe imazh kalendari ku do t\u00eb ofrohen k\u00ebto foto p\u00ebr nj\u00eb biznes kosovar.<br \/>\nMegjith\u00ebse \u00ebsht\u00eb dim\u00ebr vajza ka pozuar mjaft \u201chot\u201d p\u00ebrpara fotoaparatit t\u00eb Vetonit.<\/p>\n<!--YouTube Error: bad URL entered-->\n","protected":false},"excerpt":{"rendered":"<p>K\u00ebng\u00ebtarja bukuroshe e cila dit\u00eb m\u00eb par\u00eb p\u00ebr \u201cZhurnal Plus\u201d rr\u00ebfeu se t\u00eb gjith\u00eb djemt\u00eb i thon\u00eb se \u00ebsht\u00eb shum\u00eb seksi, k\u00ebt\u00eb dim\u00ebr sapo ka realizuar nj\u00eb set fotografik shum\u00eb seksi. S\u00ebrisht \u201cZhurnal Plus\u201d ka kontaktuar me Adelina Berish\u00ebn dhe ka m\u00ebsuar se fotot jan\u00eb t\u00eb realizuar me shum\u00eb mjesht\u00ebri nga fotografi m\u00eb i mir\u00eb [&hellip;]<\/p>\n","protected":false},"author":1,"featured_media":0,"comment_status":"open","ping_status":"closed","sticky":false,"template":"","format":"standard","meta":{"spay_email":"","jetpack_publicize_message":"","jetpack_is_tweetstorm":false,"jetpack_publicize_feature_enabled":true},"categories":[1],"tags":[19458],"jetpack_publicize_connections":[],"yoast_head":"<!-- This site is optimized with the Yoast SEO plugin v19.1 - https:\/\/yoast.com\/wordpress\/plugins\/seo\/ -->\n<title>Adelina Berisha provokuese dhe n\u00eb dim\u00ebr - Lajme nga Ulqini<\/title>\n<meta name=\"description\" content=\"K\u00ebng\u00ebtarja bukuroshe e cila dit\u00eb m\u00eb par\u00eb p\u00ebr \u201cZhurnal Plus\u201d rr\u00ebfeu se t\u00eb gjith\u00eb djemt\u00eb i thon\u00eb se \u00ebsht\u00eb shum\u00eb seksi, k\u00ebt\u00eb dim\u00ebr sapo ka realizuar nj\u00eb set\" \/>\n<meta name=\"robots\" content=\"index, follow, max-snippet:-1, max-image-preview:large, max-video-preview:-1\" \/>\n<link rel=\"canonical\" href=\"https:\/\/www.visit-ulcinj.com\/blog\/2011\/11\/19\/adelina-berisha-provokuese-dhe-ne-dimer\/\" \/>\n<meta property=\"og:locale\" content=\"en_US\" \/>\n<meta property=\"og:type\" content=\"article\" \/>\n<meta property=\"og:title\" content=\"Adelina Berisha provokuese dhe n\u00eb dim\u00ebr - Lajme nga Ulqini\" \/>\n<meta property=\"og:description\" content=\"K\u00ebng\u00ebtarja bukuroshe e cila dit\u00eb m\u00eb par\u00eb p\u00ebr \u201cZhurnal Plus\u201d rr\u00ebfeu se t\u00eb gjith\u00eb djemt\u00eb i thon\u00eb se \u00ebsht\u00eb shum\u00eb seksi, k\u00ebt\u00eb dim\u00ebr sapo ka realizuar nj\u00eb set\" \/>\n<meta property=\"og:url\" content=\"https:\/\/www.visit-ulcinj.com\/blog\/2011\/11\/19\/adelina-berisha-provokuese-dhe-ne-dimer\/\" \/>\n<meta property=\"og:site_name\" content=\"Lajme nga Ulqini\" \/>\n<meta property=\"article:published_time\" content=\"2011-11-19T18:34:32+00:00\" \/>\n<meta property=\"og:image\" content=\"http:\/\/www.visit-ulcinj.com\/blog\/wp-content\/uploads\/2011\/11\/Adelina-Berisha1.jpg\" \/>\n<meta name=\"twitter:label1\" content=\"Written by\" \/>\n\t<meta name=\"twitter:data1\" content=\"ulqini\" \/>\n\t<meta name=\"twitter:label2\" content=\"Est. reading time\" \/>\n\t<meta name=\"twitter:data2\" content=\"1 minute\" \/>\n<script type=\"application\/ld+json\" class=\"yoast-schema-graph\">{\"@context\":\"https:\/\/schema.org\",\"@graph\":[{\"@type\":\"WebSite\",\"@id\":\"https:\/\/www.visit-ulcinj.com\/blog\/#website\",\"url\":\"https:\/\/www.visit-ulcinj.com\/blog\/\",\"name\":\"Lajme nga Ulqini\",\"description\":\"Lajme,Vijesti,Ulqini,Ulqin,Crna Gora,Mali i Zi\",\"potentialAction\":[{\"@type\":\"SearchAction\",\"target\":{\"@type\":\"EntryPoint\",\"urlTemplate\":\"https:\/\/www.visit-ulcinj.com\/blog\/?s={search_term_string}\"},\"query-input\":\"required name=search_term_string\"}],\"inLanguage\":\"en-US\"},{\"@type\":\"ImageObject\",\"inLanguage\":\"en-US\",\"@id\":\"https:\/\/www.visit-ulcinj.com\/blog\/2011\/11\/19\/adelina-berisha-provokuese-dhe-ne-dimer\/#primaryimage\",\"url\":\"http:\/\/www.visit-ulcinj.com\/blog\/wp-content\/uploads\/2011\/11\/Adelina-Berisha1.jpg\",\"contentUrl\":\"http:\/\/www.visit-ulcinj.com\/blog\/wp-content\/uploads\/2011\/11\/Adelina-Berisha1.jpg\"},{\"@type\":\"WebPage\",\"@id\":\"https:\/\/www.visit-ulcinj.com\/blog\/2011\/11\/19\/adelina-berisha-provokuese-dhe-ne-dimer\/#webpage\",\"url\":\"https:\/\/www.visit-ulcinj.com\/blog\/2011\/11\/19\/adelina-berisha-provokuese-dhe-ne-dimer\/\",\"name\":\"Adelina Berisha provokuese dhe n\u00eb dim\u00ebr - Lajme nga Ulqini\",\"isPartOf\":{\"@id\":\"https:\/\/www.visit-ulcinj.com\/blog\/#website\"},\"primaryImageOfPage\":{\"@id\":\"https:\/\/www.visit-ulcinj.com\/blog\/2011\/11\/19\/adelina-berisha-provokuese-dhe-ne-dimer\/#primaryimage\"},\"datePublished\":\"2011-11-19T18:34:32+00:00\",\"dateModified\":\"2011-11-19T18:34:32+00:00\",\"author\":{\"@id\":\"https:\/\/www.visit-ulcinj.com\/blog\/#\/schema\/person\/dcab619c614d3038751c63bc2aadc06d\"},\"description\":\"K\u00ebng\u00ebtarja bukuroshe e cila dit\u00eb m\u00eb par\u00eb p\u00ebr \u201cZhurnal Plus\u201d rr\u00ebfeu se t\u00eb gjith\u00eb djemt\u00eb i thon\u00eb se \u00ebsht\u00eb shum\u00eb seksi, k\u00ebt\u00eb dim\u00ebr sapo ka realizuar nj\u00eb set\",\"breadcrumb\":{\"@id\":\"https:\/\/www.visit-ulcinj.com\/blog\/2011\/11\/19\/adelina-berisha-provokuese-dhe-ne-dimer\/#breadcrumb\"},\"inLanguage\":\"en-US\",\"potentialAction\":[{\"@type\":\"ReadAction\",\"target\":[\"https:\/\/www.visit-ulcinj.com\/blog\/2011\/11\/19\/adelina-berisha-provokuese-dhe-ne-dimer\/\"]}]},{\"@type\":\"BreadcrumbList\",\"@id\":\"https:\/\/www.visit-ulcinj.com\/blog\/2011\/11\/19\/adelina-berisha-provokuese-dhe-ne-dimer\/#breadcrumb\",\"itemListElement\":[{\"@type\":\"ListItem\",\"position\":1,\"name\":\"Adelina Berisha provokuese dhe n\u00eb dim\u00ebr\"}]},{\"@type\":\"Person\",\"@id\":\"https:\/\/www.visit-ulcinj.com\/blog\/#\/schema\/person\/dcab619c614d3038751c63bc2aadc06d\",\"name\":\"ulqini\",\"sameAs\":[\"http:\/\/www.visit-ulcinj.com\"],\"url\":\"https:\/\/www.visit-ulcinj.com\/blog\/author\/admin\/\"}]}<\/script>\n<!-- \/ Yoast SEO plugin. -->","yoast_head_json":{"title":"Adelina Berisha provokuese dhe n\u00eb dim\u00ebr - Lajme nga Ulqini","description":"K\u00ebng\u00ebtarja bukuroshe e cila dit\u00eb m\u00eb par\u00eb p\u00ebr \u201cZhurnal Plus\u201d rr\u00ebfeu se t\u00eb gjith\u00eb djemt\u00eb i thon\u00eb se \u00ebsht\u00eb shum\u00eb seksi, k\u00ebt\u00eb dim\u00ebr sapo ka realizuar nj\u00eb set","robots":{"index":"index","follow":"follow","max-snippet":"max-snippet:-1","max-image-preview":"max-image-preview:large","max-video-preview":"max-video-preview:-1"},"canonical":"https:\/\/www.visit-ulcinj.com\/blog\/2011\/11\/19\/adelina-berisha-provokuese-dhe-ne-dimer\/","og_locale":"en_US","og_type":"article","og_title":"Adelina Berisha provokuese dhe n\u00eb dim\u00ebr - Lajme nga Ulqini","og_description":"K\u00ebng\u00ebtarja bukuroshe e cila dit\u00eb m\u00eb par\u00eb p\u00ebr \u201cZhurnal Plus\u201d rr\u00ebfeu se t\u00eb gjith\u00eb djemt\u00eb i thon\u00eb se \u00ebsht\u00eb shum\u00eb seksi, k\u00ebt\u00eb dim\u00ebr sapo ka realizuar nj\u00eb set","og_url":"https:\/\/www.visit-ulcinj.com\/blog\/2011\/11\/19\/adelina-berisha-provokuese-dhe-ne-dimer\/","og_site_name":"Lajme nga Ulqini","article_published_time":"2011-11-19T18:34:32+00:00","og_image":[{"url":"http:\/\/www.visit-ulcinj.com\/blog\/wp-content\/uploads\/2011\/11\/Adelina-Berisha1.jpg"}],"twitter_misc":{"Written by":"ulqini","Est. reading time":"1 minute"},"schema":{"@context":"https:\/\/schema.org","@graph":[{"@type":"WebSite","@id":"https:\/\/www.visit-ulcinj.com\/blog\/#website","url":"https:\/\/www.visit-ulcinj.com\/blog\/","name":"Lajme nga Ulqini","description":"Lajme,Vijesti,Ulqini,Ulqin,Crna Gora,Mali i Zi","potentialAction":[{"@type":"SearchAction","target":{"@type":"EntryPoint","urlTemplate":"https:\/\/www.visit-ulcinj.com\/blog\/?s={search_term_string}"},"query-input":"required name=search_term_string"}],"inLanguage":"en-US"},{"@type":"ImageObject","inLanguage":"en-US","@id":"https:\/\/www.visit-ulcinj.com\/blog\/2011\/11\/19\/adelina-berisha-provokuese-dhe-ne-dimer\/#primaryimage","url":"http:\/\/www.visit-ulcinj.com\/blog\/wp-content\/uploads\/2011\/11\/Adelina-Berisha1.jpg","contentUrl":"http:\/\/www.visit-ulcinj.com\/blog\/wp-content\/uploads\/2011\/11\/Adelina-Berisha1.jpg"},{"@type":"WebPage","@id":"https:\/\/www.visit-ulcinj.com\/blog\/2011\/11\/19\/adelina-berisha-provokuese-dhe-ne-dimer\/#webpage","url":"https:\/\/www.visit-ulcinj.com\/blog\/2011\/11\/19\/adelina-berisha-provokuese-dhe-ne-dimer\/","name":"Adelina Berisha provokuese dhe n\u00eb dim\u00ebr - Lajme nga Ulqini","isPartOf":{"@id":"https:\/\/www.visit-ulcinj.com\/blog\/#website"},"primaryImageOfPage":{"@id":"https:\/\/www.visit-ulcinj.com\/blog\/2011\/11\/19\/adelina-berisha-provokuese-dhe-ne-dimer\/#primaryimage"},"datePublished":"2011-11-19T18:34:32+00:00","dateModified":"2011-11-19T18:34:32+00:00","author":{"@id":"https:\/\/www.visit-ulcinj.com\/blog\/#\/schema\/person\/dcab619c614d3038751c63bc2aadc06d"},"description":"K\u00ebng\u00ebtarja bukuroshe e cila dit\u00eb m\u00eb par\u00eb p\u00ebr \u201cZhurnal Plus\u201d rr\u00ebfeu se t\u00eb gjith\u00eb djemt\u00eb i thon\u00eb se \u00ebsht\u00eb shum\u00eb seksi, k\u00ebt\u00eb dim\u00ebr sapo ka realizuar nj\u00eb set","breadcrumb":{"@id":"https:\/\/www.visit-ulcinj.com\/blog\/2011\/11\/19\/adelina-berisha-provokuese-dhe-ne-dimer\/#breadcrumb"},"inLanguage":"en-US","potentialAction":[{"@type":"ReadAction","target":["https:\/\/www.visit-ulcinj.com\/blog\/2011\/11\/19\/adelina-berisha-provokuese-dhe-ne-dimer\/"]}]},{"@type":"BreadcrumbList","@id":"https:\/\/www.visit-ulcinj.com\/blog\/2011\/11\/19\/adelina-berisha-provokuese-dhe-ne-dimer\/#breadcrumb","itemListElement":[{"@type":"ListItem","position":1,"name":"Adelina Berisha provokuese dhe n\u00eb dim\u00ebr"}]},{"@type":"Person","@id":"https:\/\/www.visit-ulcinj.com\/blog\/#\/schema\/person\/dcab619c614d3038751c63bc2aadc06d","name":"ulqini","sameAs":["http:\/\/www.visit-ulcinj.com"],"url":"https:\/\/www.visit-ulcinj.com\/blog\/author\/admin\/"}]}},"jetpack_featured_media_url":"","jetpack_sharing_enabled":true,"jetpack_shortlink":"https:\/\/wp.me\/pe6lTn-dV5","_links":{"self":[{"href":"https:\/\/www.visit-ulcinj.com\/blog\/wp-json\/wp\/v2\/posts\/53511"}],"collection":[{"href":"https:\/\/www.visit-ulcinj.com\/blog\/wp-json\/wp\/v2\/posts"}],"about":[{"href":"https:\/\/www.visit-ulcinj.com\/blog\/wp-json\/wp\/v2\/types\/post"}],"author":[{"embeddable":true,"href":"https:\/\/www.visit-ulcinj.com\/blog\/wp-json\/wp\/v2\/users\/1"}],"replies":[{"embeddable":true,"href":"https:\/\/www.visit-ulcinj.com\/blog\/wp-json\/wp\/v2\/comments?post=53511"}],"version-history":[{"count":1,"href":"https:\/\/www.visit-ulcinj.com\/blog\/wp-json\/wp\/v2\/posts\/53511\/revisions"}],"predecessor-version":[{"id":53513,"href":"https:\/\/www.visit-ulcinj.com\/blog\/wp-json\/wp\/v2\/posts\/53511\/revisions\/53513"}],"wp:attachment":[{"href":"https:\/\/www.visit-ulcinj.com\/blog\/wp-json\/wp\/v2\/media?parent=53511"}],"wp:term":[{"taxonomy":"category","embeddable":true,"href":"https:\/\/www.visit-ulcinj.com\/blog\/wp-json\/wp\/v2\/categories?post=53511"},{"taxonomy":"post_tag","embeddable":true,"href":"https:\/\/www.visit-ulcinj.com\/blog\/wp-json\/wp\/v2\/tags?post=53511"}],"curies":[{"name":"wp","href":"https:\/\/api.w.org\/{rel}","templated":true}]}}