{"id":53515,"date":"2011-11-20T10:48:09","date_gmt":"2011-11-20T09:48:09","guid":{"rendered":"http:\/\/www.visit-ulcinj.com\/blog\/?p=53515"},"modified":"2011-11-26T22:24:35","modified_gmt":"2011-11-26T21:24:35","slug":"festa-e-geshtenjave-kraje-2011","status":"publish","type":"post","link":"https:\/\/www.visit-ulcinj.com\/blog\/2011\/11\/20\/festa-e-geshtenjave-kraje-2011\/","title":{"rendered":"Festa e geshtenjave &#8211; Kraje 2011 &#8211; Video"},"content":{"rendered":"<p><a href=\"http:\/\/www.visit-ulcinj.com\/blog\/wp-content\/uploads\/2011\/11\/Festa-e-geshtenjave-Kraje-2011.jpg\"><img loading=\"lazy\" class=\"alignleft size-full wp-image-53516\" title=\"Festa e geshtenjave - Kraje 2011\" src=\"http:\/\/www.visit-ulcinj.com\/blog\/wp-content\/uploads\/2011\/11\/Festa-e-geshtenjave-Kraje-2011.jpg\" alt=\"\" width=\"508\" height=\"620\" \/><\/a>Ky manifestim i pest\u00eb me radh\u00eb q\u00eb po organizohet k\u00ebtu n\u00eb mbarim\u00eb t\u00eb n\u00ebntorit, kur edhe p\u00ebrfundon vjelja, mbledhja e frytit t\u00eb g\u00ebshtenj\u00ebs. Manifestimin e sivjem\u00eb n\u00eb Kraj\u00eb e organizuan Bashk\u00ebsia lokale Ostros, Shoqata e Bujqve dhe Blegtor\u00ebve t\u00eb Kraj\u00ebs, dhe komuna e Tivarit, e cila ishte edhe donatori kryesor. P\u00ebr dallim prej dy vjet\u00ebve t\u00eb m\u00ebparshme, m\u00ebnyr\u00ebn e organizimit t\u00eb manifestimit t\u00eb sivjem\u00eb e karakterizoi nj\u00eb frym\u00eb krejt tjet\u00ebr, e organizuar \u00a0vet\u00eb nga\u00a0 vendasit,ku \u00a0\u00ebshte krejt autoktone si nga p\u00ebrmbajtja ashtu edhe nga forma.<\/p>\n<p>Festa tradicionale e g\u00ebshtenjave n\u00eb Kraj\u00eb, Komuna e Tivarit, n\u00eb breg t\u00eb liqenit t\u00eb Shkodr\u00ebs, q\u00eb mbahet dit\u00ebn e diel m\u00eb 20 n\u00ebntor 2011 ka ngjall\u00eb interesim t\u00eb jasht\u00ebzakonsh\u00ebm t\u00eb banor\u00ebve t\u00eb Ulqinit, Shkodr\u00ebs, Tivarit, Podgoric\u00ebs, Mal\u00ebsis\u00eb s\u00eb Madhe dhe t\u00eb Tiran\u00ebs e Prishtin\u00ebs.<\/p>\n<p>Programi i manifestimit &#8220;Festa e geshtanjave Kraje 2011&#8221;.<br \/>\n11:00-Hapja solemne. Fjala e rastit e Kryetarit te Komunes se Tivarit z.Zharko Paviqeviq, Kryetarit te keshillit BV Ostros z. Emro Durakoviq etj. Program kulturo-artistik.<\/p>\n<p>13:00-Vizite eksploruesve te prodhimeve bujqesore dhe shijimi i geshtenjave te pjekura, te ziera, pemeve te ndryshme dhe specialiteteve nga Kraja.<\/p>\n<p>14:00-Sofra Kranjane:Prezantim i ushqimit ekologjik vendas, peshkut nga liqeni dhe vere nga Crmnica.<\/p>\n<p>15:00-Hapja e ekspozites se fotografive e organizuar nga Parku Nacional &#8220;Liqeni i Shkodres&#8221;<\/p>\n<p>16:00-Mbyllja e manifestimit.<\/p>\n<p>Merita p\u00ebr organizimin e manifestimit t\u00eb sivjem\u00eb kryek\u00ebput i takon K\u00ebshillit t\u00eb Bashk\u00ebsis\u00eb vendore t\u00eb Ostrosit<\/p>\n<!--YouTube Error: bad URL entered-->\n","protected":false},"excerpt":{"rendered":"<p>Ky manifestim i pest\u00eb me radh\u00eb q\u00eb po organizohet k\u00ebtu n\u00eb mbarim\u00eb t\u00eb n\u00ebntorit, kur edhe p\u00ebrfundon vjelja, mbledhja e frytit t\u00eb g\u00ebshtenj\u00ebs. Manifestimin e sivjem\u00eb n\u00eb Kraj\u00eb e organizuan Bashk\u00ebsia lokale Ostros, Shoqata e Bujqve dhe Blegtor\u00ebve t\u00eb Kraj\u00ebs, dhe komuna e Tivarit, e cila ishte edhe donatori kryesor. P\u00ebr dallim prej dy vjet\u00ebve [&hellip;]<\/p>\n","protected":false},"author":1,"featured_media":0,"comment_status":"open","ping_status":"closed","sticky":false,"template":"","format":"standard","meta":{"spay_email":"","jetpack_publicize_message":"","jetpack_is_tweetstorm":false,"jetpack_publicize_feature_enabled":true},"categories":[14],"tags":[212,17828,17834,18370,17811,17831,18362,14353,17808,14354,12340,17840,17839,18363,17835,17814,17810,17816,17071,17807,19023,3516,2761,14652,17837,17827,19478,14358,222,17802,17812,17803,17820,17825,17817,17805,17823,17832,3506,17818,214,17680,14362,14363,18371,3507,17800,498,19479,3500,14364,17799,3327,17841,17826,15213,18236,3512,17806,11648,18289,17838,95,17813,17804,15141,17836,14366,79,17073,18294,18368,18369,1081,1653,1909,14367,17801,18360,17822,14368,14369,17824,14370,18291,2083,3231,14371,41,3617,14372,17844,17821,18372,17830,17077,18295,14375,17833,17829,200,18,17819,17809,11863,14376],"jetpack_publicize_connections":[],"yoast_head":"<!-- This site is optimized with the Yoast SEO plugin v19.1 - https:\/\/yoast.com\/wordpress\/plugins\/seo\/ -->\n<title>Festa e geshtenjave - Kraje 2011 - Video - Lajme nga Ulqini<\/title>\n<meta name=\"description\" content=\"Ky manifestim i pest\u00eb me radh\u00eb q\u00eb po organizohet k\u00ebtu n\u00eb mbarim\u00eb t\u00eb n\u00ebntorit, kur edhe p\u00ebrfundon vjelja, mbledhja e frytit t\u00eb g\u00ebshtenj\u00ebs. Manifestimin e\" \/>\n<meta name=\"robots\" content=\"index, follow, max-snippet:-1, max-image-preview:large, max-video-preview:-1\" \/>\n<link rel=\"canonical\" href=\"https:\/\/www.visit-ulcinj.com\/blog\/2011\/11\/20\/festa-e-geshtenjave-kraje-2011\/\" \/>\n<meta property=\"og:locale\" content=\"en_US\" \/>\n<meta property=\"og:type\" content=\"article\" \/>\n<meta property=\"og:title\" content=\"Festa e geshtenjave - Kraje 2011 - Video - Lajme nga Ulqini\" \/>\n<meta property=\"og:description\" content=\"Ky manifestim i pest\u00eb me radh\u00eb q\u00eb po organizohet k\u00ebtu n\u00eb mbarim\u00eb t\u00eb n\u00ebntorit, kur edhe p\u00ebrfundon vjelja, mbledhja e frytit t\u00eb g\u00ebshtenj\u00ebs. Manifestimin e\" \/>\n<meta property=\"og:url\" content=\"https:\/\/www.visit-ulcinj.com\/blog\/2011\/11\/20\/festa-e-geshtenjave-kraje-2011\/\" \/>\n<meta property=\"og:site_name\" content=\"Lajme nga Ulqini\" \/>\n<meta property=\"article:published_time\" content=\"2011-11-20T09:48:09+00:00\" \/>\n<meta property=\"article:modified_time\" content=\"2011-11-26T21:24:35+00:00\" \/>\n<meta property=\"og:image\" content=\"http:\/\/www.visit-ulcinj.com\/blog\/wp-content\/uploads\/2011\/11\/Festa-e-geshtenjave-Kraje-2011.jpg\" \/>\n<meta name=\"twitter:label1\" content=\"Written by\" \/>\n\t<meta name=\"twitter:data1\" content=\"ulqini\" \/>\n\t<meta name=\"twitter:label2\" content=\"Est. reading time\" \/>\n\t<meta name=\"twitter:data2\" content=\"1 minute\" \/>\n<script type=\"application\/ld+json\" class=\"yoast-schema-graph\">{\"@context\":\"https:\/\/schema.org\",\"@graph\":[{\"@type\":\"WebSite\",\"@id\":\"https:\/\/www.visit-ulcinj.com\/blog\/#website\",\"url\":\"https:\/\/www.visit-ulcinj.com\/blog\/\",\"name\":\"Lajme nga Ulqini\",\"description\":\"Lajme,Vijesti,Ulqini,Ulqin,Crna Gora,Mali i Zi\",\"potentialAction\":[{\"@type\":\"SearchAction\",\"target\":{\"@type\":\"EntryPoint\",\"urlTemplate\":\"https:\/\/www.visit-ulcinj.com\/blog\/?s={search_term_string}\"},\"query-input\":\"required name=search_term_string\"}],\"inLanguage\":\"en-US\"},{\"@type\":\"ImageObject\",\"inLanguage\":\"en-US\",\"@id\":\"https:\/\/www.visit-ulcinj.com\/blog\/2011\/11\/20\/festa-e-geshtenjave-kraje-2011\/#primaryimage\",\"url\":\"https:\/\/www.visit-ulcinj.com\/blog\/wp-content\/uploads\/2011\/11\/Festa-e-geshtenjave-Kraje-2011.jpg\",\"contentUrl\":\"https:\/\/www.visit-ulcinj.com\/blog\/wp-content\/uploads\/2011\/11\/Festa-e-geshtenjave-Kraje-2011.jpg\",\"width\":\"513\",\"height\":\"720\"},{\"@type\":\"WebPage\",\"@id\":\"https:\/\/www.visit-ulcinj.com\/blog\/2011\/11\/20\/festa-e-geshtenjave-kraje-2011\/#webpage\",\"url\":\"https:\/\/www.visit-ulcinj.com\/blog\/2011\/11\/20\/festa-e-geshtenjave-kraje-2011\/\",\"name\":\"Festa e geshtenjave - Kraje 2011 - Video - Lajme nga Ulqini\",\"isPartOf\":{\"@id\":\"https:\/\/www.visit-ulcinj.com\/blog\/#website\"},\"primaryImageOfPage\":{\"@id\":\"https:\/\/www.visit-ulcinj.com\/blog\/2011\/11\/20\/festa-e-geshtenjave-kraje-2011\/#primaryimage\"},\"datePublished\":\"2011-11-20T09:48:09+00:00\",\"dateModified\":\"2011-11-26T21:24:35+00:00\",\"author\":{\"@id\":\"https:\/\/www.visit-ulcinj.com\/blog\/#\/schema\/person\/dcab619c614d3038751c63bc2aadc06d\"},\"description\":\"Ky manifestim i pest\u00eb me radh\u00eb q\u00eb po organizohet k\u00ebtu n\u00eb mbarim\u00eb t\u00eb n\u00ebntorit, kur edhe p\u00ebrfundon vjelja, mbledhja e frytit t\u00eb g\u00ebshtenj\u00ebs. Manifestimin e\",\"breadcrumb\":{\"@id\":\"https:\/\/www.visit-ulcinj.com\/blog\/2011\/11\/20\/festa-e-geshtenjave-kraje-2011\/#breadcrumb\"},\"inLanguage\":\"en-US\",\"potentialAction\":[{\"@type\":\"ReadAction\",\"target\":[\"https:\/\/www.visit-ulcinj.com\/blog\/2011\/11\/20\/festa-e-geshtenjave-kraje-2011\/\"]}]},{\"@type\":\"BreadcrumbList\",\"@id\":\"https:\/\/www.visit-ulcinj.com\/blog\/2011\/11\/20\/festa-e-geshtenjave-kraje-2011\/#breadcrumb\",\"itemListElement\":[{\"@type\":\"ListItem\",\"position\":1,\"name\":\"Festa e geshtenjave &#8211; Kraje 2011 &#8211; Video\"}]},{\"@type\":\"Person\",\"@id\":\"https:\/\/www.visit-ulcinj.com\/blog\/#\/schema\/person\/dcab619c614d3038751c63bc2aadc06d\",\"name\":\"ulqini\",\"sameAs\":[\"http:\/\/www.visit-ulcinj.com\"],\"url\":\"https:\/\/www.visit-ulcinj.com\/blog\/author\/admin\/\"}]}<\/script>\n<!-- \/ Yoast SEO plugin. -->","yoast_head_json":{"title":"Festa e geshtenjave - Kraje 2011 - Video - Lajme nga Ulqini","description":"Ky manifestim i pest\u00eb me radh\u00eb q\u00eb po organizohet k\u00ebtu n\u00eb mbarim\u00eb t\u00eb n\u00ebntorit, kur edhe p\u00ebrfundon vjelja, mbledhja e frytit t\u00eb g\u00ebshtenj\u00ebs. Manifestimin e","robots":{"index":"index","follow":"follow","max-snippet":"max-snippet:-1","max-image-preview":"max-image-preview:large","max-video-preview":"max-video-preview:-1"},"canonical":"https:\/\/www.visit-ulcinj.com\/blog\/2011\/11\/20\/festa-e-geshtenjave-kraje-2011\/","og_locale":"en_US","og_type":"article","og_title":"Festa e geshtenjave - Kraje 2011 - Video - Lajme nga Ulqini","og_description":"Ky manifestim i pest\u00eb me radh\u00eb q\u00eb po organizohet k\u00ebtu n\u00eb mbarim\u00eb t\u00eb n\u00ebntorit, kur edhe p\u00ebrfundon vjelja, mbledhja e frytit t\u00eb g\u00ebshtenj\u00ebs. Manifestimin e","og_url":"https:\/\/www.visit-ulcinj.com\/blog\/2011\/11\/20\/festa-e-geshtenjave-kraje-2011\/","og_site_name":"Lajme nga Ulqini","article_published_time":"2011-11-20T09:48:09+00:00","article_modified_time":"2011-11-26T21:24:35+00:00","og_image":[{"url":"http:\/\/www.visit-ulcinj.com\/blog\/wp-content\/uploads\/2011\/11\/Festa-e-geshtenjave-Kraje-2011.jpg"}],"twitter_misc":{"Written by":"ulqini","Est. reading time":"1 minute"},"schema":{"@context":"https:\/\/schema.org","@graph":[{"@type":"WebSite","@id":"https:\/\/www.visit-ulcinj.com\/blog\/#website","url":"https:\/\/www.visit-ulcinj.com\/blog\/","name":"Lajme nga Ulqini","description":"Lajme,Vijesti,Ulqini,Ulqin,Crna Gora,Mali i Zi","potentialAction":[{"@type":"SearchAction","target":{"@type":"EntryPoint","urlTemplate":"https:\/\/www.visit-ulcinj.com\/blog\/?s={search_term_string}"},"query-input":"required name=search_term_string"}],"inLanguage":"en-US"},{"@type":"ImageObject","inLanguage":"en-US","@id":"https:\/\/www.visit-ulcinj.com\/blog\/2011\/11\/20\/festa-e-geshtenjave-kraje-2011\/#primaryimage","url":"https:\/\/www.visit-ulcinj.com\/blog\/wp-content\/uploads\/2011\/11\/Festa-e-geshtenjave-Kraje-2011.jpg","contentUrl":"https:\/\/www.visit-ulcinj.com\/blog\/wp-content\/uploads\/2011\/11\/Festa-e-geshtenjave-Kraje-2011.jpg","width":"513","height":"720"},{"@type":"WebPage","@id":"https:\/\/www.visit-ulcinj.com\/blog\/2011\/11\/20\/festa-e-geshtenjave-kraje-2011\/#webpage","url":"https:\/\/www.visit-ulcinj.com\/blog\/2011\/11\/20\/festa-e-geshtenjave-kraje-2011\/","name":"Festa e geshtenjave - Kraje 2011 - Video - Lajme nga Ulqini","isPartOf":{"@id":"https:\/\/www.visit-ulcinj.com\/blog\/#website"},"primaryImageOfPage":{"@id":"https:\/\/www.visit-ulcinj.com\/blog\/2011\/11\/20\/festa-e-geshtenjave-kraje-2011\/#primaryimage"},"datePublished":"2011-11-20T09:48:09+00:00","dateModified":"2011-11-26T21:24:35+00:00","author":{"@id":"https:\/\/www.visit-ulcinj.com\/blog\/#\/schema\/person\/dcab619c614d3038751c63bc2aadc06d"},"description":"Ky manifestim i pest\u00eb me radh\u00eb q\u00eb po organizohet k\u00ebtu n\u00eb mbarim\u00eb t\u00eb n\u00ebntorit, kur edhe p\u00ebrfundon vjelja, mbledhja e frytit t\u00eb g\u00ebshtenj\u00ebs. Manifestimin e","breadcrumb":{"@id":"https:\/\/www.visit-ulcinj.com\/blog\/2011\/11\/20\/festa-e-geshtenjave-kraje-2011\/#breadcrumb"},"inLanguage":"en-US","potentialAction":[{"@type":"ReadAction","target":["https:\/\/www.visit-ulcinj.com\/blog\/2011\/11\/20\/festa-e-geshtenjave-kraje-2011\/"]}]},{"@type":"BreadcrumbList","@id":"https:\/\/www.visit-ulcinj.com\/blog\/2011\/11\/20\/festa-e-geshtenjave-kraje-2011\/#breadcrumb","itemListElement":[{"@type":"ListItem","position":1,"name":"Festa e geshtenjave &#8211; Kraje 2011 &#8211; Video"}]},{"@type":"Person","@id":"https:\/\/www.visit-ulcinj.com\/blog\/#\/schema\/person\/dcab619c614d3038751c63bc2aadc06d","name":"ulqini","sameAs":["http:\/\/www.visit-ulcinj.com"],"url":"https:\/\/www.visit-ulcinj.com\/blog\/author\/admin\/"}]}},"jetpack_featured_media_url":"","jetpack_sharing_enabled":true,"jetpack_shortlink":"https:\/\/wp.me\/pe6lTn-dV9","_links":{"self":[{"href":"https:\/\/www.visit-ulcinj.com\/blog\/wp-json\/wp\/v2\/posts\/53515"}],"collection":[{"href":"https:\/\/www.visit-ulcinj.com\/blog\/wp-json\/wp\/v2\/posts"}],"about":[{"href":"https:\/\/www.visit-ulcinj.com\/blog\/wp-json\/wp\/v2\/types\/post"}],"author":[{"embeddable":true,"href":"https:\/\/www.visit-ulcinj.com\/blog\/wp-json\/wp\/v2\/users\/1"}],"replies":[{"embeddable":true,"href":"https:\/\/www.visit-ulcinj.com\/blog\/wp-json\/wp\/v2\/comments?post=53515"}],"version-history":[{"count":4,"href":"https:\/\/www.visit-ulcinj.com\/blog\/wp-json\/wp\/v2\/posts\/53515\/revisions"}],"predecessor-version":[{"id":53705,"href":"https:\/\/www.visit-ulcinj.com\/blog\/wp-json\/wp\/v2\/posts\/53515\/revisions\/53705"}],"wp:attachment":[{"href":"https:\/\/www.visit-ulcinj.com\/blog\/wp-json\/wp\/v2\/media?parent=53515"}],"wp:term":[{"taxonomy":"category","embeddable":true,"href":"https:\/\/www.visit-ulcinj.com\/blog\/wp-json\/wp\/v2\/categories?post=53515"},{"taxonomy":"post_tag","embeddable":true,"href":"https:\/\/www.visit-ulcinj.com\/blog\/wp-json\/wp\/v2\/tags?post=53515"}],"curies":[{"name":"wp","href":"https:\/\/api.w.org\/{rel}","templated":true}]}}