{"id":53520,"date":"2011-11-20T18:09:15","date_gmt":"2011-11-20T17:09:15","guid":{"rendered":"http:\/\/www.visit-ulcinj.com\/blog\/?p=53520"},"modified":"2011-11-26T22:23:43","modified_gmt":"2011-11-26T21:23:43","slug":"festa-e-geshtenjave-kraje-2011perfundon-me-sukses","status":"publish","type":"post","link":"https:\/\/www.visit-ulcinj.com\/blog\/2011\/11\/20\/festa-e-geshtenjave-kraje-2011perfundon-me-sukses\/","title":{"rendered":"&#8220;Festa e geshtenjave-Kraje 2011&#8221;,perfundon me sukses &#8211; Video"},"content":{"rendered":"<p><strong><a href=\"http:\/\/www.visit-ulcinj.com\/blog\/wp-content\/uploads\/2011\/11\/Festa-e-geshtenjave-Kraje-20111.jpg\"><img loading=\"lazy\" class=\"alignleft size-full wp-image-53521\" title=\"Festa e geshtenjave-Kraje 2011\" src=\"http:\/\/www.visit-ulcinj.com\/blog\/wp-content\/uploads\/2011\/11\/Festa-e-geshtenjave-Kraje-20111.jpg\" alt=\"\" width=\"508\" height=\"380\" srcset=\"https:\/\/www.visit-ulcinj.com\/blog\/wp-content\/uploads\/2011\/11\/Festa-e-geshtenjave-Kraje-20111.jpg 800w, https:\/\/www.visit-ulcinj.com\/blog\/wp-content\/uploads\/2011\/11\/Festa-e-geshtenjave-Kraje-20111-300x225.jpg 300w\" sizes=\"(max-width: 508px) 100vw, 508px\" \/><\/a>Ka perfunduar me sukses per te pesten here me radhe, manifestimi bujqesor, turistik e kulturore &#8220;Festa e geshtenjave-Kraje 2011&#8221;. Kjo feste gjitheperfshirese pati nje interesim te jashtezakonshem si kurre me pare.<\/strong><\/p>\n<p>Ne rruget kryesore ne qender te Ostrosit qe ne oret e para te mengjesit ishin reduar shites te ndryshem nga Kraja, Ana e Malit e Ulqnin me prodhime te ndryshme bujqesore. Verehej nje numer i shumte policesh qe po vendosin rendin per te mos lejuar bllokimin e komunikacionit.<\/p>\n<p>Me kalimin e oreve, reth ores 11:00 Ostrosi ishte plot e perplot me banor te Krajes, e me mysafir nga Ulqini, Ana e Malit, Shkodra, Tivari, Podgorica e Tirana. Nje pjes e tyre qendronin ne kafenet, nje pjes po shijonin prodhimet bujqesore e te tjere qe po i drejtoheshin Motelit&#8221;Rumia&#8221; ku ishte planifikuar\u00a0 te mbahej edhe programi qendrore.<br \/>\n<a href=\"http:\/\/www.visit-ulcinj.com\/blog\/wp-content\/uploads\/2011\/11\/Festa-e-geshtenjave-Kraje-2011_NAZIF-CUNGU-ME-KYETARIN-E-TIVARIT.jpg\"><img loading=\"lazy\" class=\"alignleft size-full wp-image-53594\" title=\"Festa e geshtenjave-Kraje 2011_NAZIF CUNGU ME KYETARIN E TIVARIT\" src=\"http:\/\/www.visit-ulcinj.com\/blog\/wp-content\/uploads\/2011\/11\/Festa-e-geshtenjave-Kraje-2011_NAZIF-CUNGU-ME-KYETARIN-E-TIVARIT.jpg\" alt=\"\" width=\"508\" height=\"330\" \/><\/a><\/p>\n<p>Reth ores 11:30 ne tarasen e Motelit:&#8221;Rumia&#8221; filloi programi qendore me nje numer te madh te panishmish. Fjalen e rastit i pari e morri i &#8220;zoti i shtepise&#8221; Emro Duraku kryetare i Keshillit te BV Ostros i cili ne fjalen e tij pershendeti te pranishmit dhe faleminderoj te gjithe donatoret te cilet mundesuan kete manifestim.<\/p>\n<h2><a href=\"http:\/\/www.krajaonline.com\/Perfundon%20me%20sukses%20Festa%20e%20geshtenjave-%20Kraje%202011.htm\" target=\"_blank\"><strong>Lexo m\u00eb tep\u00ebr n\u00eb &gt;&gt;\u00a0<strong>KrajaOnline<\/strong> &lt;&lt;<\/strong><\/a><\/h2>\n<p>\n\t\t<style type=\"text\/css\">\n\t\t\t#gallery-1 {\n\t\t\t\tmargin: auto;\n\t\t\t}\n\t\t\t#gallery-1 .gallery-item {\n\t\t\t\tfloat: left;\n\t\t\t\tmargin-top: 10px;\n\t\t\t\ttext-align: center;\n\t\t\t\twidth: 33%;\n\t\t\t}\n\t\t\t#gallery-1 img {\n\t\t\t\tborder: 2px solid #cfcfcf;\n\t\t\t}\n\t\t\t#gallery-1 .gallery-caption {\n\t\t\t\tmargin-left: 0;\n\t\t\t}\n\t\t\t\/* see gallery_shortcode() in wp-includes\/media.php *\/\n\t\t<\/style>\n\t\t<div id='gallery-1' class='gallery galleryid-53520 gallery-columns-3 gallery-size-thumbnail'><dl class='gallery-item'>\n\t\t\t<dt class='gallery-icon landscape'>\n\t\t\t\t<a href='https:\/\/www.visit-ulcinj.com\/blog\/wp-content\/uploads\/2011\/11\/Festa-e-geshtenjave-Kraje-20111.jpg'><img width=\"150\" height=\"150\" src=\"https:\/\/www.visit-ulcinj.com\/blog\/wp-content\/uploads\/2011\/11\/Festa-e-geshtenjave-Kraje-20111-150x150.jpg\" class=\"attachment-thumbnail size-thumbnail\" alt=\"\" loading=\"lazy\" \/><\/a>\n\t\t\t<\/dt><\/dl><dl class='gallery-item'>\n\t\t\t<dt class='gallery-icon landscape'>\n\t\t\t\t<a href='https:\/\/www.visit-ulcinj.com\/blog\/wp-content\/uploads\/2011\/11\/Festa-e-geshtenjave-Kraje-2011_NAZIF-CUNGU-ME-KYETARIN-E-TIVARIT.jpg'><img width=\"150\" height=\"150\" src=\"https:\/\/www.visit-ulcinj.com\/blog\/wp-content\/uploads\/2011\/11\/Festa-e-geshtenjave-Kraje-2011_NAZIF-CUNGU-ME-KYETARIN-E-TIVARIT-150x150.jpg\" class=\"attachment-thumbnail size-thumbnail\" alt=\"\" loading=\"lazy\" \/><\/a>\n\t\t\t<\/dt><\/dl><dl class='gallery-item'>\n\t\t\t<dt class='gallery-icon landscape'>\n\t\t\t\t<a href='https:\/\/www.visit-ulcinj.com\/blog\/wp-content\/uploads\/2011\/11\/Festa-e-geshtenjave-Kraje-2011.1.jpg'><img width=\"150\" height=\"150\" src=\"https:\/\/www.visit-ulcinj.com\/blog\/wp-content\/uploads\/2011\/11\/Festa-e-geshtenjave-Kraje-2011.1-150x150.jpg\" class=\"attachment-thumbnail size-thumbnail\" alt=\"\" loading=\"lazy\" \/><\/a>\n\t\t\t<\/dt><\/dl><br style=\"clear: both\" \/><dl class='gallery-item'>\n\t\t\t<dt class='gallery-icon landscape'>\n\t\t\t\t<a href='https:\/\/www.visit-ulcinj.com\/blog\/wp-content\/uploads\/2011\/11\/Festa-e-geshtenjave-Kraje-2011.2.jpg'><img width=\"150\" height=\"150\" src=\"https:\/\/www.visit-ulcinj.com\/blog\/wp-content\/uploads\/2011\/11\/Festa-e-geshtenjave-Kraje-2011.2-150x150.jpg\" class=\"attachment-thumbnail size-thumbnail\" alt=\"\" loading=\"lazy\" \/><\/a>\n\t\t\t<\/dt><\/dl><dl class='gallery-item'>\n\t\t\t<dt class='gallery-icon landscape'>\n\t\t\t\t<a href='https:\/\/www.visit-ulcinj.com\/blog\/wp-content\/uploads\/2011\/11\/Festa-e-geshtenjave-Kraje-2011.3.jpg'><img width=\"150\" height=\"150\" src=\"https:\/\/www.visit-ulcinj.com\/blog\/wp-content\/uploads\/2011\/11\/Festa-e-geshtenjave-Kraje-2011.3-150x150.jpg\" class=\"attachment-thumbnail size-thumbnail\" alt=\"\" loading=\"lazy\" \/><\/a>\n\t\t\t<\/dt><\/dl><dl class='gallery-item'>\n\t\t\t<dt class='gallery-icon landscape'>\n\t\t\t\t<a href='https:\/\/www.visit-ulcinj.com\/blog\/wp-content\/uploads\/2011\/11\/Festa-e-geshtenjave-Kraje-2011.4.jpg'><img width=\"150\" height=\"150\" src=\"https:\/\/www.visit-ulcinj.com\/blog\/wp-content\/uploads\/2011\/11\/Festa-e-geshtenjave-Kraje-2011.4-150x150.jpg\" class=\"attachment-thumbnail size-thumbnail\" alt=\"\" loading=\"lazy\" \/><\/a>\n\t\t\t<\/dt><\/dl><br style=\"clear: both\" \/><dl class='gallery-item'>\n\t\t\t<dt class='gallery-icon landscape'>\n\t\t\t\t<a href='https:\/\/www.visit-ulcinj.com\/blog\/wp-content\/uploads\/2011\/11\/Festa-e-geshtenjave-Kraje-2011.5.jpg'><img width=\"150\" height=\"150\" src=\"https:\/\/www.visit-ulcinj.com\/blog\/wp-content\/uploads\/2011\/11\/Festa-e-geshtenjave-Kraje-2011.5-150x150.jpg\" class=\"attachment-thumbnail size-thumbnail\" alt=\"\" loading=\"lazy\" \/><\/a>\n\t\t\t<\/dt><\/dl><dl class='gallery-item'>\n\t\t\t<dt class='gallery-icon landscape'>\n\t\t\t\t<a href='https:\/\/www.visit-ulcinj.com\/blog\/wp-content\/uploads\/2011\/11\/Festa-e-geshtenjave-Kraje-20112.jpg'><img width=\"150\" height=\"150\" src=\"https:\/\/www.visit-ulcinj.com\/blog\/wp-content\/uploads\/2011\/11\/Festa-e-geshtenjave-Kraje-20112-150x150.jpg\" class=\"attachment-thumbnail size-thumbnail\" alt=\"\" loading=\"lazy\" \/><\/a>\n\t\t\t<\/dt><\/dl><dl class='gallery-item'>\n\t\t\t<dt class='gallery-icon landscape'>\n\t\t\t\t<a href='https:\/\/www.visit-ulcinj.com\/blog\/wp-content\/uploads\/2011\/11\/Festa-e-geshtenjave-Kraje-2011.6.jpg'><img width=\"150\" height=\"150\" src=\"https:\/\/www.visit-ulcinj.com\/blog\/wp-content\/uploads\/2011\/11\/Festa-e-geshtenjave-Kraje-2011.6-150x150.jpg\" class=\"attachment-thumbnail size-thumbnail\" alt=\"\" loading=\"lazy\" \/><\/a>\n\t\t\t<\/dt><\/dl><br style=\"clear: both\" \/>\n\t\t<\/div>\n<br \/>\n<!--YouTube Error: bad URL entered--><\/p>\n","protected":false},"excerpt":{"rendered":"<p>Ka perfunduar me sukses per te pesten here me radhe, manifestimi bujqesor, turistik e kulturore &#8220;Festa e geshtenjave-Kraje 2011&#8221;. Kjo feste gjitheperfshirese pati nje interesim te jashtezakonshem si kurre me pare. Ne rruget kryesore ne qender te Ostrosit qe ne oret e para te mengjesit ishin reduar shites te ndryshem nga Kraja, Ana e Malit [&hellip;]<\/p>\n","protected":false},"author":1,"featured_media":0,"comment_status":"open","ping_status":"closed","sticky":false,"template":"","format":"standard","meta":{"spay_email":"","jetpack_publicize_message":"","jetpack_is_tweetstorm":false,"jetpack_publicize_feature_enabled":true},"categories":[14],"tags":[17828,17834,18370,17811,17831,18362,14353,17808,14354,12340,17840,17839,18363,17835,17814,17810,17816,17071,17807,19023,3516,2761,14652,17837,17827,5182,19478,14358,222,17802,17812,17803,17820,17825,17817,17805,17823,17832,3506,17818,214,17680,14362,14363,18371,3507,17800,2158,498,19479,3500,14364,17799,3327,17841,17826,15213,18236,3512,17806,11648,18289,17838,95,17813,17804,15141,17836,14366,79,17073,18294,18368,18369,1081,1653,19480,1909,14367,17801,18360,17822,14368,14369,17824,14370,18291,2083,3231,14371,41,3617,14372,17844,17821,18372,17830,17077,18295,14375,17833,17829,200,18,17819,17809,11863,14376],"jetpack_publicize_connections":[],"yoast_head":"<!-- This site is optimized with the Yoast SEO plugin v19.1 - https:\/\/yoast.com\/wordpress\/plugins\/seo\/ -->\n<title>&quot;Festa e geshtenjave-Kraje 2011&quot;,perfundon me sukses - Video - Lajme nga Ulqini<\/title>\n<meta name=\"description\" content=\"Ka perfunduar me sukses per te pesten here me radhe, manifestimi bujqesor, turistik e kulturore &quot;Festa e geshtenjave-Kraje 2011&quot;. Kjo feste\" \/>\n<meta name=\"robots\" content=\"index, follow, max-snippet:-1, max-image-preview:large, max-video-preview:-1\" \/>\n<link rel=\"canonical\" href=\"https:\/\/www.visit-ulcinj.com\/blog\/2011\/11\/20\/festa-e-geshtenjave-kraje-2011perfundon-me-sukses\/\" \/>\n<meta property=\"og:locale\" content=\"en_US\" \/>\n<meta property=\"og:type\" content=\"article\" \/>\n<meta property=\"og:title\" content=\"&quot;Festa e geshtenjave-Kraje 2011&quot;,perfundon me sukses - Video - Lajme nga Ulqini\" \/>\n<meta property=\"og:description\" content=\"Ka perfunduar me sukses per te pesten here me radhe, manifestimi bujqesor, turistik e kulturore &quot;Festa e geshtenjave-Kraje 2011&quot;. Kjo feste\" \/>\n<meta property=\"og:url\" content=\"https:\/\/www.visit-ulcinj.com\/blog\/2011\/11\/20\/festa-e-geshtenjave-kraje-2011perfundon-me-sukses\/\" \/>\n<meta property=\"og:site_name\" content=\"Lajme nga Ulqini\" \/>\n<meta property=\"article:published_time\" content=\"2011-11-20T17:09:15+00:00\" \/>\n<meta property=\"article:modified_time\" content=\"2011-11-26T21:23:43+00:00\" \/>\n<meta property=\"og:image\" content=\"https:\/\/www.visit-ulcinj.com\/blog\/wp-content\/uploads\/2011\/11\/Festa-e-geshtenjave-Kraje-20111-150x150.jpg\" \/>\n<meta name=\"twitter:label1\" content=\"Written by\" \/>\n\t<meta name=\"twitter:data1\" content=\"ulqini\" \/>\n\t<meta name=\"twitter:label2\" content=\"Est. reading time\" \/>\n\t<meta name=\"twitter:data2\" content=\"1 minute\" \/>\n<script type=\"application\/ld+json\" class=\"yoast-schema-graph\">{\"@context\":\"https:\/\/schema.org\",\"@graph\":[{\"@type\":\"WebSite\",\"@id\":\"https:\/\/www.visit-ulcinj.com\/blog\/#website\",\"url\":\"https:\/\/www.visit-ulcinj.com\/blog\/\",\"name\":\"Lajme nga Ulqini\",\"description\":\"Lajme,Vijesti,Ulqini,Ulqin,Crna Gora,Mali i Zi\",\"potentialAction\":[{\"@type\":\"SearchAction\",\"target\":{\"@type\":\"EntryPoint\",\"urlTemplate\":\"https:\/\/www.visit-ulcinj.com\/blog\/?s={search_term_string}\"},\"query-input\":\"required name=search_term_string\"}],\"inLanguage\":\"en-US\"},{\"@type\":\"ImageObject\",\"inLanguage\":\"en-US\",\"@id\":\"https:\/\/www.visit-ulcinj.com\/blog\/2011\/11\/20\/festa-e-geshtenjave-kraje-2011perfundon-me-sukses\/#primaryimage\",\"url\":\"https:\/\/www.visit-ulcinj.com\/blog\/wp-content\/uploads\/2011\/11\/Festa-e-geshtenjave-Kraje-20111.jpg\",\"contentUrl\":\"https:\/\/www.visit-ulcinj.com\/blog\/wp-content\/uploads\/2011\/11\/Festa-e-geshtenjave-Kraje-20111.jpg\",\"width\":\"800\",\"height\":\"600\"},{\"@type\":\"WebPage\",\"@id\":\"https:\/\/www.visit-ulcinj.com\/blog\/2011\/11\/20\/festa-e-geshtenjave-kraje-2011perfundon-me-sukses\/#webpage\",\"url\":\"https:\/\/www.visit-ulcinj.com\/blog\/2011\/11\/20\/festa-e-geshtenjave-kraje-2011perfundon-me-sukses\/\",\"name\":\"\\\"Festa e geshtenjave-Kraje 2011\\\",perfundon me sukses - Video - Lajme nga Ulqini\",\"isPartOf\":{\"@id\":\"https:\/\/www.visit-ulcinj.com\/blog\/#website\"},\"primaryImageOfPage\":{\"@id\":\"https:\/\/www.visit-ulcinj.com\/blog\/2011\/11\/20\/festa-e-geshtenjave-kraje-2011perfundon-me-sukses\/#primaryimage\"},\"datePublished\":\"2011-11-20T17:09:15+00:00\",\"dateModified\":\"2011-11-26T21:23:43+00:00\",\"author\":{\"@id\":\"https:\/\/www.visit-ulcinj.com\/blog\/#\/schema\/person\/dcab619c614d3038751c63bc2aadc06d\"},\"description\":\"Ka perfunduar me sukses per te pesten here me radhe, manifestimi bujqesor, turistik e kulturore \\\"Festa e geshtenjave-Kraje 2011\\\". Kjo feste\",\"breadcrumb\":{\"@id\":\"https:\/\/www.visit-ulcinj.com\/blog\/2011\/11\/20\/festa-e-geshtenjave-kraje-2011perfundon-me-sukses\/#breadcrumb\"},\"inLanguage\":\"en-US\",\"potentialAction\":[{\"@type\":\"ReadAction\",\"target\":[\"https:\/\/www.visit-ulcinj.com\/blog\/2011\/11\/20\/festa-e-geshtenjave-kraje-2011perfundon-me-sukses\/\"]}]},{\"@type\":\"BreadcrumbList\",\"@id\":\"https:\/\/www.visit-ulcinj.com\/blog\/2011\/11\/20\/festa-e-geshtenjave-kraje-2011perfundon-me-sukses\/#breadcrumb\",\"itemListElement\":[{\"@type\":\"ListItem\",\"position\":1,\"name\":\"&#8220;Festa e geshtenjave-Kraje 2011&#8221;,perfundon me sukses &#8211; Video\"}]},{\"@type\":\"Person\",\"@id\":\"https:\/\/www.visit-ulcinj.com\/blog\/#\/schema\/person\/dcab619c614d3038751c63bc2aadc06d\",\"name\":\"ulqini\",\"sameAs\":[\"http:\/\/www.visit-ulcinj.com\"],\"url\":\"https:\/\/www.visit-ulcinj.com\/blog\/author\/admin\/\"}]}<\/script>\n<!-- \/ Yoast SEO plugin. -->","yoast_head_json":{"title":"\"Festa e geshtenjave-Kraje 2011\",perfundon me sukses - Video - Lajme nga Ulqini","description":"Ka perfunduar me sukses per te pesten here me radhe, manifestimi bujqesor, turistik e kulturore \"Festa e geshtenjave-Kraje 2011\". Kjo feste","robots":{"index":"index","follow":"follow","max-snippet":"max-snippet:-1","max-image-preview":"max-image-preview:large","max-video-preview":"max-video-preview:-1"},"canonical":"https:\/\/www.visit-ulcinj.com\/blog\/2011\/11\/20\/festa-e-geshtenjave-kraje-2011perfundon-me-sukses\/","og_locale":"en_US","og_type":"article","og_title":"\"Festa e geshtenjave-Kraje 2011\",perfundon me sukses - Video - Lajme nga Ulqini","og_description":"Ka perfunduar me sukses per te pesten here me radhe, manifestimi bujqesor, turistik e kulturore \"Festa e geshtenjave-Kraje 2011\". Kjo feste","og_url":"https:\/\/www.visit-ulcinj.com\/blog\/2011\/11\/20\/festa-e-geshtenjave-kraje-2011perfundon-me-sukses\/","og_site_name":"Lajme nga Ulqini","article_published_time":"2011-11-20T17:09:15+00:00","article_modified_time":"2011-11-26T21:23:43+00:00","og_image":[{"url":"https:\/\/www.visit-ulcinj.com\/blog\/wp-content\/uploads\/2011\/11\/Festa-e-geshtenjave-Kraje-20111-150x150.jpg"}],"twitter_misc":{"Written by":"ulqini","Est. reading time":"1 minute"},"schema":{"@context":"https:\/\/schema.org","@graph":[{"@type":"WebSite","@id":"https:\/\/www.visit-ulcinj.com\/blog\/#website","url":"https:\/\/www.visit-ulcinj.com\/blog\/","name":"Lajme nga Ulqini","description":"Lajme,Vijesti,Ulqini,Ulqin,Crna Gora,Mali i Zi","potentialAction":[{"@type":"SearchAction","target":{"@type":"EntryPoint","urlTemplate":"https:\/\/www.visit-ulcinj.com\/blog\/?s={search_term_string}"},"query-input":"required name=search_term_string"}],"inLanguage":"en-US"},{"@type":"ImageObject","inLanguage":"en-US","@id":"https:\/\/www.visit-ulcinj.com\/blog\/2011\/11\/20\/festa-e-geshtenjave-kraje-2011perfundon-me-sukses\/#primaryimage","url":"https:\/\/www.visit-ulcinj.com\/blog\/wp-content\/uploads\/2011\/11\/Festa-e-geshtenjave-Kraje-20111.jpg","contentUrl":"https:\/\/www.visit-ulcinj.com\/blog\/wp-content\/uploads\/2011\/11\/Festa-e-geshtenjave-Kraje-20111.jpg","width":"800","height":"600"},{"@type":"WebPage","@id":"https:\/\/www.visit-ulcinj.com\/blog\/2011\/11\/20\/festa-e-geshtenjave-kraje-2011perfundon-me-sukses\/#webpage","url":"https:\/\/www.visit-ulcinj.com\/blog\/2011\/11\/20\/festa-e-geshtenjave-kraje-2011perfundon-me-sukses\/","name":"\"Festa e geshtenjave-Kraje 2011\",perfundon me sukses - Video - Lajme nga Ulqini","isPartOf":{"@id":"https:\/\/www.visit-ulcinj.com\/blog\/#website"},"primaryImageOfPage":{"@id":"https:\/\/www.visit-ulcinj.com\/blog\/2011\/11\/20\/festa-e-geshtenjave-kraje-2011perfundon-me-sukses\/#primaryimage"},"datePublished":"2011-11-20T17:09:15+00:00","dateModified":"2011-11-26T21:23:43+00:00","author":{"@id":"https:\/\/www.visit-ulcinj.com\/blog\/#\/schema\/person\/dcab619c614d3038751c63bc2aadc06d"},"description":"Ka perfunduar me sukses per te pesten here me radhe, manifestimi bujqesor, turistik e kulturore \"Festa e geshtenjave-Kraje 2011\". Kjo feste","breadcrumb":{"@id":"https:\/\/www.visit-ulcinj.com\/blog\/2011\/11\/20\/festa-e-geshtenjave-kraje-2011perfundon-me-sukses\/#breadcrumb"},"inLanguage":"en-US","potentialAction":[{"@type":"ReadAction","target":["https:\/\/www.visit-ulcinj.com\/blog\/2011\/11\/20\/festa-e-geshtenjave-kraje-2011perfundon-me-sukses\/"]}]},{"@type":"BreadcrumbList","@id":"https:\/\/www.visit-ulcinj.com\/blog\/2011\/11\/20\/festa-e-geshtenjave-kraje-2011perfundon-me-sukses\/#breadcrumb","itemListElement":[{"@type":"ListItem","position":1,"name":"&#8220;Festa e geshtenjave-Kraje 2011&#8221;,perfundon me sukses &#8211; Video"}]},{"@type":"Person","@id":"https:\/\/www.visit-ulcinj.com\/blog\/#\/schema\/person\/dcab619c614d3038751c63bc2aadc06d","name":"ulqini","sameAs":["http:\/\/www.visit-ulcinj.com"],"url":"https:\/\/www.visit-ulcinj.com\/blog\/author\/admin\/"}]}},"jetpack_featured_media_url":"","jetpack_sharing_enabled":true,"jetpack_shortlink":"https:\/\/wp.me\/pe6lTn-dVe","_links":{"self":[{"href":"https:\/\/www.visit-ulcinj.com\/blog\/wp-json\/wp\/v2\/posts\/53520"}],"collection":[{"href":"https:\/\/www.visit-ulcinj.com\/blog\/wp-json\/wp\/v2\/posts"}],"about":[{"href":"https:\/\/www.visit-ulcinj.com\/blog\/wp-json\/wp\/v2\/types\/post"}],"author":[{"embeddable":true,"href":"https:\/\/www.visit-ulcinj.com\/blog\/wp-json\/wp\/v2\/users\/1"}],"replies":[{"embeddable":true,"href":"https:\/\/www.visit-ulcinj.com\/blog\/wp-json\/wp\/v2\/comments?post=53520"}],"version-history":[{"count":5,"href":"https:\/\/www.visit-ulcinj.com\/blog\/wp-json\/wp\/v2\/posts\/53520\/revisions"}],"predecessor-version":[{"id":53704,"href":"https:\/\/www.visit-ulcinj.com\/blog\/wp-json\/wp\/v2\/posts\/53520\/revisions\/53704"}],"wp:attachment":[{"href":"https:\/\/www.visit-ulcinj.com\/blog\/wp-json\/wp\/v2\/media?parent=53520"}],"wp:term":[{"taxonomy":"category","embeddable":true,"href":"https:\/\/www.visit-ulcinj.com\/blog\/wp-json\/wp\/v2\/categories?post=53520"},{"taxonomy":"post_tag","embeddable":true,"href":"https:\/\/www.visit-ulcinj.com\/blog\/wp-json\/wp\/v2\/tags?post=53520"}],"curies":[{"name":"wp","href":"https:\/\/api.w.org\/{rel}","templated":true}]}}