{"id":53528,"date":"2011-11-21T16:15:19","date_gmt":"2011-11-21T15:15:19","guid":{"rendered":"http:\/\/www.visit-ulcinj.com\/blog\/?p=53528"},"modified":"2011-11-21T16:15:19","modified_gmt":"2011-11-21T15:15:19","slug":"ulcinjska-solana-pod-lupom-flamingosa","status":"publish","type":"post","link":"https:\/\/www.visit-ulcinj.com\/blog\/2011\/11\/21\/ulcinjska-solana-pod-lupom-flamingosa\/","title":{"rendered":"Ulcinjska solana pod lupom flamingosa!"},"content":{"rendered":"<p><a href=\"http:\/\/www.visit-ulcinj.com\/blog\/wp-content\/uploads\/2011\/11\/Ulcinjska-solana-pod-lupom-flamingosa_Poster.jpg\"><img loading=\"lazy\" class=\"alignleft size-full wp-image-53529\" title=\"Ulcinjska solana pod lupom flamingosa!_Poster\" src=\"http:\/\/www.visit-ulcinj.com\/blog\/wp-content\/uploads\/2011\/11\/Ulcinjska-solana-pod-lupom-flamingosa_Poster.jpg\" alt=\"\" width=\"508\" height=\"200\" \/><\/a>U subotu 19.11.2011.godine tim Centra za za\u0161titu i prou\u010davanje ptica Crne Gore, a u dru\u0161tvu kolege iz Dru\u0161tva za za\u0161titu i prou\u010davanje ptica Srbije, do\u010dekao je nesvakida\u0161nji prizor na Ulcinjskoj solani. Jato od 450 flamingosa se odmaralo u vi\u0161e bazena solane nao\u010digled posmatra\u010da nagradiv\u0161i prisutnie ornitologe nezaboravnom panoramom. Flamingosi trenutno \u201cskitaju\u201d ili \u201clutaju\u201d \u0161to je opis za pona\u0161anje ptica koje posje\u0107uju naizmjeni\u010dno vi\u0161e pogodnih mjesta za ishranu i odmor na taj na\u010din biraju\u0107i lokaciju za sljede\u0107u sezonu gnije\u017e\u0111enja. Ovaj pozitivan trend dolaska sve ve\u0107eg i ve\u0107eg broja flamingosa u posljednje dvije godine svakako obe\u0107ava, ako znamo da je do sada najve\u0107a brojka bila 104 jedinike, prije mjesec dana 115 a sada ve\u0107 450. CZIP ove posjete redovno prati i trudi se da javnosti skrene pa\u017eju na malo poznate goste u Crnoj Gori. Posebno je zna\u010dajno da ukoliko se ovim harizmati\u010dnim posjetiocima dopadne ono \u0161to im solana nudi, mogu\u0107e je da \u0107e, uz odgovaraju\u0107e prirpreme, sljede\u0107e godine gnijezditi na tom podru\u010dju. Ovo prije svega zavisi od nas, a ne od flamingosa. Na solani su se osim flamingosa, tokom \u010ditavog dana \u010duli i pucnji, iako nije bio lovni dan a Ulcinjska solana nije lovno podru\u010dje. To \u0161to su ove ptice bile mirne ukazuje samo na to da dolaze iz mjesta gdje do sada nisu bile izlo\u017eene uznemiravanju, te gdje su ovakva mjesta kako to zakon zahtjeva bez krivolovaca zbog \u010dega nisu ni svjesne opasnosti u kojoj se nalaze. Ukoliko bi nesavjesni lovci pucali na flamingose i ubili samo jednu pticu oni bi zauvijek bili prognani sa ovih prostora. Sli\u010dna je stvar sa pelikanima, koji su bili redovni zimski gosti Ulcinjske solane, a danas je prava sre\u0107a vidjeti ih da se tu hrane.<\/p>\n<p>Upravo u ovom trenutku odlu\u010duje se o budu\u0107nosti flamingosa sa Ulcinjske solane, da li \u0107e nas u narednim godinama do\u010dekati bazeni oki\u0107eni jatima jedne od najpopularnijih ptica na svijetu ili \u0107e biti potpuno prazni, a podatak da flamingosi posje\u0107uju Crnu Goru bi\u0107e ponovo zaveden kao neta\u010dan.<\/p>\n<p><a href=\"http:\/\/www.birdwatchingmn.org\/index.php?subaction=showfull&amp;id=1321876012&amp;archive=&amp;start_from=&amp;ucat=1&amp;lng=cg&amp;page=01\" target=\"_blank\"><strong>Tekst pripremila: Bjanka Praklja\u010di\u0107<\/strong><\/a><\/p>\n<p><a href=\"http:\/\/www.birdwatchingmn.org\/index.php?subaction=showfull&amp;id=1321876012&amp;archive=&amp;start_from=&amp;ucat=1&amp;lng=cg&amp;page=01\" target=\"_blank\"><strong>\u00a9 CENTAR ZA ZA\u0160TITU I PROU\u010cAVANJE PTICA\u00a0 CRNE GORE (CZIP)<\/strong><\/a><\/p>\n<!--YouTube Error: bad URL entered-->\n","protected":false},"excerpt":{"rendered":"<p>U subotu 19.11.2011.godine tim Centra za za\u0161titu i prou\u010davanje ptica Crne Gore, a u dru\u0161tvu kolege iz Dru\u0161tva za za\u0161titu i prou\u010davanje ptica Srbije, do\u010dekao je nesvakida\u0161nji prizor na Ulcinjskoj solani. Jato od 450 flamingosa se odmaralo u vi\u0161e bazena solane nao\u010digled posmatra\u010da nagradiv\u0161i prisutnie ornitologe nezaboravnom panoramom. Flamingosi trenutno \u201cskitaju\u201d ili \u201clutaju\u201d \u0161to je [&hellip;]<\/p>\n","protected":false},"author":1,"featured_media":0,"comment_status":"open","ping_status":"closed","sticky":false,"template":"","format":"standard","meta":{"spay_email":"","jetpack_publicize_message":"","jetpack_is_tweetstorm":false,"jetpack_publicize_feature_enabled":true},"categories":[8337],"tags":[19482,1968],"jetpack_publicize_connections":[],"yoast_head":"<!-- This site is optimized with the Yoast SEO plugin v19.1 - https:\/\/yoast.com\/wordpress\/plugins\/seo\/ -->\n<title>Ulcinjska solana pod lupom flamingosa! - Lajme nga Ulqini<\/title>\n<meta name=\"description\" content=\"U subotu 19.11.2011.godine tim Centra za za\u0161titu i prou\u010davanje ptica Crne Gore, a u dru\u0161tvu kolege iz Dru\u0161tva za za\u0161titu i prou\u010davanje ptica Srbije,\" \/>\n<meta name=\"robots\" content=\"index, follow, max-snippet:-1, max-image-preview:large, max-video-preview:-1\" \/>\n<link rel=\"canonical\" href=\"https:\/\/www.visit-ulcinj.com\/blog\/2011\/11\/21\/ulcinjska-solana-pod-lupom-flamingosa\/\" \/>\n<meta property=\"og:locale\" content=\"en_US\" \/>\n<meta property=\"og:type\" content=\"article\" \/>\n<meta property=\"og:title\" content=\"Ulcinjska solana pod lupom flamingosa! - Lajme nga Ulqini\" \/>\n<meta property=\"og:description\" content=\"U subotu 19.11.2011.godine tim Centra za za\u0161titu i prou\u010davanje ptica Crne Gore, a u dru\u0161tvu kolege iz Dru\u0161tva za za\u0161titu i prou\u010davanje ptica Srbije,\" \/>\n<meta property=\"og:url\" content=\"https:\/\/www.visit-ulcinj.com\/blog\/2011\/11\/21\/ulcinjska-solana-pod-lupom-flamingosa\/\" \/>\n<meta property=\"og:site_name\" content=\"Lajme nga Ulqini\" \/>\n<meta property=\"article:published_time\" content=\"2011-11-21T15:15:19+00:00\" \/>\n<meta property=\"og:image\" content=\"http:\/\/www.visit-ulcinj.com\/blog\/wp-content\/uploads\/2011\/11\/Ulcinjska-solana-pod-lupom-flamingosa_Poster.jpg\" \/>\n<meta name=\"twitter:label1\" content=\"Written by\" \/>\n\t<meta name=\"twitter:data1\" content=\"ulqini\" \/>\n\t<meta name=\"twitter:label2\" content=\"Est. reading time\" \/>\n\t<meta name=\"twitter:data2\" content=\"2 minutes\" \/>\n<script type=\"application\/ld+json\" class=\"yoast-schema-graph\">{\"@context\":\"https:\/\/schema.org\",\"@graph\":[{\"@type\":\"WebSite\",\"@id\":\"https:\/\/www.visit-ulcinj.com\/blog\/#website\",\"url\":\"https:\/\/www.visit-ulcinj.com\/blog\/\",\"name\":\"Lajme nga Ulqini\",\"description\":\"Lajme,Vijesti,Ulqini,Ulqin,Crna Gora,Mali i Zi\",\"potentialAction\":[{\"@type\":\"SearchAction\",\"target\":{\"@type\":\"EntryPoint\",\"urlTemplate\":\"https:\/\/www.visit-ulcinj.com\/blog\/?s={search_term_string}\"},\"query-input\":\"required name=search_term_string\"}],\"inLanguage\":\"en-US\"},{\"@type\":\"ImageObject\",\"inLanguage\":\"en-US\",\"@id\":\"https:\/\/www.visit-ulcinj.com\/blog\/2011\/11\/21\/ulcinjska-solana-pod-lupom-flamingosa\/#primaryimage\",\"url\":\"https:\/\/www.visit-ulcinj.com\/blog\/wp-content\/uploads\/2011\/11\/Ulcinjska-solana-pod-lupom-flamingosa_Poster.jpg\",\"contentUrl\":\"https:\/\/www.visit-ulcinj.com\/blog\/wp-content\/uploads\/2011\/11\/Ulcinjska-solana-pod-lupom-flamingosa_Poster.jpg\",\"width\":\"571\",\"height\":\"200\"},{\"@type\":\"WebPage\",\"@id\":\"https:\/\/www.visit-ulcinj.com\/blog\/2011\/11\/21\/ulcinjska-solana-pod-lupom-flamingosa\/#webpage\",\"url\":\"https:\/\/www.visit-ulcinj.com\/blog\/2011\/11\/21\/ulcinjska-solana-pod-lupom-flamingosa\/\",\"name\":\"Ulcinjska solana pod lupom flamingosa! - Lajme nga Ulqini\",\"isPartOf\":{\"@id\":\"https:\/\/www.visit-ulcinj.com\/blog\/#website\"},\"primaryImageOfPage\":{\"@id\":\"https:\/\/www.visit-ulcinj.com\/blog\/2011\/11\/21\/ulcinjska-solana-pod-lupom-flamingosa\/#primaryimage\"},\"datePublished\":\"2011-11-21T15:15:19+00:00\",\"dateModified\":\"2011-11-21T15:15:19+00:00\",\"author\":{\"@id\":\"https:\/\/www.visit-ulcinj.com\/blog\/#\/schema\/person\/dcab619c614d3038751c63bc2aadc06d\"},\"description\":\"U subotu 19.11.2011.godine tim Centra za za\u0161titu i prou\u010davanje ptica Crne Gore, a u dru\u0161tvu kolege iz Dru\u0161tva za za\u0161titu i prou\u010davanje ptica Srbije,\",\"breadcrumb\":{\"@id\":\"https:\/\/www.visit-ulcinj.com\/blog\/2011\/11\/21\/ulcinjska-solana-pod-lupom-flamingosa\/#breadcrumb\"},\"inLanguage\":\"en-US\",\"potentialAction\":[{\"@type\":\"ReadAction\",\"target\":[\"https:\/\/www.visit-ulcinj.com\/blog\/2011\/11\/21\/ulcinjska-solana-pod-lupom-flamingosa\/\"]}]},{\"@type\":\"BreadcrumbList\",\"@id\":\"https:\/\/www.visit-ulcinj.com\/blog\/2011\/11\/21\/ulcinjska-solana-pod-lupom-flamingosa\/#breadcrumb\",\"itemListElement\":[{\"@type\":\"ListItem\",\"position\":1,\"name\":\"Ulcinjska solana pod lupom flamingosa!\"}]},{\"@type\":\"Person\",\"@id\":\"https:\/\/www.visit-ulcinj.com\/blog\/#\/schema\/person\/dcab619c614d3038751c63bc2aadc06d\",\"name\":\"ulqini\",\"sameAs\":[\"http:\/\/www.visit-ulcinj.com\"],\"url\":\"https:\/\/www.visit-ulcinj.com\/blog\/author\/admin\/\"}]}<\/script>\n<!-- \/ Yoast SEO plugin. -->","yoast_head_json":{"title":"Ulcinjska solana pod lupom flamingosa! - Lajme nga Ulqini","description":"U subotu 19.11.2011.godine tim Centra za za\u0161titu i prou\u010davanje ptica Crne Gore, a u dru\u0161tvu kolege iz Dru\u0161tva za za\u0161titu i prou\u010davanje ptica Srbije,","robots":{"index":"index","follow":"follow","max-snippet":"max-snippet:-1","max-image-preview":"max-image-preview:large","max-video-preview":"max-video-preview:-1"},"canonical":"https:\/\/www.visit-ulcinj.com\/blog\/2011\/11\/21\/ulcinjska-solana-pod-lupom-flamingosa\/","og_locale":"en_US","og_type":"article","og_title":"Ulcinjska solana pod lupom flamingosa! - Lajme nga Ulqini","og_description":"U subotu 19.11.2011.godine tim Centra za za\u0161titu i prou\u010davanje ptica Crne Gore, a u dru\u0161tvu kolege iz Dru\u0161tva za za\u0161titu i prou\u010davanje ptica Srbije,","og_url":"https:\/\/www.visit-ulcinj.com\/blog\/2011\/11\/21\/ulcinjska-solana-pod-lupom-flamingosa\/","og_site_name":"Lajme nga Ulqini","article_published_time":"2011-11-21T15:15:19+00:00","og_image":[{"url":"http:\/\/www.visit-ulcinj.com\/blog\/wp-content\/uploads\/2011\/11\/Ulcinjska-solana-pod-lupom-flamingosa_Poster.jpg"}],"twitter_misc":{"Written by":"ulqini","Est. reading time":"2 minutes"},"schema":{"@context":"https:\/\/schema.org","@graph":[{"@type":"WebSite","@id":"https:\/\/www.visit-ulcinj.com\/blog\/#website","url":"https:\/\/www.visit-ulcinj.com\/blog\/","name":"Lajme nga Ulqini","description":"Lajme,Vijesti,Ulqini,Ulqin,Crna Gora,Mali i Zi","potentialAction":[{"@type":"SearchAction","target":{"@type":"EntryPoint","urlTemplate":"https:\/\/www.visit-ulcinj.com\/blog\/?s={search_term_string}"},"query-input":"required name=search_term_string"}],"inLanguage":"en-US"},{"@type":"ImageObject","inLanguage":"en-US","@id":"https:\/\/www.visit-ulcinj.com\/blog\/2011\/11\/21\/ulcinjska-solana-pod-lupom-flamingosa\/#primaryimage","url":"https:\/\/www.visit-ulcinj.com\/blog\/wp-content\/uploads\/2011\/11\/Ulcinjska-solana-pod-lupom-flamingosa_Poster.jpg","contentUrl":"https:\/\/www.visit-ulcinj.com\/blog\/wp-content\/uploads\/2011\/11\/Ulcinjska-solana-pod-lupom-flamingosa_Poster.jpg","width":"571","height":"200"},{"@type":"WebPage","@id":"https:\/\/www.visit-ulcinj.com\/blog\/2011\/11\/21\/ulcinjska-solana-pod-lupom-flamingosa\/#webpage","url":"https:\/\/www.visit-ulcinj.com\/blog\/2011\/11\/21\/ulcinjska-solana-pod-lupom-flamingosa\/","name":"Ulcinjska solana pod lupom flamingosa! - Lajme nga Ulqini","isPartOf":{"@id":"https:\/\/www.visit-ulcinj.com\/blog\/#website"},"primaryImageOfPage":{"@id":"https:\/\/www.visit-ulcinj.com\/blog\/2011\/11\/21\/ulcinjska-solana-pod-lupom-flamingosa\/#primaryimage"},"datePublished":"2011-11-21T15:15:19+00:00","dateModified":"2011-11-21T15:15:19+00:00","author":{"@id":"https:\/\/www.visit-ulcinj.com\/blog\/#\/schema\/person\/dcab619c614d3038751c63bc2aadc06d"},"description":"U subotu 19.11.2011.godine tim Centra za za\u0161titu i prou\u010davanje ptica Crne Gore, a u dru\u0161tvu kolege iz Dru\u0161tva za za\u0161titu i prou\u010davanje ptica Srbije,","breadcrumb":{"@id":"https:\/\/www.visit-ulcinj.com\/blog\/2011\/11\/21\/ulcinjska-solana-pod-lupom-flamingosa\/#breadcrumb"},"inLanguage":"en-US","potentialAction":[{"@type":"ReadAction","target":["https:\/\/www.visit-ulcinj.com\/blog\/2011\/11\/21\/ulcinjska-solana-pod-lupom-flamingosa\/"]}]},{"@type":"BreadcrumbList","@id":"https:\/\/www.visit-ulcinj.com\/blog\/2011\/11\/21\/ulcinjska-solana-pod-lupom-flamingosa\/#breadcrumb","itemListElement":[{"@type":"ListItem","position":1,"name":"Ulcinjska solana pod lupom flamingosa!"}]},{"@type":"Person","@id":"https:\/\/www.visit-ulcinj.com\/blog\/#\/schema\/person\/dcab619c614d3038751c63bc2aadc06d","name":"ulqini","sameAs":["http:\/\/www.visit-ulcinj.com"],"url":"https:\/\/www.visit-ulcinj.com\/blog\/author\/admin\/"}]}},"jetpack_featured_media_url":"","jetpack_sharing_enabled":true,"jetpack_shortlink":"https:\/\/wp.me\/pe6lTn-dVm","_links":{"self":[{"href":"https:\/\/www.visit-ulcinj.com\/blog\/wp-json\/wp\/v2\/posts\/53528"}],"collection":[{"href":"https:\/\/www.visit-ulcinj.com\/blog\/wp-json\/wp\/v2\/posts"}],"about":[{"href":"https:\/\/www.visit-ulcinj.com\/blog\/wp-json\/wp\/v2\/types\/post"}],"author":[{"embeddable":true,"href":"https:\/\/www.visit-ulcinj.com\/blog\/wp-json\/wp\/v2\/users\/1"}],"replies":[{"embeddable":true,"href":"https:\/\/www.visit-ulcinj.com\/blog\/wp-json\/wp\/v2\/comments?post=53528"}],"version-history":[{"count":1,"href":"https:\/\/www.visit-ulcinj.com\/blog\/wp-json\/wp\/v2\/posts\/53528\/revisions"}],"predecessor-version":[{"id":53530,"href":"https:\/\/www.visit-ulcinj.com\/blog\/wp-json\/wp\/v2\/posts\/53528\/revisions\/53530"}],"wp:attachment":[{"href":"https:\/\/www.visit-ulcinj.com\/blog\/wp-json\/wp\/v2\/media?parent=53528"}],"wp:term":[{"taxonomy":"category","embeddable":true,"href":"https:\/\/www.visit-ulcinj.com\/blog\/wp-json\/wp\/v2\/categories?post=53528"},{"taxonomy":"post_tag","embeddable":true,"href":"https:\/\/www.visit-ulcinj.com\/blog\/wp-json\/wp\/v2\/tags?post=53528"}],"curies":[{"name":"wp","href":"https:\/\/api.w.org\/{rel}","templated":true}]}}