{"id":53537,"date":"2011-11-21T16:41:24","date_gmt":"2011-11-21T15:41:24","guid":{"rendered":"http:\/\/www.visit-ulcinj.com\/blog\/?p=53537"},"modified":"2011-11-21T16:43:28","modified_gmt":"2011-11-21T15:43:28","slug":"ga-trazi-da-administrativni-odbor-razrijesi-bardhija","status":"publish","type":"post","link":"https:\/\/www.visit-ulcinj.com\/blog\/2011\/11\/21\/ga-trazi-da-administrativni-odbor-razrijesi-bardhija\/","title":{"rendered":"GA tra\u017ei da Administrativni odbor razrije\u0161i Bardhija"},"content":{"rendered":"<p><a href=\"http:\/\/www.visit-ulcinj.com\/blog\/wp-content\/uploads\/2011\/11\/Mehmet-Bardhi.jpg\"><img loading=\"lazy\" class=\"alignleft size-full wp-image-53538\" title=\"Mehmet-Bardhi\" src=\"http:\/\/www.visit-ulcinj.com\/blog\/wp-content\/uploads\/2011\/11\/Mehmet-Bardhi.jpg\" alt=\"\" width=\"508\" height=\"377\" \/><\/a>Gra\u0111anska alijansa (GA) zatra\u017eila je danas od predsjednika Admnistrativnog odbora crnogorske Skup\u0161tine Radivoja Nik\u010devi\u0107a da pokrene incijativu i poslanika Mehmeda Bardhija razrije\u0161i sa funkcije \u010dlana Upravnog odbora (UO) Fonda za manjine.<\/p>\n<p>Koordinator GA Milan Radovi\u0107, u inicijativi dostavljenoj Nik\u010devi\u0107u, podsjetio je da stupanjem na snagu izmjena Zakona o konfliktu interesa, poslanici vi\u0161e nemaju pravo da budu \u010dlanovi upravnih odbora i upravlja\u010dkih organa institucija.<\/p>\n<p>Bardhi je nedavno na sjednici Admnistrativnog odbora, na kojoj su usvojene ostavke ostalih poslanika u Fondu, odbio da podnese ostavku na tu funkciju. On je kazao da ne kr\u0161i zakon o konfliktu interesa koji se, kako je pojasnio, odnosi se samo na javna preduze\u0107a.<\/p>\n<p>Radovi\u0107 smatra da bi pokretanjem inicijative za smjenu Bardhija bila pokazana odgovornost parlamenta u implementaciji zakona koje je sam donio i sa\u010duvan dignitet poslani\u010dke funkcije,<\/p>\n<p>&#8220;Tim \u010dinom \u0107ete pokazati spremnost da se borimo sa ovim anomalijama i primjerom pokazati da Skup\u0161tina Crne Gore postaje kredibilna institucija, o \u010demu je ovih dana bilo rije\u010di iz vi\u0161e zemalja Evropske unije (EU), koje odlu\u010duju o dobijanju datuma pregovora sa EU&#8221;, ka\u017ee se inicijativi Radovi\u0107a.<br \/>\n<a href=\"http:\/\/www.visit-ulcinj.com\/blog\/wp-content\/uploads\/2011\/11\/ODBOR-FONDA-ZA-MANJINE-CRNE-GORE.jpg\"><img loading=\"lazy\" class=\"alignleft size-full wp-image-53541\" title=\"ODBOR FONDA ZA MANJINE CRNE GORE\" src=\"http:\/\/www.visit-ulcinj.com\/blog\/wp-content\/uploads\/2011\/11\/ODBOR-FONDA-ZA-MANJINE-CRNE-GORE.jpg\" alt=\"\" width=\"508\" height=\"330\" \/><\/a><\/p>\n<p>Odbor je ranije konstatovao ostavke sedam poslanika koji su bili u Fondu, koji ima 16 \u010dlanova. Na li\u010dni zahtjev ostavke su podnijeli Rifat Rastoder i Hidajeta Bajramspahi\u0107 iz Socijaldemokratske partije, \u0110or\u0111e Pinjati\u0107, Halil Dukovi\u0107 i Husnija \u0160abovi\u0107 iz Demokratske partije socijlaista, Amer Halilovi\u0107 iz Bo\u0161nja\u010dke stramkei Ljerka Dragi\u010devi\u0107 iz Hrvatske gra\u0111ansk inicijative.<\/p>\n<p><a href=\"http:\/\/www.vijesti.me\/vijesti\/ga-trazi-da-administrativni-odbor-razrijesi-bardhija-clanak-47999\" target=\"_blank\"><strong>Vijesti<\/strong><strong><br \/>\nMINA\u00a0<\/strong><\/a><\/p>\n","protected":false},"excerpt":{"rendered":"<p>Gra\u0111anska alijansa (GA) zatra\u017eila je danas od predsjednika Admnistrativnog odbora crnogorske Skup\u0161tine Radivoja Nik\u010devi\u0107a da pokrene incijativu i poslanika Mehmeda Bardhija razrije\u0161i sa funkcije \u010dlana Upravnog odbora (UO) Fonda za manjine. Koordinator GA Milan Radovi\u0107, u inicijativi dostavljenoj Nik\u010devi\u0107u, podsjetio je da stupanjem na snagu izmjena Zakona o konfliktu interesa, poslanici vi\u0161e nemaju pravo da [&hellip;]<\/p>\n","protected":false},"author":1,"featured_media":0,"comment_status":"open","ping_status":"closed","sticky":false,"template":"","format":"standard","meta":{"spay_email":"","jetpack_publicize_message":"","jetpack_is_tweetstorm":false,"jetpack_publicize_feature_enabled":true},"categories":[8337],"tags":[347],"jetpack_publicize_connections":[],"yoast_head":"<!-- This site is optimized with the Yoast SEO plugin v19.1 - https:\/\/yoast.com\/wordpress\/plugins\/seo\/ -->\n<title>GA tra\u017ei da Administrativni odbor razrije\u0161i Bardhija - Lajme nga Ulqini<\/title>\n<meta name=\"description\" content=\"Gra\u0111anska alijansa (GA) zatra\u017eila je danas od predsjednika Admnistrativnog odbora crnogorske Skup\u0161tine Radivoja Nik\u010devi\u0107a da pokrene incijativu i\" \/>\n<meta name=\"robots\" content=\"index, follow, max-snippet:-1, max-image-preview:large, max-video-preview:-1\" \/>\n<link rel=\"canonical\" href=\"https:\/\/www.visit-ulcinj.com\/blog\/2011\/11\/21\/ga-trazi-da-administrativni-odbor-razrijesi-bardhija\/\" \/>\n<meta property=\"og:locale\" content=\"en_US\" \/>\n<meta property=\"og:type\" content=\"article\" \/>\n<meta property=\"og:title\" content=\"GA tra\u017ei da Administrativni odbor razrije\u0161i Bardhija - Lajme nga Ulqini\" \/>\n<meta property=\"og:description\" content=\"Gra\u0111anska alijansa (GA) zatra\u017eila je danas od predsjednika Admnistrativnog odbora crnogorske Skup\u0161tine Radivoja Nik\u010devi\u0107a da pokrene incijativu i\" \/>\n<meta property=\"og:url\" content=\"https:\/\/www.visit-ulcinj.com\/blog\/2011\/11\/21\/ga-trazi-da-administrativni-odbor-razrijesi-bardhija\/\" \/>\n<meta property=\"og:site_name\" content=\"Lajme nga Ulqini\" \/>\n<meta property=\"article:published_time\" content=\"2011-11-21T15:41:24+00:00\" \/>\n<meta property=\"article:modified_time\" content=\"2011-11-21T15:43:28+00:00\" \/>\n<meta property=\"og:image\" content=\"http:\/\/www.visit-ulcinj.com\/blog\/wp-content\/uploads\/2011\/11\/Mehmet-Bardhi.jpg\" \/>\n<meta name=\"twitter:label1\" content=\"Written by\" \/>\n\t<meta name=\"twitter:data1\" content=\"ulqini\" \/>\n\t<meta name=\"twitter:label2\" content=\"Est. reading time\" \/>\n\t<meta name=\"twitter:data2\" content=\"1 minute\" \/>\n<script type=\"application\/ld+json\" class=\"yoast-schema-graph\">{\"@context\":\"https:\/\/schema.org\",\"@graph\":[{\"@type\":\"WebSite\",\"@id\":\"https:\/\/www.visit-ulcinj.com\/blog\/#website\",\"url\":\"https:\/\/www.visit-ulcinj.com\/blog\/\",\"name\":\"Lajme nga Ulqini\",\"description\":\"Lajme,Vijesti,Ulqini,Ulqin,Crna Gora,Mali i Zi\",\"potentialAction\":[{\"@type\":\"SearchAction\",\"target\":{\"@type\":\"EntryPoint\",\"urlTemplate\":\"https:\/\/www.visit-ulcinj.com\/blog\/?s={search_term_string}\"},\"query-input\":\"required name=search_term_string\"}],\"inLanguage\":\"en-US\"},{\"@type\":\"ImageObject\",\"inLanguage\":\"en-US\",\"@id\":\"https:\/\/www.visit-ulcinj.com\/blog\/2011\/11\/21\/ga-trazi-da-administrativni-odbor-razrijesi-bardhija\/#primaryimage\",\"url\":\"https:\/\/www.visit-ulcinj.com\/blog\/wp-content\/uploads\/2011\/11\/Mehmet-Bardhi.jpg\",\"contentUrl\":\"https:\/\/www.visit-ulcinj.com\/blog\/wp-content\/uploads\/2011\/11\/Mehmet-Bardhi.jpg\",\"width\":\"500\",\"height\":\"377\"},{\"@type\":\"WebPage\",\"@id\":\"https:\/\/www.visit-ulcinj.com\/blog\/2011\/11\/21\/ga-trazi-da-administrativni-odbor-razrijesi-bardhija\/#webpage\",\"url\":\"https:\/\/www.visit-ulcinj.com\/blog\/2011\/11\/21\/ga-trazi-da-administrativni-odbor-razrijesi-bardhija\/\",\"name\":\"GA tra\u017ei da Administrativni odbor razrije\u0161i Bardhija - Lajme nga Ulqini\",\"isPartOf\":{\"@id\":\"https:\/\/www.visit-ulcinj.com\/blog\/#website\"},\"primaryImageOfPage\":{\"@id\":\"https:\/\/www.visit-ulcinj.com\/blog\/2011\/11\/21\/ga-trazi-da-administrativni-odbor-razrijesi-bardhija\/#primaryimage\"},\"datePublished\":\"2011-11-21T15:41:24+00:00\",\"dateModified\":\"2011-11-21T15:43:28+00:00\",\"author\":{\"@id\":\"https:\/\/www.visit-ulcinj.com\/blog\/#\/schema\/person\/dcab619c614d3038751c63bc2aadc06d\"},\"description\":\"Gra\u0111anska alijansa (GA) zatra\u017eila je danas od predsjednika Admnistrativnog odbora crnogorske Skup\u0161tine Radivoja Nik\u010devi\u0107a da pokrene incijativu i\",\"breadcrumb\":{\"@id\":\"https:\/\/www.visit-ulcinj.com\/blog\/2011\/11\/21\/ga-trazi-da-administrativni-odbor-razrijesi-bardhija\/#breadcrumb\"},\"inLanguage\":\"en-US\",\"potentialAction\":[{\"@type\":\"ReadAction\",\"target\":[\"https:\/\/www.visit-ulcinj.com\/blog\/2011\/11\/21\/ga-trazi-da-administrativni-odbor-razrijesi-bardhija\/\"]}]},{\"@type\":\"BreadcrumbList\",\"@id\":\"https:\/\/www.visit-ulcinj.com\/blog\/2011\/11\/21\/ga-trazi-da-administrativni-odbor-razrijesi-bardhija\/#breadcrumb\",\"itemListElement\":[{\"@type\":\"ListItem\",\"position\":1,\"name\":\"GA tra\u017ei da Administrativni odbor razrije\u0161i Bardhija\"}]},{\"@type\":\"Person\",\"@id\":\"https:\/\/www.visit-ulcinj.com\/blog\/#\/schema\/person\/dcab619c614d3038751c63bc2aadc06d\",\"name\":\"ulqini\",\"sameAs\":[\"http:\/\/www.visit-ulcinj.com\"],\"url\":\"https:\/\/www.visit-ulcinj.com\/blog\/author\/admin\/\"}]}<\/script>\n<!-- \/ Yoast SEO plugin. -->","yoast_head_json":{"title":"GA tra\u017ei da Administrativni odbor razrije\u0161i Bardhija - Lajme nga Ulqini","description":"Gra\u0111anska alijansa (GA) zatra\u017eila je danas od predsjednika Admnistrativnog odbora crnogorske Skup\u0161tine Radivoja Nik\u010devi\u0107a da pokrene incijativu i","robots":{"index":"index","follow":"follow","max-snippet":"max-snippet:-1","max-image-preview":"max-image-preview:large","max-video-preview":"max-video-preview:-1"},"canonical":"https:\/\/www.visit-ulcinj.com\/blog\/2011\/11\/21\/ga-trazi-da-administrativni-odbor-razrijesi-bardhija\/","og_locale":"en_US","og_type":"article","og_title":"GA tra\u017ei da Administrativni odbor razrije\u0161i Bardhija - Lajme nga Ulqini","og_description":"Gra\u0111anska alijansa (GA) zatra\u017eila je danas od predsjednika Admnistrativnog odbora crnogorske Skup\u0161tine Radivoja Nik\u010devi\u0107a da pokrene incijativu i","og_url":"https:\/\/www.visit-ulcinj.com\/blog\/2011\/11\/21\/ga-trazi-da-administrativni-odbor-razrijesi-bardhija\/","og_site_name":"Lajme nga Ulqini","article_published_time":"2011-11-21T15:41:24+00:00","article_modified_time":"2011-11-21T15:43:28+00:00","og_image":[{"url":"http:\/\/www.visit-ulcinj.com\/blog\/wp-content\/uploads\/2011\/11\/Mehmet-Bardhi.jpg"}],"twitter_misc":{"Written by":"ulqini","Est. reading time":"1 minute"},"schema":{"@context":"https:\/\/schema.org","@graph":[{"@type":"WebSite","@id":"https:\/\/www.visit-ulcinj.com\/blog\/#website","url":"https:\/\/www.visit-ulcinj.com\/blog\/","name":"Lajme nga Ulqini","description":"Lajme,Vijesti,Ulqini,Ulqin,Crna Gora,Mali i Zi","potentialAction":[{"@type":"SearchAction","target":{"@type":"EntryPoint","urlTemplate":"https:\/\/www.visit-ulcinj.com\/blog\/?s={search_term_string}"},"query-input":"required name=search_term_string"}],"inLanguage":"en-US"},{"@type":"ImageObject","inLanguage":"en-US","@id":"https:\/\/www.visit-ulcinj.com\/blog\/2011\/11\/21\/ga-trazi-da-administrativni-odbor-razrijesi-bardhija\/#primaryimage","url":"https:\/\/www.visit-ulcinj.com\/blog\/wp-content\/uploads\/2011\/11\/Mehmet-Bardhi.jpg","contentUrl":"https:\/\/www.visit-ulcinj.com\/blog\/wp-content\/uploads\/2011\/11\/Mehmet-Bardhi.jpg","width":"500","height":"377"},{"@type":"WebPage","@id":"https:\/\/www.visit-ulcinj.com\/blog\/2011\/11\/21\/ga-trazi-da-administrativni-odbor-razrijesi-bardhija\/#webpage","url":"https:\/\/www.visit-ulcinj.com\/blog\/2011\/11\/21\/ga-trazi-da-administrativni-odbor-razrijesi-bardhija\/","name":"GA tra\u017ei da Administrativni odbor razrije\u0161i Bardhija - Lajme nga Ulqini","isPartOf":{"@id":"https:\/\/www.visit-ulcinj.com\/blog\/#website"},"primaryImageOfPage":{"@id":"https:\/\/www.visit-ulcinj.com\/blog\/2011\/11\/21\/ga-trazi-da-administrativni-odbor-razrijesi-bardhija\/#primaryimage"},"datePublished":"2011-11-21T15:41:24+00:00","dateModified":"2011-11-21T15:43:28+00:00","author":{"@id":"https:\/\/www.visit-ulcinj.com\/blog\/#\/schema\/person\/dcab619c614d3038751c63bc2aadc06d"},"description":"Gra\u0111anska alijansa (GA) zatra\u017eila je danas od predsjednika Admnistrativnog odbora crnogorske Skup\u0161tine Radivoja Nik\u010devi\u0107a da pokrene incijativu i","breadcrumb":{"@id":"https:\/\/www.visit-ulcinj.com\/blog\/2011\/11\/21\/ga-trazi-da-administrativni-odbor-razrijesi-bardhija\/#breadcrumb"},"inLanguage":"en-US","potentialAction":[{"@type":"ReadAction","target":["https:\/\/www.visit-ulcinj.com\/blog\/2011\/11\/21\/ga-trazi-da-administrativni-odbor-razrijesi-bardhija\/"]}]},{"@type":"BreadcrumbList","@id":"https:\/\/www.visit-ulcinj.com\/blog\/2011\/11\/21\/ga-trazi-da-administrativni-odbor-razrijesi-bardhija\/#breadcrumb","itemListElement":[{"@type":"ListItem","position":1,"name":"GA tra\u017ei da Administrativni odbor razrije\u0161i Bardhija"}]},{"@type":"Person","@id":"https:\/\/www.visit-ulcinj.com\/blog\/#\/schema\/person\/dcab619c614d3038751c63bc2aadc06d","name":"ulqini","sameAs":["http:\/\/www.visit-ulcinj.com"],"url":"https:\/\/www.visit-ulcinj.com\/blog\/author\/admin\/"}]}},"jetpack_featured_media_url":"","jetpack_sharing_enabled":true,"jetpack_shortlink":"https:\/\/wp.me\/pe6lTn-dVv","_links":{"self":[{"href":"https:\/\/www.visit-ulcinj.com\/blog\/wp-json\/wp\/v2\/posts\/53537"}],"collection":[{"href":"https:\/\/www.visit-ulcinj.com\/blog\/wp-json\/wp\/v2\/posts"}],"about":[{"href":"https:\/\/www.visit-ulcinj.com\/blog\/wp-json\/wp\/v2\/types\/post"}],"author":[{"embeddable":true,"href":"https:\/\/www.visit-ulcinj.com\/blog\/wp-json\/wp\/v2\/users\/1"}],"replies":[{"embeddable":true,"href":"https:\/\/www.visit-ulcinj.com\/blog\/wp-json\/wp\/v2\/comments?post=53537"}],"version-history":[{"count":3,"href":"https:\/\/www.visit-ulcinj.com\/blog\/wp-json\/wp\/v2\/posts\/53537\/revisions"}],"predecessor-version":[{"id":53540,"href":"https:\/\/www.visit-ulcinj.com\/blog\/wp-json\/wp\/v2\/posts\/53537\/revisions\/53540"}],"wp:attachment":[{"href":"https:\/\/www.visit-ulcinj.com\/blog\/wp-json\/wp\/v2\/media?parent=53537"}],"wp:term":[{"taxonomy":"category","embeddable":true,"href":"https:\/\/www.visit-ulcinj.com\/blog\/wp-json\/wp\/v2\/categories?post=53537"},{"taxonomy":"post_tag","embeddable":true,"href":"https:\/\/www.visit-ulcinj.com\/blog\/wp-json\/wp\/v2\/tags?post=53537"}],"curies":[{"name":"wp","href":"https:\/\/api.w.org\/{rel}","templated":true}]}}