{"id":53543,"date":"2011-11-21T18:25:23","date_gmt":"2011-11-21T17:25:23","guid":{"rendered":"http:\/\/www.visit-ulcinj.com\/blog\/?p=53543"},"modified":"2011-11-21T19:32:02","modified_gmt":"2011-11-21T18:32:02","slug":"mali-i-brise-fshati-ku-largohen-familjet-malesore-dhe-vendosen-familjet-malazeze","status":"publish","type":"post","link":"https:\/\/www.visit-ulcinj.com\/blog\/2011\/11\/21\/mali-i-brise-fshati-ku-largohen-familjet-malesore-dhe-vendosen-familjet-malazeze\/","title":{"rendered":"Mali i Bris\u00eb, fshati ku largohen familjet mal\u00ebsore dhe vendosen familjet malazeze"},"content":{"rendered":"<p><a href=\"http:\/\/www.visit-ulcinj.com\/blog\/wp-content\/uploads\/2011\/11\/liqeni-shasit_mali-bris_plazha-madhe_ulqin.jpg\"><img loading=\"lazy\" class=\"alignleft size-full wp-image-53544\" title=\"liqeni shasit_mali bris_plazha madhe_ulqin\" src=\"http:\/\/www.visit-ulcinj.com\/blog\/wp-content\/uploads\/2011\/11\/liqeni-shasit_mali-bris_plazha-madhe_ulqin.jpg\" alt=\"\" width=\"508\" height=\"347\" \/><\/a>Mali i Bris\u00eb, bazuar n\u00eb dokumentet arkivore t\u00eb Cetin\u00ebs, n\u00eb koh\u00ebn e sundimit turk ka qen\u00eb i banuar\u00a0 me mal\u00ebsor\u00eb nga Kelmendi, Shkreli e Kastrati, t\u00eb cil\u00ebt k\u00ebt\u00eb lokalitet e shfryt\u00ebzonin gjat\u00eb stin\u00ebs s\u00eb dimrit, sepse konsiderohej si vend i p\u00ebrshtash\u00ebm p\u00ebr kullosa t\u00eb mira. Supozohej se n\u00eb k\u00ebt\u00eb territor, p\u00ebrve\u00e7 atyre q\u00eb vinin n\u00eb dim\u00ebr, kishte t\u00eb vendosura rreth 70 familje mal\u00ebsor\u00ebsh t\u00eb p\u00ebrhershme.<\/p>\n<p>Mal\u00ebsoret k\u00ebt\u00eb territor, pron\u00ebsia e t\u00eb cilit ishte e padefinuar, e shfryt\u00ebzonin edhe p\u00ebr pyje, p\u00ebr prodhimin e qymyrit dhe t\u00eb g\u00eblqer\u00ebs. Disa nga ta, edhe pse n\u00eb p\u00ebrfundimin e dimrit ktheheshin n\u00eb bjeshk\u00ebt prej nga kishin ardhur, pas disa kohe filluan t\u00eb vendosen si banor\u00eb t\u00ebp\u00ebrhersh\u00ebm, duke rrethuar disa qindra rrall\u00eb tok\u00eb. Ky veprimi mal\u00ebsor\u00ebve nuk pengohej nga pushteti turk.<\/p>\n<p>&nbsp;<\/p>\n<p>Pas marrjes s\u00eb k\u00ebtij territori nga Mali i Zi mal\u00ebsor\u00ebve nuk u \u00ebsht\u00eb njohur kjo e drejt\u00eb. Secili q\u00eb ka pretenduar k\u00ebt\u00eb \u00ebsht\u00eb dashur t\u00eb posedoj\u00eb tapin\u00eb ligjore p\u00ebr tok\u00ebn n\u00eb t\u00eb cil\u00ebn ka jetuar. P\u00ebr k\u00ebt\u00eb q\u00ebllim n\u00eb vitin 1883 \u00ebsht\u00eb ngritu nj\u00eb komision sipas s\u00eb cilit vet\u00ebm nj\u00eb mal\u00ebsor ka pasur tapin\u00eb e tok\u00ebs.K\u00ebt\u00eb rrethan\u00eb Mali i Zi e ka shfryt\u00ebzuar dhe n\u00eb vitin 1884 e shpall Malin e Zi pron\u00eb t\u00eb shtetit.<\/p>\n<p>Me k\u00ebt\u00eb vendim t\u00eb qeveris\u00eb malazeze mal\u00ebsor\u00ebve u ndalohet shfryt\u00ebzimi i m\u00ebtejsh\u00ebm i tok\u00ebs, kullotave dhe pyjeve pa pages\u00eb n\u00eb k\u00ebt\u00eb territor. T\u00eb nj\u00ebjtin vit qeveria malazeze urdh\u00ebron q\u00eb \u00e7do mal\u00ebsor q\u00eb ka qen\u00eb banor i p\u00ebrhersh\u00ebm dhe d\u00ebshiron t\u00eb shfryt\u00ebzoj\u00eb pron\u00ebn shtetrore si kullos\u00eb duhet t\u00eb paguaj\u00eb 400 napolona n\u00eb vit.<\/p>\n<p>Shpallja e Malit t\u00eb Bris\u00eb pron\u00eb shtet\u00ebrore nga princi dhe qeveria malazeze u b\u00eb me qellim t\u00eb konfiskimit p\u00ebrfundimtar t\u00eb k\u00ebsaj toke, largimit (zhvendoshes) t\u00eb mal\u00ebsor\u00ebve dhe kolonizimit me malazez\u00eb. K\u00ebtyre synimeve ogurzeza dhe q\u00ebllimk\u00ebqija t\u00eb princit dhe t\u00eb qeveris\u00eb malazeze mal\u00ebsoret u rezistuan deri n\u00eb vitin 1891, kur edhe largohen me luft\u00eb nga ky lokalitet.<\/p>\n<p><strong><em>Pjes\u00eb nga libri \u201cSHQIPET E MALEVE\u201d, t\u00eb autorit Gjek\u00eb Gjonaj.<\/em><\/strong><strong>\/<\/strong><strong>Ulqini-Online\/<br \/>\n\n\t\t<style type=\"text\/css\">\n\t\t\t#gallery-1 {\n\t\t\t\tmargin: auto;\n\t\t\t}\n\t\t\t#gallery-1 .gallery-item {\n\t\t\t\tfloat: left;\n\t\t\t\tmargin-top: 10px;\n\t\t\t\ttext-align: center;\n\t\t\t\twidth: 33%;\n\t\t\t}\n\t\t\t#gallery-1 img {\n\t\t\t\tborder: 2px solid #cfcfcf;\n\t\t\t}\n\t\t\t#gallery-1 .gallery-caption {\n\t\t\t\tmargin-left: 0;\n\t\t\t}\n\t\t\t\/* see gallery_shortcode() in wp-includes\/media.php *\/\n\t\t<\/style>\n\t\t<div id='gallery-1' class='gallery galleryid-53543 gallery-columns-3 gallery-size-thumbnail'><dl class='gallery-item'>\n\t\t\t<dt class='gallery-icon landscape'>\n\t\t\t\t<a href='https:\/\/www.visit-ulcinj.com\/blog\/wp-content\/uploads\/2011\/11\/liqeni-shasit_mali-bris_plazha-madhe_ulqin.jpg'><img width=\"150\" height=\"150\" src=\"https:\/\/www.visit-ulcinj.com\/blog\/wp-content\/uploads\/2011\/11\/liqeni-shasit_mali-bris_plazha-madhe_ulqin-150x150.jpg\" class=\"attachment-thumbnail size-thumbnail\" alt=\"\" loading=\"lazy\" \/><\/a>\n\t\t\t<\/dt><\/dl><dl class='gallery-item'>\n\t\t\t<dt class='gallery-icon landscape'>\n\t\t\t\t<a href='https:\/\/www.visit-ulcinj.com\/blog\/wp-content\/uploads\/2011\/11\/Mali-i-Bris__-Ulqin_Ulqini.1.jpg'><img width=\"150\" height=\"150\" src=\"https:\/\/www.visit-ulcinj.com\/blog\/wp-content\/uploads\/2011\/11\/Mali-i-Bris__-Ulqin_Ulqini.1-150x150.jpg\" class=\"attachment-thumbnail size-thumbnail\" alt=\"\" loading=\"lazy\" \/><\/a>\n\t\t\t<\/dt><\/dl><dl class='gallery-item'>\n\t\t\t<dt class='gallery-icon landscape'>\n\t\t\t\t<a href='https:\/\/www.visit-ulcinj.com\/blog\/wp-content\/uploads\/2011\/11\/Mali-i-Bris__-Ulqin_Ulqini.2.jpg'><img width=\"150\" height=\"150\" src=\"https:\/\/www.visit-ulcinj.com\/blog\/wp-content\/uploads\/2011\/11\/Mali-i-Bris__-Ulqin_Ulqini.2-150x150.jpg\" class=\"attachment-thumbnail size-thumbnail\" alt=\"\" loading=\"lazy\" \/><\/a>\n\t\t\t<\/dt><\/dl><br style=\"clear: both\" \/><dl class='gallery-item'>\n\t\t\t<dt class='gallery-icon landscape'>\n\t\t\t\t<a href='https:\/\/www.visit-ulcinj.com\/blog\/wp-content\/uploads\/2011\/11\/Mali-i-Bris__-Ulqin_Ulqini.3.jpg'><img width=\"150\" height=\"150\" src=\"https:\/\/www.visit-ulcinj.com\/blog\/wp-content\/uploads\/2011\/11\/Mali-i-Bris__-Ulqin_Ulqini.3-150x150.jpg\" class=\"attachment-thumbnail size-thumbnail\" alt=\"\" loading=\"lazy\" \/><\/a>\n\t\t\t<\/dt><\/dl><dl class='gallery-item'>\n\t\t\t<dt class='gallery-icon landscape'>\n\t\t\t\t<a href='https:\/\/www.visit-ulcinj.com\/blog\/wp-content\/uploads\/2011\/11\/Mali-i-Bris__-Ulqin_Ulqini.4.jpg'><img width=\"150\" height=\"150\" src=\"https:\/\/www.visit-ulcinj.com\/blog\/wp-content\/uploads\/2011\/11\/Mali-i-Bris__-Ulqin_Ulqini.4-150x150.jpg\" class=\"attachment-thumbnail size-thumbnail\" alt=\"\" loading=\"lazy\" \/><\/a>\n\t\t\t<\/dt><\/dl><dl class='gallery-item'>\n\t\t\t<dt class='gallery-icon landscape'>\n\t\t\t\t<a href='https:\/\/www.visit-ulcinj.com\/blog\/wp-content\/uploads\/2011\/11\/Mali-i-Bris__-Ulqin_Ulqini.5.jpg'><img width=\"150\" height=\"150\" src=\"https:\/\/www.visit-ulcinj.com\/blog\/wp-content\/uploads\/2011\/11\/Mali-i-Bris__-Ulqin_Ulqini.5-150x150.jpg\" class=\"attachment-thumbnail size-thumbnail\" alt=\"\" loading=\"lazy\" \/><\/a>\n\t\t\t<\/dt><\/dl><br style=\"clear: both\" \/><dl class='gallery-item'>\n\t\t\t<dt class='gallery-icon landscape'>\n\t\t\t\t<a href='https:\/\/www.visit-ulcinj.com\/blog\/wp-content\/uploads\/2011\/11\/Mali-i-Bris__-Ulqin_Ulqini.6.jpg'><img width=\"150\" height=\"150\" src=\"https:\/\/www.visit-ulcinj.com\/blog\/wp-content\/uploads\/2011\/11\/Mali-i-Bris__-Ulqin_Ulqini.6-150x150.jpg\" class=\"attachment-thumbnail size-thumbnail\" alt=\"\" loading=\"lazy\" \/><\/a>\n\t\t\t<\/dt><\/dl><dl class='gallery-item'>\n\t\t\t<dt class='gallery-icon landscape'>\n\t\t\t\t<a href='https:\/\/www.visit-ulcinj.com\/blog\/wp-content\/uploads\/2011\/11\/Mali-i-Bris__-Ulqin_Ulqini.7.jpg'><img width=\"150\" height=\"150\" src=\"https:\/\/www.visit-ulcinj.com\/blog\/wp-content\/uploads\/2011\/11\/Mali-i-Bris__-Ulqin_Ulqini.7-150x150.jpg\" class=\"attachment-thumbnail size-thumbnail\" alt=\"\" loading=\"lazy\" \/><\/a>\n\t\t\t<\/dt><\/dl><dl class='gallery-item'>\n\t\t\t<dt class='gallery-icon landscape'>\n\t\t\t\t<a href='https:\/\/www.visit-ulcinj.com\/blog\/wp-content\/uploads\/2011\/11\/Mali-i-Bris__-Ulqin_Ulqini.8.jpg'><img width=\"150\" height=\"150\" src=\"https:\/\/www.visit-ulcinj.com\/blog\/wp-content\/uploads\/2011\/11\/Mali-i-Bris__-Ulqin_Ulqini.8-150x150.jpg\" class=\"attachment-thumbnail size-thumbnail\" alt=\"\" loading=\"lazy\" \/><\/a>\n\t\t\t<\/dt><\/dl><br style=\"clear: both\" \/><dl class='gallery-item'>\n\t\t\t<dt class='gallery-icon landscape'>\n\t\t\t\t<a href='https:\/\/www.visit-ulcinj.com\/blog\/wp-content\/uploads\/2011\/11\/Mali-i-Bris__-Ulqin_Ulqini.9.jpg'><img width=\"150\" height=\"150\" src=\"https:\/\/www.visit-ulcinj.com\/blog\/wp-content\/uploads\/2011\/11\/Mali-i-Bris__-Ulqin_Ulqini.9-150x150.jpg\" class=\"attachment-thumbnail size-thumbnail\" alt=\"\" loading=\"lazy\" \/><\/a>\n\t\t\t<\/dt><\/dl><dl class='gallery-item'>\n\t\t\t<dt class='gallery-icon landscape'>\n\t\t\t\t<a href='https:\/\/www.visit-ulcinj.com\/blog\/wp-content\/uploads\/2011\/11\/Mali-i-Bris__-Ulqin_Ulqini.jpg'><img width=\"150\" height=\"150\" src=\"https:\/\/www.visit-ulcinj.com\/blog\/wp-content\/uploads\/2011\/11\/Mali-i-Bris__-Ulqin_Ulqini-150x150.jpg\" class=\"attachment-thumbnail size-thumbnail\" alt=\"\" loading=\"lazy\" \/><\/a>\n\t\t\t<\/dt><\/dl>\n\t\t\t<br style='clear: both' \/>\n\t\t<\/div>\n<\/p>\n<p><\/strong><\/p>\n<p>Video Akivi nga Emisioni Mozaiku nga Mali i Bris\u00eb<br \/>\n<!--YouTube Error: bad URL entered--><\/p>\n","protected":false},"excerpt":{"rendered":"<p>Mali i Bris\u00eb, bazuar n\u00eb dokumentet arkivore t\u00eb Cetin\u00ebs, n\u00eb koh\u00ebn e sundimit turk ka qen\u00eb i banuar\u00a0 me mal\u00ebsor\u00eb nga Kelmendi, Shkreli e Kastrati, t\u00eb cil\u00ebt k\u00ebt\u00eb lokalitet e shfryt\u00ebzonin gjat\u00eb stin\u00ebs s\u00eb dimrit, sepse konsiderohej si vend i p\u00ebrshtash\u00ebm p\u00ebr kullosa t\u00eb mira. Supozohej se n\u00eb k\u00ebt\u00eb territor, p\u00ebrve\u00e7 atyre q\u00eb vinin n\u00eb [&hellip;]<\/p>\n","protected":false},"author":1,"featured_media":0,"comment_status":"open","ping_status":"closed","sticky":false,"template":"","format":"standard","meta":{"spay_email":"","jetpack_publicize_message":"","jetpack_is_tweetstorm":false,"jetpack_publicize_feature_enabled":true},"categories":[6950],"tags":[27,5116,200,18],"jetpack_publicize_connections":[],"yoast_head":"<!-- This site is optimized with the Yoast SEO plugin v19.1 - https:\/\/yoast.com\/wordpress\/plugins\/seo\/ -->\n<title>Mali i Bris\u00eb, fshati ku largohen familjet mal\u00ebsore dhe vendosen familjet malazeze - Lajme nga Ulqini<\/title>\n<meta name=\"description\" content=\"Mali i Bris\u00eb, bazuar n\u00eb dokumentet arkivore t\u00eb Cetin\u00ebs, n\u00eb koh\u00ebn e sundimit turk ka qen\u00eb i banuar\u00a0 me mal\u00ebsor\u00eb nga Kelmendi, Shkreli e Kastrati, t\u00eb cil\u00ebt\" \/>\n<meta name=\"robots\" content=\"index, follow, max-snippet:-1, max-image-preview:large, max-video-preview:-1\" \/>\n<link rel=\"canonical\" href=\"https:\/\/www.visit-ulcinj.com\/blog\/2011\/11\/21\/mali-i-brise-fshati-ku-largohen-familjet-malesore-dhe-vendosen-familjet-malazeze\/\" \/>\n<meta property=\"og:locale\" content=\"en_US\" \/>\n<meta property=\"og:type\" content=\"article\" \/>\n<meta property=\"og:title\" content=\"Mali i Bris\u00eb, fshati ku largohen familjet mal\u00ebsore dhe vendosen familjet malazeze - Lajme nga Ulqini\" \/>\n<meta property=\"og:description\" content=\"Mali i Bris\u00eb, bazuar n\u00eb dokumentet arkivore t\u00eb Cetin\u00ebs, n\u00eb koh\u00ebn e sundimit turk ka qen\u00eb i banuar\u00a0 me mal\u00ebsor\u00eb nga Kelmendi, Shkreli e Kastrati, t\u00eb cil\u00ebt\" \/>\n<meta property=\"og:url\" content=\"https:\/\/www.visit-ulcinj.com\/blog\/2011\/11\/21\/mali-i-brise-fshati-ku-largohen-familjet-malesore-dhe-vendosen-familjet-malazeze\/\" \/>\n<meta property=\"og:site_name\" content=\"Lajme nga Ulqini\" \/>\n<meta property=\"article:published_time\" content=\"2011-11-21T17:25:23+00:00\" \/>\n<meta property=\"article:modified_time\" content=\"2011-11-21T18:32:02+00:00\" \/>\n<meta property=\"og:image\" content=\"https:\/\/www.visit-ulcinj.com\/blog\/wp-content\/uploads\/2011\/11\/liqeni-shasit_mali-bris_plazha-madhe_ulqin-150x150.jpg\" \/>\n<meta name=\"twitter:label1\" content=\"Written by\" \/>\n\t<meta name=\"twitter:data1\" content=\"ulqini\" \/>\n\t<meta name=\"twitter:label2\" content=\"Est. reading time\" \/>\n\t<meta name=\"twitter:data2\" content=\"2 minutes\" \/>\n<script type=\"application\/ld+json\" class=\"yoast-schema-graph\">{\"@context\":\"https:\/\/schema.org\",\"@graph\":[{\"@type\":\"WebSite\",\"@id\":\"https:\/\/www.visit-ulcinj.com\/blog\/#website\",\"url\":\"https:\/\/www.visit-ulcinj.com\/blog\/\",\"name\":\"Lajme nga Ulqini\",\"description\":\"Lajme,Vijesti,Ulqini,Ulqin,Crna Gora,Mali i Zi\",\"potentialAction\":[{\"@type\":\"SearchAction\",\"target\":{\"@type\":\"EntryPoint\",\"urlTemplate\":\"https:\/\/www.visit-ulcinj.com\/blog\/?s={search_term_string}\"},\"query-input\":\"required name=search_term_string\"}],\"inLanguage\":\"en-US\"},{\"@type\":\"ImageObject\",\"inLanguage\":\"en-US\",\"@id\":\"https:\/\/www.visit-ulcinj.com\/blog\/2011\/11\/21\/mali-i-brise-fshati-ku-largohen-familjet-malesore-dhe-vendosen-familjet-malazeze\/#primaryimage\",\"url\":\"https:\/\/www.visit-ulcinj.com\/blog\/wp-content\/uploads\/2011\/11\/liqeni-shasit_mali-bris_plazha-madhe_ulqin.jpg\",\"contentUrl\":\"https:\/\/www.visit-ulcinj.com\/blog\/wp-content\/uploads\/2011\/11\/liqeni-shasit_mali-bris_plazha-madhe_ulqin.jpg\",\"width\":\"556\",\"height\":\"347\"},{\"@type\":\"WebPage\",\"@id\":\"https:\/\/www.visit-ulcinj.com\/blog\/2011\/11\/21\/mali-i-brise-fshati-ku-largohen-familjet-malesore-dhe-vendosen-familjet-malazeze\/#webpage\",\"url\":\"https:\/\/www.visit-ulcinj.com\/blog\/2011\/11\/21\/mali-i-brise-fshati-ku-largohen-familjet-malesore-dhe-vendosen-familjet-malazeze\/\",\"name\":\"Mali i Bris\u00eb, fshati ku largohen familjet mal\u00ebsore dhe vendosen familjet malazeze - Lajme nga Ulqini\",\"isPartOf\":{\"@id\":\"https:\/\/www.visit-ulcinj.com\/blog\/#website\"},\"primaryImageOfPage\":{\"@id\":\"https:\/\/www.visit-ulcinj.com\/blog\/2011\/11\/21\/mali-i-brise-fshati-ku-largohen-familjet-malesore-dhe-vendosen-familjet-malazeze\/#primaryimage\"},\"datePublished\":\"2011-11-21T17:25:23+00:00\",\"dateModified\":\"2011-11-21T18:32:02+00:00\",\"author\":{\"@id\":\"https:\/\/www.visit-ulcinj.com\/blog\/#\/schema\/person\/dcab619c614d3038751c63bc2aadc06d\"},\"description\":\"Mali i Bris\u00eb, bazuar n\u00eb dokumentet arkivore t\u00eb Cetin\u00ebs, n\u00eb koh\u00ebn e sundimit turk ka qen\u00eb i banuar\u00a0 me mal\u00ebsor\u00eb nga Kelmendi, Shkreli e Kastrati, t\u00eb cil\u00ebt\",\"breadcrumb\":{\"@id\":\"https:\/\/www.visit-ulcinj.com\/blog\/2011\/11\/21\/mali-i-brise-fshati-ku-largohen-familjet-malesore-dhe-vendosen-familjet-malazeze\/#breadcrumb\"},\"inLanguage\":\"en-US\",\"potentialAction\":[{\"@type\":\"ReadAction\",\"target\":[\"https:\/\/www.visit-ulcinj.com\/blog\/2011\/11\/21\/mali-i-brise-fshati-ku-largohen-familjet-malesore-dhe-vendosen-familjet-malazeze\/\"]}]},{\"@type\":\"BreadcrumbList\",\"@id\":\"https:\/\/www.visit-ulcinj.com\/blog\/2011\/11\/21\/mali-i-brise-fshati-ku-largohen-familjet-malesore-dhe-vendosen-familjet-malazeze\/#breadcrumb\",\"itemListElement\":[{\"@type\":\"ListItem\",\"position\":1,\"name\":\"Mali i Bris\u00eb, fshati ku largohen familjet mal\u00ebsore dhe vendosen familjet malazeze\"}]},{\"@type\":\"Person\",\"@id\":\"https:\/\/www.visit-ulcinj.com\/blog\/#\/schema\/person\/dcab619c614d3038751c63bc2aadc06d\",\"name\":\"ulqini\",\"sameAs\":[\"http:\/\/www.visit-ulcinj.com\"],\"url\":\"https:\/\/www.visit-ulcinj.com\/blog\/author\/admin\/\"}]}<\/script>\n<!-- \/ Yoast SEO plugin. -->","yoast_head_json":{"title":"Mali i Bris\u00eb, fshati ku largohen familjet mal\u00ebsore dhe vendosen familjet malazeze - Lajme nga Ulqini","description":"Mali i Bris\u00eb, bazuar n\u00eb dokumentet arkivore t\u00eb Cetin\u00ebs, n\u00eb koh\u00ebn e sundimit turk ka qen\u00eb i banuar\u00a0 me mal\u00ebsor\u00eb nga Kelmendi, Shkreli e Kastrati, t\u00eb cil\u00ebt","robots":{"index":"index","follow":"follow","max-snippet":"max-snippet:-1","max-image-preview":"max-image-preview:large","max-video-preview":"max-video-preview:-1"},"canonical":"https:\/\/www.visit-ulcinj.com\/blog\/2011\/11\/21\/mali-i-brise-fshati-ku-largohen-familjet-malesore-dhe-vendosen-familjet-malazeze\/","og_locale":"en_US","og_type":"article","og_title":"Mali i Bris\u00eb, fshati ku largohen familjet mal\u00ebsore dhe vendosen familjet malazeze - Lajme nga Ulqini","og_description":"Mali i Bris\u00eb, bazuar n\u00eb dokumentet arkivore t\u00eb Cetin\u00ebs, n\u00eb koh\u00ebn e sundimit turk ka qen\u00eb i banuar\u00a0 me mal\u00ebsor\u00eb nga Kelmendi, Shkreli e Kastrati, t\u00eb cil\u00ebt","og_url":"https:\/\/www.visit-ulcinj.com\/blog\/2011\/11\/21\/mali-i-brise-fshati-ku-largohen-familjet-malesore-dhe-vendosen-familjet-malazeze\/","og_site_name":"Lajme nga Ulqini","article_published_time":"2011-11-21T17:25:23+00:00","article_modified_time":"2011-11-21T18:32:02+00:00","og_image":[{"url":"https:\/\/www.visit-ulcinj.com\/blog\/wp-content\/uploads\/2011\/11\/liqeni-shasit_mali-bris_plazha-madhe_ulqin-150x150.jpg"}],"twitter_misc":{"Written by":"ulqini","Est. reading time":"2 minutes"},"schema":{"@context":"https:\/\/schema.org","@graph":[{"@type":"WebSite","@id":"https:\/\/www.visit-ulcinj.com\/blog\/#website","url":"https:\/\/www.visit-ulcinj.com\/blog\/","name":"Lajme nga Ulqini","description":"Lajme,Vijesti,Ulqini,Ulqin,Crna Gora,Mali i Zi","potentialAction":[{"@type":"SearchAction","target":{"@type":"EntryPoint","urlTemplate":"https:\/\/www.visit-ulcinj.com\/blog\/?s={search_term_string}"},"query-input":"required name=search_term_string"}],"inLanguage":"en-US"},{"@type":"ImageObject","inLanguage":"en-US","@id":"https:\/\/www.visit-ulcinj.com\/blog\/2011\/11\/21\/mali-i-brise-fshati-ku-largohen-familjet-malesore-dhe-vendosen-familjet-malazeze\/#primaryimage","url":"https:\/\/www.visit-ulcinj.com\/blog\/wp-content\/uploads\/2011\/11\/liqeni-shasit_mali-bris_plazha-madhe_ulqin.jpg","contentUrl":"https:\/\/www.visit-ulcinj.com\/blog\/wp-content\/uploads\/2011\/11\/liqeni-shasit_mali-bris_plazha-madhe_ulqin.jpg","width":"556","height":"347"},{"@type":"WebPage","@id":"https:\/\/www.visit-ulcinj.com\/blog\/2011\/11\/21\/mali-i-brise-fshati-ku-largohen-familjet-malesore-dhe-vendosen-familjet-malazeze\/#webpage","url":"https:\/\/www.visit-ulcinj.com\/blog\/2011\/11\/21\/mali-i-brise-fshati-ku-largohen-familjet-malesore-dhe-vendosen-familjet-malazeze\/","name":"Mali i Bris\u00eb, fshati ku largohen familjet mal\u00ebsore dhe vendosen familjet malazeze - Lajme nga Ulqini","isPartOf":{"@id":"https:\/\/www.visit-ulcinj.com\/blog\/#website"},"primaryImageOfPage":{"@id":"https:\/\/www.visit-ulcinj.com\/blog\/2011\/11\/21\/mali-i-brise-fshati-ku-largohen-familjet-malesore-dhe-vendosen-familjet-malazeze\/#primaryimage"},"datePublished":"2011-11-21T17:25:23+00:00","dateModified":"2011-11-21T18:32:02+00:00","author":{"@id":"https:\/\/www.visit-ulcinj.com\/blog\/#\/schema\/person\/dcab619c614d3038751c63bc2aadc06d"},"description":"Mali i Bris\u00eb, bazuar n\u00eb dokumentet arkivore t\u00eb Cetin\u00ebs, n\u00eb koh\u00ebn e sundimit turk ka qen\u00eb i banuar\u00a0 me mal\u00ebsor\u00eb nga Kelmendi, Shkreli e Kastrati, t\u00eb cil\u00ebt","breadcrumb":{"@id":"https:\/\/www.visit-ulcinj.com\/blog\/2011\/11\/21\/mali-i-brise-fshati-ku-largohen-familjet-malesore-dhe-vendosen-familjet-malazeze\/#breadcrumb"},"inLanguage":"en-US","potentialAction":[{"@type":"ReadAction","target":["https:\/\/www.visit-ulcinj.com\/blog\/2011\/11\/21\/mali-i-brise-fshati-ku-largohen-familjet-malesore-dhe-vendosen-familjet-malazeze\/"]}]},{"@type":"BreadcrumbList","@id":"https:\/\/www.visit-ulcinj.com\/blog\/2011\/11\/21\/mali-i-brise-fshati-ku-largohen-familjet-malesore-dhe-vendosen-familjet-malazeze\/#breadcrumb","itemListElement":[{"@type":"ListItem","position":1,"name":"Mali i Bris\u00eb, fshati ku largohen familjet mal\u00ebsore dhe vendosen familjet malazeze"}]},{"@type":"Person","@id":"https:\/\/www.visit-ulcinj.com\/blog\/#\/schema\/person\/dcab619c614d3038751c63bc2aadc06d","name":"ulqini","sameAs":["http:\/\/www.visit-ulcinj.com"],"url":"https:\/\/www.visit-ulcinj.com\/blog\/author\/admin\/"}]}},"jetpack_featured_media_url":"","jetpack_sharing_enabled":true,"jetpack_shortlink":"https:\/\/wp.me\/pe6lTn-dVB","_links":{"self":[{"href":"https:\/\/www.visit-ulcinj.com\/blog\/wp-json\/wp\/v2\/posts\/53543"}],"collection":[{"href":"https:\/\/www.visit-ulcinj.com\/blog\/wp-json\/wp\/v2\/posts"}],"about":[{"href":"https:\/\/www.visit-ulcinj.com\/blog\/wp-json\/wp\/v2\/types\/post"}],"author":[{"embeddable":true,"href":"https:\/\/www.visit-ulcinj.com\/blog\/wp-json\/wp\/v2\/users\/1"}],"replies":[{"embeddable":true,"href":"https:\/\/www.visit-ulcinj.com\/blog\/wp-json\/wp\/v2\/comments?post=53543"}],"version-history":[{"count":2,"href":"https:\/\/www.visit-ulcinj.com\/blog\/wp-json\/wp\/v2\/posts\/53543\/revisions"}],"predecessor-version":[{"id":53561,"href":"https:\/\/www.visit-ulcinj.com\/blog\/wp-json\/wp\/v2\/posts\/53543\/revisions\/53561"}],"wp:attachment":[{"href":"https:\/\/www.visit-ulcinj.com\/blog\/wp-json\/wp\/v2\/media?parent=53543"}],"wp:term":[{"taxonomy":"category","embeddable":true,"href":"https:\/\/www.visit-ulcinj.com\/blog\/wp-json\/wp\/v2\/categories?post=53543"},{"taxonomy":"post_tag","embeddable":true,"href":"https:\/\/www.visit-ulcinj.com\/blog\/wp-json\/wp\/v2\/tags?post=53543"}],"curies":[{"name":"wp","href":"https:\/\/api.w.org\/{rel}","templated":true}]}}