{"id":53556,"date":"2011-11-21T19:29:36","date_gmt":"2011-11-21T18:29:36","guid":{"rendered":"http:\/\/www.visit-ulcinj.com\/blog\/?p=53556"},"modified":"2011-11-22T07:57:12","modified_gmt":"2011-11-22T06:57:12","slug":"aleanca-qytetare-bardhin-ta-shkarkoje-keshilli-administrativ","status":"publish","type":"post","link":"https:\/\/www.visit-ulcinj.com\/blog\/2011\/11\/21\/aleanca-qytetare-bardhin-ta-shkarkoje-keshilli-administrativ\/","title":{"rendered":"Aleanca qytetare: Bardhin ta shkarkoj\u00eb K\u00ebshilli Administrativ"},"content":{"rendered":"<p><a href=\"http:\/\/www.visit-ulcinj.com\/blog\/wp-content\/uploads\/2011\/11\/Aleanca-Qytetare-p%C3%ABr-shkarkimin-e-deputetit-Mehmet-Bardhi-nga-fondi-per-pakica.jpg\"><img loading=\"lazy\" class=\"alignleft size-full wp-image-53557\" title=\"Aleanca Qytetare p\u00ebr shkarkimin e deputetit Mehmet Bardhi nga fondi per pakica\" src=\"http:\/\/www.visit-ulcinj.com\/blog\/wp-content\/uploads\/2011\/11\/Aleanca-Qytetare-p%C3%ABr-shkarkimin-e-deputetit-Mehmet-Bardhi-nga-fondi-per-pakica.jpg\" alt=\"\" width=\"508\" height=\"380\" \/><\/a>Aleanca qytetare ka k\u00ebrkuar sot nga kryetari i k\u00ebshillit administrativ t\u00eb Kuvendit t\u00eb Malit t\u00eb Zi Radivoje Nik\u00e7eviq q\u00eb t\u00eb nd\u00ebrmarr iniciativ\u00ebn p\u00ebr shkarkimin e deputetit Mehmet Bardhi nga funksioni i an\u00ebtarit t\u00eb k\u00ebshillit drejtues t\u00eb fondit p\u00ebr pakica.<\/p>\n<p>Koordinuesi Millan Radoviq n\u00eb iniciativ\u00ebn dor\u00ebzuar Nik\u00e7eviqit p\u00ebrkujton se me hyrjen n\u00eb fuqi t\u00eb ndryshimeve ligjore p\u00ebr konfliktin e interesave deputet\u00ebt nuk kan\u00eb t\u00eb drejt\u00eb t\u00eb jen\u00eb an\u00ebtar\u00eb t\u00eb K\u00ebshillave drejtues dhe as t\u00eb organeve drejtuese n\u00eb institucione. Bardhi para do kohe n\u00eb mbledhjen e K\u00ebshillit administrativ, n\u00eb t\u00eb cil\u00ebn u miratuan dor\u00ebheqjet e deputet\u00ebve tjer\u00eb n\u00eb fond refuzoj\u00eb t\u00eb jap dor\u00ebheqje n\u00eb k\u00ebt\u00eb funksion.<\/p>\n<p>Radoviq konsideron se me inicimin e procedur\u00ebs p\u00ebr shkarkimin e Bardhit do t\u00eb tregohej p\u00ebrgjegj\u00ebsi e parlamentit n\u00eb implementimin e ligjit t\u00eb cilin vet\u00eb e ka miratuar dhe nj\u00ebkoh\u00ebsisht do t\u00eb ruhej dinjiteti i funksionit t\u00eb deputetit.<\/p>\n<p><strong>TVCG<\/strong><\/p>\n","protected":false},"excerpt":{"rendered":"<p>Aleanca qytetare ka k\u00ebrkuar sot nga kryetari i k\u00ebshillit administrativ t\u00eb Kuvendit t\u00eb Malit t\u00eb Zi Radivoje Nik\u00e7eviq q\u00eb t\u00eb nd\u00ebrmarr iniciativ\u00ebn p\u00ebr shkarkimin e deputetit Mehmet Bardhi nga funksioni i an\u00ebtarit t\u00eb k\u00ebshillit drejtues t\u00eb fondit p\u00ebr pakica. Koordinuesi Millan Radoviq n\u00eb iniciativ\u00ebn dor\u00ebzuar Nik\u00e7eviqit p\u00ebrkujton se me hyrjen n\u00eb fuqi t\u00eb ndryshimeve ligjore [&hellip;]<\/p>\n","protected":false},"author":1,"featured_media":0,"comment_status":"open","ping_status":"closed","sticky":false,"template":"","format":"standard","meta":{"spay_email":"","jetpack_publicize_message":"","jetpack_is_tweetstorm":false,"jetpack_publicize_feature_enabled":true},"categories":[1,6],"tags":[19484,95,347,200,18],"jetpack_publicize_connections":[],"yoast_head":"<!-- This site is optimized with the Yoast SEO plugin v19.1 - https:\/\/yoast.com\/wordpress\/plugins\/seo\/ -->\n<title>Aleanca qytetare: Bardhin ta shkarkoj\u00eb K\u00ebshilli Administrativ - Lajme nga Ulqini<\/title>\n<meta name=\"description\" content=\"Aleanca qytetare ka k\u00ebrkuar sot nga kryetari i k\u00ebshillit administrativ t\u00eb Kuvendit t\u00eb Malit t\u00eb Zi Radivoje Nik\u00e7eviq q\u00eb t\u00eb nd\u00ebrmarr iniciativ\u00ebn p\u00ebr\" \/>\n<meta name=\"robots\" content=\"index, follow, max-snippet:-1, max-image-preview:large, max-video-preview:-1\" \/>\n<link rel=\"canonical\" href=\"https:\/\/www.visit-ulcinj.com\/blog\/2011\/11\/21\/aleanca-qytetare-bardhin-ta-shkarkoje-keshilli-administrativ\/\" \/>\n<meta property=\"og:locale\" content=\"en_US\" \/>\n<meta property=\"og:type\" content=\"article\" \/>\n<meta property=\"og:title\" content=\"Aleanca qytetare: Bardhin ta shkarkoj\u00eb K\u00ebshilli Administrativ - Lajme nga Ulqini\" \/>\n<meta property=\"og:description\" content=\"Aleanca qytetare ka k\u00ebrkuar sot nga kryetari i k\u00ebshillit administrativ t\u00eb Kuvendit t\u00eb Malit t\u00eb Zi Radivoje Nik\u00e7eviq q\u00eb t\u00eb nd\u00ebrmarr iniciativ\u00ebn p\u00ebr\" \/>\n<meta property=\"og:url\" content=\"https:\/\/www.visit-ulcinj.com\/blog\/2011\/11\/21\/aleanca-qytetare-bardhin-ta-shkarkoje-keshilli-administrativ\/\" \/>\n<meta property=\"og:site_name\" content=\"Lajme nga Ulqini\" \/>\n<meta property=\"article:published_time\" content=\"2011-11-21T18:29:36+00:00\" \/>\n<meta property=\"article:modified_time\" content=\"2011-11-22T06:57:12+00:00\" \/>\n<meta property=\"og:image\" content=\"http:\/\/www.visit-ulcinj.com\/blog\/wp-content\/uploads\/2011\/11\/Aleanca-Qytetare-p%C3%ABr-shkarkimin-e-deputetit-Mehmet-Bardhi-nga-fondi-per-pakica.jpg\" \/>\n<meta name=\"twitter:label1\" content=\"Written by\" \/>\n\t<meta name=\"twitter:data1\" content=\"ulqini\" \/>\n\t<meta name=\"twitter:label2\" content=\"Est. reading time\" \/>\n\t<meta name=\"twitter:data2\" content=\"1 minute\" \/>\n<script type=\"application\/ld+json\" class=\"yoast-schema-graph\">{\"@context\":\"https:\/\/schema.org\",\"@graph\":[{\"@type\":\"WebSite\",\"@id\":\"https:\/\/www.visit-ulcinj.com\/blog\/#website\",\"url\":\"https:\/\/www.visit-ulcinj.com\/blog\/\",\"name\":\"Lajme nga Ulqini\",\"description\":\"Lajme,Vijesti,Ulqini,Ulqin,Crna Gora,Mali i Zi\",\"potentialAction\":[{\"@type\":\"SearchAction\",\"target\":{\"@type\":\"EntryPoint\",\"urlTemplate\":\"https:\/\/www.visit-ulcinj.com\/blog\/?s={search_term_string}\"},\"query-input\":\"required name=search_term_string\"}],\"inLanguage\":\"en-US\"},{\"@type\":\"ImageObject\",\"inLanguage\":\"en-US\",\"@id\":\"https:\/\/www.visit-ulcinj.com\/blog\/2011\/11\/21\/aleanca-qytetare-bardhin-ta-shkarkoje-keshilli-administrativ\/#primaryimage\",\"url\":\"http:\/\/www.visit-ulcinj.com\/blog\/wp-content\/uploads\/2011\/11\/Aleanca-Qytetare-p%C3%ABr-shkarkimin-e-deputetit-Mehmet-Bardhi-nga-fondi-per-pakica.jpg\",\"contentUrl\":\"http:\/\/www.visit-ulcinj.com\/blog\/wp-content\/uploads\/2011\/11\/Aleanca-Qytetare-p%C3%ABr-shkarkimin-e-deputetit-Mehmet-Bardhi-nga-fondi-per-pakica.jpg\"},{\"@type\":\"WebPage\",\"@id\":\"https:\/\/www.visit-ulcinj.com\/blog\/2011\/11\/21\/aleanca-qytetare-bardhin-ta-shkarkoje-keshilli-administrativ\/#webpage\",\"url\":\"https:\/\/www.visit-ulcinj.com\/blog\/2011\/11\/21\/aleanca-qytetare-bardhin-ta-shkarkoje-keshilli-administrativ\/\",\"name\":\"Aleanca qytetare: Bardhin ta shkarkoj\u00eb K\u00ebshilli Administrativ - Lajme nga Ulqini\",\"isPartOf\":{\"@id\":\"https:\/\/www.visit-ulcinj.com\/blog\/#website\"},\"primaryImageOfPage\":{\"@id\":\"https:\/\/www.visit-ulcinj.com\/blog\/2011\/11\/21\/aleanca-qytetare-bardhin-ta-shkarkoje-keshilli-administrativ\/#primaryimage\"},\"datePublished\":\"2011-11-21T18:29:36+00:00\",\"dateModified\":\"2011-11-22T06:57:12+00:00\",\"author\":{\"@id\":\"https:\/\/www.visit-ulcinj.com\/blog\/#\/schema\/person\/dcab619c614d3038751c63bc2aadc06d\"},\"description\":\"Aleanca qytetare ka k\u00ebrkuar sot nga kryetari i k\u00ebshillit administrativ t\u00eb Kuvendit t\u00eb Malit t\u00eb Zi Radivoje Nik\u00e7eviq q\u00eb t\u00eb nd\u00ebrmarr iniciativ\u00ebn p\u00ebr\",\"breadcrumb\":{\"@id\":\"https:\/\/www.visit-ulcinj.com\/blog\/2011\/11\/21\/aleanca-qytetare-bardhin-ta-shkarkoje-keshilli-administrativ\/#breadcrumb\"},\"inLanguage\":\"en-US\",\"potentialAction\":[{\"@type\":\"ReadAction\",\"target\":[\"https:\/\/www.visit-ulcinj.com\/blog\/2011\/11\/21\/aleanca-qytetare-bardhin-ta-shkarkoje-keshilli-administrativ\/\"]}]},{\"@type\":\"BreadcrumbList\",\"@id\":\"https:\/\/www.visit-ulcinj.com\/blog\/2011\/11\/21\/aleanca-qytetare-bardhin-ta-shkarkoje-keshilli-administrativ\/#breadcrumb\",\"itemListElement\":[{\"@type\":\"ListItem\",\"position\":1,\"name\":\"Aleanca qytetare: Bardhin ta shkarkoj\u00eb K\u00ebshilli Administrativ\"}]},{\"@type\":\"Person\",\"@id\":\"https:\/\/www.visit-ulcinj.com\/blog\/#\/schema\/person\/dcab619c614d3038751c63bc2aadc06d\",\"name\":\"ulqini\",\"sameAs\":[\"http:\/\/www.visit-ulcinj.com\"],\"url\":\"https:\/\/www.visit-ulcinj.com\/blog\/author\/admin\/\"}]}<\/script>\n<!-- \/ Yoast SEO plugin. -->","yoast_head_json":{"title":"Aleanca qytetare: Bardhin ta shkarkoj\u00eb K\u00ebshilli Administrativ - Lajme nga Ulqini","description":"Aleanca qytetare ka k\u00ebrkuar sot nga kryetari i k\u00ebshillit administrativ t\u00eb Kuvendit t\u00eb Malit t\u00eb Zi Radivoje Nik\u00e7eviq q\u00eb t\u00eb nd\u00ebrmarr iniciativ\u00ebn p\u00ebr","robots":{"index":"index","follow":"follow","max-snippet":"max-snippet:-1","max-image-preview":"max-image-preview:large","max-video-preview":"max-video-preview:-1"},"canonical":"https:\/\/www.visit-ulcinj.com\/blog\/2011\/11\/21\/aleanca-qytetare-bardhin-ta-shkarkoje-keshilli-administrativ\/","og_locale":"en_US","og_type":"article","og_title":"Aleanca qytetare: Bardhin ta shkarkoj\u00eb K\u00ebshilli Administrativ - Lajme nga Ulqini","og_description":"Aleanca qytetare ka k\u00ebrkuar sot nga kryetari i k\u00ebshillit administrativ t\u00eb Kuvendit t\u00eb Malit t\u00eb Zi Radivoje Nik\u00e7eviq q\u00eb t\u00eb nd\u00ebrmarr iniciativ\u00ebn p\u00ebr","og_url":"https:\/\/www.visit-ulcinj.com\/blog\/2011\/11\/21\/aleanca-qytetare-bardhin-ta-shkarkoje-keshilli-administrativ\/","og_site_name":"Lajme nga Ulqini","article_published_time":"2011-11-21T18:29:36+00:00","article_modified_time":"2011-11-22T06:57:12+00:00","og_image":[{"url":"http:\/\/www.visit-ulcinj.com\/blog\/wp-content\/uploads\/2011\/11\/Aleanca-Qytetare-p%C3%ABr-shkarkimin-e-deputetit-Mehmet-Bardhi-nga-fondi-per-pakica.jpg"}],"twitter_misc":{"Written by":"ulqini","Est. reading time":"1 minute"},"schema":{"@context":"https:\/\/schema.org","@graph":[{"@type":"WebSite","@id":"https:\/\/www.visit-ulcinj.com\/blog\/#website","url":"https:\/\/www.visit-ulcinj.com\/blog\/","name":"Lajme nga Ulqini","description":"Lajme,Vijesti,Ulqini,Ulqin,Crna Gora,Mali i Zi","potentialAction":[{"@type":"SearchAction","target":{"@type":"EntryPoint","urlTemplate":"https:\/\/www.visit-ulcinj.com\/blog\/?s={search_term_string}"},"query-input":"required name=search_term_string"}],"inLanguage":"en-US"},{"@type":"ImageObject","inLanguage":"en-US","@id":"https:\/\/www.visit-ulcinj.com\/blog\/2011\/11\/21\/aleanca-qytetare-bardhin-ta-shkarkoje-keshilli-administrativ\/#primaryimage","url":"http:\/\/www.visit-ulcinj.com\/blog\/wp-content\/uploads\/2011\/11\/Aleanca-Qytetare-p%C3%ABr-shkarkimin-e-deputetit-Mehmet-Bardhi-nga-fondi-per-pakica.jpg","contentUrl":"http:\/\/www.visit-ulcinj.com\/blog\/wp-content\/uploads\/2011\/11\/Aleanca-Qytetare-p%C3%ABr-shkarkimin-e-deputetit-Mehmet-Bardhi-nga-fondi-per-pakica.jpg"},{"@type":"WebPage","@id":"https:\/\/www.visit-ulcinj.com\/blog\/2011\/11\/21\/aleanca-qytetare-bardhin-ta-shkarkoje-keshilli-administrativ\/#webpage","url":"https:\/\/www.visit-ulcinj.com\/blog\/2011\/11\/21\/aleanca-qytetare-bardhin-ta-shkarkoje-keshilli-administrativ\/","name":"Aleanca qytetare: Bardhin ta shkarkoj\u00eb K\u00ebshilli Administrativ - Lajme nga Ulqini","isPartOf":{"@id":"https:\/\/www.visit-ulcinj.com\/blog\/#website"},"primaryImageOfPage":{"@id":"https:\/\/www.visit-ulcinj.com\/blog\/2011\/11\/21\/aleanca-qytetare-bardhin-ta-shkarkoje-keshilli-administrativ\/#primaryimage"},"datePublished":"2011-11-21T18:29:36+00:00","dateModified":"2011-11-22T06:57:12+00:00","author":{"@id":"https:\/\/www.visit-ulcinj.com\/blog\/#\/schema\/person\/dcab619c614d3038751c63bc2aadc06d"},"description":"Aleanca qytetare ka k\u00ebrkuar sot nga kryetari i k\u00ebshillit administrativ t\u00eb Kuvendit t\u00eb Malit t\u00eb Zi Radivoje Nik\u00e7eviq q\u00eb t\u00eb nd\u00ebrmarr iniciativ\u00ebn p\u00ebr","breadcrumb":{"@id":"https:\/\/www.visit-ulcinj.com\/blog\/2011\/11\/21\/aleanca-qytetare-bardhin-ta-shkarkoje-keshilli-administrativ\/#breadcrumb"},"inLanguage":"en-US","potentialAction":[{"@type":"ReadAction","target":["https:\/\/www.visit-ulcinj.com\/blog\/2011\/11\/21\/aleanca-qytetare-bardhin-ta-shkarkoje-keshilli-administrativ\/"]}]},{"@type":"BreadcrumbList","@id":"https:\/\/www.visit-ulcinj.com\/blog\/2011\/11\/21\/aleanca-qytetare-bardhin-ta-shkarkoje-keshilli-administrativ\/#breadcrumb","itemListElement":[{"@type":"ListItem","position":1,"name":"Aleanca qytetare: Bardhin ta shkarkoj\u00eb K\u00ebshilli Administrativ"}]},{"@type":"Person","@id":"https:\/\/www.visit-ulcinj.com\/blog\/#\/schema\/person\/dcab619c614d3038751c63bc2aadc06d","name":"ulqini","sameAs":["http:\/\/www.visit-ulcinj.com"],"url":"https:\/\/www.visit-ulcinj.com\/blog\/author\/admin\/"}]}},"jetpack_featured_media_url":"","jetpack_sharing_enabled":true,"jetpack_shortlink":"https:\/\/wp.me\/pe6lTn-dVO","_links":{"self":[{"href":"https:\/\/www.visit-ulcinj.com\/blog\/wp-json\/wp\/v2\/posts\/53556"}],"collection":[{"href":"https:\/\/www.visit-ulcinj.com\/blog\/wp-json\/wp\/v2\/posts"}],"about":[{"href":"https:\/\/www.visit-ulcinj.com\/blog\/wp-json\/wp\/v2\/types\/post"}],"author":[{"embeddable":true,"href":"https:\/\/www.visit-ulcinj.com\/blog\/wp-json\/wp\/v2\/users\/1"}],"replies":[{"embeddable":true,"href":"https:\/\/www.visit-ulcinj.com\/blog\/wp-json\/wp\/v2\/comments?post=53556"}],"version-history":[{"count":3,"href":"https:\/\/www.visit-ulcinj.com\/blog\/wp-json\/wp\/v2\/posts\/53556\/revisions"}],"predecessor-version":[{"id":53593,"href":"https:\/\/www.visit-ulcinj.com\/blog\/wp-json\/wp\/v2\/posts\/53556\/revisions\/53593"}],"wp:attachment":[{"href":"https:\/\/www.visit-ulcinj.com\/blog\/wp-json\/wp\/v2\/media?parent=53556"}],"wp:term":[{"taxonomy":"category","embeddable":true,"href":"https:\/\/www.visit-ulcinj.com\/blog\/wp-json\/wp\/v2\/categories?post=53556"},{"taxonomy":"post_tag","embeddable":true,"href":"https:\/\/www.visit-ulcinj.com\/blog\/wp-json\/wp\/v2\/tags?post=53556"}],"curies":[{"name":"wp","href":"https:\/\/api.w.org\/{rel}","templated":true}]}}